{"id":6527,"date":"2024-01-24T11:08:11","date_gmt":"2024-01-24T10:08:11","guid":{"rendered":"https:\/\/radiolitoral.com\/?p=6527"},"modified":"2024-01-24T11:08:11","modified_gmt":"2024-01-24T10:08:11","slug":"el-consell-aprova-el-decret-que-regula-les-condicions-del-personal-del-dsd-davant-la-reversio","status":"publish","type":"post","link":"https:\/\/radiolitoral.com\/ca\/2024\/01\/el-consell-aprueba-el-decreto-que-regula-las-condiciones-del-personal-del-dsd-ante-la-reversion\/","title":{"rendered":"El Consell aprova el decret que regula les condicions del personal del DSD davant de la reversi\u00f3"},"content":{"rendered":"<p>En ple compte enrere perqu\u00e8 es faci efectiva la <strong>reversi\u00f3 del Departament de Salut de D\u00e9nia<\/strong>, el Ple del <strong>Consell<\/strong> ha aprovat el decret que <strong>regula les condicions laborals del personal d&#039;aquesta \u00e0rea de salut<\/strong> i que es far\u00e0 efectiu despr\u00e9s de l&#039;extinci\u00f3 del contracte de gesti\u00f3 de servei p\u00fablic per concessi\u00f3, que finalitza la setmana que ve, el 31 de gener. D&#039;aquesta manera, a partir del <a href=\"https:\/\/radiolitoral.com\/ca\/2023\/11\/sanitat-avanca-la-data-de-reversio-del-dsd-sera-l1-de-febrer\/\">dia 1 de febrer<\/a>, el departament de salut de D\u00e9nia passar\u00e0 a ser gestionat de forma directa per la Conselleria de Sanitat i el personal que exerceix la seva tasca en aquest<strong>integrar\u00e0 a la plantilla del sistema valenci\u00e0 de salut.<\/strong><\/p>\n<p>En concret, Sanitat <strong>crear\u00e0 m\u00e9s de 1.700 places<\/strong> per integrar el personal subrogat de l&#039;empresa concession\u00e0ria. Per aix\u00f2, est\u00e0 <strong>prevista una inversi\u00f3 de m\u00e9s de 92 milions<\/strong> d&#039;euros, que permetr\u00e0 garantir la qualitat assistencial al departament de salut de D\u00e9nia, segons remarquen des del Consell. A m\u00e9s, la plantilla es completa amb 2<strong>87 llocs de personal estatutari<\/strong> que ja forma part daquest departament.<\/p>\n<p>A trav\u00e9s d&#039;aquest decret es regula el r\u00e8gim jur\u00eddic que cal aplicar al personal laboral que assumeix la Generalitat despr\u00e9s de la subrogaci\u00f3. De fet, estableix el marc normatiu que determina la naturalesa laboral de la relaci\u00f3 d&#039;ocupaci\u00f3, les condicions de treball, aix\u00ed com el fet d&#039;ocupar places de naturalesa estatut\u00e0ria de forma transit\u00f2ria, sempre que no hi hagi causes legals d&#039;extinci\u00f3, i la forma de provisi\u00f3 d&#039;aquests llocs en cas de quedar vacants.<\/p>\n<p>Alhora, la norma regula el dret d&#039;exced\u00e8ncia del personal estatutari d&#039;institucions sanit\u00e0ries i dependent de la Conselleria de Sanitat que en el seu moment va optar per aquesta situaci\u00f3.<\/p>\n<p>S&#039;estableix aix\u00ed el marc jur\u00eddic necessari per a <strong>regular la relaci\u00f3 laboral del personal<\/strong> del departament de salut de D\u00e9nia una vegada es <strong>formalitzi el model de gesti\u00f3 directa<\/strong> per part de la Conselleria de Sanitat.<\/p>\n<p>Des del govern valenci\u00e0, la <strong>Vicepresidenta Segona de la Generalitat, Susana Camarero<\/strong>, ha llan\u00e7at un missatge de <strong>tranquil\u00b7litat als treballadors<\/strong> del Departament de Salut de D\u00e9nia, assegurant que mantindran les condicions laborals i salarials.<\/p>\n<audio class=\"wp-audio-shortcode\" id=\"audio-6527-1\" preload=\"none\" style=\"width: 100%;\" controls=\"controls\"><source type=\"audio\/mpeg\" src=\"https:\/\/media.radiolitoral.com\/wp-content\/uploads\/2024\/01\/24110521\/Susana-Camarero.mp3?_=1\" \/><a href=\"https:\/\/media.radiolitoral.com\/wp-content\/uploads\/2024\/01\/24110521\/Susana-Camarero.mp3\">https:\/\/media.radiolitoral.com\/wp-content\/uploads\/2024\/01\/24110521\/Susana-Camarero.mp3<\/a><\/audio>","protected":false},"excerpt":{"rendered":"<p>En plena cuenta atr\u00e1s para que se haga efectiva la reversi\u00f3n del Departamento de Salud de D\u00e9nia, el Pleno del Consell ha aprobado el decreto que regula las condiciones laborales del personal de esta \u00e1rea de salud y que se har\u00e1 efectivo tras la extinci\u00f3n del contrato de gesti\u00f3n de servicio p\u00fablico por concesi\u00f3n, que [&#8230;]<\/p>\n<p><a class=\"btn btn-secondary understrap-read-more-link\" href=\"https:\/\/radiolitoral.com\/ca\/2024\/01\/el-consell-aprueba-el-decreto-que-regula-las-condiciones-del-personal-del-dsd-ante-la-reversion\/\">Continua llegint&#8230;<span class=\"screen-reader-text\"> from El Consell aprueba el decreto que regula las condiciones del personal del DSD ante la reversi\u00f3n<\/span><\/a><\/p>\n","protected":false},"author":21,"featured_media":6529,"comment_status":"open","ping_status":"closed","sticky":false,"template":"","format":"standard","meta":{"_acf_changed":false,"inline_featured_image":false,"footnotes":""},"categories":[13,380],"tags":[],"class_list":["post-6527","post","type-post","status-publish","format-standard","has-post-thumbnail","hentry","category-politica","category-sanidad","cobertura-marina-alta"],"acf":[],"yoast_head":"<!-- This site is optimized with the Yoast SEO plugin v27.5 - https:\/\/yoast.com\/product\/yoast-seo-wordpress\/ -->\n<title>El Consell aprueba el decreto que regula las condiciones del personal del DSD ante la reversi\u00f3n | R\u00e0dio Litoral<\/title>\n<meta name=\"description\" content=\"La Vicepresidenta Segunda de la Generalitat, Susana Camarero, lanza un mensaje de tranquilidad a los trabajadores del DSD\" \/>\n<meta name=\"robots\" content=\"index, follow, max-snippet:-1, max-image-preview:large, max-video-preview:-1\" \/>\n<link rel=\"canonical\" href=\"https:\/\/radiolitoral.com\/ca\/2024\/01\/el-consell-aprova-el-decret-que-regula-les-condicions-del-personal-del-dsd-davant-la-reversio\/\" \/>\n<meta property=\"og:locale\" content=\"ca_ES\" \/>\n<meta property=\"og:type\" content=\"article\" \/>\n<meta property=\"og:title\" content=\"El Consell aprueba el decreto que regula las condiciones del personal del DSD ante la reversi\u00f3n | R\u00e0dio Litoral\" \/>\n<meta property=\"og:description\" content=\"La Vicepresidenta Segunda de la Generalitat, Susana Camarero, lanza un mensaje de tranquilidad a los trabajadores del DSD\" \/>\n<meta property=\"og:url\" content=\"https:\/\/radiolitoral.com\/ca\/2024\/01\/el-consell-aprova-el-decret-que-regula-les-condicions-del-personal-del-dsd-davant-la-reversio\/\" \/>\n<meta property=\"og:site_name\" content=\"R\u00e0dio Litoral\" \/>\n<meta property=\"article:publisher\" content=\"https:\/\/www.facebook.com\/Laradiolitoral\/\" \/>\n<meta property=\"article:published_time\" content=\"2024-01-24T10:08:11+00:00\" \/>\n<meta property=\"og:image\" content=\"https:\/\/media.radiolitoral.com\/wp-content\/uploads\/2024\/01\/24110729\/Hospital-exterior-1.jpeg\" \/>\n\t<meta property=\"og:image:width\" content=\"1500\" \/>\n\t<meta property=\"og:image:height\" content=\"2000\" \/>\n\t<meta property=\"og:image:type\" content=\"image\/jpeg\" \/>\n<meta name=\"author\" content=\"Mel Pescuezo\" \/>\n<meta name=\"twitter:card\" content=\"summary_large_image\" \/>\n<meta name=\"twitter:label1\" content=\"Escrit per\" \/>\n\t<meta name=\"twitter:data1\" content=\"Mel Pescuezo\" \/>\n\t<meta name=\"twitter:label2\" content=\"Temps estimat de lectura\" \/>\n\t<meta name=\"twitter:data2\" content=\"2 minuts\" \/>\n<script type=\"application\/ld+json\" class=\"yoast-schema-graph\">{\"@context\":\"https:\\\/\\\/schema.org\",\"@graph\":[{\"@type\":\"NewsArticle\",\"@id\":\"https:\\\/\\\/radiolitoral.com\\\/2024\\\/01\\\/el-consell-aprueba-el-decreto-que-regula-las-condiciones-del-personal-del-dsd-ante-la-reversion\\\/#article\",\"isPartOf\":{\"@id\":\"https:\\\/\\\/radiolitoral.com\\\/2024\\\/01\\\/el-consell-aprueba-el-decreto-que-regula-las-condiciones-del-personal-del-dsd-ante-la-reversion\\\/\"},\"author\":{\"name\":\"Mel Pescuezo\",\"@id\":\"https:\\\/\\\/radiolitoral.com\\\/#\\\/schema\\\/person\\\/aad4f72efa404f85b68e832d24cac059\"},\"headline\":\"El Consell aprueba el decreto que regula las condiciones del personal del DSD ante la reversi\u00f3n\",\"datePublished\":\"2024-01-24T10:08:11+00:00\",\"mainEntityOfPage\":{\"@id\":\"https:\\\/\\\/radiolitoral.com\\\/2024\\\/01\\\/el-consell-aprueba-el-decreto-que-regula-las-condiciones-del-personal-del-dsd-ante-la-reversion\\\/\"},\"wordCount\":409,\"commentCount\":0,\"publisher\":{\"@id\":\"https:\\\/\\\/radiolitoral.com\\\/#organization\"},\"image\":{\"@id\":\"https:\\\/\\\/radiolitoral.com\\\/2024\\\/01\\\/el-consell-aprueba-el-decreto-que-regula-las-condiciones-del-personal-del-dsd-ante-la-reversion\\\/#primaryimage\"},\"thumbnailUrl\":\"https:\\\/\\\/media.radiolitoral.com\\\/wp-content\\\/uploads\\\/2024\\\/01\\\/24110729\\\/Hospital-exterior-1.jpeg\",\"articleSection\":[\"Pol\u00edtica\",\"Sanidad\"],\"inLanguage\":\"ca\",\"potentialAction\":[{\"@type\":\"CommentAction\",\"name\":\"Comment\",\"target\":[\"https:\\\/\\\/radiolitoral.com\\\/2024\\\/01\\\/el-consell-aprueba-el-decreto-que-regula-las-condiciones-del-personal-del-dsd-ante-la-reversion\\\/#respond\"]}]},{\"@type\":[\"WebPage\",\"ItemPage\"],\"@id\":\"https:\\\/\\\/radiolitoral.com\\\/2024\\\/01\\\/el-consell-aprueba-el-decreto-que-regula-las-condiciones-del-personal-del-dsd-ante-la-reversion\\\/\",\"url\":\"https:\\\/\\\/radiolitoral.com\\\/2024\\\/01\\\/el-consell-aprueba-el-decreto-que-regula-las-condiciones-del-personal-del-dsd-ante-la-reversion\\\/\",\"name\":\"El Consell aprueba el decreto que regula las condiciones del personal del DSD ante la reversi\u00f3n | R\u00e0dio Litoral\",\"isPartOf\":{\"@id\":\"https:\\\/\\\/radiolitoral.com\\\/#website\"},\"primaryImageOfPage\":{\"@id\":\"https:\\\/\\\/radiolitoral.com\\\/2024\\\/01\\\/el-consell-aprueba-el-decreto-que-regula-las-condiciones-del-personal-del-dsd-ante-la-reversion\\\/#primaryimage\"},\"image\":{\"@id\":\"https:\\\/\\\/radiolitoral.com\\\/2024\\\/01\\\/el-consell-aprueba-el-decreto-que-regula-las-condiciones-del-personal-del-dsd-ante-la-reversion\\\/#primaryimage\"},\"thumbnailUrl\":\"https:\\\/\\\/media.radiolitoral.com\\\/wp-content\\\/uploads\\\/2024\\\/01\\\/24110729\\\/Hospital-exterior-1.jpeg\",\"datePublished\":\"2024-01-24T10:08:11+00:00\",\"description\":\"La Vicepresidenta Segunda de la Generalitat, Susana Camarero, lanza un mensaje de tranquilidad a los trabajadores del DSD\",\"breadcrumb\":{\"@id\":\"https:\\\/\\\/radiolitoral.com\\\/2024\\\/01\\\/el-consell-aprueba-el-decreto-que-regula-las-condiciones-del-personal-del-dsd-ante-la-reversion\\\/#breadcrumb\"},\"inLanguage\":\"ca\",\"potentialAction\":[{\"@type\":\"ReadAction\",\"target\":[\"https:\\\/\\\/radiolitoral.com\\\/2024\\\/01\\\/el-consell-aprueba-el-decreto-que-regula-las-condiciones-del-personal-del-dsd-ante-la-reversion\\\/\"]}]},{\"@type\":\"ImageObject\",\"inLanguage\":\"ca\",\"@id\":\"https:\\\/\\\/radiolitoral.com\\\/2024\\\/01\\\/el-consell-aprueba-el-decreto-que-regula-las-condiciones-del-personal-del-dsd-ante-la-reversion\\\/#primaryimage\",\"url\":\"https:\\\/\\\/media.radiolitoral.com\\\/wp-content\\\/uploads\\\/2024\\\/01\\\/24110729\\\/Hospital-exterior-1.jpeg\",\"contentUrl\":\"https:\\\/\\\/media.radiolitoral.com\\\/wp-content\\\/uploads\\\/2024\\\/01\\\/24110729\\\/Hospital-exterior-1.jpeg\",\"width\":1500,\"height\":2000},{\"@type\":\"BreadcrumbList\",\"@id\":\"https:\\\/\\\/radiolitoral.com\\\/2024\\\/01\\\/el-consell-aprueba-el-decreto-que-regula-las-condiciones-del-personal-del-dsd-ante-la-reversion\\\/#breadcrumb\",\"itemListElement\":[{\"@type\":\"ListItem\",\"position\":1,\"name\":\"Portada\",\"item\":\"https:\\\/\\\/radiolitoral.com\\\/\"},{\"@type\":\"ListItem\",\"position\":2,\"name\":\"El Consell aprueba el decreto que regula las condiciones del personal del DSD ante la reversi\u00f3n\"}]},{\"@type\":\"WebSite\",\"@id\":\"https:\\\/\\\/radiolitoral.com\\\/#website\",\"url\":\"https:\\\/\\\/radiolitoral.com\\\/\",\"name\":\"Radio Litoral\",\"description\":\"La radio local de la Marina Alta\",\"publisher\":{\"@id\":\"https:\\\/\\\/radiolitoral.com\\\/#organization\"},\"alternateName\":\"Litoral FM\",\"potentialAction\":[{\"@type\":\"SearchAction\",\"target\":{\"@type\":\"EntryPoint\",\"urlTemplate\":\"https:\\\/\\\/radiolitoral.com\\\/?s={search_term_string}\"},\"query-input\":{\"@type\":\"PropertyValueSpecification\",\"valueRequired\":true,\"valueName\":\"search_term_string\"}}],\"inLanguage\":\"ca\"},{\"@type\":\"Organization\",\"@id\":\"https:\\\/\\\/radiolitoral.com\\\/#organization\",\"name\":\"Radio Litoral\",\"url\":\"https:\\\/\\\/radiolitoral.com\\\/\",\"logo\":{\"@type\":\"ImageObject\",\"inLanguage\":\"ca\",\"@id\":\"https:\\\/\\\/radiolitoral.com\\\/#\\\/schema\\\/logo\\\/image\\\/\",\"url\":\"https:\\\/\\\/media.radiolitoral.com\\\/wp-content\\\/uploads\\\/2023\\\/02\\\/24143238\\\/CL-V-RadioLitoral696.png\",\"contentUrl\":\"https:\\\/\\\/media.radiolitoral.com\\\/wp-content\\\/uploads\\\/2023\\\/02\\\/24143238\\\/CL-V-RadioLitoral696.png\",\"width\":696,\"height\":696,\"caption\":\"Radio Litoral\"},\"image\":{\"@id\":\"https:\\\/\\\/radiolitoral.com\\\/#\\\/schema\\\/logo\\\/image\\\/\"},\"sameAs\":[\"https:\\\/\\\/www.facebook.com\\\/Laradiolitoral\\\/\"]},{\"@type\":\"Person\",\"@id\":\"https:\\\/\\\/radiolitoral.com\\\/#\\\/schema\\\/person\\\/aad4f72efa404f85b68e832d24cac059\",\"name\":\"Mel Pescuezo\",\"image\":{\"@type\":\"ImageObject\",\"inLanguage\":\"ca\",\"@id\":\"https:\\\/\\\/secure.gravatar.com\\\/avatar\\\/993975ae489c70cb0dd9bfa9413a082f0bd276582dac13661af7b33f161e7eea?s=96&d=mm&r=g\",\"url\":\"https:\\\/\\\/secure.gravatar.com\\\/avatar\\\/993975ae489c70cb0dd9bfa9413a082f0bd276582dac13661af7b33f161e7eea?s=96&d=mm&r=g\",\"contentUrl\":\"https:\\\/\\\/secure.gravatar.com\\\/avatar\\\/993975ae489c70cb0dd9bfa9413a082f0bd276582dac13661af7b33f161e7eea?s=96&d=mm&r=g\",\"caption\":\"Mel Pescuezo\"},\"url\":\"https:\\\/\\\/radiolitoral.com\\\/ca\\\/author\\\/serviciospararadios\\\/\"}]}<\/script>\n<!-- \/ Yoast SEO plugin. -->","yoast_head_json":{"title":"El Consell aprova el decret que regula les condicions del personal del DSD davant de la reversi\u00f3 | R\u00e0dio Litoral","description":"La Vicepresidenta Segona de la Generalitat, Susana Camarero, llan\u00e7a un missatge de tranquil\u00b7litat als treballadors del DSD","robots":{"index":"index","follow":"follow","max-snippet":"max-snippet:-1","max-image-preview":"max-image-preview:large","max-video-preview":"max-video-preview:-1"},"canonical":"https:\/\/radiolitoral.com\/ca\/2024\/01\/el-consell-aprova-el-decret-que-regula-les-condicions-del-personal-del-dsd-davant-la-reversio\/","og_locale":"ca_ES","og_type":"article","og_title":"El Consell aprueba el decreto que regula las condiciones del personal del DSD ante la reversi\u00f3n | R\u00e0dio Litoral","og_description":"La Vicepresidenta Segunda de la Generalitat, Susana Camarero, lanza un mensaje de tranquilidad a los trabajadores del DSD","og_url":"https:\/\/radiolitoral.com\/ca\/2024\/01\/el-consell-aprova-el-decret-que-regula-les-condicions-del-personal-del-dsd-davant-la-reversio\/","og_site_name":"R\u00e0dio Litoral","article_publisher":"https:\/\/www.facebook.com\/Laradiolitoral\/","article_published_time":"2024-01-24T10:08:11+00:00","og_image":[{"width":1500,"height":2000,"url":"https:\/\/media.radiolitoral.com\/wp-content\/uploads\/2024\/01\/24110729\/Hospital-exterior-1.jpeg","type":"image\/jpeg"}],"author":"Mel Pescuezo","twitter_card":"summary_large_image","twitter_misc":{"Escrit per":"Mel Pescuezo","Temps estimat de lectura":"2 minuts"},"schema":{"@context":"https:\/\/schema.org","@graph":[{"@type":"NewsArticle","@id":"https:\/\/radiolitoral.com\/2024\/01\/el-consell-aprueba-el-decreto-que-regula-las-condiciones-del-personal-del-dsd-ante-la-reversion\/#article","isPartOf":{"@id":"https:\/\/radiolitoral.com\/2024\/01\/el-consell-aprueba-el-decreto-que-regula-las-condiciones-del-personal-del-dsd-ante-la-reversion\/"},"author":{"name":"Mel Pescuezo","@id":"https:\/\/radiolitoral.com\/#\/schema\/person\/aad4f72efa404f85b68e832d24cac059"},"headline":"El Consell aprueba el decreto que regula las condiciones del personal del DSD ante la reversi\u00f3n","datePublished":"2024-01-24T10:08:11+00:00","mainEntityOfPage":{"@id":"https:\/\/radiolitoral.com\/2024\/01\/el-consell-aprueba-el-decreto-que-regula-las-condiciones-del-personal-del-dsd-ante-la-reversion\/"},"wordCount":409,"commentCount":0,"publisher":{"@id":"https:\/\/radiolitoral.com\/#organization"},"image":{"@id":"https:\/\/radiolitoral.com\/2024\/01\/el-consell-aprueba-el-decreto-que-regula-las-condiciones-del-personal-del-dsd-ante-la-reversion\/#primaryimage"},"thumbnailUrl":"https:\/\/media.radiolitoral.com\/wp-content\/uploads\/2024\/01\/24110729\/Hospital-exterior-1.jpeg","articleSection":["Pol\u00edtica","Sanidad"],"inLanguage":"ca","potentialAction":[{"@type":"CommentAction","name":"Comment","target":["https:\/\/radiolitoral.com\/2024\/01\/el-consell-aprueba-el-decreto-que-regula-las-condiciones-del-personal-del-dsd-ante-la-reversion\/#respond"]}]},{"@type":["WebPage","ItemPage"],"@id":"https:\/\/radiolitoral.com\/2024\/01\/el-consell-aprueba-el-decreto-que-regula-las-condiciones-del-personal-del-dsd-ante-la-reversion\/","url":"https:\/\/radiolitoral.com\/2024\/01\/el-consell-aprueba-el-decreto-que-regula-las-condiciones-del-personal-del-dsd-ante-la-reversion\/","name":"El Consell aprova el decret que regula les condicions del personal del DSD davant de la reversi\u00f3 | R\u00e0dio Litoral","isPartOf":{"@id":"https:\/\/radiolitoral.com\/#website"},"primaryImageOfPage":{"@id":"https:\/\/radiolitoral.com\/2024\/01\/el-consell-aprueba-el-decreto-que-regula-las-condiciones-del-personal-del-dsd-ante-la-reversion\/#primaryimage"},"image":{"@id":"https:\/\/radiolitoral.com\/2024\/01\/el-consell-aprueba-el-decreto-que-regula-las-condiciones-del-personal-del-dsd-ante-la-reversion\/#primaryimage"},"thumbnailUrl":"https:\/\/media.radiolitoral.com\/wp-content\/uploads\/2024\/01\/24110729\/Hospital-exterior-1.jpeg","datePublished":"2024-01-24T10:08:11+00:00","description":"La Vicepresidenta Segona de la Generalitat, Susana Camarero, llan\u00e7a un missatge de tranquil\u00b7litat als treballadors del DSD","breadcrumb":{"@id":"https:\/\/radiolitoral.com\/2024\/01\/el-consell-aprueba-el-decreto-que-regula-las-condiciones-del-personal-del-dsd-ante-la-reversion\/#breadcrumb"},"inLanguage":"ca","potentialAction":[{"@type":"ReadAction","target":["https:\/\/radiolitoral.com\/2024\/01\/el-consell-aprueba-el-decreto-que-regula-las-condiciones-del-personal-del-dsd-ante-la-reversion\/"]}]},{"@type":"ImageObject","inLanguage":"ca","@id":"https:\/\/radiolitoral.com\/2024\/01\/el-consell-aprueba-el-decreto-que-regula-las-condiciones-del-personal-del-dsd-ante-la-reversion\/#primaryimage","url":"https:\/\/media.radiolitoral.com\/wp-content\/uploads\/2024\/01\/24110729\/Hospital-exterior-1.jpeg","contentUrl":"https:\/\/media.radiolitoral.com\/wp-content\/uploads\/2024\/01\/24110729\/Hospital-exterior-1.jpeg","width":1500,"height":2000},{"@type":"BreadcrumbList","@id":"https:\/\/radiolitoral.com\/2024\/01\/el-consell-aprueba-el-decreto-que-regula-las-condiciones-del-personal-del-dsd-ante-la-reversion\/#breadcrumb","itemListElement":[{"@type":"ListItem","position":1,"name":"Portada","item":"https:\/\/radiolitoral.com\/"},{"@type":"ListItem","position":2,"name":"El Consell aprueba el decreto que regula las condiciones del personal del DSD ante la reversi\u00f3n"}]},{"@type":"WebSite","@id":"https:\/\/radiolitoral.com\/#website","url":"https:\/\/radiolitoral.com\/","name":"R\u00e0dio Litoral","description":"La r\u00e0dio local de la Marina Alta","publisher":{"@id":"https:\/\/radiolitoral.com\/#organization"},"alternateName":"Litoral FM","potentialAction":[{"@type":"SearchAction","target":{"@type":"EntryPoint","urlTemplate":"https:\/\/radiolitoral.com\/?s={search_term_string}"},"query-input":{"@type":"PropertyValueSpecification","valueRequired":true,"valueName":"search_term_string"}}],"inLanguage":"ca"},{"@type":"Organization","@id":"https:\/\/radiolitoral.com\/#organization","name":"R\u00e0dio Litoral","url":"https:\/\/radiolitoral.com\/","logo":{"@type":"ImageObject","inLanguage":"ca","@id":"https:\/\/radiolitoral.com\/#\/schema\/logo\/image\/","url":"https:\/\/media.radiolitoral.com\/wp-content\/uploads\/2023\/02\/24143238\/CL-V-RadioLitoral696.png","contentUrl":"https:\/\/media.radiolitoral.com\/wp-content\/uploads\/2023\/02\/24143238\/CL-V-RadioLitoral696.png","width":696,"height":696,"caption":"Radio Litoral"},"image":{"@id":"https:\/\/radiolitoral.com\/#\/schema\/logo\/image\/"},"sameAs":["https:\/\/www.facebook.com\/Laradiolitoral\/"]},{"@type":"Person","@id":"https:\/\/radiolitoral.com\/#\/schema\/person\/aad4f72efa404f85b68e832d24cac059","name":"Mel Pescuezo","image":{"@type":"ImageObject","inLanguage":"ca","@id":"https:\/\/secure.gravatar.com\/avatar\/993975ae489c70cb0dd9bfa9413a082f0bd276582dac13661af7b33f161e7eea?s=96&d=mm&r=g","url":"https:\/\/secure.gravatar.com\/avatar\/993975ae489c70cb0dd9bfa9413a082f0bd276582dac13661af7b33f161e7eea?s=96&d=mm&r=g","contentUrl":"https:\/\/secure.gravatar.com\/avatar\/993975ae489c70cb0dd9bfa9413a082f0bd276582dac13661af7b33f161e7eea?s=96&d=mm&r=g","caption":"Mel Pescuezo"},"url":"https:\/\/radiolitoral.com\/ca\/author\/serviciospararadios\/"}]}},"_links":{"self":[{"href":"https:\/\/radiolitoral.com\/ca\/wp-json\/wp\/v2\/posts\/6527","targetHints":{"allow":["GET"]}}],"collection":[{"href":"https:\/\/radiolitoral.com\/ca\/wp-json\/wp\/v2\/posts"}],"about":[{"href":"https:\/\/radiolitoral.com\/ca\/wp-json\/wp\/v2\/types\/post"}],"author":[{"embeddable":true,"href":"https:\/\/radiolitoral.com\/ca\/wp-json\/wp\/v2\/users\/21"}],"replies":[{"embeddable":true,"href":"https:\/\/radiolitoral.com\/ca\/wp-json\/wp\/v2\/comments?post=6527"}],"version-history":[{"count":2,"href":"https:\/\/radiolitoral.com\/ca\/wp-json\/wp\/v2\/posts\/6527\/revisions"}],"predecessor-version":[{"id":6531,"href":"https:\/\/radiolitoral.com\/ca\/wp-json\/wp\/v2\/posts\/6527\/revisions\/6531"}],"wp:featuredmedia":[{"embeddable":true,"href":"https:\/\/radiolitoral.com\/ca\/wp-json\/wp\/v2\/media\/6529"}],"wp:attachment":[{"href":"https:\/\/radiolitoral.com\/ca\/wp-json\/wp\/v2\/media?parent=6527"}],"wp:term":[{"taxonomy":"category","embeddable":true,"href":"https:\/\/radiolitoral.com\/ca\/wp-json\/wp\/v2\/categories?post=6527"},{"taxonomy":"post_tag","embeddable":true,"href":"https:\/\/radiolitoral.com\/ca\/wp-json\/wp\/v2\/tags?post=6527"}],"curies":[{"name":"wp","href":"https:\/\/api.w.org\/{rel}","templated":true}]}}