{"id":6513,"date":"2024-01-23T14:31:12","date_gmt":"2024-01-23T13:31:12","guid":{"rendered":"https:\/\/radiolitoral.com\/?p=6513"},"modified":"2024-01-23T14:31:12","modified_gmt":"2024-01-23T13:31:12","slug":"la-volta-ciclista-a-la-comunitat-valenciana-recorrera-el-3-de-febrer-la-marina-alta","status":"publish","type":"post","link":"https:\/\/radiolitoral.com\/ca\/2024\/01\/la-volta-ciclista-a-la-comunitat-valenciana-recorrera-el-3-de-febrero-la-marina-alta\/","title":{"rendered":"La Volta Ciclista a la Comunitat Valenciana recorrer\u00e0 el 3 de febrer la Marina Alta"},"content":{"rendered":"<p>La <strong>Volta Ciclista a la Comunitat Valenciana<\/strong> recala un any m\u00e9s a la prov\u00edncia d&#039;Alacant, i en concret a la <strong>Marina Alta<\/strong>, en aquesta ocasi\u00f3, amb dues etapes estel\u00b7lars que es disputaran els dies 2 i 3 de febrer, aquesta \u00faltima, amb arrencada i meta a la comarca. Una prova esportiva que, a la seva 75a edici\u00f3, comptar\u00e0 amb la pres\u00e8ncia de m\u00e9s de 130 corredors i 19 equips de tot el m\u00f3n.<\/p>\n<p>La Marina Alta ser\u00e0 l&#039;escenari de tornada el dissabte 3 de febrer, els corredors s&#039;enfrontaran a un intens tra\u00e7at de 175 quil\u00f2metres que <strong>arrencar\u00e0 a Teulada-Moraira<\/strong> i <strong>finalitzar\u00e0 a La Vall d&#039;Ebo<\/strong>. Aquesta ser\u00e0 l?etapa reina de l?edici\u00f3, amb 3.645 metres de desnivell positiu i cinc ports de muntanya.<\/p>\n<p>En aquesta jornada, la serp multicolor passar\u00e0 per <strong>Altea, La Nucia, Benimantell, Confrides, Benasau, Benilloba, Almudaina, Plans, Tollos, Fageca, Castell de Castells, Benigembla, Parcent, Orba, Tormos, Sagra i Pego.<\/strong><\/p>\n<p>La 75 Volta Ciclista a la Comunitat Valenciana consta de cinc etapes que es desenvoluparan entre el 31 de gener i el 4 de febrer.<\/p>\n<p>Aquest \u00e9s un esdeveniment esportiu, per\u00f2 tamb\u00e9 com ha indicat <strong>el president de la Diputaci\u00f3, Toni P\u00e9rez<\/strong>, \u00e9s una forma de promocionar tur\u00edsticament i donar a con\u00e8ixer els municipis de la comarca i en general de la prov\u00edncia.<\/p>\n<audio class=\"wp-audio-shortcode\" id=\"audio-6513-1\" preload=\"none\" style=\"width: 100%;\" controls=\"controls\"><source type=\"audio\/mpeg\" src=\"https:\/\/media.radiolitoral.com\/wp-content\/uploads\/2024\/01\/23142246\/Toni-Perez-Vuelta-Ciclista.mp3?_=1\" \/><a href=\"https:\/\/media.radiolitoral.com\/wp-content\/uploads\/2024\/01\/23142246\/Toni-Perez-Vuelta-Ciclista.mp3\">https:\/\/media.radiolitoral.com\/wp-content\/uploads\/2024\/01\/23142246\/Toni-Perez-Vuelta-Ciclista.mp3<\/a><\/audio>","protected":false},"excerpt":{"rendered":"<p>La Volta Ciclista a la Comunitat Valenciana recala un a\u00f1o m\u00e1s en la provincia de Alicante, y en concreto en la Marina Alta, en esta ocasi\u00f3n, con dos etapas estelares que se disputar\u00e1n los d\u00edas 2 y 3 de febrero, esta \u00faltima, con arranque y meta en la comarca. Una prueba deportiva que, en su [&#8230;]<\/p>\n<p><a class=\"btn btn-secondary understrap-read-more-link\" href=\"https:\/\/radiolitoral.com\/ca\/2024\/01\/la-volta-ciclista-a-la-comunitat-valenciana-recorrera-el-3-de-febrero-la-marina-alta\/\">Continua llegint&#8230;<span class=\"screen-reader-text\"> from La Volta Ciclista a la Comunitat Valenciana recorrer\u00e1 el 3 de febrero la Marina Alta<\/span><\/a><\/p>\n","protected":false},"author":21,"featured_media":6515,"comment_status":"open","ping_status":"closed","sticky":false,"template":"","format":"standard","meta":{"_acf_changed":false,"inline_featured_image":false,"footnotes":""},"categories":[5,144],"tags":[],"class_list":["post-6513","post","type-post","status-publish","format-standard","has-post-thumbnail","hentry","category-deportes","category-turismo","cobertura-marina-alta","cobertura-teulada-moraira","cobertura-vall-debo"],"acf":[],"yoast_head":"<!-- This site is optimized with the Yoast SEO plugin v27.5 - https:\/\/yoast.com\/product\/yoast-seo-wordpress\/ -->\n<title>La Volta Ciclista a la Comunitat Valenciana recorrer\u00e1 el 3 de febrero la Marina Alta | R\u00e0dio Litoral<\/title>\n<meta name=\"description\" content=\"Una etapa con 175 kil\u00f3metros que arrancar\u00e1 en Teulada-Moraira y tendr\u00e1 la meta en La Vall d\u2019Ebo el 3 de febrero\" \/>\n<meta name=\"robots\" content=\"index, follow, max-snippet:-1, max-image-preview:large, max-video-preview:-1\" \/>\n<link rel=\"canonical\" href=\"https:\/\/radiolitoral.com\/ca\/2024\/01\/la-volta-ciclista-a-la-comunitat-valenciana-recorrera-el-3-de-febrer-la-marina-alta\/\" \/>\n<meta property=\"og:locale\" content=\"ca_ES\" \/>\n<meta property=\"og:type\" content=\"article\" \/>\n<meta property=\"og:title\" content=\"La Volta Ciclista a la Comunitat Valenciana recorrer\u00e1 el 3 de febrero la Marina Alta | R\u00e0dio Litoral\" \/>\n<meta property=\"og:description\" content=\"Una etapa con 175 kil\u00f3metros que arrancar\u00e1 en Teulada-Moraira y tendr\u00e1 la meta en La Vall d\u2019Ebo el 3 de febrero\" \/>\n<meta property=\"og:url\" content=\"https:\/\/radiolitoral.com\/ca\/2024\/01\/la-volta-ciclista-a-la-comunitat-valenciana-recorrera-el-3-de-febrer-la-marina-alta\/\" \/>\n<meta property=\"og:site_name\" content=\"R\u00e0dio Litoral\" \/>\n<meta property=\"article:publisher\" content=\"https:\/\/www.facebook.com\/Laradiolitoral\/\" \/>\n<meta property=\"article:published_time\" content=\"2024-01-23T13:31:12+00:00\" \/>\n<meta property=\"og:image\" content=\"https:\/\/media.radiolitoral.com\/wp-content\/uploads\/2024\/01\/23142937\/Presentacion-Volta-Ciclista-Comunitat-Valenciana.jpg\" \/>\n\t<meta property=\"og:image:width\" content=\"2362\" \/>\n\t<meta property=\"og:image:height\" content=\"1376\" \/>\n\t<meta property=\"og:image:type\" content=\"image\/jpeg\" \/>\n<meta name=\"author\" content=\"Mel Pescuezo\" \/>\n<meta name=\"twitter:card\" content=\"summary_large_image\" \/>\n<meta name=\"twitter:label1\" content=\"Escrit per\" \/>\n\t<meta name=\"twitter:data1\" content=\"Mel Pescuezo\" \/>\n\t<meta name=\"twitter:label2\" content=\"Temps estimat de lectura\" \/>\n\t<meta name=\"twitter:data2\" content=\"2 minuts\" \/>\n<script type=\"application\/ld+json\" class=\"yoast-schema-graph\">{\"@context\":\"https:\\\/\\\/schema.org\",\"@graph\":[{\"@type\":\"NewsArticle\",\"@id\":\"https:\\\/\\\/radiolitoral.com\\\/2024\\\/01\\\/la-volta-ciclista-a-la-comunitat-valenciana-recorrera-el-3-de-febrero-la-marina-alta\\\/#article\",\"isPartOf\":{\"@id\":\"https:\\\/\\\/radiolitoral.com\\\/2024\\\/01\\\/la-volta-ciclista-a-la-comunitat-valenciana-recorrera-el-3-de-febrero-la-marina-alta\\\/\"},\"author\":{\"name\":\"Mel Pescuezo\",\"@id\":\"https:\\\/\\\/radiolitoral.com\\\/#\\\/schema\\\/person\\\/aad4f72efa404f85b68e832d24cac059\"},\"headline\":\"La Volta Ciclista a la Comunitat Valenciana recorrer\u00e1 el 3 de febrero la Marina Alta\",\"datePublished\":\"2024-01-23T13:31:12+00:00\",\"mainEntityOfPage\":{\"@id\":\"https:\\\/\\\/radiolitoral.com\\\/2024\\\/01\\\/la-volta-ciclista-a-la-comunitat-valenciana-recorrera-el-3-de-febrero-la-marina-alta\\\/\"},\"wordCount\":251,\"commentCount\":0,\"publisher\":{\"@id\":\"https:\\\/\\\/radiolitoral.com\\\/#organization\"},\"image\":{\"@id\":\"https:\\\/\\\/radiolitoral.com\\\/2024\\\/01\\\/la-volta-ciclista-a-la-comunitat-valenciana-recorrera-el-3-de-febrero-la-marina-alta\\\/#primaryimage\"},\"thumbnailUrl\":\"https:\\\/\\\/media.radiolitoral.com\\\/wp-content\\\/uploads\\\/2024\\\/01\\\/23142937\\\/Presentacion-Volta-Ciclista-Comunitat-Valenciana.jpg\",\"articleSection\":[\"Deportes\",\"Turismo\"],\"inLanguage\":\"ca\",\"potentialAction\":[{\"@type\":\"CommentAction\",\"name\":\"Comment\",\"target\":[\"https:\\\/\\\/radiolitoral.com\\\/2024\\\/01\\\/la-volta-ciclista-a-la-comunitat-valenciana-recorrera-el-3-de-febrero-la-marina-alta\\\/#respond\"]}]},{\"@type\":[\"WebPage\",\"ItemPage\"],\"@id\":\"https:\\\/\\\/radiolitoral.com\\\/2024\\\/01\\\/la-volta-ciclista-a-la-comunitat-valenciana-recorrera-el-3-de-febrero-la-marina-alta\\\/\",\"url\":\"https:\\\/\\\/radiolitoral.com\\\/2024\\\/01\\\/la-volta-ciclista-a-la-comunitat-valenciana-recorrera-el-3-de-febrero-la-marina-alta\\\/\",\"name\":\"La Volta Ciclista a la Comunitat Valenciana recorrer\u00e1 el 3 de febrero la Marina Alta | R\u00e0dio Litoral\",\"isPartOf\":{\"@id\":\"https:\\\/\\\/radiolitoral.com\\\/#website\"},\"primaryImageOfPage\":{\"@id\":\"https:\\\/\\\/radiolitoral.com\\\/2024\\\/01\\\/la-volta-ciclista-a-la-comunitat-valenciana-recorrera-el-3-de-febrero-la-marina-alta\\\/#primaryimage\"},\"image\":{\"@id\":\"https:\\\/\\\/radiolitoral.com\\\/2024\\\/01\\\/la-volta-ciclista-a-la-comunitat-valenciana-recorrera-el-3-de-febrero-la-marina-alta\\\/#primaryimage\"},\"thumbnailUrl\":\"https:\\\/\\\/media.radiolitoral.com\\\/wp-content\\\/uploads\\\/2024\\\/01\\\/23142937\\\/Presentacion-Volta-Ciclista-Comunitat-Valenciana.jpg\",\"datePublished\":\"2024-01-23T13:31:12+00:00\",\"description\":\"Una etapa con 175 kil\u00f3metros que arrancar\u00e1 en Teulada-Moraira y tendr\u00e1 la meta en La Vall d\u2019Ebo el 3 de febrero\",\"breadcrumb\":{\"@id\":\"https:\\\/\\\/radiolitoral.com\\\/2024\\\/01\\\/la-volta-ciclista-a-la-comunitat-valenciana-recorrera-el-3-de-febrero-la-marina-alta\\\/#breadcrumb\"},\"inLanguage\":\"ca\",\"potentialAction\":[{\"@type\":\"ReadAction\",\"target\":[\"https:\\\/\\\/radiolitoral.com\\\/2024\\\/01\\\/la-volta-ciclista-a-la-comunitat-valenciana-recorrera-el-3-de-febrero-la-marina-alta\\\/\"]}]},{\"@type\":\"ImageObject\",\"inLanguage\":\"ca\",\"@id\":\"https:\\\/\\\/radiolitoral.com\\\/2024\\\/01\\\/la-volta-ciclista-a-la-comunitat-valenciana-recorrera-el-3-de-febrero-la-marina-alta\\\/#primaryimage\",\"url\":\"https:\\\/\\\/media.radiolitoral.com\\\/wp-content\\\/uploads\\\/2024\\\/01\\\/23142937\\\/Presentacion-Volta-Ciclista-Comunitat-Valenciana.jpg\",\"contentUrl\":\"https:\\\/\\\/media.radiolitoral.com\\\/wp-content\\\/uploads\\\/2024\\\/01\\\/23142937\\\/Presentacion-Volta-Ciclista-Comunitat-Valenciana.jpg\",\"width\":2362,\"height\":1376},{\"@type\":\"BreadcrumbList\",\"@id\":\"https:\\\/\\\/radiolitoral.com\\\/2024\\\/01\\\/la-volta-ciclista-a-la-comunitat-valenciana-recorrera-el-3-de-febrero-la-marina-alta\\\/#breadcrumb\",\"itemListElement\":[{\"@type\":\"ListItem\",\"position\":1,\"name\":\"Portada\",\"item\":\"https:\\\/\\\/radiolitoral.com\\\/\"},{\"@type\":\"ListItem\",\"position\":2,\"name\":\"La Volta Ciclista a la Comunitat Valenciana recorrer\u00e1 el 3 de febrero la Marina Alta\"}]},{\"@type\":\"WebSite\",\"@id\":\"https:\\\/\\\/radiolitoral.com\\\/#website\",\"url\":\"https:\\\/\\\/radiolitoral.com\\\/\",\"name\":\"Radio Litoral\",\"description\":\"La radio local de la Marina Alta\",\"publisher\":{\"@id\":\"https:\\\/\\\/radiolitoral.com\\\/#organization\"},\"alternateName\":\"Litoral FM\",\"potentialAction\":[{\"@type\":\"SearchAction\",\"target\":{\"@type\":\"EntryPoint\",\"urlTemplate\":\"https:\\\/\\\/radiolitoral.com\\\/?s={search_term_string}\"},\"query-input\":{\"@type\":\"PropertyValueSpecification\",\"valueRequired\":true,\"valueName\":\"search_term_string\"}}],\"inLanguage\":\"ca\"},{\"@type\":\"Organization\",\"@id\":\"https:\\\/\\\/radiolitoral.com\\\/#organization\",\"name\":\"Radio Litoral\",\"url\":\"https:\\\/\\\/radiolitoral.com\\\/\",\"logo\":{\"@type\":\"ImageObject\",\"inLanguage\":\"ca\",\"@id\":\"https:\\\/\\\/radiolitoral.com\\\/#\\\/schema\\\/logo\\\/image\\\/\",\"url\":\"https:\\\/\\\/media.radiolitoral.com\\\/wp-content\\\/uploads\\\/2023\\\/02\\\/24143238\\\/CL-V-RadioLitoral696.png\",\"contentUrl\":\"https:\\\/\\\/media.radiolitoral.com\\\/wp-content\\\/uploads\\\/2023\\\/02\\\/24143238\\\/CL-V-RadioLitoral696.png\",\"width\":696,\"height\":696,\"caption\":\"Radio Litoral\"},\"image\":{\"@id\":\"https:\\\/\\\/radiolitoral.com\\\/#\\\/schema\\\/logo\\\/image\\\/\"},\"sameAs\":[\"https:\\\/\\\/www.facebook.com\\\/Laradiolitoral\\\/\"]},{\"@type\":\"Person\",\"@id\":\"https:\\\/\\\/radiolitoral.com\\\/#\\\/schema\\\/person\\\/aad4f72efa404f85b68e832d24cac059\",\"name\":\"Mel Pescuezo\",\"image\":{\"@type\":\"ImageObject\",\"inLanguage\":\"ca\",\"@id\":\"https:\\\/\\\/secure.gravatar.com\\\/avatar\\\/993975ae489c70cb0dd9bfa9413a082f0bd276582dac13661af7b33f161e7eea?s=96&d=mm&r=g\",\"url\":\"https:\\\/\\\/secure.gravatar.com\\\/avatar\\\/993975ae489c70cb0dd9bfa9413a082f0bd276582dac13661af7b33f161e7eea?s=96&d=mm&r=g\",\"contentUrl\":\"https:\\\/\\\/secure.gravatar.com\\\/avatar\\\/993975ae489c70cb0dd9bfa9413a082f0bd276582dac13661af7b33f161e7eea?s=96&d=mm&r=g\",\"caption\":\"Mel Pescuezo\"},\"url\":\"https:\\\/\\\/radiolitoral.com\\\/ca\\\/author\\\/serviciospararadios\\\/\"}]}<\/script>\n<!-- \/ Yoast SEO plugin. -->","yoast_head_json":{"title":"La Volta Ciclista a la Comunitat Valenciana recorrer\u00e0 el 3 de febrer la Marina Alta | R\u00e0dio Litoral","description":"Una etapa amb 175 quil\u00f2metres que arrencar\u00e0 a Teulada-Moraira i tindr\u00e0 la meta a la Vall d&#039;Ebo el 3 de febrer","robots":{"index":"index","follow":"follow","max-snippet":"max-snippet:-1","max-image-preview":"max-image-preview:large","max-video-preview":"max-video-preview:-1"},"canonical":"https:\/\/radiolitoral.com\/ca\/2024\/01\/la-volta-ciclista-a-la-comunitat-valenciana-recorrera-el-3-de-febrer-la-marina-alta\/","og_locale":"ca_ES","og_type":"article","og_title":"La Volta Ciclista a la Comunitat Valenciana recorrer\u00e1 el 3 de febrero la Marina Alta | R\u00e0dio Litoral","og_description":"Una etapa con 175 kil\u00f3metros que arrancar\u00e1 en Teulada-Moraira y tendr\u00e1 la meta en La Vall d\u2019Ebo el 3 de febrero","og_url":"https:\/\/radiolitoral.com\/ca\/2024\/01\/la-volta-ciclista-a-la-comunitat-valenciana-recorrera-el-3-de-febrer-la-marina-alta\/","og_site_name":"R\u00e0dio Litoral","article_publisher":"https:\/\/www.facebook.com\/Laradiolitoral\/","article_published_time":"2024-01-23T13:31:12+00:00","og_image":[{"width":2362,"height":1376,"url":"https:\/\/media.radiolitoral.com\/wp-content\/uploads\/2024\/01\/23142937\/Presentacion-Volta-Ciclista-Comunitat-Valenciana.jpg","type":"image\/jpeg"}],"author":"Mel Pescuezo","twitter_card":"summary_large_image","twitter_misc":{"Escrit per":"Mel Pescuezo","Temps estimat de lectura":"2 minuts"},"schema":{"@context":"https:\/\/schema.org","@graph":[{"@type":"NewsArticle","@id":"https:\/\/radiolitoral.com\/2024\/01\/la-volta-ciclista-a-la-comunitat-valenciana-recorrera-el-3-de-febrero-la-marina-alta\/#article","isPartOf":{"@id":"https:\/\/radiolitoral.com\/2024\/01\/la-volta-ciclista-a-la-comunitat-valenciana-recorrera-el-3-de-febrero-la-marina-alta\/"},"author":{"name":"Mel Pescuezo","@id":"https:\/\/radiolitoral.com\/#\/schema\/person\/aad4f72efa404f85b68e832d24cac059"},"headline":"La Volta Ciclista a la Comunitat Valenciana recorrer\u00e1 el 3 de febrero la Marina Alta","datePublished":"2024-01-23T13:31:12+00:00","mainEntityOfPage":{"@id":"https:\/\/radiolitoral.com\/2024\/01\/la-volta-ciclista-a-la-comunitat-valenciana-recorrera-el-3-de-febrero-la-marina-alta\/"},"wordCount":251,"commentCount":0,"publisher":{"@id":"https:\/\/radiolitoral.com\/#organization"},"image":{"@id":"https:\/\/radiolitoral.com\/2024\/01\/la-volta-ciclista-a-la-comunitat-valenciana-recorrera-el-3-de-febrero-la-marina-alta\/#primaryimage"},"thumbnailUrl":"https:\/\/media.radiolitoral.com\/wp-content\/uploads\/2024\/01\/23142937\/Presentacion-Volta-Ciclista-Comunitat-Valenciana.jpg","articleSection":["Deportes","Turismo"],"inLanguage":"ca","potentialAction":[{"@type":"CommentAction","name":"Comment","target":["https:\/\/radiolitoral.com\/2024\/01\/la-volta-ciclista-a-la-comunitat-valenciana-recorrera-el-3-de-febrero-la-marina-alta\/#respond"]}]},{"@type":["WebPage","ItemPage"],"@id":"https:\/\/radiolitoral.com\/2024\/01\/la-volta-ciclista-a-la-comunitat-valenciana-recorrera-el-3-de-febrero-la-marina-alta\/","url":"https:\/\/radiolitoral.com\/2024\/01\/la-volta-ciclista-a-la-comunitat-valenciana-recorrera-el-3-de-febrero-la-marina-alta\/","name":"La Volta Ciclista a la Comunitat Valenciana recorrer\u00e0 el 3 de febrer la Marina Alta | R\u00e0dio Litoral","isPartOf":{"@id":"https:\/\/radiolitoral.com\/#website"},"primaryImageOfPage":{"@id":"https:\/\/radiolitoral.com\/2024\/01\/la-volta-ciclista-a-la-comunitat-valenciana-recorrera-el-3-de-febrero-la-marina-alta\/#primaryimage"},"image":{"@id":"https:\/\/radiolitoral.com\/2024\/01\/la-volta-ciclista-a-la-comunitat-valenciana-recorrera-el-3-de-febrero-la-marina-alta\/#primaryimage"},"thumbnailUrl":"https:\/\/media.radiolitoral.com\/wp-content\/uploads\/2024\/01\/23142937\/Presentacion-Volta-Ciclista-Comunitat-Valenciana.jpg","datePublished":"2024-01-23T13:31:12+00:00","description":"Una etapa amb 175 quil\u00f2metres que arrencar\u00e0 a Teulada-Moraira i tindr\u00e0 la meta a la Vall d&#039;Ebo el 3 de febrer","breadcrumb":{"@id":"https:\/\/radiolitoral.com\/2024\/01\/la-volta-ciclista-a-la-comunitat-valenciana-recorrera-el-3-de-febrero-la-marina-alta\/#breadcrumb"},"inLanguage":"ca","potentialAction":[{"@type":"ReadAction","target":["https:\/\/radiolitoral.com\/2024\/01\/la-volta-ciclista-a-la-comunitat-valenciana-recorrera-el-3-de-febrero-la-marina-alta\/"]}]},{"@type":"ImageObject","inLanguage":"ca","@id":"https:\/\/radiolitoral.com\/2024\/01\/la-volta-ciclista-a-la-comunitat-valenciana-recorrera-el-3-de-febrero-la-marina-alta\/#primaryimage","url":"https:\/\/media.radiolitoral.com\/wp-content\/uploads\/2024\/01\/23142937\/Presentacion-Volta-Ciclista-Comunitat-Valenciana.jpg","contentUrl":"https:\/\/media.radiolitoral.com\/wp-content\/uploads\/2024\/01\/23142937\/Presentacion-Volta-Ciclista-Comunitat-Valenciana.jpg","width":2362,"height":1376},{"@type":"BreadcrumbList","@id":"https:\/\/radiolitoral.com\/2024\/01\/la-volta-ciclista-a-la-comunitat-valenciana-recorrera-el-3-de-febrero-la-marina-alta\/#breadcrumb","itemListElement":[{"@type":"ListItem","position":1,"name":"Portada","item":"https:\/\/radiolitoral.com\/"},{"@type":"ListItem","position":2,"name":"La Volta Ciclista a la Comunitat Valenciana recorrer\u00e1 el 3 de febrero la Marina Alta"}]},{"@type":"WebSite","@id":"https:\/\/radiolitoral.com\/#website","url":"https:\/\/radiolitoral.com\/","name":"R\u00e0dio Litoral","description":"La r\u00e0dio local de la Marina Alta","publisher":{"@id":"https:\/\/radiolitoral.com\/#organization"},"alternateName":"Litoral FM","potentialAction":[{"@type":"SearchAction","target":{"@type":"EntryPoint","urlTemplate":"https:\/\/radiolitoral.com\/?s={search_term_string}"},"query-input":{"@type":"PropertyValueSpecification","valueRequired":true,"valueName":"search_term_string"}}],"inLanguage":"ca"},{"@type":"Organization","@id":"https:\/\/radiolitoral.com\/#organization","name":"R\u00e0dio Litoral","url":"https:\/\/radiolitoral.com\/","logo":{"@type":"ImageObject","inLanguage":"ca","@id":"https:\/\/radiolitoral.com\/#\/schema\/logo\/image\/","url":"https:\/\/media.radiolitoral.com\/wp-content\/uploads\/2023\/02\/24143238\/CL-V-RadioLitoral696.png","contentUrl":"https:\/\/media.radiolitoral.com\/wp-content\/uploads\/2023\/02\/24143238\/CL-V-RadioLitoral696.png","width":696,"height":696,"caption":"Radio Litoral"},"image":{"@id":"https:\/\/radiolitoral.com\/#\/schema\/logo\/image\/"},"sameAs":["https:\/\/www.facebook.com\/Laradiolitoral\/"]},{"@type":"Person","@id":"https:\/\/radiolitoral.com\/#\/schema\/person\/aad4f72efa404f85b68e832d24cac059","name":"Mel Pescuezo","image":{"@type":"ImageObject","inLanguage":"ca","@id":"https:\/\/secure.gravatar.com\/avatar\/993975ae489c70cb0dd9bfa9413a082f0bd276582dac13661af7b33f161e7eea?s=96&d=mm&r=g","url":"https:\/\/secure.gravatar.com\/avatar\/993975ae489c70cb0dd9bfa9413a082f0bd276582dac13661af7b33f161e7eea?s=96&d=mm&r=g","contentUrl":"https:\/\/secure.gravatar.com\/avatar\/993975ae489c70cb0dd9bfa9413a082f0bd276582dac13661af7b33f161e7eea?s=96&d=mm&r=g","caption":"Mel Pescuezo"},"url":"https:\/\/radiolitoral.com\/ca\/author\/serviciospararadios\/"}]}},"_links":{"self":[{"href":"https:\/\/radiolitoral.com\/ca\/wp-json\/wp\/v2\/posts\/6513","targetHints":{"allow":["GET"]}}],"collection":[{"href":"https:\/\/radiolitoral.com\/ca\/wp-json\/wp\/v2\/posts"}],"about":[{"href":"https:\/\/radiolitoral.com\/ca\/wp-json\/wp\/v2\/types\/post"}],"author":[{"embeddable":true,"href":"https:\/\/radiolitoral.com\/ca\/wp-json\/wp\/v2\/users\/21"}],"replies":[{"embeddable":true,"href":"https:\/\/radiolitoral.com\/ca\/wp-json\/wp\/v2\/comments?post=6513"}],"version-history":[{"count":2,"href":"https:\/\/radiolitoral.com\/ca\/wp-json\/wp\/v2\/posts\/6513\/revisions"}],"predecessor-version":[{"id":6518,"href":"https:\/\/radiolitoral.com\/ca\/wp-json\/wp\/v2\/posts\/6513\/revisions\/6518"}],"wp:featuredmedia":[{"embeddable":true,"href":"https:\/\/radiolitoral.com\/ca\/wp-json\/wp\/v2\/media\/6515"}],"wp:attachment":[{"href":"https:\/\/radiolitoral.com\/ca\/wp-json\/wp\/v2\/media?parent=6513"}],"wp:term":[{"taxonomy":"category","embeddable":true,"href":"https:\/\/radiolitoral.com\/ca\/wp-json\/wp\/v2\/categories?post=6513"},{"taxonomy":"post_tag","embeddable":true,"href":"https:\/\/radiolitoral.com\/ca\/wp-json\/wp\/v2\/tags?post=6513"}],"curies":[{"name":"wp","href":"https:\/\/api.w.org\/{rel}","templated":true}]}}