{"id":6494,"date":"2024-01-22T20:15:15","date_gmt":"2024-01-22T19:15:15","guid":{"rendered":"https:\/\/radiolitoral.com\/?p=6494"},"modified":"2024-01-22T20:15:15","modified_gmt":"2024-01-22T19:15:15","slug":"la-basilica-de-la-purissima-noia-de-benissa-creixes-17-metres","status":"publish","type":"post","link":"https:\/\/radiolitoral.com\/ca\/2024\/01\/la-basilica-de-la-purissima-xiqueta-de-benissa-crecera-17-metros\/","title":{"rendered":"La bas\u00edlica de la Pur\u00edssima Xiqueta de Benissa creixer\u00e0 17 metres"},"content":{"rendered":"<p>Aquesta setmana s&#039;inicien les obres a la <strong>bas\u00edlica de la Pur\u00edssima Xiqueta de Benissa<\/strong>. L&#039;arrencada de les feines est\u00e0 prevista per dimecres, 24 de gener, i amb aix\u00f2 es culminar\u00e0 un projecte que es remunta a l&#039;any 1929.<\/p>\n<p>L&#039;actuaci\u00f3 prevista, com ha explicat<strong> Salvador Enrique Cebolla, capell\u00e0 rector de Benissa,<\/strong> implica la instal\u00b7laci\u00f3 de dues agulles gegantines de 16 metres sobre les torres campanar que flanquegen el temple, i sobre elles, dues enormes estrelles de vuit puntes d&#039;un metre cadascuna de les figures.<\/p>\n<p>Una nova estructura que far\u00e0 cr\u00e9ixer aquest temple que aquest 2024 est\u00e0 d&#039;aniversari. Unes obres que arriben just quan es compleixen els <strong>400 anys de l&#039;arribada de la imatge de la patrona<\/strong> a la localitat.<\/p>\n<p>Els detalls d\u00b4aquest projecte els hem conegut amb<strong> Salvador Enrique Cebolla, <\/strong>que ha mostrat la joia per a tots els membres de la parr\u00f2quia de Benissa.<\/p>\n<audio class=\"wp-audio-shortcode\" id=\"audio-6494-1\" preload=\"none\" style=\"width: 100%;\" controls=\"controls\"><source type=\"audio\/mpeg\" src=\"https:\/\/media.radiolitoral.com\/wp-content\/uploads\/2024\/01\/22200521\/Salvador-Enrique-Cebolla.mp3?_=1\" \/><a href=\"https:\/\/media.radiolitoral.com\/wp-content\/uploads\/2024\/01\/22200521\/Salvador-Enrique-Cebolla.mp3\">https:\/\/media.radiolitoral.com\/wp-content\/uploads\/2024\/01\/22200521\/Salvador-Enrique-Cebolla.mp3<\/a><\/audio>\n<p><strong>\u00a0<\/strong><\/p>","protected":false},"excerpt":{"rendered":"<p>Esta semana se inician las obras en la bas\u00edlica de la Pur\u00edssima Xiqueta de Benissa. El arranque de los trabajos est\u00e1 previsto para el mi\u00e9rcoles, 24 de enero, y con ello se culminar\u00e1 un proyecto que se remonta al a\u00f1o 1929. La actuaci\u00f3n prevista, como ha explicado Salvador Enrique Cebolla, cura p\u00e1rroco de Benissa, implica [&#8230;]<\/p>\n<p><a class=\"btn btn-secondary understrap-read-more-link\" href=\"https:\/\/radiolitoral.com\/ca\/2024\/01\/la-basilica-de-la-purissima-xiqueta-de-benissa-crecera-17-metros\/\">Continua llegint&#8230;<span class=\"screen-reader-text\"> from La bas\u00edlica de la Pur\u00edssima Xiqueta de Benissa crecer\u00e1 17 metros<\/span><\/a><\/p>\n","protected":false},"author":13,"featured_media":6498,"comment_status":"open","ping_status":"closed","sticky":false,"template":"","format":"standard","meta":{"_acf_changed":false,"inline_featured_image":false,"footnotes":""},"categories":[100,870],"tags":[],"class_list":["post-6494","post","type-post","status-publish","format-standard","has-post-thumbnail","hentry","category-obras","category-patrimonio","cobertura-benissa"],"acf":[],"yoast_head":"<!-- This site is optimized with the Yoast SEO plugin v27.5 - https:\/\/yoast.com\/product\/yoast-seo-wordpress\/ -->\n<title>La bas\u00edlica de la Pur\u00edssima Xiqueta de Benissa crecer\u00e1 17 metros | R\u00e0dio Litoral<\/title>\n<meta name=\"description\" content=\"Esta semana arrancan las obras en los campanarios del templo con las que culminar el proyecto redactado en 1929\" \/>\n<meta name=\"robots\" content=\"index, follow, max-snippet:-1, max-image-preview:large, max-video-preview:-1\" \/>\n<link rel=\"canonical\" href=\"https:\/\/radiolitoral.com\/ca\/2024\/01\/la-basilica-de-la-purissima-noia-de-benissa-creixes-17-metres\/\" \/>\n<meta property=\"og:locale\" content=\"ca_ES\" \/>\n<meta property=\"og:type\" content=\"article\" \/>\n<meta property=\"og:title\" content=\"La bas\u00edlica de la Pur\u00edssima Xiqueta de Benissa crecer\u00e1 17 metros | R\u00e0dio Litoral\" \/>\n<meta property=\"og:description\" content=\"Esta semana arrancan las obras en los campanarios del templo con las que culminar el proyecto redactado en 1929\" \/>\n<meta property=\"og:url\" content=\"https:\/\/radiolitoral.com\/ca\/2024\/01\/la-basilica-de-la-purissima-noia-de-benissa-creixes-17-metres\/\" \/>\n<meta property=\"og:site_name\" content=\"R\u00e0dio Litoral\" \/>\n<meta property=\"article:publisher\" content=\"https:\/\/www.facebook.com\/Laradiolitoral\/\" \/>\n<meta property=\"article:published_time\" content=\"2024-01-22T19:15:15+00:00\" \/>\n<meta property=\"og:image\" content=\"https:\/\/media.radiolitoral.com\/wp-content\/uploads\/2024\/01\/22201356\/Benissa.-Basilica-Purissima-Xiqueta-Raul-Martinez-1-e1705950873624.jpeg\" \/>\n\t<meta property=\"og:image:width\" content=\"1589\" \/>\n\t<meta property=\"og:image:height\" content=\"1032\" \/>\n\t<meta property=\"og:image:type\" content=\"image\/jpeg\" \/>\n<meta name=\"author\" content=\"Redacci\u00f3n\" \/>\n<meta name=\"twitter:card\" content=\"summary_large_image\" \/>\n<meta name=\"twitter:label1\" content=\"Escrit per\" \/>\n\t<meta name=\"twitter:data1\" content=\"Redacci\u00f3n\" \/>\n\t<meta name=\"twitter:label2\" content=\"Temps estimat de lectura\" \/>\n\t<meta name=\"twitter:data2\" content=\"2 minuts\" \/>\n<script type=\"application\/ld+json\" class=\"yoast-schema-graph\">{\"@context\":\"https:\\\/\\\/schema.org\",\"@graph\":[{\"@type\":\"NewsArticle\",\"@id\":\"https:\\\/\\\/radiolitoral.com\\\/2024\\\/01\\\/la-basilica-de-la-purissima-xiqueta-de-benissa-crecera-17-metros\\\/#article\",\"isPartOf\":{\"@id\":\"https:\\\/\\\/radiolitoral.com\\\/2024\\\/01\\\/la-basilica-de-la-purissima-xiqueta-de-benissa-crecera-17-metros\\\/\"},\"author\":{\"name\":\"Redacci\u00f3n\",\"@id\":\"https:\\\/\\\/radiolitoral.com\\\/#\\\/schema\\\/person\\\/f2b2343c49b5d721857cc1002bfdb151\"},\"headline\":\"La bas\u00edlica de la Pur\u00edssima Xiqueta de Benissa crecer\u00e1 17 metros\",\"datePublished\":\"2024-01-22T19:15:15+00:00\",\"mainEntityOfPage\":{\"@id\":\"https:\\\/\\\/radiolitoral.com\\\/2024\\\/01\\\/la-basilica-de-la-purissima-xiqueta-de-benissa-crecera-17-metros\\\/\"},\"wordCount\":179,\"commentCount\":0,\"publisher\":{\"@id\":\"https:\\\/\\\/radiolitoral.com\\\/#organization\"},\"image\":{\"@id\":\"https:\\\/\\\/radiolitoral.com\\\/2024\\\/01\\\/la-basilica-de-la-purissima-xiqueta-de-benissa-crecera-17-metros\\\/#primaryimage\"},\"thumbnailUrl\":\"https:\\\/\\\/media.radiolitoral.com\\\/wp-content\\\/uploads\\\/2024\\\/01\\\/22201356\\\/Benissa.-Basilica-Purissima-Xiqueta-Raul-Martinez-1-e1705950873624.jpeg\",\"articleSection\":[\"Obras\",\"Patrimonio\"],\"inLanguage\":\"ca\",\"potentialAction\":[{\"@type\":\"CommentAction\",\"name\":\"Comment\",\"target\":[\"https:\\\/\\\/radiolitoral.com\\\/2024\\\/01\\\/la-basilica-de-la-purissima-xiqueta-de-benissa-crecera-17-metros\\\/#respond\"]}]},{\"@type\":[\"WebPage\",\"ItemPage\"],\"@id\":\"https:\\\/\\\/radiolitoral.com\\\/2024\\\/01\\\/la-basilica-de-la-purissima-xiqueta-de-benissa-crecera-17-metros\\\/\",\"url\":\"https:\\\/\\\/radiolitoral.com\\\/2024\\\/01\\\/la-basilica-de-la-purissima-xiqueta-de-benissa-crecera-17-metros\\\/\",\"name\":\"La bas\u00edlica de la Pur\u00edssima Xiqueta de Benissa crecer\u00e1 17 metros | R\u00e0dio Litoral\",\"isPartOf\":{\"@id\":\"https:\\\/\\\/radiolitoral.com\\\/#website\"},\"primaryImageOfPage\":{\"@id\":\"https:\\\/\\\/radiolitoral.com\\\/2024\\\/01\\\/la-basilica-de-la-purissima-xiqueta-de-benissa-crecera-17-metros\\\/#primaryimage\"},\"image\":{\"@id\":\"https:\\\/\\\/radiolitoral.com\\\/2024\\\/01\\\/la-basilica-de-la-purissima-xiqueta-de-benissa-crecera-17-metros\\\/#primaryimage\"},\"thumbnailUrl\":\"https:\\\/\\\/media.radiolitoral.com\\\/wp-content\\\/uploads\\\/2024\\\/01\\\/22201356\\\/Benissa.-Basilica-Purissima-Xiqueta-Raul-Martinez-1-e1705950873624.jpeg\",\"datePublished\":\"2024-01-22T19:15:15+00:00\",\"description\":\"Esta semana arrancan las obras en los campanarios del templo con las que culminar el proyecto redactado en 1929\",\"breadcrumb\":{\"@id\":\"https:\\\/\\\/radiolitoral.com\\\/2024\\\/01\\\/la-basilica-de-la-purissima-xiqueta-de-benissa-crecera-17-metros\\\/#breadcrumb\"},\"inLanguage\":\"ca\",\"potentialAction\":[{\"@type\":\"ReadAction\",\"target\":[\"https:\\\/\\\/radiolitoral.com\\\/2024\\\/01\\\/la-basilica-de-la-purissima-xiqueta-de-benissa-crecera-17-metros\\\/\"]}]},{\"@type\":\"ImageObject\",\"inLanguage\":\"ca\",\"@id\":\"https:\\\/\\\/radiolitoral.com\\\/2024\\\/01\\\/la-basilica-de-la-purissima-xiqueta-de-benissa-crecera-17-metros\\\/#primaryimage\",\"url\":\"https:\\\/\\\/media.radiolitoral.com\\\/wp-content\\\/uploads\\\/2024\\\/01\\\/22201356\\\/Benissa.-Basilica-Purissima-Xiqueta-Raul-Martinez-1-e1705950873624.jpeg\",\"contentUrl\":\"https:\\\/\\\/media.radiolitoral.com\\\/wp-content\\\/uploads\\\/2024\\\/01\\\/22201356\\\/Benissa.-Basilica-Purissima-Xiqueta-Raul-Martinez-1-e1705950873624.jpeg\",\"width\":1589,\"height\":1032},{\"@type\":\"BreadcrumbList\",\"@id\":\"https:\\\/\\\/radiolitoral.com\\\/2024\\\/01\\\/la-basilica-de-la-purissima-xiqueta-de-benissa-crecera-17-metros\\\/#breadcrumb\",\"itemListElement\":[{\"@type\":\"ListItem\",\"position\":1,\"name\":\"Portada\",\"item\":\"https:\\\/\\\/radiolitoral.com\\\/\"},{\"@type\":\"ListItem\",\"position\":2,\"name\":\"La bas\u00edlica de la Pur\u00edssima Xiqueta de Benissa crecer\u00e1 17 metros\"}]},{\"@type\":\"WebSite\",\"@id\":\"https:\\\/\\\/radiolitoral.com\\\/#website\",\"url\":\"https:\\\/\\\/radiolitoral.com\\\/\",\"name\":\"Radio Litoral\",\"description\":\"La radio local de la Marina Alta\",\"publisher\":{\"@id\":\"https:\\\/\\\/radiolitoral.com\\\/#organization\"},\"alternateName\":\"Litoral FM\",\"potentialAction\":[{\"@type\":\"SearchAction\",\"target\":{\"@type\":\"EntryPoint\",\"urlTemplate\":\"https:\\\/\\\/radiolitoral.com\\\/?s={search_term_string}\"},\"query-input\":{\"@type\":\"PropertyValueSpecification\",\"valueRequired\":true,\"valueName\":\"search_term_string\"}}],\"inLanguage\":\"ca\"},{\"@type\":\"Organization\",\"@id\":\"https:\\\/\\\/radiolitoral.com\\\/#organization\",\"name\":\"Radio Litoral\",\"url\":\"https:\\\/\\\/radiolitoral.com\\\/\",\"logo\":{\"@type\":\"ImageObject\",\"inLanguage\":\"ca\",\"@id\":\"https:\\\/\\\/radiolitoral.com\\\/#\\\/schema\\\/logo\\\/image\\\/\",\"url\":\"https:\\\/\\\/media.radiolitoral.com\\\/wp-content\\\/uploads\\\/2023\\\/02\\\/24143238\\\/CL-V-RadioLitoral696.png\",\"contentUrl\":\"https:\\\/\\\/media.radiolitoral.com\\\/wp-content\\\/uploads\\\/2023\\\/02\\\/24143238\\\/CL-V-RadioLitoral696.png\",\"width\":696,\"height\":696,\"caption\":\"Radio Litoral\"},\"image\":{\"@id\":\"https:\\\/\\\/radiolitoral.com\\\/#\\\/schema\\\/logo\\\/image\\\/\"},\"sameAs\":[\"https:\\\/\\\/www.facebook.com\\\/Laradiolitoral\\\/\"]},{\"@type\":\"Person\",\"@id\":\"https:\\\/\\\/radiolitoral.com\\\/#\\\/schema\\\/person\\\/f2b2343c49b5d721857cc1002bfdb151\",\"name\":\"Redacci\u00f3n\",\"image\":{\"@type\":\"ImageObject\",\"inLanguage\":\"ca\",\"@id\":\"https:\\\/\\\/secure.gravatar.com\\\/avatar\\\/f771d896c203ad8b3382d7905cfcce5a5c9b008b84b3cd9114e9b9f4cb63f789?s=96&d=mm&r=g\",\"url\":\"https:\\\/\\\/secure.gravatar.com\\\/avatar\\\/f771d896c203ad8b3382d7905cfcce5a5c9b008b84b3cd9114e9b9f4cb63f789?s=96&d=mm&r=g\",\"contentUrl\":\"https:\\\/\\\/secure.gravatar.com\\\/avatar\\\/f771d896c203ad8b3382d7905cfcce5a5c9b008b84b3cd9114e9b9f4cb63f789?s=96&d=mm&r=g\",\"caption\":\"Redacci\u00f3n\"},\"url\":\"https:\\\/\\\/radiolitoral.com\\\/ca\\\/author\\\/miriam-pagan\\\/\"}]}<\/script>\n<!-- \/ Yoast SEO plugin. -->","yoast_head_json":{"title":"La bas\u00edlica de la Pur\u00edssima Xiqueta de Benissa creixer\u00e0 17 metres | R\u00e0dio Litoral","description":"Aquesta setmana arrenquen les obres als campanars del temple amb qu\u00e8 culminar el projecte redactat el 1929","robots":{"index":"index","follow":"follow","max-snippet":"max-snippet:-1","max-image-preview":"max-image-preview:large","max-video-preview":"max-video-preview:-1"},"canonical":"https:\/\/radiolitoral.com\/ca\/2024\/01\/la-basilica-de-la-purissima-noia-de-benissa-creixes-17-metres\/","og_locale":"ca_ES","og_type":"article","og_title":"La bas\u00edlica de la Pur\u00edssima Xiqueta de Benissa crecer\u00e1 17 metros | R\u00e0dio Litoral","og_description":"Esta semana arrancan las obras en los campanarios del templo con las que culminar el proyecto redactado en 1929","og_url":"https:\/\/radiolitoral.com\/ca\/2024\/01\/la-basilica-de-la-purissima-noia-de-benissa-creixes-17-metres\/","og_site_name":"R\u00e0dio Litoral","article_publisher":"https:\/\/www.facebook.com\/Laradiolitoral\/","article_published_time":"2024-01-22T19:15:15+00:00","og_image":[{"width":1589,"height":1032,"url":"https:\/\/media.radiolitoral.com\/wp-content\/uploads\/2024\/01\/22201356\/Benissa.-Basilica-Purissima-Xiqueta-Raul-Martinez-1-e1705950873624.jpeg","type":"image\/jpeg"}],"author":"Redacci\u00f3n","twitter_card":"summary_large_image","twitter_misc":{"Escrit per":"Redacci\u00f3n","Temps estimat de lectura":"2 minuts"},"schema":{"@context":"https:\/\/schema.org","@graph":[{"@type":"NewsArticle","@id":"https:\/\/radiolitoral.com\/2024\/01\/la-basilica-de-la-purissima-xiqueta-de-benissa-crecera-17-metros\/#article","isPartOf":{"@id":"https:\/\/radiolitoral.com\/2024\/01\/la-basilica-de-la-purissima-xiqueta-de-benissa-crecera-17-metros\/"},"author":{"name":"Redacci\u00f3n","@id":"https:\/\/radiolitoral.com\/#\/schema\/person\/f2b2343c49b5d721857cc1002bfdb151"},"headline":"La bas\u00edlica de la Pur\u00edssima Xiqueta de Benissa crecer\u00e1 17 metros","datePublished":"2024-01-22T19:15:15+00:00","mainEntityOfPage":{"@id":"https:\/\/radiolitoral.com\/2024\/01\/la-basilica-de-la-purissima-xiqueta-de-benissa-crecera-17-metros\/"},"wordCount":179,"commentCount":0,"publisher":{"@id":"https:\/\/radiolitoral.com\/#organization"},"image":{"@id":"https:\/\/radiolitoral.com\/2024\/01\/la-basilica-de-la-purissima-xiqueta-de-benissa-crecera-17-metros\/#primaryimage"},"thumbnailUrl":"https:\/\/media.radiolitoral.com\/wp-content\/uploads\/2024\/01\/22201356\/Benissa.-Basilica-Purissima-Xiqueta-Raul-Martinez-1-e1705950873624.jpeg","articleSection":["Obras","Patrimonio"],"inLanguage":"ca","potentialAction":[{"@type":"CommentAction","name":"Comment","target":["https:\/\/radiolitoral.com\/2024\/01\/la-basilica-de-la-purissima-xiqueta-de-benissa-crecera-17-metros\/#respond"]}]},{"@type":["WebPage","ItemPage"],"@id":"https:\/\/radiolitoral.com\/2024\/01\/la-basilica-de-la-purissima-xiqueta-de-benissa-crecera-17-metros\/","url":"https:\/\/radiolitoral.com\/2024\/01\/la-basilica-de-la-purissima-xiqueta-de-benissa-crecera-17-metros\/","name":"La bas\u00edlica de la Pur\u00edssima Xiqueta de Benissa creixer\u00e0 17 metres | R\u00e0dio Litoral","isPartOf":{"@id":"https:\/\/radiolitoral.com\/#website"},"primaryImageOfPage":{"@id":"https:\/\/radiolitoral.com\/2024\/01\/la-basilica-de-la-purissima-xiqueta-de-benissa-crecera-17-metros\/#primaryimage"},"image":{"@id":"https:\/\/radiolitoral.com\/2024\/01\/la-basilica-de-la-purissima-xiqueta-de-benissa-crecera-17-metros\/#primaryimage"},"thumbnailUrl":"https:\/\/media.radiolitoral.com\/wp-content\/uploads\/2024\/01\/22201356\/Benissa.-Basilica-Purissima-Xiqueta-Raul-Martinez-1-e1705950873624.jpeg","datePublished":"2024-01-22T19:15:15+00:00","description":"Aquesta setmana arrenquen les obres als campanars del temple amb qu\u00e8 culminar el projecte redactat el 1929","breadcrumb":{"@id":"https:\/\/radiolitoral.com\/2024\/01\/la-basilica-de-la-purissima-xiqueta-de-benissa-crecera-17-metros\/#breadcrumb"},"inLanguage":"ca","potentialAction":[{"@type":"ReadAction","target":["https:\/\/radiolitoral.com\/2024\/01\/la-basilica-de-la-purissima-xiqueta-de-benissa-crecera-17-metros\/"]}]},{"@type":"ImageObject","inLanguage":"ca","@id":"https:\/\/radiolitoral.com\/2024\/01\/la-basilica-de-la-purissima-xiqueta-de-benissa-crecera-17-metros\/#primaryimage","url":"https:\/\/media.radiolitoral.com\/wp-content\/uploads\/2024\/01\/22201356\/Benissa.-Basilica-Purissima-Xiqueta-Raul-Martinez-1-e1705950873624.jpeg","contentUrl":"https:\/\/media.radiolitoral.com\/wp-content\/uploads\/2024\/01\/22201356\/Benissa.-Basilica-Purissima-Xiqueta-Raul-Martinez-1-e1705950873624.jpeg","width":1589,"height":1032},{"@type":"BreadcrumbList","@id":"https:\/\/radiolitoral.com\/2024\/01\/la-basilica-de-la-purissima-xiqueta-de-benissa-crecera-17-metros\/#breadcrumb","itemListElement":[{"@type":"ListItem","position":1,"name":"Portada","item":"https:\/\/radiolitoral.com\/"},{"@type":"ListItem","position":2,"name":"La bas\u00edlica de la Pur\u00edssima Xiqueta de Benissa crecer\u00e1 17 metros"}]},{"@type":"WebSite","@id":"https:\/\/radiolitoral.com\/#website","url":"https:\/\/radiolitoral.com\/","name":"R\u00e0dio Litoral","description":"La r\u00e0dio local de la Marina Alta","publisher":{"@id":"https:\/\/radiolitoral.com\/#organization"},"alternateName":"Litoral FM","potentialAction":[{"@type":"SearchAction","target":{"@type":"EntryPoint","urlTemplate":"https:\/\/radiolitoral.com\/?s={search_term_string}"},"query-input":{"@type":"PropertyValueSpecification","valueRequired":true,"valueName":"search_term_string"}}],"inLanguage":"ca"},{"@type":"Organization","@id":"https:\/\/radiolitoral.com\/#organization","name":"R\u00e0dio Litoral","url":"https:\/\/radiolitoral.com\/","logo":{"@type":"ImageObject","inLanguage":"ca","@id":"https:\/\/radiolitoral.com\/#\/schema\/logo\/image\/","url":"https:\/\/media.radiolitoral.com\/wp-content\/uploads\/2023\/02\/24143238\/CL-V-RadioLitoral696.png","contentUrl":"https:\/\/media.radiolitoral.com\/wp-content\/uploads\/2023\/02\/24143238\/CL-V-RadioLitoral696.png","width":696,"height":696,"caption":"Radio Litoral"},"image":{"@id":"https:\/\/radiolitoral.com\/#\/schema\/logo\/image\/"},"sameAs":["https:\/\/www.facebook.com\/Laradiolitoral\/"]},{"@type":"Person","@id":"https:\/\/radiolitoral.com\/#\/schema\/person\/f2b2343c49b5d721857cc1002bfdb151","name":"Redacci\u00f3","image":{"@type":"ImageObject","inLanguage":"ca","@id":"https:\/\/secure.gravatar.com\/avatar\/f771d896c203ad8b3382d7905cfcce5a5c9b008b84b3cd9114e9b9f4cb63f789?s=96&d=mm&r=g","url":"https:\/\/secure.gravatar.com\/avatar\/f771d896c203ad8b3382d7905cfcce5a5c9b008b84b3cd9114e9b9f4cb63f789?s=96&d=mm&r=g","contentUrl":"https:\/\/secure.gravatar.com\/avatar\/f771d896c203ad8b3382d7905cfcce5a5c9b008b84b3cd9114e9b9f4cb63f789?s=96&d=mm&r=g","caption":"Redacci\u00f3n"},"url":"https:\/\/radiolitoral.com\/ca\/author\/miriam-pagan\/"}]}},"_links":{"self":[{"href":"https:\/\/radiolitoral.com\/ca\/wp-json\/wp\/v2\/posts\/6494","targetHints":{"allow":["GET"]}}],"collection":[{"href":"https:\/\/radiolitoral.com\/ca\/wp-json\/wp\/v2\/posts"}],"about":[{"href":"https:\/\/radiolitoral.com\/ca\/wp-json\/wp\/v2\/types\/post"}],"author":[{"embeddable":true,"href":"https:\/\/radiolitoral.com\/ca\/wp-json\/wp\/v2\/users\/13"}],"replies":[{"embeddable":true,"href":"https:\/\/radiolitoral.com\/ca\/wp-json\/wp\/v2\/comments?post=6494"}],"version-history":[{"count":3,"href":"https:\/\/radiolitoral.com\/ca\/wp-json\/wp\/v2\/posts\/6494\/revisions"}],"predecessor-version":[{"id":6500,"href":"https:\/\/radiolitoral.com\/ca\/wp-json\/wp\/v2\/posts\/6494\/revisions\/6500"}],"wp:featuredmedia":[{"embeddable":true,"href":"https:\/\/radiolitoral.com\/ca\/wp-json\/wp\/v2\/media\/6498"}],"wp:attachment":[{"href":"https:\/\/radiolitoral.com\/ca\/wp-json\/wp\/v2\/media?parent=6494"}],"wp:term":[{"taxonomy":"category","embeddable":true,"href":"https:\/\/radiolitoral.com\/ca\/wp-json\/wp\/v2\/categories?post=6494"},{"taxonomy":"post_tag","embeddable":true,"href":"https:\/\/radiolitoral.com\/ca\/wp-json\/wp\/v2\/tags?post=6494"}],"curies":[{"name":"wp","href":"https:\/\/api.w.org\/{rel}","templated":true}]}}