{"id":6468,"date":"2024-01-21T20:19:17","date_gmt":"2024-01-21T19:19:17","guid":{"rendered":"https:\/\/radiolitoral.com\/?p=6468"},"modified":"2024-01-21T20:19:17","modified_gmt":"2024-01-21T19:19:17","slug":"la-primera-fase-del-projecte-de-musealizacion-dels-bans-de-la-reina-comences-al-febrer","status":"publish","type":"post","link":"https:\/\/radiolitoral.com\/ca\/2024\/01\/la-primera-fase-del-proyecto-de-musealizacion-de-los-banos-de-la-reina-comenzara-en-febrero\/","title":{"rendered":"La primera fase del projecte de muse\u00eftzaci\u00f3 dels Banys de la Reina comen\u00e7ar\u00e0 al febrer"},"content":{"rendered":"<p>Posar en valor la riquesa arqueol\u00f2gica de <strong>Calp<\/strong> \u00e9s una de les prioritats de l&#039;executiu local, aix\u00ed ho ha assegurat el <strong>regidor de Cultura, Guillermo Sendra. <\/strong>En aquest sentit, l&#039;edil ha avan\u00e7at que durant l&#039;imminent <strong>mes de febrer<\/strong> est\u00e0 previst que s&#039;inici\u00ef la <strong>primera fase del projecte de la muse\u00eftzaci\u00f3<\/strong> dels <strong>Banys de la Reina<\/strong>. Un jaciment arqueol\u00f2gic de l&#039;\u00e8poca romana d&#039;especial inter\u00e8s hist\u00f2ric, per l&#039;estructura, els mosaics.<\/p>\n<p>Una actuaci\u00f3 que t\u00e9 un pressupost que suma <strong>439.388 euros<\/strong> i que finan\u00e7ar\u00e0 la <strong>Diputaci\u00f3 d&#039;Alacant<\/strong>.<\/p>\n<p>L&#039;objectiu del projecte \u00e9s convertir aquest important conjunt arqueol\u00f2gic en un <strong>museu a l&#039;aire lliure<\/strong>. Un espai que ja \u00e9s visitat per turistes que trien Calp com a destinaci\u00f3.<\/p>\n<p>Els treballs a la primera fase comportaran una neteja de la zona, el canvi de la tanca del recinte, seguir amb els treballs arqueol\u00f2gics ja iniciats, la ubicaci\u00f3 de passarel\u00b7les de fusta, aix\u00ed com l&#039;aplicaci\u00f3 de noves tecnologies que ajudin a localitzar noves restes arqueol\u00f2giques, entre altres accions.<\/p>\n<p>Aix\u00ed ho ha explicat <strong>Guillem Sendra:<br \/>\n<\/strong><\/p>\n<audio class=\"wp-audio-shortcode\" id=\"audio-6468-1\" preload=\"none\" style=\"width: 100%;\" controls=\"controls\"><source type=\"audio\/mpeg\" src=\"https:\/\/media.radiolitoral.com\/wp-content\/uploads\/2024\/01\/21201209\/Guillermo-Sendra-Banos-Reina.mp3?_=1\" \/><a href=\"https:\/\/media.radiolitoral.com\/wp-content\/uploads\/2024\/01\/21201209\/Guillermo-Sendra-Banos-Reina.mp3\">https:\/\/media.radiolitoral.com\/wp-content\/uploads\/2024\/01\/21201209\/Guillermo-Sendra-Banos-Reina.mp3<\/a><\/audio>\n<p>&nbsp;<\/p>","protected":false},"excerpt":{"rendered":"<p>Poner en valor la riqueza arqueol\u00f3gica de Calp es una de las prioridades del ejecutivo local, as\u00ed lo ha asegurado el concejal de Cultura, Guillermo Sendra. En este sentido el edil ha avanzado que durante el inminente mes de febrero est\u00e1 previsto que se inicie la primera fase del proyecto de la musealizaci\u00f3n de los [&#8230;]<\/p>\n<p><a class=\"btn btn-secondary understrap-read-more-link\" href=\"https:\/\/radiolitoral.com\/ca\/2024\/01\/la-primera-fase-del-proyecto-de-musealizacion-de-los-banos-de-la-reina-comenzara-en-febrero\/\">Continua llegint&#8230;<span class=\"screen-reader-text\"> from La primera fase del proyecto de musealizaci\u00f3n de los Ba\u00f1os de la Reina comenzar\u00e1 en febrero<\/span><\/a><\/p>\n","protected":false},"author":13,"featured_media":6470,"comment_status":"open","ping_status":"closed","sticky":false,"template":"","format":"standard","meta":{"_acf_changed":false,"inline_featured_image":false,"footnotes":""},"categories":[55,870],"tags":[],"class_list":["post-6468","post","type-post","status-publish","format-standard","has-post-thumbnail","hentry","category-cultura","category-patrimonio","cobertura-calp"],"acf":[],"yoast_head":"<!-- This site is optimized with the Yoast SEO plugin v27.5 - https:\/\/yoast.com\/product\/yoast-seo-wordpress\/ -->\n<title>La primera fase del proyecto de musealizaci\u00f3n de los Ba\u00f1os de la Reina comenzar\u00e1 en febrero | R\u00e0dio Litoral<\/title>\n<meta name=\"description\" content=\"La primera fase de musealizaci\u00f3n cuenta con un presupuesto de casi 440.000 euros y ser\u00e1 financiada por la Diputaci\u00f3n de Alicante\" \/>\n<meta name=\"robots\" content=\"index, follow, max-snippet:-1, max-image-preview:large, max-video-preview:-1\" \/>\n<link rel=\"canonical\" href=\"https:\/\/radiolitoral.com\/ca\/2024\/01\/la-primera-fase-del-projecte-de-musealizacion-dels-bans-de-la-reina-comences-al-febrer\/\" \/>\n<meta property=\"og:locale\" content=\"ca_ES\" \/>\n<meta property=\"og:type\" content=\"article\" \/>\n<meta property=\"og:title\" content=\"La primera fase del proyecto de musealizaci\u00f3n de los Ba\u00f1os de la Reina comenzar\u00e1 en febrero | R\u00e0dio Litoral\" \/>\n<meta property=\"og:description\" content=\"La primera fase de musealizaci\u00f3n cuenta con un presupuesto de casi 440.000 euros y ser\u00e1 financiada por la Diputaci\u00f3n de Alicante\" \/>\n<meta property=\"og:url\" content=\"https:\/\/radiolitoral.com\/ca\/2024\/01\/la-primera-fase-del-projecte-de-musealizacion-dels-bans-de-la-reina-comences-al-febrer\/\" \/>\n<meta property=\"og:site_name\" content=\"R\u00e0dio Litoral\" \/>\n<meta property=\"article:publisher\" content=\"https:\/\/www.facebook.com\/Laradiolitoral\/\" \/>\n<meta property=\"article:published_time\" content=\"2024-01-21T19:19:17+00:00\" \/>\n<meta property=\"og:image\" content=\"https:\/\/media.radiolitoral.com\/wp-content\/uploads\/2024\/01\/21201825\/Calp.-Banys-de-la-Reina.jpg\" \/>\n\t<meta property=\"og:image:width\" content=\"1000\" \/>\n\t<meta property=\"og:image:height\" content=\"667\" \/>\n\t<meta property=\"og:image:type\" content=\"image\/jpeg\" \/>\n<meta name=\"author\" content=\"Redacci\u00f3n\" \/>\n<meta name=\"twitter:card\" content=\"summary_large_image\" \/>\n<meta name=\"twitter:label1\" content=\"Escrit per\" \/>\n\t<meta name=\"twitter:data1\" content=\"Redacci\u00f3n\" \/>\n\t<meta name=\"twitter:label2\" content=\"Temps estimat de lectura\" \/>\n\t<meta name=\"twitter:data2\" content=\"2 minuts\" \/>\n<script type=\"application\/ld+json\" class=\"yoast-schema-graph\">{\"@context\":\"https:\\\/\\\/schema.org\",\"@graph\":[{\"@type\":\"NewsArticle\",\"@id\":\"https:\\\/\\\/radiolitoral.com\\\/2024\\\/01\\\/la-primera-fase-del-proyecto-de-musealizacion-de-los-banos-de-la-reina-comenzara-en-febrero\\\/#article\",\"isPartOf\":{\"@id\":\"https:\\\/\\\/radiolitoral.com\\\/2024\\\/01\\\/la-primera-fase-del-proyecto-de-musealizacion-de-los-banos-de-la-reina-comenzara-en-febrero\\\/\"},\"author\":{\"name\":\"Redacci\u00f3n\",\"@id\":\"https:\\\/\\\/radiolitoral.com\\\/#\\\/schema\\\/person\\\/f2b2343c49b5d721857cc1002bfdb151\"},\"headline\":\"La primera fase del proyecto de musealizaci\u00f3n de los Ba\u00f1os de la Reina comenzar\u00e1 en febrero\",\"datePublished\":\"2024-01-21T19:19:17+00:00\",\"mainEntityOfPage\":{\"@id\":\"https:\\\/\\\/radiolitoral.com\\\/2024\\\/01\\\/la-primera-fase-del-proyecto-de-musealizacion-de-los-banos-de-la-reina-comenzara-en-febrero\\\/\"},\"wordCount\":219,\"commentCount\":0,\"publisher\":{\"@id\":\"https:\\\/\\\/radiolitoral.com\\\/#organization\"},\"image\":{\"@id\":\"https:\\\/\\\/radiolitoral.com\\\/2024\\\/01\\\/la-primera-fase-del-proyecto-de-musealizacion-de-los-banos-de-la-reina-comenzara-en-febrero\\\/#primaryimage\"},\"thumbnailUrl\":\"https:\\\/\\\/media.radiolitoral.com\\\/wp-content\\\/uploads\\\/2024\\\/01\\\/21201825\\\/Calp.-Banys-de-la-Reina.jpg\",\"articleSection\":[\"Cultura\",\"Patrimonio\"],\"inLanguage\":\"ca\",\"potentialAction\":[{\"@type\":\"CommentAction\",\"name\":\"Comment\",\"target\":[\"https:\\\/\\\/radiolitoral.com\\\/2024\\\/01\\\/la-primera-fase-del-proyecto-de-musealizacion-de-los-banos-de-la-reina-comenzara-en-febrero\\\/#respond\"]}]},{\"@type\":[\"WebPage\",\"ItemPage\"],\"@id\":\"https:\\\/\\\/radiolitoral.com\\\/2024\\\/01\\\/la-primera-fase-del-proyecto-de-musealizacion-de-los-banos-de-la-reina-comenzara-en-febrero\\\/\",\"url\":\"https:\\\/\\\/radiolitoral.com\\\/2024\\\/01\\\/la-primera-fase-del-proyecto-de-musealizacion-de-los-banos-de-la-reina-comenzara-en-febrero\\\/\",\"name\":\"La primera fase del proyecto de musealizaci\u00f3n de los Ba\u00f1os de la Reina comenzar\u00e1 en febrero | R\u00e0dio Litoral\",\"isPartOf\":{\"@id\":\"https:\\\/\\\/radiolitoral.com\\\/#website\"},\"primaryImageOfPage\":{\"@id\":\"https:\\\/\\\/radiolitoral.com\\\/2024\\\/01\\\/la-primera-fase-del-proyecto-de-musealizacion-de-los-banos-de-la-reina-comenzara-en-febrero\\\/#primaryimage\"},\"image\":{\"@id\":\"https:\\\/\\\/radiolitoral.com\\\/2024\\\/01\\\/la-primera-fase-del-proyecto-de-musealizacion-de-los-banos-de-la-reina-comenzara-en-febrero\\\/#primaryimage\"},\"thumbnailUrl\":\"https:\\\/\\\/media.radiolitoral.com\\\/wp-content\\\/uploads\\\/2024\\\/01\\\/21201825\\\/Calp.-Banys-de-la-Reina.jpg\",\"datePublished\":\"2024-01-21T19:19:17+00:00\",\"description\":\"La primera fase de musealizaci\u00f3n cuenta con un presupuesto de casi 440.000 euros y ser\u00e1 financiada por la Diputaci\u00f3n de Alicante\",\"breadcrumb\":{\"@id\":\"https:\\\/\\\/radiolitoral.com\\\/2024\\\/01\\\/la-primera-fase-del-proyecto-de-musealizacion-de-los-banos-de-la-reina-comenzara-en-febrero\\\/#breadcrumb\"},\"inLanguage\":\"ca\",\"potentialAction\":[{\"@type\":\"ReadAction\",\"target\":[\"https:\\\/\\\/radiolitoral.com\\\/2024\\\/01\\\/la-primera-fase-del-proyecto-de-musealizacion-de-los-banos-de-la-reina-comenzara-en-febrero\\\/\"]}]},{\"@type\":\"ImageObject\",\"inLanguage\":\"ca\",\"@id\":\"https:\\\/\\\/radiolitoral.com\\\/2024\\\/01\\\/la-primera-fase-del-proyecto-de-musealizacion-de-los-banos-de-la-reina-comenzara-en-febrero\\\/#primaryimage\",\"url\":\"https:\\\/\\\/media.radiolitoral.com\\\/wp-content\\\/uploads\\\/2024\\\/01\\\/21201825\\\/Calp.-Banys-de-la-Reina.jpg\",\"contentUrl\":\"https:\\\/\\\/media.radiolitoral.com\\\/wp-content\\\/uploads\\\/2024\\\/01\\\/21201825\\\/Calp.-Banys-de-la-Reina.jpg\",\"width\":1000,\"height\":667},{\"@type\":\"BreadcrumbList\",\"@id\":\"https:\\\/\\\/radiolitoral.com\\\/2024\\\/01\\\/la-primera-fase-del-proyecto-de-musealizacion-de-los-banos-de-la-reina-comenzara-en-febrero\\\/#breadcrumb\",\"itemListElement\":[{\"@type\":\"ListItem\",\"position\":1,\"name\":\"Portada\",\"item\":\"https:\\\/\\\/radiolitoral.com\\\/\"},{\"@type\":\"ListItem\",\"position\":2,\"name\":\"La primera fase del proyecto de musealizaci\u00f3n de los Ba\u00f1os de la Reina comenzar\u00e1 en febrero\"}]},{\"@type\":\"WebSite\",\"@id\":\"https:\\\/\\\/radiolitoral.com\\\/#website\",\"url\":\"https:\\\/\\\/radiolitoral.com\\\/\",\"name\":\"Radio Litoral\",\"description\":\"La radio local de la Marina Alta\",\"publisher\":{\"@id\":\"https:\\\/\\\/radiolitoral.com\\\/#organization\"},\"alternateName\":\"Litoral FM\",\"potentialAction\":[{\"@type\":\"SearchAction\",\"target\":{\"@type\":\"EntryPoint\",\"urlTemplate\":\"https:\\\/\\\/radiolitoral.com\\\/?s={search_term_string}\"},\"query-input\":{\"@type\":\"PropertyValueSpecification\",\"valueRequired\":true,\"valueName\":\"search_term_string\"}}],\"inLanguage\":\"ca\"},{\"@type\":\"Organization\",\"@id\":\"https:\\\/\\\/radiolitoral.com\\\/#organization\",\"name\":\"Radio Litoral\",\"url\":\"https:\\\/\\\/radiolitoral.com\\\/\",\"logo\":{\"@type\":\"ImageObject\",\"inLanguage\":\"ca\",\"@id\":\"https:\\\/\\\/radiolitoral.com\\\/#\\\/schema\\\/logo\\\/image\\\/\",\"url\":\"https:\\\/\\\/media.radiolitoral.com\\\/wp-content\\\/uploads\\\/2023\\\/02\\\/24143238\\\/CL-V-RadioLitoral696.png\",\"contentUrl\":\"https:\\\/\\\/media.radiolitoral.com\\\/wp-content\\\/uploads\\\/2023\\\/02\\\/24143238\\\/CL-V-RadioLitoral696.png\",\"width\":696,\"height\":696,\"caption\":\"Radio Litoral\"},\"image\":{\"@id\":\"https:\\\/\\\/radiolitoral.com\\\/#\\\/schema\\\/logo\\\/image\\\/\"},\"sameAs\":[\"https:\\\/\\\/www.facebook.com\\\/Laradiolitoral\\\/\"]},{\"@type\":\"Person\",\"@id\":\"https:\\\/\\\/radiolitoral.com\\\/#\\\/schema\\\/person\\\/f2b2343c49b5d721857cc1002bfdb151\",\"name\":\"Redacci\u00f3n\",\"image\":{\"@type\":\"ImageObject\",\"inLanguage\":\"ca\",\"@id\":\"https:\\\/\\\/secure.gravatar.com\\\/avatar\\\/f771d896c203ad8b3382d7905cfcce5a5c9b008b84b3cd9114e9b9f4cb63f789?s=96&d=mm&r=g\",\"url\":\"https:\\\/\\\/secure.gravatar.com\\\/avatar\\\/f771d896c203ad8b3382d7905cfcce5a5c9b008b84b3cd9114e9b9f4cb63f789?s=96&d=mm&r=g\",\"contentUrl\":\"https:\\\/\\\/secure.gravatar.com\\\/avatar\\\/f771d896c203ad8b3382d7905cfcce5a5c9b008b84b3cd9114e9b9f4cb63f789?s=96&d=mm&r=g\",\"caption\":\"Redacci\u00f3n\"},\"url\":\"https:\\\/\\\/radiolitoral.com\\\/ca\\\/author\\\/miriam-pagan\\\/\"}]}<\/script>\n<!-- \/ Yoast SEO plugin. -->","yoast_head_json":{"title":"La primera fase del projecte de muse\u00eftzaci\u00f3 dels Banys de la Reina comen\u00e7ar\u00e0 al febrer | R\u00e0dio Litoral","description":"La primera fase de muse\u00eftzaci\u00f3 compta amb un pressupost de gaireb\u00e9 440.000 euros i ser\u00e0 finan\u00e7ada per la Diputaci\u00f3 dAlacant","robots":{"index":"index","follow":"follow","max-snippet":"max-snippet:-1","max-image-preview":"max-image-preview:large","max-video-preview":"max-video-preview:-1"},"canonical":"https:\/\/radiolitoral.com\/ca\/2024\/01\/la-primera-fase-del-projecte-de-musealizacion-dels-bans-de-la-reina-comences-al-febrer\/","og_locale":"ca_ES","og_type":"article","og_title":"La primera fase del proyecto de musealizaci\u00f3n de los Ba\u00f1os de la Reina comenzar\u00e1 en febrero | R\u00e0dio Litoral","og_description":"La primera fase de musealizaci\u00f3n cuenta con un presupuesto de casi 440.000 euros y ser\u00e1 financiada por la Diputaci\u00f3n de Alicante","og_url":"https:\/\/radiolitoral.com\/ca\/2024\/01\/la-primera-fase-del-projecte-de-musealizacion-dels-bans-de-la-reina-comences-al-febrer\/","og_site_name":"R\u00e0dio Litoral","article_publisher":"https:\/\/www.facebook.com\/Laradiolitoral\/","article_published_time":"2024-01-21T19:19:17+00:00","og_image":[{"width":1000,"height":667,"url":"https:\/\/media.radiolitoral.com\/wp-content\/uploads\/2024\/01\/21201825\/Calp.-Banys-de-la-Reina.jpg","type":"image\/jpeg"}],"author":"Redacci\u00f3n","twitter_card":"summary_large_image","twitter_misc":{"Escrit per":"Redacci\u00f3n","Temps estimat de lectura":"2 minuts"},"schema":{"@context":"https:\/\/schema.org","@graph":[{"@type":"NewsArticle","@id":"https:\/\/radiolitoral.com\/2024\/01\/la-primera-fase-del-proyecto-de-musealizacion-de-los-banos-de-la-reina-comenzara-en-febrero\/#article","isPartOf":{"@id":"https:\/\/radiolitoral.com\/2024\/01\/la-primera-fase-del-proyecto-de-musealizacion-de-los-banos-de-la-reina-comenzara-en-febrero\/"},"author":{"name":"Redacci\u00f3n","@id":"https:\/\/radiolitoral.com\/#\/schema\/person\/f2b2343c49b5d721857cc1002bfdb151"},"headline":"La primera fase del proyecto de musealizaci\u00f3n de los Ba\u00f1os de la Reina comenzar\u00e1 en febrero","datePublished":"2024-01-21T19:19:17+00:00","mainEntityOfPage":{"@id":"https:\/\/radiolitoral.com\/2024\/01\/la-primera-fase-del-proyecto-de-musealizacion-de-los-banos-de-la-reina-comenzara-en-febrero\/"},"wordCount":219,"commentCount":0,"publisher":{"@id":"https:\/\/radiolitoral.com\/#organization"},"image":{"@id":"https:\/\/radiolitoral.com\/2024\/01\/la-primera-fase-del-proyecto-de-musealizacion-de-los-banos-de-la-reina-comenzara-en-febrero\/#primaryimage"},"thumbnailUrl":"https:\/\/media.radiolitoral.com\/wp-content\/uploads\/2024\/01\/21201825\/Calp.-Banys-de-la-Reina.jpg","articleSection":["Cultura","Patrimonio"],"inLanguage":"ca","potentialAction":[{"@type":"CommentAction","name":"Comment","target":["https:\/\/radiolitoral.com\/2024\/01\/la-primera-fase-del-proyecto-de-musealizacion-de-los-banos-de-la-reina-comenzara-en-febrero\/#respond"]}]},{"@type":["WebPage","ItemPage"],"@id":"https:\/\/radiolitoral.com\/2024\/01\/la-primera-fase-del-proyecto-de-musealizacion-de-los-banos-de-la-reina-comenzara-en-febrero\/","url":"https:\/\/radiolitoral.com\/2024\/01\/la-primera-fase-del-proyecto-de-musealizacion-de-los-banos-de-la-reina-comenzara-en-febrero\/","name":"La primera fase del projecte de muse\u00eftzaci\u00f3 dels Banys de la Reina comen\u00e7ar\u00e0 al febrer | R\u00e0dio Litoral","isPartOf":{"@id":"https:\/\/radiolitoral.com\/#website"},"primaryImageOfPage":{"@id":"https:\/\/radiolitoral.com\/2024\/01\/la-primera-fase-del-proyecto-de-musealizacion-de-los-banos-de-la-reina-comenzara-en-febrero\/#primaryimage"},"image":{"@id":"https:\/\/radiolitoral.com\/2024\/01\/la-primera-fase-del-proyecto-de-musealizacion-de-los-banos-de-la-reina-comenzara-en-febrero\/#primaryimage"},"thumbnailUrl":"https:\/\/media.radiolitoral.com\/wp-content\/uploads\/2024\/01\/21201825\/Calp.-Banys-de-la-Reina.jpg","datePublished":"2024-01-21T19:19:17+00:00","description":"La primera fase de muse\u00eftzaci\u00f3 compta amb un pressupost de gaireb\u00e9 440.000 euros i ser\u00e0 finan\u00e7ada per la Diputaci\u00f3 dAlacant","breadcrumb":{"@id":"https:\/\/radiolitoral.com\/2024\/01\/la-primera-fase-del-proyecto-de-musealizacion-de-los-banos-de-la-reina-comenzara-en-febrero\/#breadcrumb"},"inLanguage":"ca","potentialAction":[{"@type":"ReadAction","target":["https:\/\/radiolitoral.com\/2024\/01\/la-primera-fase-del-proyecto-de-musealizacion-de-los-banos-de-la-reina-comenzara-en-febrero\/"]}]},{"@type":"ImageObject","inLanguage":"ca","@id":"https:\/\/radiolitoral.com\/2024\/01\/la-primera-fase-del-proyecto-de-musealizacion-de-los-banos-de-la-reina-comenzara-en-febrero\/#primaryimage","url":"https:\/\/media.radiolitoral.com\/wp-content\/uploads\/2024\/01\/21201825\/Calp.-Banys-de-la-Reina.jpg","contentUrl":"https:\/\/media.radiolitoral.com\/wp-content\/uploads\/2024\/01\/21201825\/Calp.-Banys-de-la-Reina.jpg","width":1000,"height":667},{"@type":"BreadcrumbList","@id":"https:\/\/radiolitoral.com\/2024\/01\/la-primera-fase-del-proyecto-de-musealizacion-de-los-banos-de-la-reina-comenzara-en-febrero\/#breadcrumb","itemListElement":[{"@type":"ListItem","position":1,"name":"Portada","item":"https:\/\/radiolitoral.com\/"},{"@type":"ListItem","position":2,"name":"La primera fase del proyecto de musealizaci\u00f3n de los Ba\u00f1os de la Reina comenzar\u00e1 en febrero"}]},{"@type":"WebSite","@id":"https:\/\/radiolitoral.com\/#website","url":"https:\/\/radiolitoral.com\/","name":"R\u00e0dio Litoral","description":"La r\u00e0dio local de la Marina Alta","publisher":{"@id":"https:\/\/radiolitoral.com\/#organization"},"alternateName":"Litoral FM","potentialAction":[{"@type":"SearchAction","target":{"@type":"EntryPoint","urlTemplate":"https:\/\/radiolitoral.com\/?s={search_term_string}"},"query-input":{"@type":"PropertyValueSpecification","valueRequired":true,"valueName":"search_term_string"}}],"inLanguage":"ca"},{"@type":"Organization","@id":"https:\/\/radiolitoral.com\/#organization","name":"R\u00e0dio Litoral","url":"https:\/\/radiolitoral.com\/","logo":{"@type":"ImageObject","inLanguage":"ca","@id":"https:\/\/radiolitoral.com\/#\/schema\/logo\/image\/","url":"https:\/\/media.radiolitoral.com\/wp-content\/uploads\/2023\/02\/24143238\/CL-V-RadioLitoral696.png","contentUrl":"https:\/\/media.radiolitoral.com\/wp-content\/uploads\/2023\/02\/24143238\/CL-V-RadioLitoral696.png","width":696,"height":696,"caption":"Radio Litoral"},"image":{"@id":"https:\/\/radiolitoral.com\/#\/schema\/logo\/image\/"},"sameAs":["https:\/\/www.facebook.com\/Laradiolitoral\/"]},{"@type":"Person","@id":"https:\/\/radiolitoral.com\/#\/schema\/person\/f2b2343c49b5d721857cc1002bfdb151","name":"Redacci\u00f3","image":{"@type":"ImageObject","inLanguage":"ca","@id":"https:\/\/secure.gravatar.com\/avatar\/f771d896c203ad8b3382d7905cfcce5a5c9b008b84b3cd9114e9b9f4cb63f789?s=96&d=mm&r=g","url":"https:\/\/secure.gravatar.com\/avatar\/f771d896c203ad8b3382d7905cfcce5a5c9b008b84b3cd9114e9b9f4cb63f789?s=96&d=mm&r=g","contentUrl":"https:\/\/secure.gravatar.com\/avatar\/f771d896c203ad8b3382d7905cfcce5a5c9b008b84b3cd9114e9b9f4cb63f789?s=96&d=mm&r=g","caption":"Redacci\u00f3n"},"url":"https:\/\/radiolitoral.com\/ca\/author\/miriam-pagan\/"}]}},"_links":{"self":[{"href":"https:\/\/radiolitoral.com\/ca\/wp-json\/wp\/v2\/posts\/6468","targetHints":{"allow":["GET"]}}],"collection":[{"href":"https:\/\/radiolitoral.com\/ca\/wp-json\/wp\/v2\/posts"}],"about":[{"href":"https:\/\/radiolitoral.com\/ca\/wp-json\/wp\/v2\/types\/post"}],"author":[{"embeddable":true,"href":"https:\/\/radiolitoral.com\/ca\/wp-json\/wp\/v2\/users\/13"}],"replies":[{"embeddable":true,"href":"https:\/\/radiolitoral.com\/ca\/wp-json\/wp\/v2\/comments?post=6468"}],"version-history":[{"count":2,"href":"https:\/\/radiolitoral.com\/ca\/wp-json\/wp\/v2\/posts\/6468\/revisions"}],"predecessor-version":[{"id":6472,"href":"https:\/\/radiolitoral.com\/ca\/wp-json\/wp\/v2\/posts\/6468\/revisions\/6472"}],"wp:featuredmedia":[{"embeddable":true,"href":"https:\/\/radiolitoral.com\/ca\/wp-json\/wp\/v2\/media\/6470"}],"wp:attachment":[{"href":"https:\/\/radiolitoral.com\/ca\/wp-json\/wp\/v2\/media?parent=6468"}],"wp:term":[{"taxonomy":"category","embeddable":true,"href":"https:\/\/radiolitoral.com\/ca\/wp-json\/wp\/v2\/categories?post=6468"},{"taxonomy":"post_tag","embeddable":true,"href":"https:\/\/radiolitoral.com\/ca\/wp-json\/wp\/v2\/tags?post=6468"}],"curies":[{"name":"wp","href":"https:\/\/api.w.org\/{rel}","templated":true}]}}