{"id":6460,"date":"2024-01-19T14:53:01","date_gmt":"2024-01-19T13:53:01","guid":{"rendered":"https:\/\/radiolitoral.com\/?p=6460"},"modified":"2024-01-19T14:54:14","modified_gmt":"2024-01-19T13:54:14","slug":"teulada-aprova-inicialment-els-pressupostos-per-un-muntant-de-21-milions-deuros","status":"publish","type":"post","link":"https:\/\/radiolitoral.com\/ca\/2024\/01\/teulada-aprueba-inicialmente-sus-presupuestos-por-un-montante-de-21-millones-de-euros\/","title":{"rendered":"Teulada aprova inicialment els pressupostos per un muntant de 21 milions d&#039;euros"},"content":{"rendered":"<p><strong>Teulada<\/strong> ha aprovat amb car\u00e0cter inicial els pressupostos municipals del present exercici, 2024. Un document econ\u00f2mic que calcula un <strong>muntant total de 21 milions<\/strong> d&#039;euros. Aquesta quantitat suposa un augment de m\u00e9s de mig mili\u00f3 d&#039;euros respecte dels pressupostos del 2023.<\/p>\n<p>Augmenten els ingressos, per\u00f2 tamb\u00e9 les despeses, com la de personal o la despesa corrent. Teulada haur\u00e0 de destinar m\u00e9s per pagar els sous dels funcionaris i dels pol\u00edtics.<\/p>\n<p>Aix\u00ed desgranava el document econ\u00f2mic <strong>la regidora d&#039;Hisenda Ver\u00f3nica Mart\u00ednez.<\/strong><\/p>\n<audio class=\"wp-audio-shortcode\" id=\"audio-6460-1\" preload=\"none\" style=\"width: 100%;\" controls=\"controls\"><source type=\"audio\/mpeg\" src=\"https:\/\/media.radiolitoral.com\/wp-content\/uploads\/2024\/01\/19144713\/Vero-Mtinez.mp3?_=1\" \/><a href=\"https:\/\/media.radiolitoral.com\/wp-content\/uploads\/2024\/01\/19144713\/Vero-Mtinez.mp3\">https:\/\/media.radiolitoral.com\/wp-content\/uploads\/2024\/01\/19144713\/Vero-Mtinez.mp3<\/a><\/audio>\n<p>&nbsp;<\/p>\n<p>Uns pressupostos avalats pel treball t\u00e8cnic dels funcionaris de l&#039;Ajuntament, segons va apuntar<strong> l&#039;alcalde, Ra\u00fal Llobell,<\/strong> en el transcurs de la sessi\u00f3, que donaran cobertura a tots els serveis necessaris del municipi, segons va matisar el municipi.<\/p>\n<p>Des de la <strong>oposici\u00f3<\/strong> es van lamentar les retallades en joventut, en turisme i en comer\u00e7. Per\u00f2 van valorar positivament l&#039;increment que s&#039;aplica, per exemple, a Cultura. PSOE hi va votar en contra, i els regidors de Comprom\u00eds i EME es van abstenir.<\/p>\n<p>El <strong>edil valencianista, Aitor Llobell,<\/strong> va justificar el vot del seu grup, explicant que l&#039;executiu havia acceptat incloure al document econ\u00f2mic dues de les seves propostes. L&#039;objectiu de Comprom\u00eds, va explicar, no \u00e9s oposar-se a tot, encara que tampoc no podien votar a favor, va afegir l&#039;edil, perqu\u00e8 el document no s&#039;ajustava, a les necessitats reals de Teulada. La <strong>regidora socialista, Paqui Romaguera<\/strong>, va assegurar que els pressupostos eren irreals i va considerar que no s&#039;inverteix a millorar la vida de la ciutadania. Tamb\u00e9 des de les files de l&#039;oposici\u00f3, <strong>H\u00e9ctor Morales, regidor d&#039;EME<\/strong>, va raonar la seva abstenci\u00f3 afirmant que la proposta pressupost\u00e0ria inclo\u00efa algunes de les partides que es van deixar treballades quan ell va formar part del govern local.<\/p>\n<audio class=\"wp-audio-shortcode\" id=\"audio-6460-2\" preload=\"none\" style=\"width: 100%;\" controls=\"controls\"><source type=\"audio\/mpeg\" src=\"https:\/\/media.radiolitoral.com\/wp-content\/uploads\/2024\/01\/19145042\/Oposicion-Teulada.mp3?_=2\" \/><a href=\"https:\/\/media.radiolitoral.com\/wp-content\/uploads\/2024\/01\/19145042\/Oposicion-Teulada.mp3\">https:\/\/media.radiolitoral.com\/wp-content\/uploads\/2024\/01\/19145042\/Oposicion-Teulada.mp3<\/a><\/audio>\n<p>&nbsp;<\/p>","protected":false},"excerpt":{"rendered":"<p>Teulada ha aprobado con car\u00e1cter inicial los presupuestos municipales del presente ejercicio, 2024. Un documento econ\u00f3mico que calcula un montante total de 21 millones de euros. Esta cantidad supone un aumento de m\u00e1s de medio mill\u00f3n de euros respecto a los presupuestos de 2023. Aumentan los ingresos, pero tambi\u00e9n los gastos, como el de personal [&#8230;]<\/p>\n<p><a class=\"btn btn-secondary understrap-read-more-link\" href=\"https:\/\/radiolitoral.com\/ca\/2024\/01\/teulada-aprueba-inicialmente-sus-presupuestos-por-un-montante-de-21-millones-de-euros\/\">Continua llegint&#8230;<span class=\"screen-reader-text\"> from Teulada aprueba inicialmente sus presupuestos por un montante de 21 millones de euros<\/span><\/a><\/p>\n","protected":false},"author":13,"featured_media":6463,"comment_status":"open","ping_status":"closed","sticky":false,"template":"","format":"standard","meta":{"_acf_changed":false,"inline_featured_image":false,"footnotes":""},"categories":[13,861],"tags":[],"class_list":["post-6460","post","type-post","status-publish","format-standard","has-post-thumbnail","hentry","category-politica","category-presupuestos","cobertura-teulada-moraira"],"acf":[],"yoast_head":"<!-- This site is optimized with the Yoast SEO plugin v27.5 - https:\/\/yoast.com\/product\/yoast-seo-wordpress\/ -->\n<title>Teulada aprueba inicialmente sus presupuestos por un montante de 21 millones de euros | R\u00e0dio Litoral<\/title>\n<meta name=\"description\" content=\"La propuesta presupuestaria supone un incremento de m\u00e1s de medio mill\u00f3n de euros respecto a las cuentas de 2023\" \/>\n<meta name=\"robots\" content=\"index, follow, max-snippet:-1, max-image-preview:large, max-video-preview:-1\" \/>\n<link rel=\"canonical\" href=\"https:\/\/radiolitoral.com\/ca\/2024\/01\/teulada-aprova-inicialment-els-pressupostos-per-un-muntant-de-21-milions-deuros\/\" \/>\n<meta property=\"og:locale\" content=\"ca_ES\" \/>\n<meta property=\"og:type\" content=\"article\" \/>\n<meta property=\"og:title\" content=\"Teulada aprueba inicialmente sus presupuestos por un montante de 21 millones de euros | R\u00e0dio Litoral\" \/>\n<meta property=\"og:description\" content=\"La propuesta presupuestaria supone un incremento de m\u00e1s de medio mill\u00f3n de euros respecto a las cuentas de 2023\" \/>\n<meta property=\"og:url\" content=\"https:\/\/radiolitoral.com\/ca\/2024\/01\/teulada-aprova-inicialment-els-pressupostos-per-un-muntant-de-21-milions-deuros\/\" \/>\n<meta property=\"og:site_name\" content=\"R\u00e0dio Litoral\" \/>\n<meta property=\"article:publisher\" content=\"https:\/\/www.facebook.com\/Laradiolitoral\/\" \/>\n<meta property=\"article:published_time\" content=\"2024-01-19T13:53:01+00:00\" \/>\n<meta property=\"article:modified_time\" content=\"2024-01-19T13:54:14+00:00\" \/>\n<meta property=\"og:image\" content=\"https:\/\/media.radiolitoral.com\/wp-content\/uploads\/2024\/01\/19145211\/Pleno-Teulada-buena.jpg\" \/>\n\t<meta property=\"og:image:width\" content=\"1297\" \/>\n\t<meta property=\"og:image:height\" content=\"631\" \/>\n\t<meta property=\"og:image:type\" content=\"image\/jpeg\" \/>\n<meta name=\"author\" content=\"Redacci\u00f3n\" \/>\n<meta name=\"twitter:card\" content=\"summary_large_image\" \/>\n<meta name=\"twitter:label1\" content=\"Escrit per\" \/>\n\t<meta name=\"twitter:data1\" content=\"Redacci\u00f3n\" \/>\n\t<meta name=\"twitter:label2\" content=\"Temps estimat de lectura\" \/>\n\t<meta name=\"twitter:data2\" content=\"2 minuts\" \/>\n<script type=\"application\/ld+json\" class=\"yoast-schema-graph\">{\"@context\":\"https:\\\/\\\/schema.org\",\"@graph\":[{\"@type\":\"NewsArticle\",\"@id\":\"https:\\\/\\\/radiolitoral.com\\\/2024\\\/01\\\/teulada-aprueba-inicialmente-sus-presupuestos-por-un-montante-de-21-millones-de-euros\\\/#article\",\"isPartOf\":{\"@id\":\"https:\\\/\\\/radiolitoral.com\\\/2024\\\/01\\\/teulada-aprueba-inicialmente-sus-presupuestos-por-un-montante-de-21-millones-de-euros\\\/\"},\"author\":{\"name\":\"Redacci\u00f3n\",\"@id\":\"https:\\\/\\\/radiolitoral.com\\\/#\\\/schema\\\/person\\\/f2b2343c49b5d721857cc1002bfdb151\"},\"headline\":\"Teulada aprueba inicialmente sus presupuestos por un montante de 21 millones de euros\",\"datePublished\":\"2024-01-19T13:53:01+00:00\",\"dateModified\":\"2024-01-19T13:54:14+00:00\",\"mainEntityOfPage\":{\"@id\":\"https:\\\/\\\/radiolitoral.com\\\/2024\\\/01\\\/teulada-aprueba-inicialmente-sus-presupuestos-por-un-montante-de-21-millones-de-euros\\\/\"},\"wordCount\":340,\"commentCount\":0,\"publisher\":{\"@id\":\"https:\\\/\\\/radiolitoral.com\\\/#organization\"},\"image\":{\"@id\":\"https:\\\/\\\/radiolitoral.com\\\/2024\\\/01\\\/teulada-aprueba-inicialmente-sus-presupuestos-por-un-montante-de-21-millones-de-euros\\\/#primaryimage\"},\"thumbnailUrl\":\"https:\\\/\\\/media.radiolitoral.com\\\/wp-content\\\/uploads\\\/2024\\\/01\\\/19145211\\\/Pleno-Teulada-buena.jpg\",\"articleSection\":[\"Pol\u00edtica\",\"Presupuestos\"],\"inLanguage\":\"ca\",\"potentialAction\":[{\"@type\":\"CommentAction\",\"name\":\"Comment\",\"target\":[\"https:\\\/\\\/radiolitoral.com\\\/2024\\\/01\\\/teulada-aprueba-inicialmente-sus-presupuestos-por-un-montante-de-21-millones-de-euros\\\/#respond\"]}]},{\"@type\":[\"WebPage\",\"ItemPage\"],\"@id\":\"https:\\\/\\\/radiolitoral.com\\\/2024\\\/01\\\/teulada-aprueba-inicialmente-sus-presupuestos-por-un-montante-de-21-millones-de-euros\\\/\",\"url\":\"https:\\\/\\\/radiolitoral.com\\\/2024\\\/01\\\/teulada-aprueba-inicialmente-sus-presupuestos-por-un-montante-de-21-millones-de-euros\\\/\",\"name\":\"Teulada aprueba inicialmente sus presupuestos por un montante de 21 millones de euros | R\u00e0dio Litoral\",\"isPartOf\":{\"@id\":\"https:\\\/\\\/radiolitoral.com\\\/#website\"},\"primaryImageOfPage\":{\"@id\":\"https:\\\/\\\/radiolitoral.com\\\/2024\\\/01\\\/teulada-aprueba-inicialmente-sus-presupuestos-por-un-montante-de-21-millones-de-euros\\\/#primaryimage\"},\"image\":{\"@id\":\"https:\\\/\\\/radiolitoral.com\\\/2024\\\/01\\\/teulada-aprueba-inicialmente-sus-presupuestos-por-un-montante-de-21-millones-de-euros\\\/#primaryimage\"},\"thumbnailUrl\":\"https:\\\/\\\/media.radiolitoral.com\\\/wp-content\\\/uploads\\\/2024\\\/01\\\/19145211\\\/Pleno-Teulada-buena.jpg\",\"datePublished\":\"2024-01-19T13:53:01+00:00\",\"dateModified\":\"2024-01-19T13:54:14+00:00\",\"description\":\"La propuesta presupuestaria supone un incremento de m\u00e1s de medio mill\u00f3n de euros respecto a las cuentas de 2023\",\"breadcrumb\":{\"@id\":\"https:\\\/\\\/radiolitoral.com\\\/2024\\\/01\\\/teulada-aprueba-inicialmente-sus-presupuestos-por-un-montante-de-21-millones-de-euros\\\/#breadcrumb\"},\"inLanguage\":\"ca\",\"potentialAction\":[{\"@type\":\"ReadAction\",\"target\":[\"https:\\\/\\\/radiolitoral.com\\\/2024\\\/01\\\/teulada-aprueba-inicialmente-sus-presupuestos-por-un-montante-de-21-millones-de-euros\\\/\"]}]},{\"@type\":\"ImageObject\",\"inLanguage\":\"ca\",\"@id\":\"https:\\\/\\\/radiolitoral.com\\\/2024\\\/01\\\/teulada-aprueba-inicialmente-sus-presupuestos-por-un-montante-de-21-millones-de-euros\\\/#primaryimage\",\"url\":\"https:\\\/\\\/media.radiolitoral.com\\\/wp-content\\\/uploads\\\/2024\\\/01\\\/19145211\\\/Pleno-Teulada-buena.jpg\",\"contentUrl\":\"https:\\\/\\\/media.radiolitoral.com\\\/wp-content\\\/uploads\\\/2024\\\/01\\\/19145211\\\/Pleno-Teulada-buena.jpg\",\"width\":1297,\"height\":631},{\"@type\":\"BreadcrumbList\",\"@id\":\"https:\\\/\\\/radiolitoral.com\\\/2024\\\/01\\\/teulada-aprueba-inicialmente-sus-presupuestos-por-un-montante-de-21-millones-de-euros\\\/#breadcrumb\",\"itemListElement\":[{\"@type\":\"ListItem\",\"position\":1,\"name\":\"Portada\",\"item\":\"https:\\\/\\\/radiolitoral.com\\\/\"},{\"@type\":\"ListItem\",\"position\":2,\"name\":\"Teulada aprueba inicialmente sus presupuestos por un montante de 21 millones de euros\"}]},{\"@type\":\"WebSite\",\"@id\":\"https:\\\/\\\/radiolitoral.com\\\/#website\",\"url\":\"https:\\\/\\\/radiolitoral.com\\\/\",\"name\":\"Radio Litoral\",\"description\":\"La radio local de la Marina Alta\",\"publisher\":{\"@id\":\"https:\\\/\\\/radiolitoral.com\\\/#organization\"},\"alternateName\":\"Litoral FM\",\"potentialAction\":[{\"@type\":\"SearchAction\",\"target\":{\"@type\":\"EntryPoint\",\"urlTemplate\":\"https:\\\/\\\/radiolitoral.com\\\/?s={search_term_string}\"},\"query-input\":{\"@type\":\"PropertyValueSpecification\",\"valueRequired\":true,\"valueName\":\"search_term_string\"}}],\"inLanguage\":\"ca\"},{\"@type\":\"Organization\",\"@id\":\"https:\\\/\\\/radiolitoral.com\\\/#organization\",\"name\":\"Radio Litoral\",\"url\":\"https:\\\/\\\/radiolitoral.com\\\/\",\"logo\":{\"@type\":\"ImageObject\",\"inLanguage\":\"ca\",\"@id\":\"https:\\\/\\\/radiolitoral.com\\\/#\\\/schema\\\/logo\\\/image\\\/\",\"url\":\"https:\\\/\\\/media.radiolitoral.com\\\/wp-content\\\/uploads\\\/2023\\\/02\\\/24143238\\\/CL-V-RadioLitoral696.png\",\"contentUrl\":\"https:\\\/\\\/media.radiolitoral.com\\\/wp-content\\\/uploads\\\/2023\\\/02\\\/24143238\\\/CL-V-RadioLitoral696.png\",\"width\":696,\"height\":696,\"caption\":\"Radio Litoral\"},\"image\":{\"@id\":\"https:\\\/\\\/radiolitoral.com\\\/#\\\/schema\\\/logo\\\/image\\\/\"},\"sameAs\":[\"https:\\\/\\\/www.facebook.com\\\/Laradiolitoral\\\/\"]},{\"@type\":\"Person\",\"@id\":\"https:\\\/\\\/radiolitoral.com\\\/#\\\/schema\\\/person\\\/f2b2343c49b5d721857cc1002bfdb151\",\"name\":\"Redacci\u00f3n\",\"image\":{\"@type\":\"ImageObject\",\"inLanguage\":\"ca\",\"@id\":\"https:\\\/\\\/secure.gravatar.com\\\/avatar\\\/f771d896c203ad8b3382d7905cfcce5a5c9b008b84b3cd9114e9b9f4cb63f789?s=96&d=mm&r=g\",\"url\":\"https:\\\/\\\/secure.gravatar.com\\\/avatar\\\/f771d896c203ad8b3382d7905cfcce5a5c9b008b84b3cd9114e9b9f4cb63f789?s=96&d=mm&r=g\",\"contentUrl\":\"https:\\\/\\\/secure.gravatar.com\\\/avatar\\\/f771d896c203ad8b3382d7905cfcce5a5c9b008b84b3cd9114e9b9f4cb63f789?s=96&d=mm&r=g\",\"caption\":\"Redacci\u00f3n\"},\"url\":\"https:\\\/\\\/radiolitoral.com\\\/ca\\\/author\\\/miriam-pagan\\\/\"}]}<\/script>\n<!-- \/ Yoast SEO plugin. -->","yoast_head_json":{"title":"Teulada aprova inicialment els pressupostos per un muntant de 21 milions d&#039;euros | R\u00e0dio Litoral","description":"La proposta pressupost\u00e0ria suposa un increment de m\u00e9s de mig mili\u00f3 d&#039;euros respecte dels comptes del 2023","robots":{"index":"index","follow":"follow","max-snippet":"max-snippet:-1","max-image-preview":"max-image-preview:large","max-video-preview":"max-video-preview:-1"},"canonical":"https:\/\/radiolitoral.com\/ca\/2024\/01\/teulada-aprova-inicialment-els-pressupostos-per-un-muntant-de-21-milions-deuros\/","og_locale":"ca_ES","og_type":"article","og_title":"Teulada aprueba inicialmente sus presupuestos por un montante de 21 millones de euros | R\u00e0dio Litoral","og_description":"La propuesta presupuestaria supone un incremento de m\u00e1s de medio mill\u00f3n de euros respecto a las cuentas de 2023","og_url":"https:\/\/radiolitoral.com\/ca\/2024\/01\/teulada-aprova-inicialment-els-pressupostos-per-un-muntant-de-21-milions-deuros\/","og_site_name":"R\u00e0dio Litoral","article_publisher":"https:\/\/www.facebook.com\/Laradiolitoral\/","article_published_time":"2024-01-19T13:53:01+00:00","article_modified_time":"2024-01-19T13:54:14+00:00","og_image":[{"width":1297,"height":631,"url":"https:\/\/media.radiolitoral.com\/wp-content\/uploads\/2024\/01\/19145211\/Pleno-Teulada-buena.jpg","type":"image\/jpeg"}],"author":"Redacci\u00f3n","twitter_card":"summary_large_image","twitter_misc":{"Escrit per":"Redacci\u00f3n","Temps estimat de lectura":"2 minuts"},"schema":{"@context":"https:\/\/schema.org","@graph":[{"@type":"NewsArticle","@id":"https:\/\/radiolitoral.com\/2024\/01\/teulada-aprueba-inicialmente-sus-presupuestos-por-un-montante-de-21-millones-de-euros\/#article","isPartOf":{"@id":"https:\/\/radiolitoral.com\/2024\/01\/teulada-aprueba-inicialmente-sus-presupuestos-por-un-montante-de-21-millones-de-euros\/"},"author":{"name":"Redacci\u00f3n","@id":"https:\/\/radiolitoral.com\/#\/schema\/person\/f2b2343c49b5d721857cc1002bfdb151"},"headline":"Teulada aprueba inicialmente sus presupuestos por un montante de 21 millones de euros","datePublished":"2024-01-19T13:53:01+00:00","dateModified":"2024-01-19T13:54:14+00:00","mainEntityOfPage":{"@id":"https:\/\/radiolitoral.com\/2024\/01\/teulada-aprueba-inicialmente-sus-presupuestos-por-un-montante-de-21-millones-de-euros\/"},"wordCount":340,"commentCount":0,"publisher":{"@id":"https:\/\/radiolitoral.com\/#organization"},"image":{"@id":"https:\/\/radiolitoral.com\/2024\/01\/teulada-aprueba-inicialmente-sus-presupuestos-por-un-montante-de-21-millones-de-euros\/#primaryimage"},"thumbnailUrl":"https:\/\/media.radiolitoral.com\/wp-content\/uploads\/2024\/01\/19145211\/Pleno-Teulada-buena.jpg","articleSection":["Pol\u00edtica","Presupuestos"],"inLanguage":"ca","potentialAction":[{"@type":"CommentAction","name":"Comment","target":["https:\/\/radiolitoral.com\/2024\/01\/teulada-aprueba-inicialmente-sus-presupuestos-por-un-montante-de-21-millones-de-euros\/#respond"]}]},{"@type":["WebPage","ItemPage"],"@id":"https:\/\/radiolitoral.com\/2024\/01\/teulada-aprueba-inicialmente-sus-presupuestos-por-un-montante-de-21-millones-de-euros\/","url":"https:\/\/radiolitoral.com\/2024\/01\/teulada-aprueba-inicialmente-sus-presupuestos-por-un-montante-de-21-millones-de-euros\/","name":"Teulada aprova inicialment els pressupostos per un muntant de 21 milions d&#039;euros | R\u00e0dio Litoral","isPartOf":{"@id":"https:\/\/radiolitoral.com\/#website"},"primaryImageOfPage":{"@id":"https:\/\/radiolitoral.com\/2024\/01\/teulada-aprueba-inicialmente-sus-presupuestos-por-un-montante-de-21-millones-de-euros\/#primaryimage"},"image":{"@id":"https:\/\/radiolitoral.com\/2024\/01\/teulada-aprueba-inicialmente-sus-presupuestos-por-un-montante-de-21-millones-de-euros\/#primaryimage"},"thumbnailUrl":"https:\/\/media.radiolitoral.com\/wp-content\/uploads\/2024\/01\/19145211\/Pleno-Teulada-buena.jpg","datePublished":"2024-01-19T13:53:01+00:00","dateModified":"2024-01-19T13:54:14+00:00","description":"La proposta pressupost\u00e0ria suposa un increment de m\u00e9s de mig mili\u00f3 d&#039;euros respecte dels comptes del 2023","breadcrumb":{"@id":"https:\/\/radiolitoral.com\/2024\/01\/teulada-aprueba-inicialmente-sus-presupuestos-por-un-montante-de-21-millones-de-euros\/#breadcrumb"},"inLanguage":"ca","potentialAction":[{"@type":"ReadAction","target":["https:\/\/radiolitoral.com\/2024\/01\/teulada-aprueba-inicialmente-sus-presupuestos-por-un-montante-de-21-millones-de-euros\/"]}]},{"@type":"ImageObject","inLanguage":"ca","@id":"https:\/\/radiolitoral.com\/2024\/01\/teulada-aprueba-inicialmente-sus-presupuestos-por-un-montante-de-21-millones-de-euros\/#primaryimage","url":"https:\/\/media.radiolitoral.com\/wp-content\/uploads\/2024\/01\/19145211\/Pleno-Teulada-buena.jpg","contentUrl":"https:\/\/media.radiolitoral.com\/wp-content\/uploads\/2024\/01\/19145211\/Pleno-Teulada-buena.jpg","width":1297,"height":631},{"@type":"BreadcrumbList","@id":"https:\/\/radiolitoral.com\/2024\/01\/teulada-aprueba-inicialmente-sus-presupuestos-por-un-montante-de-21-millones-de-euros\/#breadcrumb","itemListElement":[{"@type":"ListItem","position":1,"name":"Portada","item":"https:\/\/radiolitoral.com\/"},{"@type":"ListItem","position":2,"name":"Teulada aprueba inicialmente sus presupuestos por un montante de 21 millones de euros"}]},{"@type":"WebSite","@id":"https:\/\/radiolitoral.com\/#website","url":"https:\/\/radiolitoral.com\/","name":"R\u00e0dio Litoral","description":"La r\u00e0dio local de la Marina Alta","publisher":{"@id":"https:\/\/radiolitoral.com\/#organization"},"alternateName":"Litoral FM","potentialAction":[{"@type":"SearchAction","target":{"@type":"EntryPoint","urlTemplate":"https:\/\/radiolitoral.com\/?s={search_term_string}"},"query-input":{"@type":"PropertyValueSpecification","valueRequired":true,"valueName":"search_term_string"}}],"inLanguage":"ca"},{"@type":"Organization","@id":"https:\/\/radiolitoral.com\/#organization","name":"R\u00e0dio Litoral","url":"https:\/\/radiolitoral.com\/","logo":{"@type":"ImageObject","inLanguage":"ca","@id":"https:\/\/radiolitoral.com\/#\/schema\/logo\/image\/","url":"https:\/\/media.radiolitoral.com\/wp-content\/uploads\/2023\/02\/24143238\/CL-V-RadioLitoral696.png","contentUrl":"https:\/\/media.radiolitoral.com\/wp-content\/uploads\/2023\/02\/24143238\/CL-V-RadioLitoral696.png","width":696,"height":696,"caption":"Radio Litoral"},"image":{"@id":"https:\/\/radiolitoral.com\/#\/schema\/logo\/image\/"},"sameAs":["https:\/\/www.facebook.com\/Laradiolitoral\/"]},{"@type":"Person","@id":"https:\/\/radiolitoral.com\/#\/schema\/person\/f2b2343c49b5d721857cc1002bfdb151","name":"Redacci\u00f3","image":{"@type":"ImageObject","inLanguage":"ca","@id":"https:\/\/secure.gravatar.com\/avatar\/f771d896c203ad8b3382d7905cfcce5a5c9b008b84b3cd9114e9b9f4cb63f789?s=96&d=mm&r=g","url":"https:\/\/secure.gravatar.com\/avatar\/f771d896c203ad8b3382d7905cfcce5a5c9b008b84b3cd9114e9b9f4cb63f789?s=96&d=mm&r=g","contentUrl":"https:\/\/secure.gravatar.com\/avatar\/f771d896c203ad8b3382d7905cfcce5a5c9b008b84b3cd9114e9b9f4cb63f789?s=96&d=mm&r=g","caption":"Redacci\u00f3n"},"url":"https:\/\/radiolitoral.com\/ca\/author\/miriam-pagan\/"}]}},"_links":{"self":[{"href":"https:\/\/radiolitoral.com\/ca\/wp-json\/wp\/v2\/posts\/6460","targetHints":{"allow":["GET"]}}],"collection":[{"href":"https:\/\/radiolitoral.com\/ca\/wp-json\/wp\/v2\/posts"}],"about":[{"href":"https:\/\/radiolitoral.com\/ca\/wp-json\/wp\/v2\/types\/post"}],"author":[{"embeddable":true,"href":"https:\/\/radiolitoral.com\/ca\/wp-json\/wp\/v2\/users\/13"}],"replies":[{"embeddable":true,"href":"https:\/\/radiolitoral.com\/ca\/wp-json\/wp\/v2\/comments?post=6460"}],"version-history":[{"count":3,"href":"https:\/\/radiolitoral.com\/ca\/wp-json\/wp\/v2\/posts\/6460\/revisions"}],"predecessor-version":[{"id":6466,"href":"https:\/\/radiolitoral.com\/ca\/wp-json\/wp\/v2\/posts\/6460\/revisions\/6466"}],"wp:featuredmedia":[{"embeddable":true,"href":"https:\/\/radiolitoral.com\/ca\/wp-json\/wp\/v2\/media\/6463"}],"wp:attachment":[{"href":"https:\/\/radiolitoral.com\/ca\/wp-json\/wp\/v2\/media?parent=6460"}],"wp:term":[{"taxonomy":"category","embeddable":true,"href":"https:\/\/radiolitoral.com\/ca\/wp-json\/wp\/v2\/categories?post=6460"},{"taxonomy":"post_tag","embeddable":true,"href":"https:\/\/radiolitoral.com\/ca\/wp-json\/wp\/v2\/tags?post=6460"}],"curies":[{"name":"wp","href":"https:\/\/api.w.org\/{rel}","templated":true}]}}