{"id":644,"date":"2023-02-01T15:18:14","date_gmt":"2023-02-01T14:18:14","guid":{"rendered":"https:\/\/radiolitoral.com\/?p=644"},"modified":"2023-02-01T15:18:14","modified_gmt":"2023-02-01T14:18:14","slug":"la-guardia-civil-reduira-latencio-administrativa-a-benissa-pero-continuara-prestant-servei","status":"publish","type":"post","link":"https:\/\/radiolitoral.com\/ca\/2023\/02\/la-guardia-civil-reducira-la-atencion-administrativa-en-benissa-pero-seguira-prestando-servicio\/","title":{"rendered":"La Gu\u00e0rdia Civil reduir\u00e0 l&#039;atenci\u00f3 administrativa a Benissa, per\u00f2 continuar\u00e0 prestant servei"},"content":{"rendered":"<p>Encara que l&#039;Ajuntament de <strong>Benissa<\/strong> no ha rebut de manera oficial una comunicaci\u00f3 per part del <strong>Ministeri de l&#039;Interior<\/strong> sobre el futur de la <strong>Gu\u00e0rdia Civil<\/strong> a la localitat, ja es coneix que aquest cos de seguretat reduir\u00e0 la seva atenci\u00f3 administrativa. Ho far\u00e0, segons ha informat el Sergent del lloc de Benissa, atenent tan sols de dilluns a divendres des de les vuit del mat\u00ed fins a les dues del migdia.<\/p>\n<p>Davant aquesta situaci\u00f3,<strong> l&#039;alcalde, Arturo Poquet<\/strong>, ha volgut difondre un missatge de tranquil\u00b7litat a tota la poblaci\u00f3 aclarint que \u201cla Gu\u00e0rdia Civil no deixar\u00e0 de prestar servei al terme municipal\u201d. Tot i aix\u00f2, ha lamentat que l&#039;actual govern d&#039;Espanya continu\u00ef reduint el nombre d&#039;efectius i retallant-li el pressupost a un cos b\u00e0sic per a la seguretat ciutadana, com \u00e9s la Gu\u00e0rdia Civil.<\/p>\n<audio class=\"wp-audio-shortcode\" id=\"audio-644-1\" preload=\"none\" style=\"width: 100%;\" controls=\"controls\"><source type=\"audio\/mpeg\" src=\"https:\/\/media.radiolitoral.com\/wp-content\/uploads\/2023\/02\/24143239\/Arturo-Poquet-1.mp3?_=1\" \/><a href=\"https:\/\/media.radiolitoral.com\/wp-content\/uploads\/2023\/02\/24143239\/Arturo-Poquet-1.mp3\">https:\/\/media.radiolitoral.com\/wp-content\/uploads\/2023\/02\/24143239\/Arturo-Poquet-1.mp3<\/a><\/audio>\n<p>Benissa \u00e9s un d&#039;aquells municipis que es veuran afectats per les retallades que des del Ministeri d&#039;Interior s&#039;estan aplicant a aquest cos de seguretat. La falta d&#039;efectius ha obligat a una reorganitzaci\u00f3 de les diferents casernes de la Gu\u00e0rdia Civil de tot el territori, i la de Benissa est\u00e0 en aquesta llista.<\/p>\n<p>Arturo Poquet assegura que ha intentat frenar per tots els mitjans, a trav\u00e9s de diferents reunions amb la Subdelegaci\u00f3 del Govern i amb comandaments de la mateixa Gu\u00e0rdia Civil a la prov\u00edncia d&#039;Alacant, aquesta situaci\u00f3 sobrevinguda, que reconeix, afectar\u00e0 la seguretat ciutadana. Reunions que no han aconseguit el resultat esperat. L&#039;alcalde no cedeix davant les retallades i avan\u00e7a una nova trobada de feina amb la Subdelegaci\u00f3 del Govern.<\/p>\n<p><strong>Mesures per refor\u00e7ar la seguretat<\/strong><\/p>\n<p>Des de les seves compet\u00e8ncies i per millorar la seguretat a Benissa, Arturo Poquet anuncia la propera instal\u00b7laci\u00f3 de c\u00e0meres de v\u00eddeo vigil\u00e0ncia al municipi i l&#039;ampliaci\u00f3 de la plantilla de la policia local.<\/p>\n<audio class=\"wp-audio-shortcode\" id=\"audio-644-2\" preload=\"none\" style=\"width: 100%;\" controls=\"controls\"><source type=\"audio\/mpeg\" src=\"https:\/\/media.radiolitoral.com\/wp-content\/uploads\/2023\/02\/24143239\/Arturo-Poquet-2.mp3?_=2\" \/><a href=\"https:\/\/media.radiolitoral.com\/wp-content\/uploads\/2023\/02\/24143239\/Arturo-Poquet-2.mp3\">https:\/\/media.radiolitoral.com\/wp-content\/uploads\/2023\/02\/24143239\/Arturo-Poquet-2.mp3<\/a><\/audio>","protected":false},"excerpt":{"rendered":"<p>Aunque el Ayuntamiento de Benissa no ha recibido de manera oficial una comunicaci\u00f3n por parte del Ministerio del Interior sobre el futuro de la Guardia Civil en la localidad, ya se conoce que este cuerpo de seguridad va a reducir su atenci\u00f3n administrativa. Lo har\u00e1, seg\u00fan ha informado el Sargento del puesto de Benissa, atendiendo [&#8230;]<\/p>\n<p><a class=\"btn btn-secondary understrap-read-more-link\" href=\"https:\/\/radiolitoral.com\/ca\/2023\/02\/la-guardia-civil-reducira-la-atencion-administrativa-en-benissa-pero-seguira-prestando-servicio\/\">Continua llegint&#8230;<span class=\"screen-reader-text\"> from La Guardia Civil reducir\u00e1 la atenci\u00f3n administrativa en Benissa pero seguir\u00e1 prestando servicio<\/span><\/a><\/p>\n","protected":false},"author":13,"featured_media":659,"comment_status":"open","ping_status":"closed","sticky":false,"template":"","format":"standard","meta":{"_acf_changed":false,"inline_featured_image":false,"footnotes":""},"categories":[78],"tags":[11,80,79,52],"class_list":["post-644","post","type-post","status-publish","format-standard","has-post-thumbnail","hentry","category-seguridad-ciudadana","tag-guardia-civil","tag-ministerio-interior","tag-recortes","tag-seguridad-ciudadana","cobertura-benissa"],"acf":[],"yoast_head":"<!-- This site is optimized with the Yoast SEO plugin v27.5 - https:\/\/yoast.com\/product\/yoast-seo-wordpress\/ -->\n<title>La Guardia Civil reducir\u00e1 la atenci\u00f3n administrativa en Benissa pero seguir\u00e1 prestando servicio | R\u00e0dio Litoral<\/title>\n<meta name=\"description\" content=\"El alcalde, Arturo Poquet, muestra su malestar por los recortes en la Guardia Civil y anuncia medidas para reforzar la seguridad ciudadana\" \/>\n<meta name=\"robots\" content=\"index, follow, max-snippet:-1, max-image-preview:large, max-video-preview:-1\" \/>\n<link rel=\"canonical\" href=\"https:\/\/radiolitoral.com\/ca\/2023\/02\/la-guardia-civil-reduira-latencio-administrativa-a-benissa-pero-continuara-prestant-servei\/\" \/>\n<meta property=\"og:locale\" content=\"ca_ES\" \/>\n<meta property=\"og:type\" content=\"article\" \/>\n<meta property=\"og:title\" content=\"La Guardia Civil reducir\u00e1 la atenci\u00f3n administrativa en Benissa pero seguir\u00e1 prestando servicio | R\u00e0dio Litoral\" \/>\n<meta property=\"og:description\" content=\"El alcalde, Arturo Poquet, muestra su malestar por los recortes en la Guardia Civil y anuncia medidas para reforzar la seguridad ciudadana\" \/>\n<meta property=\"og:url\" content=\"https:\/\/radiolitoral.com\/ca\/2023\/02\/la-guardia-civil-reduira-latencio-administrativa-a-benissa-pero-continuara-prestant-servei\/\" \/>\n<meta property=\"og:site_name\" content=\"R\u00e0dio Litoral\" \/>\n<meta property=\"article:publisher\" content=\"https:\/\/www.facebook.com\/Laradiolitoral\/\" \/>\n<meta property=\"article:published_time\" content=\"2023-02-01T14:18:14+00:00\" \/>\n<meta property=\"og:image\" content=\"https:\/\/s3.eu-west-2.wasabisys.com\/radiolitoral.com\/wp-content\/uploads\/2023\/02\/01151706\/Benissa.-Coche-Guardia-Civil.jpeg\" \/>\n\t<meta property=\"og:image:width\" content=\"1200\" \/>\n\t<meta property=\"og:image:height\" content=\"1600\" \/>\n\t<meta property=\"og:image:type\" content=\"image\/jpeg\" \/>\n<meta name=\"author\" content=\"Redacci\u00f3n\" \/>\n<meta name=\"twitter:card\" content=\"summary_large_image\" \/>\n<meta name=\"twitter:label1\" content=\"Escrit per\" \/>\n\t<meta name=\"twitter:data1\" content=\"Redacci\u00f3n\" \/>\n\t<meta name=\"twitter:label2\" content=\"Temps estimat de lectura\" \/>\n\t<meta name=\"twitter:data2\" content=\"2 minuts\" \/>\n<script type=\"application\/ld+json\" class=\"yoast-schema-graph\">{\"@context\":\"https:\\\/\\\/schema.org\",\"@graph\":[{\"@type\":\"NewsArticle\",\"@id\":\"https:\\\/\\\/radiolitoral.com\\\/2023\\\/02\\\/la-guardia-civil-reducira-la-atencion-administrativa-en-benissa-pero-seguira-prestando-servicio\\\/#article\",\"isPartOf\":{\"@id\":\"https:\\\/\\\/radiolitoral.com\\\/2023\\\/02\\\/la-guardia-civil-reducira-la-atencion-administrativa-en-benissa-pero-seguira-prestando-servicio\\\/\"},\"author\":{\"name\":\"Redacci\u00f3n\",\"@id\":\"https:\\\/\\\/radiolitoral.com\\\/#\\\/schema\\\/person\\\/f2b2343c49b5d721857cc1002bfdb151\"},\"headline\":\"La Guardia Civil reducir\u00e1 la atenci\u00f3n administrativa en Benissa pero seguir\u00e1 prestando servicio\",\"datePublished\":\"2023-02-01T14:18:14+00:00\",\"mainEntityOfPage\":{\"@id\":\"https:\\\/\\\/radiolitoral.com\\\/2023\\\/02\\\/la-guardia-civil-reducira-la-atencion-administrativa-en-benissa-pero-seguira-prestando-servicio\\\/\"},\"wordCount\":363,\"commentCount\":0,\"publisher\":{\"@id\":\"https:\\\/\\\/radiolitoral.com\\\/#organization\"},\"image\":{\"@id\":\"https:\\\/\\\/radiolitoral.com\\\/2023\\\/02\\\/la-guardia-civil-reducira-la-atencion-administrativa-en-benissa-pero-seguira-prestando-servicio\\\/#primaryimage\"},\"thumbnailUrl\":\"https:\\\/\\\/media.radiolitoral.com\\\/wp-content\\\/uploads\\\/2023\\\/02\\\/24143238\\\/Benissa.-Coche-Guardia-Civil.jpeg\",\"keywords\":[\"Guardia Civil\",\"Ministerio Interior\",\"Recortes\",\"Seguridad Ciudadana\"],\"articleSection\":[\"Seguridad Ciudadana\"],\"inLanguage\":\"ca\",\"potentialAction\":[{\"@type\":\"CommentAction\",\"name\":\"Comment\",\"target\":[\"https:\\\/\\\/radiolitoral.com\\\/2023\\\/02\\\/la-guardia-civil-reducira-la-atencion-administrativa-en-benissa-pero-seguira-prestando-servicio\\\/#respond\"]}]},{\"@type\":[\"WebPage\",\"ItemPage\"],\"@id\":\"https:\\\/\\\/radiolitoral.com\\\/2023\\\/02\\\/la-guardia-civil-reducira-la-atencion-administrativa-en-benissa-pero-seguira-prestando-servicio\\\/\",\"url\":\"https:\\\/\\\/radiolitoral.com\\\/2023\\\/02\\\/la-guardia-civil-reducira-la-atencion-administrativa-en-benissa-pero-seguira-prestando-servicio\\\/\",\"name\":\"La Guardia Civil reducir\u00e1 la atenci\u00f3n administrativa en Benissa pero seguir\u00e1 prestando servicio | R\u00e0dio Litoral\",\"isPartOf\":{\"@id\":\"https:\\\/\\\/radiolitoral.com\\\/#website\"},\"primaryImageOfPage\":{\"@id\":\"https:\\\/\\\/radiolitoral.com\\\/2023\\\/02\\\/la-guardia-civil-reducira-la-atencion-administrativa-en-benissa-pero-seguira-prestando-servicio\\\/#primaryimage\"},\"image\":{\"@id\":\"https:\\\/\\\/radiolitoral.com\\\/2023\\\/02\\\/la-guardia-civil-reducira-la-atencion-administrativa-en-benissa-pero-seguira-prestando-servicio\\\/#primaryimage\"},\"thumbnailUrl\":\"https:\\\/\\\/media.radiolitoral.com\\\/wp-content\\\/uploads\\\/2023\\\/02\\\/24143238\\\/Benissa.-Coche-Guardia-Civil.jpeg\",\"datePublished\":\"2023-02-01T14:18:14+00:00\",\"description\":\"El alcalde, Arturo Poquet, muestra su malestar por los recortes en la Guardia Civil y anuncia medidas para reforzar la seguridad ciudadana\",\"breadcrumb\":{\"@id\":\"https:\\\/\\\/radiolitoral.com\\\/2023\\\/02\\\/la-guardia-civil-reducira-la-atencion-administrativa-en-benissa-pero-seguira-prestando-servicio\\\/#breadcrumb\"},\"inLanguage\":\"ca\",\"potentialAction\":[{\"@type\":\"ReadAction\",\"target\":[\"https:\\\/\\\/radiolitoral.com\\\/2023\\\/02\\\/la-guardia-civil-reducira-la-atencion-administrativa-en-benissa-pero-seguira-prestando-servicio\\\/\"]}]},{\"@type\":\"ImageObject\",\"inLanguage\":\"ca\",\"@id\":\"https:\\\/\\\/radiolitoral.com\\\/2023\\\/02\\\/la-guardia-civil-reducira-la-atencion-administrativa-en-benissa-pero-seguira-prestando-servicio\\\/#primaryimage\",\"url\":\"https:\\\/\\\/media.radiolitoral.com\\\/wp-content\\\/uploads\\\/2023\\\/02\\\/24143238\\\/Benissa.-Coche-Guardia-Civil.jpeg\",\"contentUrl\":\"https:\\\/\\\/media.radiolitoral.com\\\/wp-content\\\/uploads\\\/2023\\\/02\\\/24143238\\\/Benissa.-Coche-Guardia-Civil.jpeg\",\"width\":1200,\"height\":1600},{\"@type\":\"BreadcrumbList\",\"@id\":\"https:\\\/\\\/radiolitoral.com\\\/2023\\\/02\\\/la-guardia-civil-reducira-la-atencion-administrativa-en-benissa-pero-seguira-prestando-servicio\\\/#breadcrumb\",\"itemListElement\":[{\"@type\":\"ListItem\",\"position\":1,\"name\":\"Portada\",\"item\":\"https:\\\/\\\/radiolitoral.com\\\/\"},{\"@type\":\"ListItem\",\"position\":2,\"name\":\"La Guardia Civil reducir\u00e1 la atenci\u00f3n administrativa en Benissa pero seguir\u00e1 prestando servicio\"}]},{\"@type\":\"WebSite\",\"@id\":\"https:\\\/\\\/radiolitoral.com\\\/#website\",\"url\":\"https:\\\/\\\/radiolitoral.com\\\/\",\"name\":\"Radio Litoral\",\"description\":\"La radio local de la Marina Alta\",\"publisher\":{\"@id\":\"https:\\\/\\\/radiolitoral.com\\\/#organization\"},\"alternateName\":\"Litoral FM\",\"potentialAction\":[{\"@type\":\"SearchAction\",\"target\":{\"@type\":\"EntryPoint\",\"urlTemplate\":\"https:\\\/\\\/radiolitoral.com\\\/?s={search_term_string}\"},\"query-input\":{\"@type\":\"PropertyValueSpecification\",\"valueRequired\":true,\"valueName\":\"search_term_string\"}}],\"inLanguage\":\"ca\"},{\"@type\":\"Organization\",\"@id\":\"https:\\\/\\\/radiolitoral.com\\\/#organization\",\"name\":\"Radio Litoral\",\"url\":\"https:\\\/\\\/radiolitoral.com\\\/\",\"logo\":{\"@type\":\"ImageObject\",\"inLanguage\":\"ca\",\"@id\":\"https:\\\/\\\/radiolitoral.com\\\/#\\\/schema\\\/logo\\\/image\\\/\",\"url\":\"https:\\\/\\\/media.radiolitoral.com\\\/wp-content\\\/uploads\\\/2023\\\/02\\\/24143238\\\/CL-V-RadioLitoral696.png\",\"contentUrl\":\"https:\\\/\\\/media.radiolitoral.com\\\/wp-content\\\/uploads\\\/2023\\\/02\\\/24143238\\\/CL-V-RadioLitoral696.png\",\"width\":696,\"height\":696,\"caption\":\"Radio Litoral\"},\"image\":{\"@id\":\"https:\\\/\\\/radiolitoral.com\\\/#\\\/schema\\\/logo\\\/image\\\/\"},\"sameAs\":[\"https:\\\/\\\/www.facebook.com\\\/Laradiolitoral\\\/\"]},{\"@type\":\"Person\",\"@id\":\"https:\\\/\\\/radiolitoral.com\\\/#\\\/schema\\\/person\\\/f2b2343c49b5d721857cc1002bfdb151\",\"name\":\"Redacci\u00f3n\",\"image\":{\"@type\":\"ImageObject\",\"inLanguage\":\"ca\",\"@id\":\"https:\\\/\\\/secure.gravatar.com\\\/avatar\\\/f771d896c203ad8b3382d7905cfcce5a5c9b008b84b3cd9114e9b9f4cb63f789?s=96&d=mm&r=g\",\"url\":\"https:\\\/\\\/secure.gravatar.com\\\/avatar\\\/f771d896c203ad8b3382d7905cfcce5a5c9b008b84b3cd9114e9b9f4cb63f789?s=96&d=mm&r=g\",\"contentUrl\":\"https:\\\/\\\/secure.gravatar.com\\\/avatar\\\/f771d896c203ad8b3382d7905cfcce5a5c9b008b84b3cd9114e9b9f4cb63f789?s=96&d=mm&r=g\",\"caption\":\"Redacci\u00f3n\"},\"url\":\"https:\\\/\\\/radiolitoral.com\\\/ca\\\/author\\\/miriam-pagan\\\/\"}]}<\/script>\n<!-- \/ Yoast SEO plugin. -->","yoast_head_json":{"title":"La Gu\u00e0rdia Civil reduir\u00e0 l&#039;atenci\u00f3 administrativa a Benissa, per\u00f2 continuar\u00e0 prestant servei | R\u00e0dio Litoral","description":"L&#039;alcalde, Arturo Poquet, mostra el seu malestar per les retallades a la Gu\u00e0rdia Civil i anuncia mesures per refor\u00e7ar la seguretat ciutadana","robots":{"index":"index","follow":"follow","max-snippet":"max-snippet:-1","max-image-preview":"max-image-preview:large","max-video-preview":"max-video-preview:-1"},"canonical":"https:\/\/radiolitoral.com\/ca\/2023\/02\/la-guardia-civil-reduira-latencio-administrativa-a-benissa-pero-continuara-prestant-servei\/","og_locale":"ca_ES","og_type":"article","og_title":"La Guardia Civil reducir\u00e1 la atenci\u00f3n administrativa en Benissa pero seguir\u00e1 prestando servicio | R\u00e0dio Litoral","og_description":"El alcalde, Arturo Poquet, muestra su malestar por los recortes en la Guardia Civil y anuncia medidas para reforzar la seguridad ciudadana","og_url":"https:\/\/radiolitoral.com\/ca\/2023\/02\/la-guardia-civil-reduira-latencio-administrativa-a-benissa-pero-continuara-prestant-servei\/","og_site_name":"R\u00e0dio Litoral","article_publisher":"https:\/\/www.facebook.com\/Laradiolitoral\/","article_published_time":"2023-02-01T14:18:14+00:00","og_image":[{"width":1200,"height":1600,"url":"https:\/\/s3.eu-west-2.wasabisys.com\/radiolitoral.com\/wp-content\/uploads\/2023\/02\/01151706\/Benissa.-Coche-Guardia-Civil.jpeg","type":"image\/jpeg"}],"author":"Redacci\u00f3n","twitter_card":"summary_large_image","twitter_misc":{"Escrit per":"Redacci\u00f3n","Temps estimat de lectura":"2 minuts"},"schema":{"@context":"https:\/\/schema.org","@graph":[{"@type":"NewsArticle","@id":"https:\/\/radiolitoral.com\/2023\/02\/la-guardia-civil-reducira-la-atencion-administrativa-en-benissa-pero-seguira-prestando-servicio\/#article","isPartOf":{"@id":"https:\/\/radiolitoral.com\/2023\/02\/la-guardia-civil-reducira-la-atencion-administrativa-en-benissa-pero-seguira-prestando-servicio\/"},"author":{"name":"Redacci\u00f3n","@id":"https:\/\/radiolitoral.com\/#\/schema\/person\/f2b2343c49b5d721857cc1002bfdb151"},"headline":"La Guardia Civil reducir\u00e1 la atenci\u00f3n administrativa en Benissa pero seguir\u00e1 prestando servicio","datePublished":"2023-02-01T14:18:14+00:00","mainEntityOfPage":{"@id":"https:\/\/radiolitoral.com\/2023\/02\/la-guardia-civil-reducira-la-atencion-administrativa-en-benissa-pero-seguira-prestando-servicio\/"},"wordCount":363,"commentCount":0,"publisher":{"@id":"https:\/\/radiolitoral.com\/#organization"},"image":{"@id":"https:\/\/radiolitoral.com\/2023\/02\/la-guardia-civil-reducira-la-atencion-administrativa-en-benissa-pero-seguira-prestando-servicio\/#primaryimage"},"thumbnailUrl":"https:\/\/media.radiolitoral.com\/wp-content\/uploads\/2023\/02\/24143238\/Benissa.-Coche-Guardia-Civil.jpeg","keywords":["Guardia Civil","Ministerio Interior","Recortes","Seguridad Ciudadana"],"articleSection":["Seguridad Ciudadana"],"inLanguage":"ca","potentialAction":[{"@type":"CommentAction","name":"Comment","target":["https:\/\/radiolitoral.com\/2023\/02\/la-guardia-civil-reducira-la-atencion-administrativa-en-benissa-pero-seguira-prestando-servicio\/#respond"]}]},{"@type":["WebPage","ItemPage"],"@id":"https:\/\/radiolitoral.com\/2023\/02\/la-guardia-civil-reducira-la-atencion-administrativa-en-benissa-pero-seguira-prestando-servicio\/","url":"https:\/\/radiolitoral.com\/2023\/02\/la-guardia-civil-reducira-la-atencion-administrativa-en-benissa-pero-seguira-prestando-servicio\/","name":"La Gu\u00e0rdia Civil reduir\u00e0 l&#039;atenci\u00f3 administrativa a Benissa, per\u00f2 continuar\u00e0 prestant servei | R\u00e0dio Litoral","isPartOf":{"@id":"https:\/\/radiolitoral.com\/#website"},"primaryImageOfPage":{"@id":"https:\/\/radiolitoral.com\/2023\/02\/la-guardia-civil-reducira-la-atencion-administrativa-en-benissa-pero-seguira-prestando-servicio\/#primaryimage"},"image":{"@id":"https:\/\/radiolitoral.com\/2023\/02\/la-guardia-civil-reducira-la-atencion-administrativa-en-benissa-pero-seguira-prestando-servicio\/#primaryimage"},"thumbnailUrl":"https:\/\/media.radiolitoral.com\/wp-content\/uploads\/2023\/02\/24143238\/Benissa.-Coche-Guardia-Civil.jpeg","datePublished":"2023-02-01T14:18:14+00:00","description":"L&#039;alcalde, Arturo Poquet, mostra el seu malestar per les retallades a la Gu\u00e0rdia Civil i anuncia mesures per refor\u00e7ar la seguretat ciutadana","breadcrumb":{"@id":"https:\/\/radiolitoral.com\/2023\/02\/la-guardia-civil-reducira-la-atencion-administrativa-en-benissa-pero-seguira-prestando-servicio\/#breadcrumb"},"inLanguage":"ca","potentialAction":[{"@type":"ReadAction","target":["https:\/\/radiolitoral.com\/2023\/02\/la-guardia-civil-reducira-la-atencion-administrativa-en-benissa-pero-seguira-prestando-servicio\/"]}]},{"@type":"ImageObject","inLanguage":"ca","@id":"https:\/\/radiolitoral.com\/2023\/02\/la-guardia-civil-reducira-la-atencion-administrativa-en-benissa-pero-seguira-prestando-servicio\/#primaryimage","url":"https:\/\/media.radiolitoral.com\/wp-content\/uploads\/2023\/02\/24143238\/Benissa.-Coche-Guardia-Civil.jpeg","contentUrl":"https:\/\/media.radiolitoral.com\/wp-content\/uploads\/2023\/02\/24143238\/Benissa.-Coche-Guardia-Civil.jpeg","width":1200,"height":1600},{"@type":"BreadcrumbList","@id":"https:\/\/radiolitoral.com\/2023\/02\/la-guardia-civil-reducira-la-atencion-administrativa-en-benissa-pero-seguira-prestando-servicio\/#breadcrumb","itemListElement":[{"@type":"ListItem","position":1,"name":"Portada","item":"https:\/\/radiolitoral.com\/"},{"@type":"ListItem","position":2,"name":"La Guardia Civil reducir\u00e1 la atenci\u00f3n administrativa en Benissa pero seguir\u00e1 prestando servicio"}]},{"@type":"WebSite","@id":"https:\/\/radiolitoral.com\/#website","url":"https:\/\/radiolitoral.com\/","name":"R\u00e0dio Litoral","description":"La r\u00e0dio local de la Marina Alta","publisher":{"@id":"https:\/\/radiolitoral.com\/#organization"},"alternateName":"Litoral FM","potentialAction":[{"@type":"SearchAction","target":{"@type":"EntryPoint","urlTemplate":"https:\/\/radiolitoral.com\/?s={search_term_string}"},"query-input":{"@type":"PropertyValueSpecification","valueRequired":true,"valueName":"search_term_string"}}],"inLanguage":"ca"},{"@type":"Organization","@id":"https:\/\/radiolitoral.com\/#organization","name":"R\u00e0dio Litoral","url":"https:\/\/radiolitoral.com\/","logo":{"@type":"ImageObject","inLanguage":"ca","@id":"https:\/\/radiolitoral.com\/#\/schema\/logo\/image\/","url":"https:\/\/media.radiolitoral.com\/wp-content\/uploads\/2023\/02\/24143238\/CL-V-RadioLitoral696.png","contentUrl":"https:\/\/media.radiolitoral.com\/wp-content\/uploads\/2023\/02\/24143238\/CL-V-RadioLitoral696.png","width":696,"height":696,"caption":"Radio Litoral"},"image":{"@id":"https:\/\/radiolitoral.com\/#\/schema\/logo\/image\/"},"sameAs":["https:\/\/www.facebook.com\/Laradiolitoral\/"]},{"@type":"Person","@id":"https:\/\/radiolitoral.com\/#\/schema\/person\/f2b2343c49b5d721857cc1002bfdb151","name":"Redacci\u00f3","image":{"@type":"ImageObject","inLanguage":"ca","@id":"https:\/\/secure.gravatar.com\/avatar\/f771d896c203ad8b3382d7905cfcce5a5c9b008b84b3cd9114e9b9f4cb63f789?s=96&d=mm&r=g","url":"https:\/\/secure.gravatar.com\/avatar\/f771d896c203ad8b3382d7905cfcce5a5c9b008b84b3cd9114e9b9f4cb63f789?s=96&d=mm&r=g","contentUrl":"https:\/\/secure.gravatar.com\/avatar\/f771d896c203ad8b3382d7905cfcce5a5c9b008b84b3cd9114e9b9f4cb63f789?s=96&d=mm&r=g","caption":"Redacci\u00f3n"},"url":"https:\/\/radiolitoral.com\/ca\/author\/miriam-pagan\/"}]}},"_links":{"self":[{"href":"https:\/\/radiolitoral.com\/ca\/wp-json\/wp\/v2\/posts\/644","targetHints":{"allow":["GET"]}}],"collection":[{"href":"https:\/\/radiolitoral.com\/ca\/wp-json\/wp\/v2\/posts"}],"about":[{"href":"https:\/\/radiolitoral.com\/ca\/wp-json\/wp\/v2\/types\/post"}],"author":[{"embeddable":true,"href":"https:\/\/radiolitoral.com\/ca\/wp-json\/wp\/v2\/users\/13"}],"replies":[{"embeddable":true,"href":"https:\/\/radiolitoral.com\/ca\/wp-json\/wp\/v2\/comments?post=644"}],"version-history":[{"count":2,"href":"https:\/\/radiolitoral.com\/ca\/wp-json\/wp\/v2\/posts\/644\/revisions"}],"predecessor-version":[{"id":661,"href":"https:\/\/radiolitoral.com\/ca\/wp-json\/wp\/v2\/posts\/644\/revisions\/661"}],"wp:featuredmedia":[{"embeddable":true,"href":"https:\/\/radiolitoral.com\/ca\/wp-json\/wp\/v2\/media\/659"}],"wp:attachment":[{"href":"https:\/\/radiolitoral.com\/ca\/wp-json\/wp\/v2\/media?parent=644"}],"wp:term":[{"taxonomy":"category","embeddable":true,"href":"https:\/\/radiolitoral.com\/ca\/wp-json\/wp\/v2\/categories?post=644"},{"taxonomy":"post_tag","embeddable":true,"href":"https:\/\/radiolitoral.com\/ca\/wp-json\/wp\/v2\/tags?post=644"}],"curies":[{"name":"wp","href":"https:\/\/api.w.org\/{rel}","templated":true}]}}