{"id":6360,"date":"2024-01-15T21:02:46","date_gmt":"2024-01-15T20:02:46","guid":{"rendered":"https:\/\/radiolitoral.com\/?p=6360"},"modified":"2024-01-15T21:02:46","modified_gmt":"2024-01-15T20:02:46","slug":"arriba-el-ii-concurs-gocalp-dirigit-a-estudiants-davant-dels-riscos-climatics","status":"publish","type":"post","link":"https:\/\/radiolitoral.com\/ca\/2024\/01\/llega-el-ii-concurso-gocalp-dirigido-a-estudiantes-frente-a-los-riesgos-climaticos\/","title":{"rendered":"Arriba el II concurs #goCalp dirigit a estudiants davant dels riscos clim\u00e0tics"},"content":{"rendered":"<p><strong>Global Omnium<\/strong>, en col\u00b7laboraci\u00f3 amb el <strong>Observatori de Ciutats Resilients i Sostenibles<\/strong> i el <strong>Ajuntament de Calp<\/strong>, ha anunciat l&#039;obertura de la convocat\u00f2ria per al <strong>II Concurs #goCalp<\/strong>. Aquest desafiament \u00fanic convida joves urbanistes clim\u00e0tics m\u00e9s grans de 14 anys estudiants d&#039;ESO, Batxillerat o FP a presentar propostes innovadores per abordar els riscos clim\u00e0tics cr\u00edtics que enfronten les nostres comunitats.<\/p>\n<p>El concurs se centra en <strong>sis \u00e0rees clau de riscos clim\u00e0tics<\/strong>: sequera, onades de calor, inundacions, biodiversitat, degradaci\u00f3 de l&#039;entorn natural i fixaci\u00f3 de poblaci\u00f3 i repte demogr\u00e0fic. Aquests desafiaments requereixen solucions creatives i sostenibles per construir comunitats m\u00e9s resilients. El certamen est\u00e0 dotat amb <strong>un primer premi de 5000\u20ac<\/strong> i un <strong>segon premi de 3000\u20ac.<\/strong><\/p>\n<p>El II Concurs #goCalp convida especialment professors i alumnes a partir dels 14 anys a formar equips de joves \u00abUrbanistes per la Sostenibilitat\u00bb. El desafiament s\u00b4est\u00e9n durant tot el curs escolar 2023\/2024.<\/p>\n<p>La inscripci\u00f3 per al II Concurs #goCalp romandr\u00e0 oberta fins al 31 de gener.<\/p>","protected":false},"excerpt":{"rendered":"<p>Global Omnium, en colaboraci\u00f3n con el Observatorio de Ciudades Resilientes y Sostenibles y el Ayuntamiento de Calp, ha anunciado la apertura de la convocatoria para el II Concurso #goCalp. Este desaf\u00edo \u00fanico invita a j\u00f3venes urbanistas clim\u00e1ticos mayores de 14 a\u00f1os estudiantes de ESO, Bachillerato o FP a presentar propuestas innovadoras para abordar los riesgos [&#8230;]<\/p>\n<p><a class=\"btn btn-secondary understrap-read-more-link\" href=\"https:\/\/radiolitoral.com\/ca\/2024\/01\/llega-el-ii-concurso-gocalp-dirigido-a-estudiantes-frente-a-los-riesgos-climaticos\/\">Continua llegint&#8230;<span class=\"screen-reader-text\"> from Llega el II concurso #goCalp dirigido a estudiantes frente a los riesgos clim\u00e1ticos<\/span><\/a><\/p>\n","protected":false},"author":21,"featured_media":6361,"comment_status":"open","ping_status":"closed","sticky":false,"template":"","format":"standard","meta":{"_acf_changed":false,"inline_featured_image":false,"footnotes":""},"categories":[130,860],"tags":[],"class_list":["post-6360","post","type-post","status-publish","format-standard","has-post-thumbnail","hentry","category-educacion","category-juventud","cobertura-calp"],"acf":[],"yoast_head":"<!-- This site is optimized with the Yoast SEO plugin v27.5 - https:\/\/yoast.com\/product\/yoast-seo-wordpress\/ -->\n<title>Llega el II concurso #goCalp dirigido a estudiantes frente a los riesgos clim\u00e1ticos | R\u00e0dio Litoral<\/title>\n<meta name=\"description\" content=\"Los participantes, estudiantes mayores de 14 a\u00f1os, optan a un primer premio de 5.000 euros y un segundo dotado con 3.000 euros\" \/>\n<meta name=\"robots\" content=\"index, follow, max-snippet:-1, max-image-preview:large, max-video-preview:-1\" \/>\n<link rel=\"canonical\" href=\"https:\/\/radiolitoral.com\/ca\/2024\/01\/arriba-el-ii-concurs-gocalp-dirigit-a-estudiants-davant-dels-riscos-climatics\/\" \/>\n<meta property=\"og:locale\" content=\"ca_ES\" \/>\n<meta property=\"og:type\" content=\"article\" \/>\n<meta property=\"og:title\" content=\"Llega el II concurso #goCalp dirigido a estudiantes frente a los riesgos clim\u00e1ticos | R\u00e0dio Litoral\" \/>\n<meta property=\"og:description\" content=\"Los participantes, estudiantes mayores de 14 a\u00f1os, optan a un primer premio de 5.000 euros y un segundo dotado con 3.000 euros\" \/>\n<meta property=\"og:url\" content=\"https:\/\/radiolitoral.com\/ca\/2024\/01\/arriba-el-ii-concurs-gocalp-dirigit-a-estudiants-davant-dels-riscos-climatics\/\" \/>\n<meta property=\"og:site_name\" content=\"R\u00e0dio Litoral\" \/>\n<meta property=\"article:publisher\" content=\"https:\/\/www.facebook.com\/Laradiolitoral\/\" \/>\n<meta property=\"article:published_time\" content=\"2024-01-15T20:02:46+00:00\" \/>\n<meta property=\"og:image\" content=\"https:\/\/media.radiolitoral.com\/wp-content\/uploads\/2024\/01\/15210203\/GoCalp-Concurso.jpg\" \/>\n\t<meta property=\"og:image:width\" content=\"2000\" \/>\n\t<meta property=\"og:image:height\" content=\"1500\" \/>\n\t<meta property=\"og:image:type\" content=\"image\/jpeg\" \/>\n<meta name=\"author\" content=\"Mel Pescuezo\" \/>\n<meta name=\"twitter:card\" content=\"summary_large_image\" \/>\n<meta name=\"twitter:label1\" content=\"Escrit per\" \/>\n\t<meta name=\"twitter:data1\" content=\"Mel Pescuezo\" \/>\n\t<meta name=\"twitter:label2\" content=\"Temps estimat de lectura\" \/>\n\t<meta name=\"twitter:data2\" content=\"2 minuts\" \/>\n<script type=\"application\/ld+json\" class=\"yoast-schema-graph\">{\"@context\":\"https:\\\/\\\/schema.org\",\"@graph\":[{\"@type\":\"NewsArticle\",\"@id\":\"https:\\\/\\\/radiolitoral.com\\\/2024\\\/01\\\/llega-el-ii-concurso-gocalp-dirigido-a-estudiantes-frente-a-los-riesgos-climaticos\\\/#article\",\"isPartOf\":{\"@id\":\"https:\\\/\\\/radiolitoral.com\\\/2024\\\/01\\\/llega-el-ii-concurso-gocalp-dirigido-a-estudiantes-frente-a-los-riesgos-climaticos\\\/\"},\"author\":{\"name\":\"Mel Pescuezo\",\"@id\":\"https:\\\/\\\/radiolitoral.com\\\/#\\\/schema\\\/person\\\/aad4f72efa404f85b68e832d24cac059\"},\"headline\":\"Llega el II concurso #goCalp dirigido a estudiantes frente a los riesgos clim\u00e1ticos\",\"datePublished\":\"2024-01-15T20:02:46+00:00\",\"mainEntityOfPage\":{\"@id\":\"https:\\\/\\\/radiolitoral.com\\\/2024\\\/01\\\/llega-el-ii-concurso-gocalp-dirigido-a-estudiantes-frente-a-los-riesgos-climaticos\\\/\"},\"wordCount\":193,\"commentCount\":0,\"publisher\":{\"@id\":\"https:\\\/\\\/radiolitoral.com\\\/#organization\"},\"image\":{\"@id\":\"https:\\\/\\\/radiolitoral.com\\\/2024\\\/01\\\/llega-el-ii-concurso-gocalp-dirigido-a-estudiantes-frente-a-los-riesgos-climaticos\\\/#primaryimage\"},\"thumbnailUrl\":\"https:\\\/\\\/media.radiolitoral.com\\\/wp-content\\\/uploads\\\/2024\\\/01\\\/15210203\\\/GoCalp-Concurso.jpg\",\"articleSection\":[\"Educaci\u00f3n\",\"Juventud\"],\"inLanguage\":\"ca\",\"potentialAction\":[{\"@type\":\"CommentAction\",\"name\":\"Comment\",\"target\":[\"https:\\\/\\\/radiolitoral.com\\\/2024\\\/01\\\/llega-el-ii-concurso-gocalp-dirigido-a-estudiantes-frente-a-los-riesgos-climaticos\\\/#respond\"]}]},{\"@type\":[\"WebPage\",\"ItemPage\"],\"@id\":\"https:\\\/\\\/radiolitoral.com\\\/2024\\\/01\\\/llega-el-ii-concurso-gocalp-dirigido-a-estudiantes-frente-a-los-riesgos-climaticos\\\/\",\"url\":\"https:\\\/\\\/radiolitoral.com\\\/2024\\\/01\\\/llega-el-ii-concurso-gocalp-dirigido-a-estudiantes-frente-a-los-riesgos-climaticos\\\/\",\"name\":\"Llega el II concurso #goCalp dirigido a estudiantes frente a los riesgos clim\u00e1ticos | R\u00e0dio Litoral\",\"isPartOf\":{\"@id\":\"https:\\\/\\\/radiolitoral.com\\\/#website\"},\"primaryImageOfPage\":{\"@id\":\"https:\\\/\\\/radiolitoral.com\\\/2024\\\/01\\\/llega-el-ii-concurso-gocalp-dirigido-a-estudiantes-frente-a-los-riesgos-climaticos\\\/#primaryimage\"},\"image\":{\"@id\":\"https:\\\/\\\/radiolitoral.com\\\/2024\\\/01\\\/llega-el-ii-concurso-gocalp-dirigido-a-estudiantes-frente-a-los-riesgos-climaticos\\\/#primaryimage\"},\"thumbnailUrl\":\"https:\\\/\\\/media.radiolitoral.com\\\/wp-content\\\/uploads\\\/2024\\\/01\\\/15210203\\\/GoCalp-Concurso.jpg\",\"datePublished\":\"2024-01-15T20:02:46+00:00\",\"description\":\"Los participantes, estudiantes mayores de 14 a\u00f1os, optan a un primer premio de 5.000 euros y un segundo dotado con 3.000 euros\",\"breadcrumb\":{\"@id\":\"https:\\\/\\\/radiolitoral.com\\\/2024\\\/01\\\/llega-el-ii-concurso-gocalp-dirigido-a-estudiantes-frente-a-los-riesgos-climaticos\\\/#breadcrumb\"},\"inLanguage\":\"ca\",\"potentialAction\":[{\"@type\":\"ReadAction\",\"target\":[\"https:\\\/\\\/radiolitoral.com\\\/2024\\\/01\\\/llega-el-ii-concurso-gocalp-dirigido-a-estudiantes-frente-a-los-riesgos-climaticos\\\/\"]}]},{\"@type\":\"ImageObject\",\"inLanguage\":\"ca\",\"@id\":\"https:\\\/\\\/radiolitoral.com\\\/2024\\\/01\\\/llega-el-ii-concurso-gocalp-dirigido-a-estudiantes-frente-a-los-riesgos-climaticos\\\/#primaryimage\",\"url\":\"https:\\\/\\\/media.radiolitoral.com\\\/wp-content\\\/uploads\\\/2024\\\/01\\\/15210203\\\/GoCalp-Concurso.jpg\",\"contentUrl\":\"https:\\\/\\\/media.radiolitoral.com\\\/wp-content\\\/uploads\\\/2024\\\/01\\\/15210203\\\/GoCalp-Concurso.jpg\",\"width\":2000,\"height\":1500},{\"@type\":\"BreadcrumbList\",\"@id\":\"https:\\\/\\\/radiolitoral.com\\\/2024\\\/01\\\/llega-el-ii-concurso-gocalp-dirigido-a-estudiantes-frente-a-los-riesgos-climaticos\\\/#breadcrumb\",\"itemListElement\":[{\"@type\":\"ListItem\",\"position\":1,\"name\":\"Portada\",\"item\":\"https:\\\/\\\/radiolitoral.com\\\/\"},{\"@type\":\"ListItem\",\"position\":2,\"name\":\"Llega el II concurso #goCalp dirigido a estudiantes frente a los riesgos clim\u00e1ticos\"}]},{\"@type\":\"WebSite\",\"@id\":\"https:\\\/\\\/radiolitoral.com\\\/#website\",\"url\":\"https:\\\/\\\/radiolitoral.com\\\/\",\"name\":\"Radio Litoral\",\"description\":\"La radio local de la Marina Alta\",\"publisher\":{\"@id\":\"https:\\\/\\\/radiolitoral.com\\\/#organization\"},\"alternateName\":\"Litoral FM\",\"potentialAction\":[{\"@type\":\"SearchAction\",\"target\":{\"@type\":\"EntryPoint\",\"urlTemplate\":\"https:\\\/\\\/radiolitoral.com\\\/?s={search_term_string}\"},\"query-input\":{\"@type\":\"PropertyValueSpecification\",\"valueRequired\":true,\"valueName\":\"search_term_string\"}}],\"inLanguage\":\"ca\"},{\"@type\":\"Organization\",\"@id\":\"https:\\\/\\\/radiolitoral.com\\\/#organization\",\"name\":\"Radio Litoral\",\"url\":\"https:\\\/\\\/radiolitoral.com\\\/\",\"logo\":{\"@type\":\"ImageObject\",\"inLanguage\":\"ca\",\"@id\":\"https:\\\/\\\/radiolitoral.com\\\/#\\\/schema\\\/logo\\\/image\\\/\",\"url\":\"https:\\\/\\\/media.radiolitoral.com\\\/wp-content\\\/uploads\\\/2023\\\/02\\\/24143238\\\/CL-V-RadioLitoral696.png\",\"contentUrl\":\"https:\\\/\\\/media.radiolitoral.com\\\/wp-content\\\/uploads\\\/2023\\\/02\\\/24143238\\\/CL-V-RadioLitoral696.png\",\"width\":696,\"height\":696,\"caption\":\"Radio Litoral\"},\"image\":{\"@id\":\"https:\\\/\\\/radiolitoral.com\\\/#\\\/schema\\\/logo\\\/image\\\/\"},\"sameAs\":[\"https:\\\/\\\/www.facebook.com\\\/Laradiolitoral\\\/\"]},{\"@type\":\"Person\",\"@id\":\"https:\\\/\\\/radiolitoral.com\\\/#\\\/schema\\\/person\\\/aad4f72efa404f85b68e832d24cac059\",\"name\":\"Mel Pescuezo\",\"image\":{\"@type\":\"ImageObject\",\"inLanguage\":\"ca\",\"@id\":\"https:\\\/\\\/secure.gravatar.com\\\/avatar\\\/993975ae489c70cb0dd9bfa9413a082f0bd276582dac13661af7b33f161e7eea?s=96&d=mm&r=g\",\"url\":\"https:\\\/\\\/secure.gravatar.com\\\/avatar\\\/993975ae489c70cb0dd9bfa9413a082f0bd276582dac13661af7b33f161e7eea?s=96&d=mm&r=g\",\"contentUrl\":\"https:\\\/\\\/secure.gravatar.com\\\/avatar\\\/993975ae489c70cb0dd9bfa9413a082f0bd276582dac13661af7b33f161e7eea?s=96&d=mm&r=g\",\"caption\":\"Mel Pescuezo\"},\"url\":\"https:\\\/\\\/radiolitoral.com\\\/ca\\\/author\\\/serviciospararadios\\\/\"}]}<\/script>\n<!-- \/ Yoast SEO plugin. -->","yoast_head_json":{"title":"Arriba el II concurs #goCalp dirigit a estudiants davant dels riscos clim\u00e0tics | R\u00e0dio Litoral","description":"Els participants, estudiants m\u00e9s grans de 14 anys, opten a un primer premi de 5.000 euros i un segon dotat amb 3.000 euros","robots":{"index":"index","follow":"follow","max-snippet":"max-snippet:-1","max-image-preview":"max-image-preview:large","max-video-preview":"max-video-preview:-1"},"canonical":"https:\/\/radiolitoral.com\/ca\/2024\/01\/arriba-el-ii-concurs-gocalp-dirigit-a-estudiants-davant-dels-riscos-climatics\/","og_locale":"ca_ES","og_type":"article","og_title":"Llega el II concurso #goCalp dirigido a estudiantes frente a los riesgos clim\u00e1ticos | R\u00e0dio Litoral","og_description":"Los participantes, estudiantes mayores de 14 a\u00f1os, optan a un primer premio de 5.000 euros y un segundo dotado con 3.000 euros","og_url":"https:\/\/radiolitoral.com\/ca\/2024\/01\/arriba-el-ii-concurs-gocalp-dirigit-a-estudiants-davant-dels-riscos-climatics\/","og_site_name":"R\u00e0dio Litoral","article_publisher":"https:\/\/www.facebook.com\/Laradiolitoral\/","article_published_time":"2024-01-15T20:02:46+00:00","og_image":[{"width":2000,"height":1500,"url":"https:\/\/media.radiolitoral.com\/wp-content\/uploads\/2024\/01\/15210203\/GoCalp-Concurso.jpg","type":"image\/jpeg"}],"author":"Mel Pescuezo","twitter_card":"summary_large_image","twitter_misc":{"Escrit per":"Mel Pescuezo","Temps estimat de lectura":"2 minuts"},"schema":{"@context":"https:\/\/schema.org","@graph":[{"@type":"NewsArticle","@id":"https:\/\/radiolitoral.com\/2024\/01\/llega-el-ii-concurso-gocalp-dirigido-a-estudiantes-frente-a-los-riesgos-climaticos\/#article","isPartOf":{"@id":"https:\/\/radiolitoral.com\/2024\/01\/llega-el-ii-concurso-gocalp-dirigido-a-estudiantes-frente-a-los-riesgos-climaticos\/"},"author":{"name":"Mel Pescuezo","@id":"https:\/\/radiolitoral.com\/#\/schema\/person\/aad4f72efa404f85b68e832d24cac059"},"headline":"Llega el II concurso #goCalp dirigido a estudiantes frente a los riesgos clim\u00e1ticos","datePublished":"2024-01-15T20:02:46+00:00","mainEntityOfPage":{"@id":"https:\/\/radiolitoral.com\/2024\/01\/llega-el-ii-concurso-gocalp-dirigido-a-estudiantes-frente-a-los-riesgos-climaticos\/"},"wordCount":193,"commentCount":0,"publisher":{"@id":"https:\/\/radiolitoral.com\/#organization"},"image":{"@id":"https:\/\/radiolitoral.com\/2024\/01\/llega-el-ii-concurso-gocalp-dirigido-a-estudiantes-frente-a-los-riesgos-climaticos\/#primaryimage"},"thumbnailUrl":"https:\/\/media.radiolitoral.com\/wp-content\/uploads\/2024\/01\/15210203\/GoCalp-Concurso.jpg","articleSection":["Educaci\u00f3n","Juventud"],"inLanguage":"ca","potentialAction":[{"@type":"CommentAction","name":"Comment","target":["https:\/\/radiolitoral.com\/2024\/01\/llega-el-ii-concurso-gocalp-dirigido-a-estudiantes-frente-a-los-riesgos-climaticos\/#respond"]}]},{"@type":["WebPage","ItemPage"],"@id":"https:\/\/radiolitoral.com\/2024\/01\/llega-el-ii-concurso-gocalp-dirigido-a-estudiantes-frente-a-los-riesgos-climaticos\/","url":"https:\/\/radiolitoral.com\/2024\/01\/llega-el-ii-concurso-gocalp-dirigido-a-estudiantes-frente-a-los-riesgos-climaticos\/","name":"Arriba el II concurs #goCalp dirigit a estudiants davant dels riscos clim\u00e0tics | R\u00e0dio Litoral","isPartOf":{"@id":"https:\/\/radiolitoral.com\/#website"},"primaryImageOfPage":{"@id":"https:\/\/radiolitoral.com\/2024\/01\/llega-el-ii-concurso-gocalp-dirigido-a-estudiantes-frente-a-los-riesgos-climaticos\/#primaryimage"},"image":{"@id":"https:\/\/radiolitoral.com\/2024\/01\/llega-el-ii-concurso-gocalp-dirigido-a-estudiantes-frente-a-los-riesgos-climaticos\/#primaryimage"},"thumbnailUrl":"https:\/\/media.radiolitoral.com\/wp-content\/uploads\/2024\/01\/15210203\/GoCalp-Concurso.jpg","datePublished":"2024-01-15T20:02:46+00:00","description":"Els participants, estudiants m\u00e9s grans de 14 anys, opten a un primer premi de 5.000 euros i un segon dotat amb 3.000 euros","breadcrumb":{"@id":"https:\/\/radiolitoral.com\/2024\/01\/llega-el-ii-concurso-gocalp-dirigido-a-estudiantes-frente-a-los-riesgos-climaticos\/#breadcrumb"},"inLanguage":"ca","potentialAction":[{"@type":"ReadAction","target":["https:\/\/radiolitoral.com\/2024\/01\/llega-el-ii-concurso-gocalp-dirigido-a-estudiantes-frente-a-los-riesgos-climaticos\/"]}]},{"@type":"ImageObject","inLanguage":"ca","@id":"https:\/\/radiolitoral.com\/2024\/01\/llega-el-ii-concurso-gocalp-dirigido-a-estudiantes-frente-a-los-riesgos-climaticos\/#primaryimage","url":"https:\/\/media.radiolitoral.com\/wp-content\/uploads\/2024\/01\/15210203\/GoCalp-Concurso.jpg","contentUrl":"https:\/\/media.radiolitoral.com\/wp-content\/uploads\/2024\/01\/15210203\/GoCalp-Concurso.jpg","width":2000,"height":1500},{"@type":"BreadcrumbList","@id":"https:\/\/radiolitoral.com\/2024\/01\/llega-el-ii-concurso-gocalp-dirigido-a-estudiantes-frente-a-los-riesgos-climaticos\/#breadcrumb","itemListElement":[{"@type":"ListItem","position":1,"name":"Portada","item":"https:\/\/radiolitoral.com\/"},{"@type":"ListItem","position":2,"name":"Llega el II concurso #goCalp dirigido a estudiantes frente a los riesgos clim\u00e1ticos"}]},{"@type":"WebSite","@id":"https:\/\/radiolitoral.com\/#website","url":"https:\/\/radiolitoral.com\/","name":"R\u00e0dio Litoral","description":"La r\u00e0dio local de la Marina Alta","publisher":{"@id":"https:\/\/radiolitoral.com\/#organization"},"alternateName":"Litoral FM","potentialAction":[{"@type":"SearchAction","target":{"@type":"EntryPoint","urlTemplate":"https:\/\/radiolitoral.com\/?s={search_term_string}"},"query-input":{"@type":"PropertyValueSpecification","valueRequired":true,"valueName":"search_term_string"}}],"inLanguage":"ca"},{"@type":"Organization","@id":"https:\/\/radiolitoral.com\/#organization","name":"R\u00e0dio Litoral","url":"https:\/\/radiolitoral.com\/","logo":{"@type":"ImageObject","inLanguage":"ca","@id":"https:\/\/radiolitoral.com\/#\/schema\/logo\/image\/","url":"https:\/\/media.radiolitoral.com\/wp-content\/uploads\/2023\/02\/24143238\/CL-V-RadioLitoral696.png","contentUrl":"https:\/\/media.radiolitoral.com\/wp-content\/uploads\/2023\/02\/24143238\/CL-V-RadioLitoral696.png","width":696,"height":696,"caption":"Radio Litoral"},"image":{"@id":"https:\/\/radiolitoral.com\/#\/schema\/logo\/image\/"},"sameAs":["https:\/\/www.facebook.com\/Laradiolitoral\/"]},{"@type":"Person","@id":"https:\/\/radiolitoral.com\/#\/schema\/person\/aad4f72efa404f85b68e832d24cac059","name":"Mel Pescuezo","image":{"@type":"ImageObject","inLanguage":"ca","@id":"https:\/\/secure.gravatar.com\/avatar\/993975ae489c70cb0dd9bfa9413a082f0bd276582dac13661af7b33f161e7eea?s=96&d=mm&r=g","url":"https:\/\/secure.gravatar.com\/avatar\/993975ae489c70cb0dd9bfa9413a082f0bd276582dac13661af7b33f161e7eea?s=96&d=mm&r=g","contentUrl":"https:\/\/secure.gravatar.com\/avatar\/993975ae489c70cb0dd9bfa9413a082f0bd276582dac13661af7b33f161e7eea?s=96&d=mm&r=g","caption":"Mel Pescuezo"},"url":"https:\/\/radiolitoral.com\/ca\/author\/serviciospararadios\/"}]}},"_links":{"self":[{"href":"https:\/\/radiolitoral.com\/ca\/wp-json\/wp\/v2\/posts\/6360","targetHints":{"allow":["GET"]}}],"collection":[{"href":"https:\/\/radiolitoral.com\/ca\/wp-json\/wp\/v2\/posts"}],"about":[{"href":"https:\/\/radiolitoral.com\/ca\/wp-json\/wp\/v2\/types\/post"}],"author":[{"embeddable":true,"href":"https:\/\/radiolitoral.com\/ca\/wp-json\/wp\/v2\/users\/21"}],"replies":[{"embeddable":true,"href":"https:\/\/radiolitoral.com\/ca\/wp-json\/wp\/v2\/comments?post=6360"}],"version-history":[{"count":2,"href":"https:\/\/radiolitoral.com\/ca\/wp-json\/wp\/v2\/posts\/6360\/revisions"}],"predecessor-version":[{"id":6363,"href":"https:\/\/radiolitoral.com\/ca\/wp-json\/wp\/v2\/posts\/6360\/revisions\/6363"}],"wp:featuredmedia":[{"embeddable":true,"href":"https:\/\/radiolitoral.com\/ca\/wp-json\/wp\/v2\/media\/6361"}],"wp:attachment":[{"href":"https:\/\/radiolitoral.com\/ca\/wp-json\/wp\/v2\/media?parent=6360"}],"wp:term":[{"taxonomy":"category","embeddable":true,"href":"https:\/\/radiolitoral.com\/ca\/wp-json\/wp\/v2\/categories?post=6360"},{"taxonomy":"post_tag","embeddable":true,"href":"https:\/\/radiolitoral.com\/ca\/wp-json\/wp\/v2\/tags?post=6360"}],"curies":[{"name":"wp","href":"https:\/\/api.w.org\/{rel}","templated":true}]}}