{"id":6352,"date":"2024-01-15T20:44:08","date_gmt":"2024-01-15T19:44:08","guid":{"rendered":"https:\/\/radiolitoral.com\/?p=6352"},"modified":"2024-01-15T20:44:08","modified_gmt":"2024-01-15T19:44:08","slug":"teulada-posa-en-marxa-un-programa-anual-per-millorar-el-benestar-emocional","status":"publish","type":"post","link":"https:\/\/radiolitoral.com\/ca\/2024\/01\/teulada-pone-en-marcha-un-programa-anual-para-mejorar-el-bienestar-emocional\/","title":{"rendered":"Teulada posa en marxa un programa anual per millorar el benestar emocional"},"content":{"rendered":"<p>L&#039;Ajuntament de <strong>Teulada<\/strong> ha anunciat la posada en marxa d&#039;un servei per tal de millorar <strong>el benestar emocional<\/strong> dels ve\u00efns del municipi. Una iniciativa que arrenca aquest mes de gener, a la qual es pot accedir amb <strong>cita pr\u00e8via<\/strong> i que t\u00e9 <strong>car\u00e0cter gratu\u00eft. <\/strong><\/p>\n<p>La proposta promoguda des del departament de <strong>Joventut<\/strong> pret\u00e9n refor\u00e7ar, ajudar i acompanyar els ciutadans en diferents aspectes relacionats amb la salut mental.<\/p>\n<p>S\u201fhan programat un m\u00ednim de dos dies al mes amb horari de tarda, de 16 a 21 hores. El servei s&#039;ofereix tant a Teulada com a Moraira. I a les consultes s&#039;abordaran q\u00fcestions relacionades amb la inestabilitat emocional, la dificultat de concentraci\u00f3, l&#039;ab\u00fas de les noves tecnologies, el mal \u00fas de subst\u00e0ncies addictives, el joc patol\u00f2gic o les relacions familiars conflictives. Un programa que s&#039;estendr\u00e0 durant tot l&#039;any, del gener al desembre, descansant a l&#039;agost.<\/p>\n<p>Aix\u00ed ens ho ha explicat Josep Ivars, regidor de Joventut a l&#039;Ajuntament de Teulada.<\/p>\n<audio class=\"wp-audio-shortcode\" id=\"audio-6352-1\" preload=\"none\" style=\"width: 100%;\" controls=\"controls\"><source type=\"audio\/mpeg\" src=\"https:\/\/media.radiolitoral.com\/wp-content\/uploads\/2024\/01\/15203718\/Josep-Ivars.mp3?_=1\" \/><a href=\"https:\/\/media.radiolitoral.com\/wp-content\/uploads\/2024\/01\/15203718\/Josep-Ivars.mp3\">https:\/\/media.radiolitoral.com\/wp-content\/uploads\/2024\/01\/15203718\/Josep-Ivars.mp3<\/a><\/audio>","protected":false},"excerpt":{"rendered":"<p>El Ayuntamiento de Teulada ha anunciado la puesta en marcha de un servicio con el fin de mejorar el bienestar emocional de los vecinos del municipio. Una iniciativa que arranca este mes de enero, a la que se puede acceder con cita previa y que tiene car\u00e1cter gratuito. La propuesta promovida desde el departamento de [&#8230;]<\/p>\n<p><a class=\"btn btn-secondary understrap-read-more-link\" href=\"https:\/\/radiolitoral.com\/ca\/2024\/01\/teulada-pone-en-marcha-un-programa-anual-para-mejorar-el-bienestar-emocional\/\">Continua llegint&#8230;<span class=\"screen-reader-text\"> from Teulada pone en marcha un programa anual para mejorar el bienestar emocional<\/span><\/a><\/p>\n","protected":false},"author":21,"featured_media":6354,"comment_status":"open","ping_status":"closed","sticky":false,"template":"","format":"standard","meta":{"_acf_changed":false,"inline_featured_image":false,"footnotes":""},"categories":[818],"tags":[],"class_list":["post-6352","post","type-post","status-publish","format-standard","has-post-thumbnail","hentry","category-bienestar","cobertura-teulada-moraira"],"acf":[],"yoast_head":"<!-- This site is optimized with the Yoast SEO plugin v27.5 - https:\/\/yoast.com\/product\/yoast-seo-wordpress\/ -->\n<title>Teulada pone en marcha un programa anual para mejorar el bienestar emocional | R\u00e0dio Litoral<\/title>\n<meta name=\"description\" content=\"Se trata de un servicio gratuito, promovido desde Juventud, coordinado por profesionales y al que se accede con cita previa\" \/>\n<meta name=\"robots\" content=\"index, follow, max-snippet:-1, max-image-preview:large, max-video-preview:-1\" \/>\n<link rel=\"canonical\" href=\"https:\/\/radiolitoral.com\/ca\/2024\/01\/teulada-posa-en-marxa-un-programa-anual-per-millorar-el-benestar-emocional\/\" \/>\n<meta property=\"og:locale\" content=\"ca_ES\" \/>\n<meta property=\"og:type\" content=\"article\" \/>\n<meta property=\"og:title\" content=\"Teulada pone en marcha un programa anual para mejorar el bienestar emocional | R\u00e0dio Litoral\" \/>\n<meta property=\"og:description\" content=\"Se trata de un servicio gratuito, promovido desde Juventud, coordinado por profesionales y al que se accede con cita previa\" \/>\n<meta property=\"og:url\" content=\"https:\/\/radiolitoral.com\/ca\/2024\/01\/teulada-posa-en-marxa-un-programa-anual-per-millorar-el-benestar-emocional\/\" \/>\n<meta property=\"og:site_name\" content=\"R\u00e0dio Litoral\" \/>\n<meta property=\"article:publisher\" content=\"https:\/\/www.facebook.com\/Laradiolitoral\/\" \/>\n<meta property=\"article:published_time\" content=\"2024-01-15T19:44:08+00:00\" \/>\n<meta property=\"og:image\" content=\"https:\/\/media.radiolitoral.com\/wp-content\/uploads\/2024\/01\/15204151\/Bienestar-emocional-cartel.jpg\" \/>\n\t<meta property=\"og:image:width\" content=\"1080\" \/>\n\t<meta property=\"og:image:height\" content=\"1350\" \/>\n\t<meta property=\"og:image:type\" content=\"image\/jpeg\" \/>\n<meta name=\"author\" content=\"Mel Pescuezo\" \/>\n<meta name=\"twitter:card\" content=\"summary_large_image\" \/>\n<meta name=\"twitter:label1\" content=\"Escrit per\" \/>\n\t<meta name=\"twitter:data1\" content=\"Mel Pescuezo\" \/>\n\t<meta name=\"twitter:label2\" content=\"Temps estimat de lectura\" \/>\n\t<meta name=\"twitter:data2\" content=\"2 minuts\" \/>\n<script type=\"application\/ld+json\" class=\"yoast-schema-graph\">{\"@context\":\"https:\\\/\\\/schema.org\",\"@graph\":[{\"@type\":\"NewsArticle\",\"@id\":\"https:\\\/\\\/radiolitoral.com\\\/2024\\\/01\\\/teulada-pone-en-marcha-un-programa-anual-para-mejorar-el-bienestar-emocional\\\/#article\",\"isPartOf\":{\"@id\":\"https:\\\/\\\/radiolitoral.com\\\/2024\\\/01\\\/teulada-pone-en-marcha-un-programa-anual-para-mejorar-el-bienestar-emocional\\\/\"},\"author\":{\"name\":\"Mel Pescuezo\",\"@id\":\"https:\\\/\\\/radiolitoral.com\\\/#\\\/schema\\\/person\\\/aad4f72efa404f85b68e832d24cac059\"},\"headline\":\"Teulada pone en marcha un programa anual para mejorar el bienestar emocional\",\"datePublished\":\"2024-01-15T19:44:08+00:00\",\"mainEntityOfPage\":{\"@id\":\"https:\\\/\\\/radiolitoral.com\\\/2024\\\/01\\\/teulada-pone-en-marcha-un-programa-anual-para-mejorar-el-bienestar-emocional\\\/\"},\"wordCount\":196,\"commentCount\":0,\"publisher\":{\"@id\":\"https:\\\/\\\/radiolitoral.com\\\/#organization\"},\"image\":{\"@id\":\"https:\\\/\\\/radiolitoral.com\\\/2024\\\/01\\\/teulada-pone-en-marcha-un-programa-anual-para-mejorar-el-bienestar-emocional\\\/#primaryimage\"},\"thumbnailUrl\":\"https:\\\/\\\/media.radiolitoral.com\\\/wp-content\\\/uploads\\\/2024\\\/01\\\/15204151\\\/Bienestar-emocional-cartel.jpg\",\"articleSection\":[\"Bienestar\"],\"inLanguage\":\"ca\",\"potentialAction\":[{\"@type\":\"CommentAction\",\"name\":\"Comment\",\"target\":[\"https:\\\/\\\/radiolitoral.com\\\/2024\\\/01\\\/teulada-pone-en-marcha-un-programa-anual-para-mejorar-el-bienestar-emocional\\\/#respond\"]}]},{\"@type\":[\"WebPage\",\"ItemPage\"],\"@id\":\"https:\\\/\\\/radiolitoral.com\\\/2024\\\/01\\\/teulada-pone-en-marcha-un-programa-anual-para-mejorar-el-bienestar-emocional\\\/\",\"url\":\"https:\\\/\\\/radiolitoral.com\\\/2024\\\/01\\\/teulada-pone-en-marcha-un-programa-anual-para-mejorar-el-bienestar-emocional\\\/\",\"name\":\"Teulada pone en marcha un programa anual para mejorar el bienestar emocional | R\u00e0dio Litoral\",\"isPartOf\":{\"@id\":\"https:\\\/\\\/radiolitoral.com\\\/#website\"},\"primaryImageOfPage\":{\"@id\":\"https:\\\/\\\/radiolitoral.com\\\/2024\\\/01\\\/teulada-pone-en-marcha-un-programa-anual-para-mejorar-el-bienestar-emocional\\\/#primaryimage\"},\"image\":{\"@id\":\"https:\\\/\\\/radiolitoral.com\\\/2024\\\/01\\\/teulada-pone-en-marcha-un-programa-anual-para-mejorar-el-bienestar-emocional\\\/#primaryimage\"},\"thumbnailUrl\":\"https:\\\/\\\/media.radiolitoral.com\\\/wp-content\\\/uploads\\\/2024\\\/01\\\/15204151\\\/Bienestar-emocional-cartel.jpg\",\"datePublished\":\"2024-01-15T19:44:08+00:00\",\"description\":\"Se trata de un servicio gratuito, promovido desde Juventud, coordinado por profesionales y al que se accede con cita previa\",\"breadcrumb\":{\"@id\":\"https:\\\/\\\/radiolitoral.com\\\/2024\\\/01\\\/teulada-pone-en-marcha-un-programa-anual-para-mejorar-el-bienestar-emocional\\\/#breadcrumb\"},\"inLanguage\":\"ca\",\"potentialAction\":[{\"@type\":\"ReadAction\",\"target\":[\"https:\\\/\\\/radiolitoral.com\\\/2024\\\/01\\\/teulada-pone-en-marcha-un-programa-anual-para-mejorar-el-bienestar-emocional\\\/\"]}]},{\"@type\":\"ImageObject\",\"inLanguage\":\"ca\",\"@id\":\"https:\\\/\\\/radiolitoral.com\\\/2024\\\/01\\\/teulada-pone-en-marcha-un-programa-anual-para-mejorar-el-bienestar-emocional\\\/#primaryimage\",\"url\":\"https:\\\/\\\/media.radiolitoral.com\\\/wp-content\\\/uploads\\\/2024\\\/01\\\/15204151\\\/Bienestar-emocional-cartel.jpg\",\"contentUrl\":\"https:\\\/\\\/media.radiolitoral.com\\\/wp-content\\\/uploads\\\/2024\\\/01\\\/15204151\\\/Bienestar-emocional-cartel.jpg\",\"width\":1080,\"height\":1350},{\"@type\":\"BreadcrumbList\",\"@id\":\"https:\\\/\\\/radiolitoral.com\\\/2024\\\/01\\\/teulada-pone-en-marcha-un-programa-anual-para-mejorar-el-bienestar-emocional\\\/#breadcrumb\",\"itemListElement\":[{\"@type\":\"ListItem\",\"position\":1,\"name\":\"Portada\",\"item\":\"https:\\\/\\\/radiolitoral.com\\\/\"},{\"@type\":\"ListItem\",\"position\":2,\"name\":\"Teulada pone en marcha un programa anual para mejorar el bienestar emocional\"}]},{\"@type\":\"WebSite\",\"@id\":\"https:\\\/\\\/radiolitoral.com\\\/#website\",\"url\":\"https:\\\/\\\/radiolitoral.com\\\/\",\"name\":\"Radio Litoral\",\"description\":\"La radio local de la Marina Alta\",\"publisher\":{\"@id\":\"https:\\\/\\\/radiolitoral.com\\\/#organization\"},\"alternateName\":\"Litoral FM\",\"potentialAction\":[{\"@type\":\"SearchAction\",\"target\":{\"@type\":\"EntryPoint\",\"urlTemplate\":\"https:\\\/\\\/radiolitoral.com\\\/?s={search_term_string}\"},\"query-input\":{\"@type\":\"PropertyValueSpecification\",\"valueRequired\":true,\"valueName\":\"search_term_string\"}}],\"inLanguage\":\"ca\"},{\"@type\":\"Organization\",\"@id\":\"https:\\\/\\\/radiolitoral.com\\\/#organization\",\"name\":\"Radio Litoral\",\"url\":\"https:\\\/\\\/radiolitoral.com\\\/\",\"logo\":{\"@type\":\"ImageObject\",\"inLanguage\":\"ca\",\"@id\":\"https:\\\/\\\/radiolitoral.com\\\/#\\\/schema\\\/logo\\\/image\\\/\",\"url\":\"https:\\\/\\\/media.radiolitoral.com\\\/wp-content\\\/uploads\\\/2023\\\/02\\\/24143238\\\/CL-V-RadioLitoral696.png\",\"contentUrl\":\"https:\\\/\\\/media.radiolitoral.com\\\/wp-content\\\/uploads\\\/2023\\\/02\\\/24143238\\\/CL-V-RadioLitoral696.png\",\"width\":696,\"height\":696,\"caption\":\"Radio Litoral\"},\"image\":{\"@id\":\"https:\\\/\\\/radiolitoral.com\\\/#\\\/schema\\\/logo\\\/image\\\/\"},\"sameAs\":[\"https:\\\/\\\/www.facebook.com\\\/Laradiolitoral\\\/\"]},{\"@type\":\"Person\",\"@id\":\"https:\\\/\\\/radiolitoral.com\\\/#\\\/schema\\\/person\\\/aad4f72efa404f85b68e832d24cac059\",\"name\":\"Mel Pescuezo\",\"image\":{\"@type\":\"ImageObject\",\"inLanguage\":\"ca\",\"@id\":\"https:\\\/\\\/secure.gravatar.com\\\/avatar\\\/993975ae489c70cb0dd9bfa9413a082f0bd276582dac13661af7b33f161e7eea?s=96&d=mm&r=g\",\"url\":\"https:\\\/\\\/secure.gravatar.com\\\/avatar\\\/993975ae489c70cb0dd9bfa9413a082f0bd276582dac13661af7b33f161e7eea?s=96&d=mm&r=g\",\"contentUrl\":\"https:\\\/\\\/secure.gravatar.com\\\/avatar\\\/993975ae489c70cb0dd9bfa9413a082f0bd276582dac13661af7b33f161e7eea?s=96&d=mm&r=g\",\"caption\":\"Mel Pescuezo\"},\"url\":\"https:\\\/\\\/radiolitoral.com\\\/ca\\\/author\\\/serviciospararadios\\\/\"}]}<\/script>\n<!-- \/ Yoast SEO plugin. -->","yoast_head_json":{"title":"Teulada posa en marxa un programa anual per millorar el benestar emocional | R\u00e0dio Litoral","description":"Es tracta d\u00b4un servei gratu\u00eft, promogut des de Joventut, coordinat per professionals i al qual s\u00b4accedeix amb cita pr\u00e8via","robots":{"index":"index","follow":"follow","max-snippet":"max-snippet:-1","max-image-preview":"max-image-preview:large","max-video-preview":"max-video-preview:-1"},"canonical":"https:\/\/radiolitoral.com\/ca\/2024\/01\/teulada-posa-en-marxa-un-programa-anual-per-millorar-el-benestar-emocional\/","og_locale":"ca_ES","og_type":"article","og_title":"Teulada pone en marcha un programa anual para mejorar el bienestar emocional | R\u00e0dio Litoral","og_description":"Se trata de un servicio gratuito, promovido desde Juventud, coordinado por profesionales y al que se accede con cita previa","og_url":"https:\/\/radiolitoral.com\/ca\/2024\/01\/teulada-posa-en-marxa-un-programa-anual-per-millorar-el-benestar-emocional\/","og_site_name":"R\u00e0dio Litoral","article_publisher":"https:\/\/www.facebook.com\/Laradiolitoral\/","article_published_time":"2024-01-15T19:44:08+00:00","og_image":[{"width":1080,"height":1350,"url":"https:\/\/media.radiolitoral.com\/wp-content\/uploads\/2024\/01\/15204151\/Bienestar-emocional-cartel.jpg","type":"image\/jpeg"}],"author":"Mel Pescuezo","twitter_card":"summary_large_image","twitter_misc":{"Escrit per":"Mel Pescuezo","Temps estimat de lectura":"2 minuts"},"schema":{"@context":"https:\/\/schema.org","@graph":[{"@type":"NewsArticle","@id":"https:\/\/radiolitoral.com\/2024\/01\/teulada-pone-en-marcha-un-programa-anual-para-mejorar-el-bienestar-emocional\/#article","isPartOf":{"@id":"https:\/\/radiolitoral.com\/2024\/01\/teulada-pone-en-marcha-un-programa-anual-para-mejorar-el-bienestar-emocional\/"},"author":{"name":"Mel Pescuezo","@id":"https:\/\/radiolitoral.com\/#\/schema\/person\/aad4f72efa404f85b68e832d24cac059"},"headline":"Teulada pone en marcha un programa anual para mejorar el bienestar emocional","datePublished":"2024-01-15T19:44:08+00:00","mainEntityOfPage":{"@id":"https:\/\/radiolitoral.com\/2024\/01\/teulada-pone-en-marcha-un-programa-anual-para-mejorar-el-bienestar-emocional\/"},"wordCount":196,"commentCount":0,"publisher":{"@id":"https:\/\/radiolitoral.com\/#organization"},"image":{"@id":"https:\/\/radiolitoral.com\/2024\/01\/teulada-pone-en-marcha-un-programa-anual-para-mejorar-el-bienestar-emocional\/#primaryimage"},"thumbnailUrl":"https:\/\/media.radiolitoral.com\/wp-content\/uploads\/2024\/01\/15204151\/Bienestar-emocional-cartel.jpg","articleSection":["Bienestar"],"inLanguage":"ca","potentialAction":[{"@type":"CommentAction","name":"Comment","target":["https:\/\/radiolitoral.com\/2024\/01\/teulada-pone-en-marcha-un-programa-anual-para-mejorar-el-bienestar-emocional\/#respond"]}]},{"@type":["WebPage","ItemPage"],"@id":"https:\/\/radiolitoral.com\/2024\/01\/teulada-pone-en-marcha-un-programa-anual-para-mejorar-el-bienestar-emocional\/","url":"https:\/\/radiolitoral.com\/2024\/01\/teulada-pone-en-marcha-un-programa-anual-para-mejorar-el-bienestar-emocional\/","name":"Teulada posa en marxa un programa anual per millorar el benestar emocional | R\u00e0dio Litoral","isPartOf":{"@id":"https:\/\/radiolitoral.com\/#website"},"primaryImageOfPage":{"@id":"https:\/\/radiolitoral.com\/2024\/01\/teulada-pone-en-marcha-un-programa-anual-para-mejorar-el-bienestar-emocional\/#primaryimage"},"image":{"@id":"https:\/\/radiolitoral.com\/2024\/01\/teulada-pone-en-marcha-un-programa-anual-para-mejorar-el-bienestar-emocional\/#primaryimage"},"thumbnailUrl":"https:\/\/media.radiolitoral.com\/wp-content\/uploads\/2024\/01\/15204151\/Bienestar-emocional-cartel.jpg","datePublished":"2024-01-15T19:44:08+00:00","description":"Es tracta d\u00b4un servei gratu\u00eft, promogut des de Joventut, coordinat per professionals i al qual s\u00b4accedeix amb cita pr\u00e8via","breadcrumb":{"@id":"https:\/\/radiolitoral.com\/2024\/01\/teulada-pone-en-marcha-un-programa-anual-para-mejorar-el-bienestar-emocional\/#breadcrumb"},"inLanguage":"ca","potentialAction":[{"@type":"ReadAction","target":["https:\/\/radiolitoral.com\/2024\/01\/teulada-pone-en-marcha-un-programa-anual-para-mejorar-el-bienestar-emocional\/"]}]},{"@type":"ImageObject","inLanguage":"ca","@id":"https:\/\/radiolitoral.com\/2024\/01\/teulada-pone-en-marcha-un-programa-anual-para-mejorar-el-bienestar-emocional\/#primaryimage","url":"https:\/\/media.radiolitoral.com\/wp-content\/uploads\/2024\/01\/15204151\/Bienestar-emocional-cartel.jpg","contentUrl":"https:\/\/media.radiolitoral.com\/wp-content\/uploads\/2024\/01\/15204151\/Bienestar-emocional-cartel.jpg","width":1080,"height":1350},{"@type":"BreadcrumbList","@id":"https:\/\/radiolitoral.com\/2024\/01\/teulada-pone-en-marcha-un-programa-anual-para-mejorar-el-bienestar-emocional\/#breadcrumb","itemListElement":[{"@type":"ListItem","position":1,"name":"Portada","item":"https:\/\/radiolitoral.com\/"},{"@type":"ListItem","position":2,"name":"Teulada pone en marcha un programa anual para mejorar el bienestar emocional"}]},{"@type":"WebSite","@id":"https:\/\/radiolitoral.com\/#website","url":"https:\/\/radiolitoral.com\/","name":"R\u00e0dio Litoral","description":"La r\u00e0dio local de la Marina Alta","publisher":{"@id":"https:\/\/radiolitoral.com\/#organization"},"alternateName":"Litoral FM","potentialAction":[{"@type":"SearchAction","target":{"@type":"EntryPoint","urlTemplate":"https:\/\/radiolitoral.com\/?s={search_term_string}"},"query-input":{"@type":"PropertyValueSpecification","valueRequired":true,"valueName":"search_term_string"}}],"inLanguage":"ca"},{"@type":"Organization","@id":"https:\/\/radiolitoral.com\/#organization","name":"R\u00e0dio Litoral","url":"https:\/\/radiolitoral.com\/","logo":{"@type":"ImageObject","inLanguage":"ca","@id":"https:\/\/radiolitoral.com\/#\/schema\/logo\/image\/","url":"https:\/\/media.radiolitoral.com\/wp-content\/uploads\/2023\/02\/24143238\/CL-V-RadioLitoral696.png","contentUrl":"https:\/\/media.radiolitoral.com\/wp-content\/uploads\/2023\/02\/24143238\/CL-V-RadioLitoral696.png","width":696,"height":696,"caption":"Radio Litoral"},"image":{"@id":"https:\/\/radiolitoral.com\/#\/schema\/logo\/image\/"},"sameAs":["https:\/\/www.facebook.com\/Laradiolitoral\/"]},{"@type":"Person","@id":"https:\/\/radiolitoral.com\/#\/schema\/person\/aad4f72efa404f85b68e832d24cac059","name":"Mel Pescuezo","image":{"@type":"ImageObject","inLanguage":"ca","@id":"https:\/\/secure.gravatar.com\/avatar\/993975ae489c70cb0dd9bfa9413a082f0bd276582dac13661af7b33f161e7eea?s=96&d=mm&r=g","url":"https:\/\/secure.gravatar.com\/avatar\/993975ae489c70cb0dd9bfa9413a082f0bd276582dac13661af7b33f161e7eea?s=96&d=mm&r=g","contentUrl":"https:\/\/secure.gravatar.com\/avatar\/993975ae489c70cb0dd9bfa9413a082f0bd276582dac13661af7b33f161e7eea?s=96&d=mm&r=g","caption":"Mel Pescuezo"},"url":"https:\/\/radiolitoral.com\/ca\/author\/serviciospararadios\/"}]}},"_links":{"self":[{"href":"https:\/\/radiolitoral.com\/ca\/wp-json\/wp\/v2\/posts\/6352","targetHints":{"allow":["GET"]}}],"collection":[{"href":"https:\/\/radiolitoral.com\/ca\/wp-json\/wp\/v2\/posts"}],"about":[{"href":"https:\/\/radiolitoral.com\/ca\/wp-json\/wp\/v2\/types\/post"}],"author":[{"embeddable":true,"href":"https:\/\/radiolitoral.com\/ca\/wp-json\/wp\/v2\/users\/21"}],"replies":[{"embeddable":true,"href":"https:\/\/radiolitoral.com\/ca\/wp-json\/wp\/v2\/comments?post=6352"}],"version-history":[{"count":3,"href":"https:\/\/radiolitoral.com\/ca\/wp-json\/wp\/v2\/posts\/6352\/revisions"}],"predecessor-version":[{"id":6358,"href":"https:\/\/radiolitoral.com\/ca\/wp-json\/wp\/v2\/posts\/6352\/revisions\/6358"}],"wp:featuredmedia":[{"embeddable":true,"href":"https:\/\/radiolitoral.com\/ca\/wp-json\/wp\/v2\/media\/6354"}],"wp:attachment":[{"href":"https:\/\/radiolitoral.com\/ca\/wp-json\/wp\/v2\/media?parent=6352"}],"wp:term":[{"taxonomy":"category","embeddable":true,"href":"https:\/\/radiolitoral.com\/ca\/wp-json\/wp\/v2\/categories?post=6352"},{"taxonomy":"post_tag","embeddable":true,"href":"https:\/\/radiolitoral.com\/ca\/wp-json\/wp\/v2\/tags?post=6352"}],"curies":[{"name":"wp","href":"https:\/\/api.w.org\/{rel}","templated":true}]}}