{"id":6337,"date":"2024-01-13T09:42:24","date_gmt":"2024-01-13T08:42:24","guid":{"rendered":"https:\/\/radiolitoral.com\/?p=6337"},"modified":"2024-01-13T09:42:24","modified_gmt":"2024-01-13T08:42:24","slug":"la-nova-placa-major-de-xalo-auna-tradicio-i-avantguarda","status":"publish","type":"post","link":"https:\/\/radiolitoral.com\/ca\/2024\/01\/la-nueva-placa-major-de-xalo-auna-tradicion-y-vanguardia\/","title":{"rendered":"La nova Pla\u00e7a Major de Xal\u00f3 uneix tradici\u00f3 i avantguarda"},"content":{"rendered":"<p><strong>Xal\u00f3<\/strong> est\u00e0 estrenada. El municipi ha renovat la imatge del centre hist\u00f2ric en executar el projecte de modernitzaci\u00f3 i millora de la pla\u00e7a de la poblaci\u00f3. Unes obres que han patit m\u00e9s d&#039;un contratemps, per\u00f2 que avui ja s\u00f3n una realitat. Una actuaci\u00f3, obra de l&#039;arquitecte local Joan Valeri\u00e0 Ferrer, que ha volgut unir <strong>tradici\u00f3 i avantguarda<\/strong>, creant un lloc de trobada per a les persones, del qual destaca un banc semicircular central.<\/p>\n<p>Des de l&#039;Ajuntament, el <strong>regidor de Patrimoni, Gerard Fullana<\/strong>, ha remarcat la intenci\u00f3 de reconstruir un centre hist\u00f2ric amable amb les persones, recuperant l&#039;ess\u00e8ncia de poble i incorporant tend\u00e8ncies urban\u00edstiques avantguardistes, amb aquest projecte.<\/p>\n<p>L&#039;edil tamb\u00e9 ha volgut agrair la paci\u00e8ncia dels ve\u00efns i el comer\u00e7 local, que han patit aquestes obres i els retards que han allargat els treballs m\u00e9s del previst.<\/p>\n<audio class=\"wp-audio-shortcode\" id=\"audio-6337-1\" preload=\"none\" style=\"width: 100%;\" controls=\"controls\"><source type=\"audio\/mpeg\" src=\"https:\/\/media.radiolitoral.com\/wp-content\/uploads\/2024\/01\/13093618\/Gerard-Fullana-Placa.mp3?_=1\" \/><a href=\"https:\/\/media.radiolitoral.com\/wp-content\/uploads\/2024\/01\/13093618\/Gerard-Fullana-Placa.mp3\">https:\/\/media.radiolitoral.com\/wp-content\/uploads\/2024\/01\/13093618\/Gerard-Fullana-Placa.mp3<\/a><\/audio>\n<p>&nbsp;<\/p>\n<p>Amb aquest projecte la <strong>pla\u00e7a Major de Xal\u00f3<\/strong>, ha canviat el terra d&#039;asfalt per un de pedra calc\u00e0ria aut\u00f2ctona, que imita les voreres que es van instal\u00b7lar fa m\u00e9s de dos segles en aquesta mateixa \u00e0rea urbana, s&#039;ha instal\u00b7lat un <strong>banc central<\/strong> de pedra natural que permet la reuni\u00f3 interior i exterior i que a la nit s&#039;il\u00b7lumina. S&#039;ha redissenyat la tradicional font, que ara es fusiona amb el banc central en un dels laterals. La reforma ha incl\u00f2s part de les <strong>tres carrers<\/strong> que connecten la pla\u00e7a amb el poble: Major, Esgl\u00e9sia i Alacant. L&#039;obra va comen\u00e7ar el novembre del 2022 i ha finalitzat aquest mes de gener, amb sis mesos de demora a causa de la modificaci\u00f3 del projecte necess\u00e0ria per adaptar els canvis sorgits durant la intervenci\u00f3.<\/p>\n<p>Una actuaci\u00f3 amb <strong>un pressupost de 700.000 euros<\/strong>, finan\u00e7ats per la Diputaci\u00f3 d&#039;Alacant (80%) i l&#039;Ajuntament de Xal\u00f3 (20%) en el marc del Pla Planifica.<\/p>","protected":false},"excerpt":{"rendered":"<p>Xal\u00f3 est\u00e1 de estreno. El municipio ha renovado la imagen de su centro hist\u00f3rico al ejecutar el proyecto de modernizaci\u00f3n y mejora de la plaza de la poblaci\u00f3n. Unas obras que han sufrido m\u00e1s de un contratiempo, pero que a d\u00eda de hoy ya son una realidad. Una actuaci\u00f3n, obra del arquitecto local Joan Valeri\u00e0 [&#8230;]<\/p>\n<p><a class=\"btn btn-secondary understrap-read-more-link\" href=\"https:\/\/radiolitoral.com\/ca\/2024\/01\/la-nueva-placa-major-de-xalo-auna-tradicion-y-vanguardia\/\">Continua llegint&#8230;<span class=\"screen-reader-text\"> from La nueva Pla\u00e7a Major de Xal\u00f3 a\u00fana tradici\u00f3n y vanguardia<\/span><\/a><\/p>\n","protected":false},"author":13,"featured_media":6339,"comment_status":"open","ping_status":"closed","sticky":false,"template":"","format":"standard","meta":{"_acf_changed":false,"inline_featured_image":false,"footnotes":""},"categories":[100,81],"tags":[],"class_list":["post-6337","post","type-post","status-publish","format-standard","has-post-thumbnail","hentry","category-obras","category-urbanismo","cobertura-xalo"],"acf":[],"yoast_head":"<!-- This site is optimized with the Yoast SEO plugin v27.5 - https:\/\/yoast.com\/product\/yoast-seo-wordpress\/ -->\n<title>La nueva Pla\u00e7a Major de Xal\u00f3 a\u00fana tradici\u00f3n y vanguardia | R\u00e0dio Litoral<\/title>\n<meta name=\"description\" content=\"Finaliza el proyecto con el que se ha redise\u00f1ado el centro urbano de Xal\u00f3 y en el que se han invertido 700.000 euros\" \/>\n<meta name=\"robots\" content=\"index, follow, max-snippet:-1, max-image-preview:large, max-video-preview:-1\" \/>\n<link rel=\"canonical\" href=\"https:\/\/radiolitoral.com\/ca\/2024\/01\/la-nova-placa-major-de-xalo-auna-tradicio-i-avantguarda\/\" \/>\n<meta property=\"og:locale\" content=\"ca_ES\" \/>\n<meta property=\"og:type\" content=\"article\" \/>\n<meta property=\"og:title\" content=\"La nueva Pla\u00e7a Major de Xal\u00f3 a\u00fana tradici\u00f3n y vanguardia | R\u00e0dio Litoral\" \/>\n<meta property=\"og:description\" content=\"Finaliza el proyecto con el que se ha redise\u00f1ado el centro urbano de Xal\u00f3 y en el que se han invertido 700.000 euros\" \/>\n<meta property=\"og:url\" content=\"https:\/\/radiolitoral.com\/ca\/2024\/01\/la-nova-placa-major-de-xalo-auna-tradicio-i-avantguarda\/\" \/>\n<meta property=\"og:site_name\" content=\"R\u00e0dio Litoral\" \/>\n<meta property=\"article:publisher\" content=\"https:\/\/www.facebook.com\/Laradiolitoral\/\" \/>\n<meta property=\"article:published_time\" content=\"2024-01-13T08:42:24+00:00\" \/>\n<meta property=\"og:image\" content=\"https:\/\/media.radiolitoral.com\/wp-content\/uploads\/2024\/01\/13094038\/Nova-Placa-Major-2-Xalo.jpeg\" \/>\n\t<meta property=\"og:image:width\" content=\"1600\" \/>\n\t<meta property=\"og:image:height\" content=\"897\" \/>\n\t<meta property=\"og:image:type\" content=\"image\/jpeg\" \/>\n<meta name=\"author\" content=\"Redacci\u00f3n\" \/>\n<meta name=\"twitter:card\" content=\"summary_large_image\" \/>\n<meta name=\"twitter:label1\" content=\"Escrit per\" \/>\n\t<meta name=\"twitter:data1\" content=\"Redacci\u00f3n\" \/>\n\t<meta name=\"twitter:label2\" content=\"Temps estimat de lectura\" \/>\n\t<meta name=\"twitter:data2\" content=\"2 minuts\" \/>\n<script type=\"application\/ld+json\" class=\"yoast-schema-graph\">{\"@context\":\"https:\\\/\\\/schema.org\",\"@graph\":[{\"@type\":\"NewsArticle\",\"@id\":\"https:\\\/\\\/radiolitoral.com\\\/2024\\\/01\\\/la-nueva-placa-major-de-xalo-auna-tradicion-y-vanguardia\\\/#article\",\"isPartOf\":{\"@id\":\"https:\\\/\\\/radiolitoral.com\\\/2024\\\/01\\\/la-nueva-placa-major-de-xalo-auna-tradicion-y-vanguardia\\\/\"},\"author\":{\"name\":\"Redacci\u00f3n\",\"@id\":\"https:\\\/\\\/radiolitoral.com\\\/#\\\/schema\\\/person\\\/f2b2343c49b5d721857cc1002bfdb151\"},\"headline\":\"La nueva Pla\u00e7a Major de Xal\u00f3 a\u00fana tradici\u00f3n y vanguardia\",\"datePublished\":\"2024-01-13T08:42:24+00:00\",\"mainEntityOfPage\":{\"@id\":\"https:\\\/\\\/radiolitoral.com\\\/2024\\\/01\\\/la-nueva-placa-major-de-xalo-auna-tradicion-y-vanguardia\\\/\"},\"wordCount\":345,\"commentCount\":0,\"publisher\":{\"@id\":\"https:\\\/\\\/radiolitoral.com\\\/#organization\"},\"image\":{\"@id\":\"https:\\\/\\\/radiolitoral.com\\\/2024\\\/01\\\/la-nueva-placa-major-de-xalo-auna-tradicion-y-vanguardia\\\/#primaryimage\"},\"thumbnailUrl\":\"https:\\\/\\\/media.radiolitoral.com\\\/wp-content\\\/uploads\\\/2024\\\/01\\\/13094038\\\/Nova-Placa-Major-2-Xalo.jpeg\",\"articleSection\":[\"Obras\",\"Urbanismo\"],\"inLanguage\":\"ca\",\"potentialAction\":[{\"@type\":\"CommentAction\",\"name\":\"Comment\",\"target\":[\"https:\\\/\\\/radiolitoral.com\\\/2024\\\/01\\\/la-nueva-placa-major-de-xalo-auna-tradicion-y-vanguardia\\\/#respond\"]}]},{\"@type\":[\"WebPage\",\"ItemPage\"],\"@id\":\"https:\\\/\\\/radiolitoral.com\\\/2024\\\/01\\\/la-nueva-placa-major-de-xalo-auna-tradicion-y-vanguardia\\\/\",\"url\":\"https:\\\/\\\/radiolitoral.com\\\/2024\\\/01\\\/la-nueva-placa-major-de-xalo-auna-tradicion-y-vanguardia\\\/\",\"name\":\"La nueva Pla\u00e7a Major de Xal\u00f3 a\u00fana tradici\u00f3n y vanguardia | R\u00e0dio Litoral\",\"isPartOf\":{\"@id\":\"https:\\\/\\\/radiolitoral.com\\\/#website\"},\"primaryImageOfPage\":{\"@id\":\"https:\\\/\\\/radiolitoral.com\\\/2024\\\/01\\\/la-nueva-placa-major-de-xalo-auna-tradicion-y-vanguardia\\\/#primaryimage\"},\"image\":{\"@id\":\"https:\\\/\\\/radiolitoral.com\\\/2024\\\/01\\\/la-nueva-placa-major-de-xalo-auna-tradicion-y-vanguardia\\\/#primaryimage\"},\"thumbnailUrl\":\"https:\\\/\\\/media.radiolitoral.com\\\/wp-content\\\/uploads\\\/2024\\\/01\\\/13094038\\\/Nova-Placa-Major-2-Xalo.jpeg\",\"datePublished\":\"2024-01-13T08:42:24+00:00\",\"description\":\"Finaliza el proyecto con el que se ha redise\u00f1ado el centro urbano de Xal\u00f3 y en el que se han invertido 700.000 euros\",\"breadcrumb\":{\"@id\":\"https:\\\/\\\/radiolitoral.com\\\/2024\\\/01\\\/la-nueva-placa-major-de-xalo-auna-tradicion-y-vanguardia\\\/#breadcrumb\"},\"inLanguage\":\"ca\",\"potentialAction\":[{\"@type\":\"ReadAction\",\"target\":[\"https:\\\/\\\/radiolitoral.com\\\/2024\\\/01\\\/la-nueva-placa-major-de-xalo-auna-tradicion-y-vanguardia\\\/\"]}]},{\"@type\":\"ImageObject\",\"inLanguage\":\"ca\",\"@id\":\"https:\\\/\\\/radiolitoral.com\\\/2024\\\/01\\\/la-nueva-placa-major-de-xalo-auna-tradicion-y-vanguardia\\\/#primaryimage\",\"url\":\"https:\\\/\\\/media.radiolitoral.com\\\/wp-content\\\/uploads\\\/2024\\\/01\\\/13094038\\\/Nova-Placa-Major-2-Xalo.jpeg\",\"contentUrl\":\"https:\\\/\\\/media.radiolitoral.com\\\/wp-content\\\/uploads\\\/2024\\\/01\\\/13094038\\\/Nova-Placa-Major-2-Xalo.jpeg\",\"width\":1600,\"height\":897},{\"@type\":\"BreadcrumbList\",\"@id\":\"https:\\\/\\\/radiolitoral.com\\\/2024\\\/01\\\/la-nueva-placa-major-de-xalo-auna-tradicion-y-vanguardia\\\/#breadcrumb\",\"itemListElement\":[{\"@type\":\"ListItem\",\"position\":1,\"name\":\"Portada\",\"item\":\"https:\\\/\\\/radiolitoral.com\\\/\"},{\"@type\":\"ListItem\",\"position\":2,\"name\":\"La nueva Pla\u00e7a Major de Xal\u00f3 a\u00fana tradici\u00f3n y vanguardia\"}]},{\"@type\":\"WebSite\",\"@id\":\"https:\\\/\\\/radiolitoral.com\\\/#website\",\"url\":\"https:\\\/\\\/radiolitoral.com\\\/\",\"name\":\"Radio Litoral\",\"description\":\"La radio local de la Marina Alta\",\"publisher\":{\"@id\":\"https:\\\/\\\/radiolitoral.com\\\/#organization\"},\"alternateName\":\"Litoral FM\",\"potentialAction\":[{\"@type\":\"SearchAction\",\"target\":{\"@type\":\"EntryPoint\",\"urlTemplate\":\"https:\\\/\\\/radiolitoral.com\\\/?s={search_term_string}\"},\"query-input\":{\"@type\":\"PropertyValueSpecification\",\"valueRequired\":true,\"valueName\":\"search_term_string\"}}],\"inLanguage\":\"ca\"},{\"@type\":\"Organization\",\"@id\":\"https:\\\/\\\/radiolitoral.com\\\/#organization\",\"name\":\"Radio Litoral\",\"url\":\"https:\\\/\\\/radiolitoral.com\\\/\",\"logo\":{\"@type\":\"ImageObject\",\"inLanguage\":\"ca\",\"@id\":\"https:\\\/\\\/radiolitoral.com\\\/#\\\/schema\\\/logo\\\/image\\\/\",\"url\":\"https:\\\/\\\/media.radiolitoral.com\\\/wp-content\\\/uploads\\\/2023\\\/02\\\/24143238\\\/CL-V-RadioLitoral696.png\",\"contentUrl\":\"https:\\\/\\\/media.radiolitoral.com\\\/wp-content\\\/uploads\\\/2023\\\/02\\\/24143238\\\/CL-V-RadioLitoral696.png\",\"width\":696,\"height\":696,\"caption\":\"Radio Litoral\"},\"image\":{\"@id\":\"https:\\\/\\\/radiolitoral.com\\\/#\\\/schema\\\/logo\\\/image\\\/\"},\"sameAs\":[\"https:\\\/\\\/www.facebook.com\\\/Laradiolitoral\\\/\"]},{\"@type\":\"Person\",\"@id\":\"https:\\\/\\\/radiolitoral.com\\\/#\\\/schema\\\/person\\\/f2b2343c49b5d721857cc1002bfdb151\",\"name\":\"Redacci\u00f3n\",\"image\":{\"@type\":\"ImageObject\",\"inLanguage\":\"ca\",\"@id\":\"https:\\\/\\\/secure.gravatar.com\\\/avatar\\\/f771d896c203ad8b3382d7905cfcce5a5c9b008b84b3cd9114e9b9f4cb63f789?s=96&d=mm&r=g\",\"url\":\"https:\\\/\\\/secure.gravatar.com\\\/avatar\\\/f771d896c203ad8b3382d7905cfcce5a5c9b008b84b3cd9114e9b9f4cb63f789?s=96&d=mm&r=g\",\"contentUrl\":\"https:\\\/\\\/secure.gravatar.com\\\/avatar\\\/f771d896c203ad8b3382d7905cfcce5a5c9b008b84b3cd9114e9b9f4cb63f789?s=96&d=mm&r=g\",\"caption\":\"Redacci\u00f3n\"},\"url\":\"https:\\\/\\\/radiolitoral.com\\\/ca\\\/author\\\/miriam-pagan\\\/\"}]}<\/script>\n<!-- \/ Yoast SEO plugin. -->","yoast_head_json":{"title":"La nova Pla\u00e7a Major de Xal\u00f3 uneix tradici\u00f3 i avantguarda | R\u00e0dio Litoral","description":"Finalitza el projecte amb qu\u00e8 s&#039;ha redissenyat el centre urb\u00e0 de Xal\u00f3 i en qu\u00e8 s&#039;han invertit 700.000 euros","robots":{"index":"index","follow":"follow","max-snippet":"max-snippet:-1","max-image-preview":"max-image-preview:large","max-video-preview":"max-video-preview:-1"},"canonical":"https:\/\/radiolitoral.com\/ca\/2024\/01\/la-nova-placa-major-de-xalo-auna-tradicio-i-avantguarda\/","og_locale":"ca_ES","og_type":"article","og_title":"La nueva Pla\u00e7a Major de Xal\u00f3 a\u00fana tradici\u00f3n y vanguardia | R\u00e0dio Litoral","og_description":"Finaliza el proyecto con el que se ha redise\u00f1ado el centro urbano de Xal\u00f3 y en el que se han invertido 700.000 euros","og_url":"https:\/\/radiolitoral.com\/ca\/2024\/01\/la-nova-placa-major-de-xalo-auna-tradicio-i-avantguarda\/","og_site_name":"R\u00e0dio Litoral","article_publisher":"https:\/\/www.facebook.com\/Laradiolitoral\/","article_published_time":"2024-01-13T08:42:24+00:00","og_image":[{"width":1600,"height":897,"url":"https:\/\/media.radiolitoral.com\/wp-content\/uploads\/2024\/01\/13094038\/Nova-Placa-Major-2-Xalo.jpeg","type":"image\/jpeg"}],"author":"Redacci\u00f3n","twitter_card":"summary_large_image","twitter_misc":{"Escrit per":"Redacci\u00f3n","Temps estimat de lectura":"2 minuts"},"schema":{"@context":"https:\/\/schema.org","@graph":[{"@type":"NewsArticle","@id":"https:\/\/radiolitoral.com\/2024\/01\/la-nueva-placa-major-de-xalo-auna-tradicion-y-vanguardia\/#article","isPartOf":{"@id":"https:\/\/radiolitoral.com\/2024\/01\/la-nueva-placa-major-de-xalo-auna-tradicion-y-vanguardia\/"},"author":{"name":"Redacci\u00f3n","@id":"https:\/\/radiolitoral.com\/#\/schema\/person\/f2b2343c49b5d721857cc1002bfdb151"},"headline":"La nueva Pla\u00e7a Major de Xal\u00f3 a\u00fana tradici\u00f3n y vanguardia","datePublished":"2024-01-13T08:42:24+00:00","mainEntityOfPage":{"@id":"https:\/\/radiolitoral.com\/2024\/01\/la-nueva-placa-major-de-xalo-auna-tradicion-y-vanguardia\/"},"wordCount":345,"commentCount":0,"publisher":{"@id":"https:\/\/radiolitoral.com\/#organization"},"image":{"@id":"https:\/\/radiolitoral.com\/2024\/01\/la-nueva-placa-major-de-xalo-auna-tradicion-y-vanguardia\/#primaryimage"},"thumbnailUrl":"https:\/\/media.radiolitoral.com\/wp-content\/uploads\/2024\/01\/13094038\/Nova-Placa-Major-2-Xalo.jpeg","articleSection":["Obras","Urbanismo"],"inLanguage":"ca","potentialAction":[{"@type":"CommentAction","name":"Comment","target":["https:\/\/radiolitoral.com\/2024\/01\/la-nueva-placa-major-de-xalo-auna-tradicion-y-vanguardia\/#respond"]}]},{"@type":["WebPage","ItemPage"],"@id":"https:\/\/radiolitoral.com\/2024\/01\/la-nueva-placa-major-de-xalo-auna-tradicion-y-vanguardia\/","url":"https:\/\/radiolitoral.com\/2024\/01\/la-nueva-placa-major-de-xalo-auna-tradicion-y-vanguardia\/","name":"La nova Pla\u00e7a Major de Xal\u00f3 uneix tradici\u00f3 i avantguarda | R\u00e0dio Litoral","isPartOf":{"@id":"https:\/\/radiolitoral.com\/#website"},"primaryImageOfPage":{"@id":"https:\/\/radiolitoral.com\/2024\/01\/la-nueva-placa-major-de-xalo-auna-tradicion-y-vanguardia\/#primaryimage"},"image":{"@id":"https:\/\/radiolitoral.com\/2024\/01\/la-nueva-placa-major-de-xalo-auna-tradicion-y-vanguardia\/#primaryimage"},"thumbnailUrl":"https:\/\/media.radiolitoral.com\/wp-content\/uploads\/2024\/01\/13094038\/Nova-Placa-Major-2-Xalo.jpeg","datePublished":"2024-01-13T08:42:24+00:00","description":"Finalitza el projecte amb qu\u00e8 s&#039;ha redissenyat el centre urb\u00e0 de Xal\u00f3 i en qu\u00e8 s&#039;han invertit 700.000 euros","breadcrumb":{"@id":"https:\/\/radiolitoral.com\/2024\/01\/la-nueva-placa-major-de-xalo-auna-tradicion-y-vanguardia\/#breadcrumb"},"inLanguage":"ca","potentialAction":[{"@type":"ReadAction","target":["https:\/\/radiolitoral.com\/2024\/01\/la-nueva-placa-major-de-xalo-auna-tradicion-y-vanguardia\/"]}]},{"@type":"ImageObject","inLanguage":"ca","@id":"https:\/\/radiolitoral.com\/2024\/01\/la-nueva-placa-major-de-xalo-auna-tradicion-y-vanguardia\/#primaryimage","url":"https:\/\/media.radiolitoral.com\/wp-content\/uploads\/2024\/01\/13094038\/Nova-Placa-Major-2-Xalo.jpeg","contentUrl":"https:\/\/media.radiolitoral.com\/wp-content\/uploads\/2024\/01\/13094038\/Nova-Placa-Major-2-Xalo.jpeg","width":1600,"height":897},{"@type":"BreadcrumbList","@id":"https:\/\/radiolitoral.com\/2024\/01\/la-nueva-placa-major-de-xalo-auna-tradicion-y-vanguardia\/#breadcrumb","itemListElement":[{"@type":"ListItem","position":1,"name":"Portada","item":"https:\/\/radiolitoral.com\/"},{"@type":"ListItem","position":2,"name":"La nueva Pla\u00e7a Major de Xal\u00f3 a\u00fana tradici\u00f3n y vanguardia"}]},{"@type":"WebSite","@id":"https:\/\/radiolitoral.com\/#website","url":"https:\/\/radiolitoral.com\/","name":"R\u00e0dio Litoral","description":"La r\u00e0dio local de la Marina Alta","publisher":{"@id":"https:\/\/radiolitoral.com\/#organization"},"alternateName":"Litoral FM","potentialAction":[{"@type":"SearchAction","target":{"@type":"EntryPoint","urlTemplate":"https:\/\/radiolitoral.com\/?s={search_term_string}"},"query-input":{"@type":"PropertyValueSpecification","valueRequired":true,"valueName":"search_term_string"}}],"inLanguage":"ca"},{"@type":"Organization","@id":"https:\/\/radiolitoral.com\/#organization","name":"R\u00e0dio Litoral","url":"https:\/\/radiolitoral.com\/","logo":{"@type":"ImageObject","inLanguage":"ca","@id":"https:\/\/radiolitoral.com\/#\/schema\/logo\/image\/","url":"https:\/\/media.radiolitoral.com\/wp-content\/uploads\/2023\/02\/24143238\/CL-V-RadioLitoral696.png","contentUrl":"https:\/\/media.radiolitoral.com\/wp-content\/uploads\/2023\/02\/24143238\/CL-V-RadioLitoral696.png","width":696,"height":696,"caption":"Radio Litoral"},"image":{"@id":"https:\/\/radiolitoral.com\/#\/schema\/logo\/image\/"},"sameAs":["https:\/\/www.facebook.com\/Laradiolitoral\/"]},{"@type":"Person","@id":"https:\/\/radiolitoral.com\/#\/schema\/person\/f2b2343c49b5d721857cc1002bfdb151","name":"Redacci\u00f3","image":{"@type":"ImageObject","inLanguage":"ca","@id":"https:\/\/secure.gravatar.com\/avatar\/f771d896c203ad8b3382d7905cfcce5a5c9b008b84b3cd9114e9b9f4cb63f789?s=96&d=mm&r=g","url":"https:\/\/secure.gravatar.com\/avatar\/f771d896c203ad8b3382d7905cfcce5a5c9b008b84b3cd9114e9b9f4cb63f789?s=96&d=mm&r=g","contentUrl":"https:\/\/secure.gravatar.com\/avatar\/f771d896c203ad8b3382d7905cfcce5a5c9b008b84b3cd9114e9b9f4cb63f789?s=96&d=mm&r=g","caption":"Redacci\u00f3n"},"url":"https:\/\/radiolitoral.com\/ca\/author\/miriam-pagan\/"}]}},"_links":{"self":[{"href":"https:\/\/radiolitoral.com\/ca\/wp-json\/wp\/v2\/posts\/6337","targetHints":{"allow":["GET"]}}],"collection":[{"href":"https:\/\/radiolitoral.com\/ca\/wp-json\/wp\/v2\/posts"}],"about":[{"href":"https:\/\/radiolitoral.com\/ca\/wp-json\/wp\/v2\/types\/post"}],"author":[{"embeddable":true,"href":"https:\/\/radiolitoral.com\/ca\/wp-json\/wp\/v2\/users\/13"}],"replies":[{"embeddable":true,"href":"https:\/\/radiolitoral.com\/ca\/wp-json\/wp\/v2\/comments?post=6337"}],"version-history":[{"count":2,"href":"https:\/\/radiolitoral.com\/ca\/wp-json\/wp\/v2\/posts\/6337\/revisions"}],"predecessor-version":[{"id":6341,"href":"https:\/\/radiolitoral.com\/ca\/wp-json\/wp\/v2\/posts\/6337\/revisions\/6341"}],"wp:featuredmedia":[{"embeddable":true,"href":"https:\/\/radiolitoral.com\/ca\/wp-json\/wp\/v2\/media\/6339"}],"wp:attachment":[{"href":"https:\/\/radiolitoral.com\/ca\/wp-json\/wp\/v2\/media?parent=6337"}],"wp:term":[{"taxonomy":"category","embeddable":true,"href":"https:\/\/radiolitoral.com\/ca\/wp-json\/wp\/v2\/categories?post=6337"},{"taxonomy":"post_tag","embeddable":true,"href":"https:\/\/radiolitoral.com\/ca\/wp-json\/wp\/v2\/tags?post=6337"}],"curies":[{"name":"wp","href":"https:\/\/api.w.org\/{rel}","templated":true}]}}