{"id":6255,"date":"2024-01-08T19:54:31","date_gmt":"2024-01-08T18:54:31","guid":{"rendered":"https:\/\/radiolitoral.com\/?p=6255"},"modified":"2024-01-08T19:54:31","modified_gmt":"2024-01-08T18:54:31","slug":"teulada-amplia-les-dotacions-dels-espais-verds-en-funcio-de-les-demandes-del-clia","status":"publish","type":"post","link":"https:\/\/radiolitoral.com\/ca\/2024\/01\/teulada-amplia-las-dotaciones-de-los-espacios-verdes-en-funcion-de-las-demandas-del-clia\/","title":{"rendered":"Teulada amplia les dotacions dels espais verds en funci\u00f3 de les demandes del CLIA"},"content":{"rendered":"<p><strong>Teulada<\/strong> comptar\u00e0 amb <strong>tirolines<\/strong> al <strong>Pinaret de la Costa,<\/strong> al <a href=\"https:\/\/radiolitoral.com\/ca\/2023\/04\/teulada-tindra-un-nou-refugi-climatic-al-pinaret-de-la-costa\/\">refugi clim\u00e0tic<\/a>, i al casc urb\u00e0 de Moraira. Aix\u00ed ho ha anunciat l?alcalde, Ra\u00fal Llobell. Aquesta \u00e9s una de les primeres actuacions programades per al 2024.<\/p>\n<p>Aquesta \u00e9s una intervenci\u00f3 amb qu\u00e8 es d\u00f3na resposta a les demandes dels m\u00e9s joves, aportant millores als espais d&#039;oci a l&#039;aire lliure que ja hi ha a la localitat.<\/p>\n<p>Aquest projecte, desenvolupat en col\u00b7laboraci\u00f3 amb el Consell Local d&#039;Inf\u00e0ncia i Adolesc\u00e8ncia (CLIA), t\u00e9 com a objectiu principal atendre les demandes i les necessitats dels m\u00e9s joves, que s\u00f3n els usuaris finals d&#039;aquestes instal\u00b7lacions.<\/p>\n<p>Aix\u00ed ho ha explicat l&#039;alcalde de Teulada, Ra\u00fal Llobell,<\/p>\n<audio class=\"wp-audio-shortcode\" id=\"audio-6255-1\" preload=\"none\" style=\"width: 100%;\" controls=\"controls\"><source type=\"audio\/mpeg\" src=\"https:\/\/media.radiolitoral.com\/wp-content\/uploads\/2024\/01\/08194630\/Raul-Llobell-1-1.mp3?_=1\" \/><a href=\"https:\/\/media.radiolitoral.com\/wp-content\/uploads\/2024\/01\/08194630\/Raul-Llobell-1-1.mp3\">https:\/\/media.radiolitoral.com\/wp-content\/uploads\/2024\/01\/08194630\/Raul-Llobell-1-1.mp3<\/a><\/audio>\n<p><strong>\u00a0<\/strong><\/p>","protected":false},"excerpt":{"rendered":"<p>Teulada contar\u00e1 con tirolinas en el Pinaret de la Costa, en el refugio clim\u00e1tico, y en el casco urbano de Moraira. As\u00ed lo ha anunciado el alcalde, Ra\u00fal Llobell. Esta es una de las primeras actuaciones programadas para el 2024. Esta es una intervenci\u00f3n con la que se da respuesta a las demandas de los [&#8230;]<\/p>\n<p><a class=\"btn btn-secondary understrap-read-more-link\" href=\"https:\/\/radiolitoral.com\/ca\/2024\/01\/teulada-amplia-las-dotaciones-de-los-espacios-verdes-en-funcion-de-las-demandas-del-clia\/\">Continua llegint&#8230;<span class=\"screen-reader-text\"> from Teulada ampl\u00eda las dotaciones de los espacios verdes en funci\u00f3n de las demandas del CLIA<\/span><\/a><\/p>\n","protected":false},"author":21,"featured_media":6258,"comment_status":"open","ping_status":"closed","sticky":false,"template":"","format":"standard","meta":{"_acf_changed":false,"inline_featured_image":false,"footnotes":""},"categories":[860],"tags":[],"class_list":["post-6255","post","type-post","status-publish","format-standard","has-post-thumbnail","hentry","category-juventud","cobertura-teulada-moraira"],"acf":[],"yoast_head":"<!-- This site is optimized with the Yoast SEO plugin v27.5 - https:\/\/yoast.com\/product\/yoast-seo-wordpress\/ -->\n<title>Teulada ampl\u00eda las dotaciones de los espacios verdes en funci\u00f3n de las demandas del CLIA | R\u00e0dio Litoral<\/title>\n<meta name=\"description\" content=\"El Ayuntamiento de Teulada tiene previsto instalar en breve tirolinas en espacios al aire libre del municipio\" \/>\n<meta name=\"robots\" content=\"index, follow, max-snippet:-1, max-image-preview:large, max-video-preview:-1\" \/>\n<link rel=\"canonical\" href=\"https:\/\/radiolitoral.com\/ca\/2024\/01\/teulada-amplia-les-dotacions-dels-espais-verds-en-funcio-de-les-demandes-del-clia\/\" \/>\n<meta property=\"og:locale\" content=\"ca_ES\" \/>\n<meta property=\"og:type\" content=\"article\" \/>\n<meta property=\"og:title\" content=\"Teulada ampl\u00eda las dotaciones de los espacios verdes en funci\u00f3n de las demandas del CLIA | R\u00e0dio Litoral\" \/>\n<meta property=\"og:description\" content=\"El Ayuntamiento de Teulada tiene previsto instalar en breve tirolinas en espacios al aire libre del municipio\" \/>\n<meta property=\"og:url\" content=\"https:\/\/radiolitoral.com\/ca\/2024\/01\/teulada-amplia-les-dotacions-dels-espais-verds-en-funcio-de-les-demandes-del-clia\/\" \/>\n<meta property=\"og:site_name\" content=\"R\u00e0dio Litoral\" \/>\n<meta property=\"article:publisher\" content=\"https:\/\/www.facebook.com\/Laradiolitoral\/\" \/>\n<meta property=\"article:published_time\" content=\"2024-01-08T18:54:31+00:00\" \/>\n<meta property=\"og:image\" content=\"https:\/\/media.radiolitoral.com\/wp-content\/uploads\/2024\/01\/08195338\/refugio-climatico-14-Teulada-Moraira.jpg\" \/>\n\t<meta property=\"og:image:width\" content=\"2048\" \/>\n\t<meta property=\"og:image:height\" content=\"1536\" \/>\n\t<meta property=\"og:image:type\" content=\"image\/jpeg\" \/>\n<meta name=\"author\" content=\"Mel Pescuezo\" \/>\n<meta name=\"twitter:card\" content=\"summary_large_image\" \/>\n<meta name=\"twitter:label1\" content=\"Escrit per\" \/>\n\t<meta name=\"twitter:data1\" content=\"Mel Pescuezo\" \/>\n\t<meta name=\"twitter:label2\" content=\"Temps estimat de lectura\" \/>\n\t<meta name=\"twitter:data2\" content=\"1 minut\" \/>\n<script type=\"application\/ld+json\" class=\"yoast-schema-graph\">{\"@context\":\"https:\\\/\\\/schema.org\",\"@graph\":[{\"@type\":\"NewsArticle\",\"@id\":\"https:\\\/\\\/radiolitoral.com\\\/2024\\\/01\\\/teulada-amplia-las-dotaciones-de-los-espacios-verdes-en-funcion-de-las-demandas-del-clia\\\/#article\",\"isPartOf\":{\"@id\":\"https:\\\/\\\/radiolitoral.com\\\/2024\\\/01\\\/teulada-amplia-las-dotaciones-de-los-espacios-verdes-en-funcion-de-las-demandas-del-clia\\\/\"},\"author\":{\"name\":\"Mel Pescuezo\",\"@id\":\"https:\\\/\\\/radiolitoral.com\\\/#\\\/schema\\\/person\\\/aad4f72efa404f85b68e832d24cac059\"},\"headline\":\"Teulada ampl\u00eda las dotaciones de los espacios verdes en funci\u00f3n de las demandas del CLIA\",\"datePublished\":\"2024-01-08T18:54:31+00:00\",\"mainEntityOfPage\":{\"@id\":\"https:\\\/\\\/radiolitoral.com\\\/2024\\\/01\\\/teulada-amplia-las-dotaciones-de-los-espacios-verdes-en-funcion-de-las-demandas-del-clia\\\/\"},\"wordCount\":154,\"commentCount\":0,\"publisher\":{\"@id\":\"https:\\\/\\\/radiolitoral.com\\\/#organization\"},\"image\":{\"@id\":\"https:\\\/\\\/radiolitoral.com\\\/2024\\\/01\\\/teulada-amplia-las-dotaciones-de-los-espacios-verdes-en-funcion-de-las-demandas-del-clia\\\/#primaryimage\"},\"thumbnailUrl\":\"https:\\\/\\\/media.radiolitoral.com\\\/wp-content\\\/uploads\\\/2024\\\/01\\\/08195338\\\/refugio-climatico-14-Teulada-Moraira.jpg\",\"articleSection\":[\"Juventud\"],\"inLanguage\":\"ca\",\"potentialAction\":[{\"@type\":\"CommentAction\",\"name\":\"Comment\",\"target\":[\"https:\\\/\\\/radiolitoral.com\\\/2024\\\/01\\\/teulada-amplia-las-dotaciones-de-los-espacios-verdes-en-funcion-de-las-demandas-del-clia\\\/#respond\"]}]},{\"@type\":[\"WebPage\",\"ItemPage\"],\"@id\":\"https:\\\/\\\/radiolitoral.com\\\/2024\\\/01\\\/teulada-amplia-las-dotaciones-de-los-espacios-verdes-en-funcion-de-las-demandas-del-clia\\\/\",\"url\":\"https:\\\/\\\/radiolitoral.com\\\/2024\\\/01\\\/teulada-amplia-las-dotaciones-de-los-espacios-verdes-en-funcion-de-las-demandas-del-clia\\\/\",\"name\":\"Teulada ampl\u00eda las dotaciones de los espacios verdes en funci\u00f3n de las demandas del CLIA | R\u00e0dio Litoral\",\"isPartOf\":{\"@id\":\"https:\\\/\\\/radiolitoral.com\\\/#website\"},\"primaryImageOfPage\":{\"@id\":\"https:\\\/\\\/radiolitoral.com\\\/2024\\\/01\\\/teulada-amplia-las-dotaciones-de-los-espacios-verdes-en-funcion-de-las-demandas-del-clia\\\/#primaryimage\"},\"image\":{\"@id\":\"https:\\\/\\\/radiolitoral.com\\\/2024\\\/01\\\/teulada-amplia-las-dotaciones-de-los-espacios-verdes-en-funcion-de-las-demandas-del-clia\\\/#primaryimage\"},\"thumbnailUrl\":\"https:\\\/\\\/media.radiolitoral.com\\\/wp-content\\\/uploads\\\/2024\\\/01\\\/08195338\\\/refugio-climatico-14-Teulada-Moraira.jpg\",\"datePublished\":\"2024-01-08T18:54:31+00:00\",\"description\":\"El Ayuntamiento de Teulada tiene previsto instalar en breve tirolinas en espacios al aire libre del municipio\",\"breadcrumb\":{\"@id\":\"https:\\\/\\\/radiolitoral.com\\\/2024\\\/01\\\/teulada-amplia-las-dotaciones-de-los-espacios-verdes-en-funcion-de-las-demandas-del-clia\\\/#breadcrumb\"},\"inLanguage\":\"ca\",\"potentialAction\":[{\"@type\":\"ReadAction\",\"target\":[\"https:\\\/\\\/radiolitoral.com\\\/2024\\\/01\\\/teulada-amplia-las-dotaciones-de-los-espacios-verdes-en-funcion-de-las-demandas-del-clia\\\/\"]}]},{\"@type\":\"ImageObject\",\"inLanguage\":\"ca\",\"@id\":\"https:\\\/\\\/radiolitoral.com\\\/2024\\\/01\\\/teulada-amplia-las-dotaciones-de-los-espacios-verdes-en-funcion-de-las-demandas-del-clia\\\/#primaryimage\",\"url\":\"https:\\\/\\\/media.radiolitoral.com\\\/wp-content\\\/uploads\\\/2024\\\/01\\\/08195338\\\/refugio-climatico-14-Teulada-Moraira.jpg\",\"contentUrl\":\"https:\\\/\\\/media.radiolitoral.com\\\/wp-content\\\/uploads\\\/2024\\\/01\\\/08195338\\\/refugio-climatico-14-Teulada-Moraira.jpg\",\"width\":2048,\"height\":1536},{\"@type\":\"BreadcrumbList\",\"@id\":\"https:\\\/\\\/radiolitoral.com\\\/2024\\\/01\\\/teulada-amplia-las-dotaciones-de-los-espacios-verdes-en-funcion-de-las-demandas-del-clia\\\/#breadcrumb\",\"itemListElement\":[{\"@type\":\"ListItem\",\"position\":1,\"name\":\"Portada\",\"item\":\"https:\\\/\\\/radiolitoral.com\\\/\"},{\"@type\":\"ListItem\",\"position\":2,\"name\":\"Teulada ampl\u00eda las dotaciones de los espacios verdes en funci\u00f3n de las demandas del CLIA\"}]},{\"@type\":\"WebSite\",\"@id\":\"https:\\\/\\\/radiolitoral.com\\\/#website\",\"url\":\"https:\\\/\\\/radiolitoral.com\\\/\",\"name\":\"Radio Litoral\",\"description\":\"La radio local de la Marina Alta\",\"publisher\":{\"@id\":\"https:\\\/\\\/radiolitoral.com\\\/#organization\"},\"alternateName\":\"Litoral FM\",\"potentialAction\":[{\"@type\":\"SearchAction\",\"target\":{\"@type\":\"EntryPoint\",\"urlTemplate\":\"https:\\\/\\\/radiolitoral.com\\\/?s={search_term_string}\"},\"query-input\":{\"@type\":\"PropertyValueSpecification\",\"valueRequired\":true,\"valueName\":\"search_term_string\"}}],\"inLanguage\":\"ca\"},{\"@type\":\"Organization\",\"@id\":\"https:\\\/\\\/radiolitoral.com\\\/#organization\",\"name\":\"Radio Litoral\",\"url\":\"https:\\\/\\\/radiolitoral.com\\\/\",\"logo\":{\"@type\":\"ImageObject\",\"inLanguage\":\"ca\",\"@id\":\"https:\\\/\\\/radiolitoral.com\\\/#\\\/schema\\\/logo\\\/image\\\/\",\"url\":\"https:\\\/\\\/media.radiolitoral.com\\\/wp-content\\\/uploads\\\/2023\\\/02\\\/24143238\\\/CL-V-RadioLitoral696.png\",\"contentUrl\":\"https:\\\/\\\/media.radiolitoral.com\\\/wp-content\\\/uploads\\\/2023\\\/02\\\/24143238\\\/CL-V-RadioLitoral696.png\",\"width\":696,\"height\":696,\"caption\":\"Radio Litoral\"},\"image\":{\"@id\":\"https:\\\/\\\/radiolitoral.com\\\/#\\\/schema\\\/logo\\\/image\\\/\"},\"sameAs\":[\"https:\\\/\\\/www.facebook.com\\\/Laradiolitoral\\\/\"]},{\"@type\":\"Person\",\"@id\":\"https:\\\/\\\/radiolitoral.com\\\/#\\\/schema\\\/person\\\/aad4f72efa404f85b68e832d24cac059\",\"name\":\"Mel Pescuezo\",\"image\":{\"@type\":\"ImageObject\",\"inLanguage\":\"ca\",\"@id\":\"https:\\\/\\\/secure.gravatar.com\\\/avatar\\\/993975ae489c70cb0dd9bfa9413a082f0bd276582dac13661af7b33f161e7eea?s=96&d=mm&r=g\",\"url\":\"https:\\\/\\\/secure.gravatar.com\\\/avatar\\\/993975ae489c70cb0dd9bfa9413a082f0bd276582dac13661af7b33f161e7eea?s=96&d=mm&r=g\",\"contentUrl\":\"https:\\\/\\\/secure.gravatar.com\\\/avatar\\\/993975ae489c70cb0dd9bfa9413a082f0bd276582dac13661af7b33f161e7eea?s=96&d=mm&r=g\",\"caption\":\"Mel Pescuezo\"},\"url\":\"https:\\\/\\\/radiolitoral.com\\\/ca\\\/author\\\/serviciospararadios\\\/\"}]}<\/script>\n<!-- \/ Yoast SEO plugin. -->","yoast_head_json":{"title":"Teulada amplia les dotacions dels espais verds en funci\u00f3 de les demandes del CLIA | R\u00e0dio Litoral","description":"L&#039;Ajuntament de Teulada t\u00e9 previst instal\u00b7lar aviat tirolines en espais a l&#039;aire lliure del municipi","robots":{"index":"index","follow":"follow","max-snippet":"max-snippet:-1","max-image-preview":"max-image-preview:large","max-video-preview":"max-video-preview:-1"},"canonical":"https:\/\/radiolitoral.com\/ca\/2024\/01\/teulada-amplia-les-dotacions-dels-espais-verds-en-funcio-de-les-demandes-del-clia\/","og_locale":"ca_ES","og_type":"article","og_title":"Teulada ampl\u00eda las dotaciones de los espacios verdes en funci\u00f3n de las demandas del CLIA | R\u00e0dio Litoral","og_description":"El Ayuntamiento de Teulada tiene previsto instalar en breve tirolinas en espacios al aire libre del municipio","og_url":"https:\/\/radiolitoral.com\/ca\/2024\/01\/teulada-amplia-les-dotacions-dels-espais-verds-en-funcio-de-les-demandes-del-clia\/","og_site_name":"R\u00e0dio Litoral","article_publisher":"https:\/\/www.facebook.com\/Laradiolitoral\/","article_published_time":"2024-01-08T18:54:31+00:00","og_image":[{"width":2048,"height":1536,"url":"https:\/\/media.radiolitoral.com\/wp-content\/uploads\/2024\/01\/08195338\/refugio-climatico-14-Teulada-Moraira.jpg","type":"image\/jpeg"}],"author":"Mel Pescuezo","twitter_card":"summary_large_image","twitter_misc":{"Escrit per":"Mel Pescuezo","Temps estimat de lectura":"1 minut"},"schema":{"@context":"https:\/\/schema.org","@graph":[{"@type":"NewsArticle","@id":"https:\/\/radiolitoral.com\/2024\/01\/teulada-amplia-las-dotaciones-de-los-espacios-verdes-en-funcion-de-las-demandas-del-clia\/#article","isPartOf":{"@id":"https:\/\/radiolitoral.com\/2024\/01\/teulada-amplia-las-dotaciones-de-los-espacios-verdes-en-funcion-de-las-demandas-del-clia\/"},"author":{"name":"Mel Pescuezo","@id":"https:\/\/radiolitoral.com\/#\/schema\/person\/aad4f72efa404f85b68e832d24cac059"},"headline":"Teulada ampl\u00eda las dotaciones de los espacios verdes en funci\u00f3n de las demandas del CLIA","datePublished":"2024-01-08T18:54:31+00:00","mainEntityOfPage":{"@id":"https:\/\/radiolitoral.com\/2024\/01\/teulada-amplia-las-dotaciones-de-los-espacios-verdes-en-funcion-de-las-demandas-del-clia\/"},"wordCount":154,"commentCount":0,"publisher":{"@id":"https:\/\/radiolitoral.com\/#organization"},"image":{"@id":"https:\/\/radiolitoral.com\/2024\/01\/teulada-amplia-las-dotaciones-de-los-espacios-verdes-en-funcion-de-las-demandas-del-clia\/#primaryimage"},"thumbnailUrl":"https:\/\/media.radiolitoral.com\/wp-content\/uploads\/2024\/01\/08195338\/refugio-climatico-14-Teulada-Moraira.jpg","articleSection":["Juventud"],"inLanguage":"ca","potentialAction":[{"@type":"CommentAction","name":"Comment","target":["https:\/\/radiolitoral.com\/2024\/01\/teulada-amplia-las-dotaciones-de-los-espacios-verdes-en-funcion-de-las-demandas-del-clia\/#respond"]}]},{"@type":["WebPage","ItemPage"],"@id":"https:\/\/radiolitoral.com\/2024\/01\/teulada-amplia-las-dotaciones-de-los-espacios-verdes-en-funcion-de-las-demandas-del-clia\/","url":"https:\/\/radiolitoral.com\/2024\/01\/teulada-amplia-las-dotaciones-de-los-espacios-verdes-en-funcion-de-las-demandas-del-clia\/","name":"Teulada amplia les dotacions dels espais verds en funci\u00f3 de les demandes del CLIA | R\u00e0dio Litoral","isPartOf":{"@id":"https:\/\/radiolitoral.com\/#website"},"primaryImageOfPage":{"@id":"https:\/\/radiolitoral.com\/2024\/01\/teulada-amplia-las-dotaciones-de-los-espacios-verdes-en-funcion-de-las-demandas-del-clia\/#primaryimage"},"image":{"@id":"https:\/\/radiolitoral.com\/2024\/01\/teulada-amplia-las-dotaciones-de-los-espacios-verdes-en-funcion-de-las-demandas-del-clia\/#primaryimage"},"thumbnailUrl":"https:\/\/media.radiolitoral.com\/wp-content\/uploads\/2024\/01\/08195338\/refugio-climatico-14-Teulada-Moraira.jpg","datePublished":"2024-01-08T18:54:31+00:00","description":"L&#039;Ajuntament de Teulada t\u00e9 previst instal\u00b7lar aviat tirolines en espais a l&#039;aire lliure del municipi","breadcrumb":{"@id":"https:\/\/radiolitoral.com\/2024\/01\/teulada-amplia-las-dotaciones-de-los-espacios-verdes-en-funcion-de-las-demandas-del-clia\/#breadcrumb"},"inLanguage":"ca","potentialAction":[{"@type":"ReadAction","target":["https:\/\/radiolitoral.com\/2024\/01\/teulada-amplia-las-dotaciones-de-los-espacios-verdes-en-funcion-de-las-demandas-del-clia\/"]}]},{"@type":"ImageObject","inLanguage":"ca","@id":"https:\/\/radiolitoral.com\/2024\/01\/teulada-amplia-las-dotaciones-de-los-espacios-verdes-en-funcion-de-las-demandas-del-clia\/#primaryimage","url":"https:\/\/media.radiolitoral.com\/wp-content\/uploads\/2024\/01\/08195338\/refugio-climatico-14-Teulada-Moraira.jpg","contentUrl":"https:\/\/media.radiolitoral.com\/wp-content\/uploads\/2024\/01\/08195338\/refugio-climatico-14-Teulada-Moraira.jpg","width":2048,"height":1536},{"@type":"BreadcrumbList","@id":"https:\/\/radiolitoral.com\/2024\/01\/teulada-amplia-las-dotaciones-de-los-espacios-verdes-en-funcion-de-las-demandas-del-clia\/#breadcrumb","itemListElement":[{"@type":"ListItem","position":1,"name":"Portada","item":"https:\/\/radiolitoral.com\/"},{"@type":"ListItem","position":2,"name":"Teulada ampl\u00eda las dotaciones de los espacios verdes en funci\u00f3n de las demandas del CLIA"}]},{"@type":"WebSite","@id":"https:\/\/radiolitoral.com\/#website","url":"https:\/\/radiolitoral.com\/","name":"R\u00e0dio Litoral","description":"La r\u00e0dio local de la Marina Alta","publisher":{"@id":"https:\/\/radiolitoral.com\/#organization"},"alternateName":"Litoral FM","potentialAction":[{"@type":"SearchAction","target":{"@type":"EntryPoint","urlTemplate":"https:\/\/radiolitoral.com\/?s={search_term_string}"},"query-input":{"@type":"PropertyValueSpecification","valueRequired":true,"valueName":"search_term_string"}}],"inLanguage":"ca"},{"@type":"Organization","@id":"https:\/\/radiolitoral.com\/#organization","name":"R\u00e0dio Litoral","url":"https:\/\/radiolitoral.com\/","logo":{"@type":"ImageObject","inLanguage":"ca","@id":"https:\/\/radiolitoral.com\/#\/schema\/logo\/image\/","url":"https:\/\/media.radiolitoral.com\/wp-content\/uploads\/2023\/02\/24143238\/CL-V-RadioLitoral696.png","contentUrl":"https:\/\/media.radiolitoral.com\/wp-content\/uploads\/2023\/02\/24143238\/CL-V-RadioLitoral696.png","width":696,"height":696,"caption":"Radio Litoral"},"image":{"@id":"https:\/\/radiolitoral.com\/#\/schema\/logo\/image\/"},"sameAs":["https:\/\/www.facebook.com\/Laradiolitoral\/"]},{"@type":"Person","@id":"https:\/\/radiolitoral.com\/#\/schema\/person\/aad4f72efa404f85b68e832d24cac059","name":"Mel Pescuezo","image":{"@type":"ImageObject","inLanguage":"ca","@id":"https:\/\/secure.gravatar.com\/avatar\/993975ae489c70cb0dd9bfa9413a082f0bd276582dac13661af7b33f161e7eea?s=96&d=mm&r=g","url":"https:\/\/secure.gravatar.com\/avatar\/993975ae489c70cb0dd9bfa9413a082f0bd276582dac13661af7b33f161e7eea?s=96&d=mm&r=g","contentUrl":"https:\/\/secure.gravatar.com\/avatar\/993975ae489c70cb0dd9bfa9413a082f0bd276582dac13661af7b33f161e7eea?s=96&d=mm&r=g","caption":"Mel Pescuezo"},"url":"https:\/\/radiolitoral.com\/ca\/author\/serviciospararadios\/"}]}},"_links":{"self":[{"href":"https:\/\/radiolitoral.com\/ca\/wp-json\/wp\/v2\/posts\/6255","targetHints":{"allow":["GET"]}}],"collection":[{"href":"https:\/\/radiolitoral.com\/ca\/wp-json\/wp\/v2\/posts"}],"about":[{"href":"https:\/\/radiolitoral.com\/ca\/wp-json\/wp\/v2\/types\/post"}],"author":[{"embeddable":true,"href":"https:\/\/radiolitoral.com\/ca\/wp-json\/wp\/v2\/users\/21"}],"replies":[{"embeddable":true,"href":"https:\/\/radiolitoral.com\/ca\/wp-json\/wp\/v2\/comments?post=6255"}],"version-history":[{"count":2,"href":"https:\/\/radiolitoral.com\/ca\/wp-json\/wp\/v2\/posts\/6255\/revisions"}],"predecessor-version":[{"id":6260,"href":"https:\/\/radiolitoral.com\/ca\/wp-json\/wp\/v2\/posts\/6255\/revisions\/6260"}],"wp:featuredmedia":[{"embeddable":true,"href":"https:\/\/radiolitoral.com\/ca\/wp-json\/wp\/v2\/media\/6258"}],"wp:attachment":[{"href":"https:\/\/radiolitoral.com\/ca\/wp-json\/wp\/v2\/media?parent=6255"}],"wp:term":[{"taxonomy":"category","embeddable":true,"href":"https:\/\/radiolitoral.com\/ca\/wp-json\/wp\/v2\/categories?post=6255"},{"taxonomy":"post_tag","embeddable":true,"href":"https:\/\/radiolitoral.com\/ca\/wp-json\/wp\/v2\/tags?post=6255"}],"curies":[{"name":"wp","href":"https:\/\/api.w.org\/{rel}","templated":true}]}}