{"id":621,"date":"2023-01-31T15:07:34","date_gmt":"2023-01-31T14:07:34","guid":{"rendered":"https:\/\/radiolitoral.com\/?p=621"},"modified":"2023-01-31T15:07:34","modified_gmt":"2023-01-31T14:07:34","slug":"carrers-i-carreteres-tallades-amb-larribada-de-la-tornada-ciclista-de-la-comunitat-valenciana","status":"publish","type":"post","link":"https:\/\/radiolitoral.com\/ca\/2023\/01\/calles-y-carreteras-cortadas-con-la-llegada-de-la-vuelta-ciclista-de-la-comunitat-valenciana\/","title":{"rendered":"Carrers i carreteres tallades amb l&#039;arribada de la Volta Ciclista de la Comunitat Valenciana"},"content":{"rendered":"<p>La <strong>Tornada Ciclista a la Comunitat Valenciana<\/strong> arriba dimecres i dijous, 1 i 2 de febrer, al sud de la Marina Alta. Esdeveniment esportiu que comporta el tancament al tr\u00e0nsit de forma puntual de diferents carreteres, carrers i avingudes dels municipis pels quals transcorrer\u00e0. Una cursa que recorrer\u00e0 les poblacions de <strong>Xal\u00f3<\/strong>, dimecres, i <strong>Calp, Teulada, Benitatxell<\/strong> i <strong>Benissa<\/strong> dijous.<\/p>\n<p>Des de l&#039;Ajuntament de <strong>Xal\u00f3<\/strong> informen que els ciclistes passaran pel municipi dem\u00e0 entre les 15.59 i les 16.19 hores.<\/p>\n<p>A <strong>Calp<\/strong>, el pas de la tornada implica el tancament puntual d&#039;alguns carrers i accessos. Des de la policia local ja n&#039;han adonat. I \u00e9s que aquesta prova ciclista preveu a la seva segona etapa passar per dins del nucli urb\u00e0 calp\u00ed. El recorregut afecta un tram de la N-332 des d&#039;Altea, l&#039;entrada sud al nucli urb\u00e0, l&#039;avinguda de la Diputaci\u00f3, l&#039;avinguda de Casanova i la carretera comarcal CV-7471 en direcci\u00f3 a Benissa per partida Pedramala, pel que s&#039;informa als conductors que hauran d&#039;utilitzar vies alternatives per circular en l&#039;horari en qu\u00e8 romandran tancades al tr\u00e0nsit.<\/p>\n<p>L&#039;horari d&#039;entrada al nucli urb\u00e0 calp\u00ed dels ciclistes est\u00e0 previst que es produeixi entre les 15.30 i les 16.30 hores, per l&#039;entrada sud, per la qual cosa aquest acc\u00e9s romandr\u00e0 tancat al tr\u00e0nsit des de les 15.15 hores, podent accedir a la localitat per l&#039;entrada nord.<\/p>\n<p>L&#039;Ajuntament de <strong>Teulada<\/strong> ha informat que amb motiu de la 2a etapa de la Volta Ciclista a la Comunitat Valenciana 2023, a partir de les 14 hores, caldr\u00e0 restringir el tr\u00e0nsit a l&#039;avinguda del Mediterrani, a la prolongaci\u00f3 de l&#039;Avinguda de Madrid ia la carretera que uneix Moraira amb Calp. A m\u00e9s, se sol\u00b7licita a la ciutadania que eviti circular amb els seus vehicles per les carreteres CV737, CV740, CV741, CV743 i CV746, entre les 15:00h i les 18:00h.<\/p>\n<p>Mentre que al <strong>Poble Nou de Benitatxell<\/strong>, la pujada a Cimera del Sol, \u00e9s una de les pujades tradicionals per a les proves ciclistes, per la qual cosa, arribant des de Moraira, els corredors accediran a Poble Alcassar, Vall del Portet , Lliris, Kalmias, Poble Panorama i baixaran cap a l&#039;entrada nord passant per la cru\u00eflla carrer Pou i Capelletes per dirigir-se pel carrer Pare Pl\u00e1cido i avinguda d&#039;Alacant direcci\u00f3 a Teulada. Des de l&#039;ajuntament informen que els dos accessos a la urbanitzaci\u00f3 de Cimera del Sol, nord i sud, estaran tancats al tr\u00e0nsit durant el pas de la prova esportiva, des de les 15.45h fins a les 17.00h aproximadament.<\/p>\n<p>A <strong>Benissa<\/strong> tamb\u00e9 es preparen per rebre el primer final d&#039;etapa de la Volta a la Comunitat Valenciana aquest dijous 2 de febrer, una etapa de muntanya que recorrer\u00e0 des de Novelda fins a l&#039;Alt de Pinos, un final in\u00e8dit. Atenci\u00f3 al tall de la circulaci\u00f3, perqu\u00e8 els esportistes passaran per l&#039;Avinguda del Pa\u00eds Valenci\u00e0, on estar\u00e0 la meta volant, a partir de les 16.30h dijous.<\/p>","protected":false},"excerpt":{"rendered":"<p>La Vuelta Ciclista a la Comunitat Valenciana llega el mi\u00e9rcoles y el jueves, 1 y 2 de febrero, al sur de la Marina Alta. Evento deportivo que conlleva el cierre al tr\u00e1fico de forma puntual de distintas carreteras, calles y avenidas de los municipios por los que transcurrir\u00e1. Una carrera que recorrer\u00e1 las poblaciones de [&#8230;]<\/p>\n<p><a class=\"btn btn-secondary understrap-read-more-link\" href=\"https:\/\/radiolitoral.com\/ca\/2023\/01\/calles-y-carreteras-cortadas-con-la-llegada-de-la-vuelta-ciclista-de-la-comunitat-valenciana\/\">Continua llegint&#8230;<span class=\"screen-reader-text\"> from Calles y carreteras cortadas con la llegada de la Vuelta Ciclista de la Comunitat Valenciana<\/span><\/a><\/p>\n","protected":false},"author":13,"featured_media":622,"comment_status":"open","ping_status":"closed","sticky":false,"template":"","format":"standard","meta":{"_acf_changed":false,"inline_featured_image":false,"footnotes":""},"categories":[5,71],"tags":[75,74,76,77],"class_list":["post-621","post","type-post","status-publish","format-standard","has-post-thumbnail","hentry","category-deportes","category-informacion-de-servicios","tag-carreteras","tag-ciclismo","tag-cortes-trafico","tag-vuelta-ciclista","cobertura-benissa","cobertura-calp","cobertura-marina-alta","cobertura-poble-nou-de-benitatxell","cobertura-teulada-moraira","cobertura-xalo"],"acf":[],"yoast_head":"<!-- This site is optimized with the Yoast SEO plugin v27.5 - https:\/\/yoast.com\/product\/yoast-seo-wordpress\/ -->\n<title>Calles y carreteras cortadas con la llegada de la Vuelta Ciclista de la Comunitat Valenciana | R\u00e0dio Litoral<\/title>\n<meta name=\"description\" content=\"La prueba incluye en su recorrido a Xal\u00f3, Calp, Teulada, Benitatxell y Benissa en su primera y segunda etapa\" \/>\n<meta name=\"robots\" content=\"index, follow, max-snippet:-1, max-image-preview:large, max-video-preview:-1\" \/>\n<link rel=\"canonical\" href=\"https:\/\/radiolitoral.com\/ca\/2023\/01\/carrers-i-carreteres-tallades-amb-larribada-de-la-tornada-ciclista-de-la-comunitat-valenciana\/\" \/>\n<meta property=\"og:locale\" content=\"ca_ES\" \/>\n<meta property=\"og:type\" content=\"article\" \/>\n<meta property=\"og:title\" content=\"Calles y carreteras cortadas con la llegada de la Vuelta Ciclista de la Comunitat Valenciana | R\u00e0dio Litoral\" \/>\n<meta property=\"og:description\" content=\"La prueba incluye en su recorrido a Xal\u00f3, Calp, Teulada, Benitatxell y Benissa en su primera y segunda etapa\" \/>\n<meta property=\"og:url\" content=\"https:\/\/radiolitoral.com\/ca\/2023\/01\/carrers-i-carreteres-tallades-amb-larribada-de-la-tornada-ciclista-de-la-comunitat-valenciana\/\" \/>\n<meta property=\"og:site_name\" content=\"R\u00e0dio Litoral\" \/>\n<meta property=\"article:publisher\" content=\"https:\/\/www.facebook.com\/Laradiolitoral\/\" \/>\n<meta property=\"article:published_time\" content=\"2023-01-31T14:07:34+00:00\" \/>\n<meta property=\"og:image\" content=\"https:\/\/s3.eu-west-2.wasabisys.com\/radiolitoral.com\/wp-content\/uploads\/2023\/01\/31150601\/Ciclistas-1.jpg\" \/>\n\t<meta property=\"og:image:width\" content=\"1526\" \/>\n\t<meta property=\"og:image:height\" content=\"1080\" \/>\n\t<meta property=\"og:image:type\" content=\"image\/jpeg\" \/>\n<meta name=\"author\" content=\"Redacci\u00f3n\" \/>\n<meta name=\"twitter:card\" content=\"summary_large_image\" \/>\n<meta name=\"twitter:label1\" content=\"Escrit per\" \/>\n\t<meta name=\"twitter:data1\" content=\"Redacci\u00f3n\" \/>\n\t<meta name=\"twitter:label2\" content=\"Temps estimat de lectura\" \/>\n\t<meta name=\"twitter:data2\" content=\"3 minuts\" \/>\n<script type=\"application\/ld+json\" class=\"yoast-schema-graph\">{\"@context\":\"https:\\\/\\\/schema.org\",\"@graph\":[{\"@type\":\"NewsArticle\",\"@id\":\"https:\\\/\\\/radiolitoral.com\\\/2023\\\/01\\\/calles-y-carreteras-cortadas-con-la-llegada-de-la-vuelta-ciclista-de-la-comunitat-valenciana\\\/#article\",\"isPartOf\":{\"@id\":\"https:\\\/\\\/radiolitoral.com\\\/2023\\\/01\\\/calles-y-carreteras-cortadas-con-la-llegada-de-la-vuelta-ciclista-de-la-comunitat-valenciana\\\/\"},\"author\":{\"name\":\"Redacci\u00f3n\",\"@id\":\"https:\\\/\\\/radiolitoral.com\\\/#\\\/schema\\\/person\\\/f2b2343c49b5d721857cc1002bfdb151\"},\"headline\":\"Calles y carreteras cortadas con la llegada de la Vuelta Ciclista de la Comunitat Valenciana\",\"datePublished\":\"2023-01-31T14:07:34+00:00\",\"mainEntityOfPage\":{\"@id\":\"https:\\\/\\\/radiolitoral.com\\\/2023\\\/01\\\/calles-y-carreteras-cortadas-con-la-llegada-de-la-vuelta-ciclista-de-la-comunitat-valenciana\\\/\"},\"wordCount\":536,\"commentCount\":1,\"publisher\":{\"@id\":\"https:\\\/\\\/radiolitoral.com\\\/#organization\"},\"image\":{\"@id\":\"https:\\\/\\\/radiolitoral.com\\\/2023\\\/01\\\/calles-y-carreteras-cortadas-con-la-llegada-de-la-vuelta-ciclista-de-la-comunitat-valenciana\\\/#primaryimage\"},\"thumbnailUrl\":\"https:\\\/\\\/media.radiolitoral.com\\\/wp-content\\\/uploads\\\/2023\\\/01\\\/24143240\\\/Ciclistas-1.jpg\",\"keywords\":[\"Carreteras\",\"Ciclismo\",\"Cortes Tr\u00e1fico\",\"Vuelta Ciclista\"],\"articleSection\":[\"Deportes\",\"Informaci\u00f3n de Servicios\"],\"inLanguage\":\"ca\",\"potentialAction\":[{\"@type\":\"CommentAction\",\"name\":\"Comment\",\"target\":[\"https:\\\/\\\/radiolitoral.com\\\/2023\\\/01\\\/calles-y-carreteras-cortadas-con-la-llegada-de-la-vuelta-ciclista-de-la-comunitat-valenciana\\\/#respond\"]}]},{\"@type\":[\"WebPage\",\"ItemPage\"],\"@id\":\"https:\\\/\\\/radiolitoral.com\\\/2023\\\/01\\\/calles-y-carreteras-cortadas-con-la-llegada-de-la-vuelta-ciclista-de-la-comunitat-valenciana\\\/\",\"url\":\"https:\\\/\\\/radiolitoral.com\\\/2023\\\/01\\\/calles-y-carreteras-cortadas-con-la-llegada-de-la-vuelta-ciclista-de-la-comunitat-valenciana\\\/\",\"name\":\"Calles y carreteras cortadas con la llegada de la Vuelta Ciclista de la Comunitat Valenciana | R\u00e0dio Litoral\",\"isPartOf\":{\"@id\":\"https:\\\/\\\/radiolitoral.com\\\/#website\"},\"primaryImageOfPage\":{\"@id\":\"https:\\\/\\\/radiolitoral.com\\\/2023\\\/01\\\/calles-y-carreteras-cortadas-con-la-llegada-de-la-vuelta-ciclista-de-la-comunitat-valenciana\\\/#primaryimage\"},\"image\":{\"@id\":\"https:\\\/\\\/radiolitoral.com\\\/2023\\\/01\\\/calles-y-carreteras-cortadas-con-la-llegada-de-la-vuelta-ciclista-de-la-comunitat-valenciana\\\/#primaryimage\"},\"thumbnailUrl\":\"https:\\\/\\\/media.radiolitoral.com\\\/wp-content\\\/uploads\\\/2023\\\/01\\\/24143240\\\/Ciclistas-1.jpg\",\"datePublished\":\"2023-01-31T14:07:34+00:00\",\"description\":\"La prueba incluye en su recorrido a Xal\u00f3, Calp, Teulada, Benitatxell y Benissa en su primera y segunda etapa\",\"breadcrumb\":{\"@id\":\"https:\\\/\\\/radiolitoral.com\\\/2023\\\/01\\\/calles-y-carreteras-cortadas-con-la-llegada-de-la-vuelta-ciclista-de-la-comunitat-valenciana\\\/#breadcrumb\"},\"inLanguage\":\"ca\",\"potentialAction\":[{\"@type\":\"ReadAction\",\"target\":[\"https:\\\/\\\/radiolitoral.com\\\/2023\\\/01\\\/calles-y-carreteras-cortadas-con-la-llegada-de-la-vuelta-ciclista-de-la-comunitat-valenciana\\\/\"]}]},{\"@type\":\"ImageObject\",\"inLanguage\":\"ca\",\"@id\":\"https:\\\/\\\/radiolitoral.com\\\/2023\\\/01\\\/calles-y-carreteras-cortadas-con-la-llegada-de-la-vuelta-ciclista-de-la-comunitat-valenciana\\\/#primaryimage\",\"url\":\"https:\\\/\\\/media.radiolitoral.com\\\/wp-content\\\/uploads\\\/2023\\\/01\\\/24143240\\\/Ciclistas-1.jpg\",\"contentUrl\":\"https:\\\/\\\/media.radiolitoral.com\\\/wp-content\\\/uploads\\\/2023\\\/01\\\/24143240\\\/Ciclistas-1.jpg\",\"width\":1526,\"height\":1080},{\"@type\":\"BreadcrumbList\",\"@id\":\"https:\\\/\\\/radiolitoral.com\\\/2023\\\/01\\\/calles-y-carreteras-cortadas-con-la-llegada-de-la-vuelta-ciclista-de-la-comunitat-valenciana\\\/#breadcrumb\",\"itemListElement\":[{\"@type\":\"ListItem\",\"position\":1,\"name\":\"Portada\",\"item\":\"https:\\\/\\\/radiolitoral.com\\\/\"},{\"@type\":\"ListItem\",\"position\":2,\"name\":\"Calles y carreteras cortadas con la llegada de la Vuelta Ciclista de la Comunitat Valenciana\"}]},{\"@type\":\"WebSite\",\"@id\":\"https:\\\/\\\/radiolitoral.com\\\/#website\",\"url\":\"https:\\\/\\\/radiolitoral.com\\\/\",\"name\":\"Radio Litoral\",\"description\":\"La radio local de la Marina Alta\",\"publisher\":{\"@id\":\"https:\\\/\\\/radiolitoral.com\\\/#organization\"},\"alternateName\":\"Litoral FM\",\"potentialAction\":[{\"@type\":\"SearchAction\",\"target\":{\"@type\":\"EntryPoint\",\"urlTemplate\":\"https:\\\/\\\/radiolitoral.com\\\/?s={search_term_string}\"},\"query-input\":{\"@type\":\"PropertyValueSpecification\",\"valueRequired\":true,\"valueName\":\"search_term_string\"}}],\"inLanguage\":\"ca\"},{\"@type\":\"Organization\",\"@id\":\"https:\\\/\\\/radiolitoral.com\\\/#organization\",\"name\":\"Radio Litoral\",\"url\":\"https:\\\/\\\/radiolitoral.com\\\/\",\"logo\":{\"@type\":\"ImageObject\",\"inLanguage\":\"ca\",\"@id\":\"https:\\\/\\\/radiolitoral.com\\\/#\\\/schema\\\/logo\\\/image\\\/\",\"url\":\"https:\\\/\\\/media.radiolitoral.com\\\/wp-content\\\/uploads\\\/2023\\\/02\\\/24143238\\\/CL-V-RadioLitoral696.png\",\"contentUrl\":\"https:\\\/\\\/media.radiolitoral.com\\\/wp-content\\\/uploads\\\/2023\\\/02\\\/24143238\\\/CL-V-RadioLitoral696.png\",\"width\":696,\"height\":696,\"caption\":\"Radio Litoral\"},\"image\":{\"@id\":\"https:\\\/\\\/radiolitoral.com\\\/#\\\/schema\\\/logo\\\/image\\\/\"},\"sameAs\":[\"https:\\\/\\\/www.facebook.com\\\/Laradiolitoral\\\/\"]},{\"@type\":\"Person\",\"@id\":\"https:\\\/\\\/radiolitoral.com\\\/#\\\/schema\\\/person\\\/f2b2343c49b5d721857cc1002bfdb151\",\"name\":\"Redacci\u00f3n\",\"image\":{\"@type\":\"ImageObject\",\"inLanguage\":\"ca\",\"@id\":\"https:\\\/\\\/secure.gravatar.com\\\/avatar\\\/f771d896c203ad8b3382d7905cfcce5a5c9b008b84b3cd9114e9b9f4cb63f789?s=96&d=mm&r=g\",\"url\":\"https:\\\/\\\/secure.gravatar.com\\\/avatar\\\/f771d896c203ad8b3382d7905cfcce5a5c9b008b84b3cd9114e9b9f4cb63f789?s=96&d=mm&r=g\",\"contentUrl\":\"https:\\\/\\\/secure.gravatar.com\\\/avatar\\\/f771d896c203ad8b3382d7905cfcce5a5c9b008b84b3cd9114e9b9f4cb63f789?s=96&d=mm&r=g\",\"caption\":\"Redacci\u00f3n\"},\"url\":\"https:\\\/\\\/radiolitoral.com\\\/ca\\\/author\\\/miriam-pagan\\\/\"}]}<\/script>\n<!-- \/ Yoast SEO plugin. -->","yoast_head_json":{"title":"Carrers i carreteres tallades amb l&#039;arribada de la Volta Ciclista de la Comunitat Valenciana | R\u00e0dio Litoral","description":"La prova inclou en el seu recorregut Xal\u00f3, Calp, Teulada, Benitatxell i Benissa en la seva primera i segona etapa","robots":{"index":"index","follow":"follow","max-snippet":"max-snippet:-1","max-image-preview":"max-image-preview:large","max-video-preview":"max-video-preview:-1"},"canonical":"https:\/\/radiolitoral.com\/ca\/2023\/01\/carrers-i-carreteres-tallades-amb-larribada-de-la-tornada-ciclista-de-la-comunitat-valenciana\/","og_locale":"ca_ES","og_type":"article","og_title":"Calles y carreteras cortadas con la llegada de la Vuelta Ciclista de la Comunitat Valenciana | R\u00e0dio Litoral","og_description":"La prueba incluye en su recorrido a Xal\u00f3, Calp, Teulada, Benitatxell y Benissa en su primera y segunda etapa","og_url":"https:\/\/radiolitoral.com\/ca\/2023\/01\/carrers-i-carreteres-tallades-amb-larribada-de-la-tornada-ciclista-de-la-comunitat-valenciana\/","og_site_name":"R\u00e0dio Litoral","article_publisher":"https:\/\/www.facebook.com\/Laradiolitoral\/","article_published_time":"2023-01-31T14:07:34+00:00","og_image":[{"width":1526,"height":1080,"url":"https:\/\/s3.eu-west-2.wasabisys.com\/radiolitoral.com\/wp-content\/uploads\/2023\/01\/31150601\/Ciclistas-1.jpg","type":"image\/jpeg"}],"author":"Redacci\u00f3n","twitter_card":"summary_large_image","twitter_misc":{"Escrit per":"Redacci\u00f3n","Temps estimat de lectura":"3 minuts"},"schema":{"@context":"https:\/\/schema.org","@graph":[{"@type":"NewsArticle","@id":"https:\/\/radiolitoral.com\/2023\/01\/calles-y-carreteras-cortadas-con-la-llegada-de-la-vuelta-ciclista-de-la-comunitat-valenciana\/#article","isPartOf":{"@id":"https:\/\/radiolitoral.com\/2023\/01\/calles-y-carreteras-cortadas-con-la-llegada-de-la-vuelta-ciclista-de-la-comunitat-valenciana\/"},"author":{"name":"Redacci\u00f3n","@id":"https:\/\/radiolitoral.com\/#\/schema\/person\/f2b2343c49b5d721857cc1002bfdb151"},"headline":"Calles y carreteras cortadas con la llegada de la Vuelta Ciclista de la Comunitat Valenciana","datePublished":"2023-01-31T14:07:34+00:00","mainEntityOfPage":{"@id":"https:\/\/radiolitoral.com\/2023\/01\/calles-y-carreteras-cortadas-con-la-llegada-de-la-vuelta-ciclista-de-la-comunitat-valenciana\/"},"wordCount":536,"commentCount":1,"publisher":{"@id":"https:\/\/radiolitoral.com\/#organization"},"image":{"@id":"https:\/\/radiolitoral.com\/2023\/01\/calles-y-carreteras-cortadas-con-la-llegada-de-la-vuelta-ciclista-de-la-comunitat-valenciana\/#primaryimage"},"thumbnailUrl":"https:\/\/media.radiolitoral.com\/wp-content\/uploads\/2023\/01\/24143240\/Ciclistas-1.jpg","keywords":["Carreteras","Ciclismo","Cortes Tr\u00e1fico","Vuelta Ciclista"],"articleSection":["Deportes","Informaci\u00f3n de Servicios"],"inLanguage":"ca","potentialAction":[{"@type":"CommentAction","name":"Comment","target":["https:\/\/radiolitoral.com\/2023\/01\/calles-y-carreteras-cortadas-con-la-llegada-de-la-vuelta-ciclista-de-la-comunitat-valenciana\/#respond"]}]},{"@type":["WebPage","ItemPage"],"@id":"https:\/\/radiolitoral.com\/2023\/01\/calles-y-carreteras-cortadas-con-la-llegada-de-la-vuelta-ciclista-de-la-comunitat-valenciana\/","url":"https:\/\/radiolitoral.com\/2023\/01\/calles-y-carreteras-cortadas-con-la-llegada-de-la-vuelta-ciclista-de-la-comunitat-valenciana\/","name":"Carrers i carreteres tallades amb l&#039;arribada de la Volta Ciclista de la Comunitat Valenciana | R\u00e0dio Litoral","isPartOf":{"@id":"https:\/\/radiolitoral.com\/#website"},"primaryImageOfPage":{"@id":"https:\/\/radiolitoral.com\/2023\/01\/calles-y-carreteras-cortadas-con-la-llegada-de-la-vuelta-ciclista-de-la-comunitat-valenciana\/#primaryimage"},"image":{"@id":"https:\/\/radiolitoral.com\/2023\/01\/calles-y-carreteras-cortadas-con-la-llegada-de-la-vuelta-ciclista-de-la-comunitat-valenciana\/#primaryimage"},"thumbnailUrl":"https:\/\/media.radiolitoral.com\/wp-content\/uploads\/2023\/01\/24143240\/Ciclistas-1.jpg","datePublished":"2023-01-31T14:07:34+00:00","description":"La prova inclou en el seu recorregut Xal\u00f3, Calp, Teulada, Benitatxell i Benissa en la seva primera i segona etapa","breadcrumb":{"@id":"https:\/\/radiolitoral.com\/2023\/01\/calles-y-carreteras-cortadas-con-la-llegada-de-la-vuelta-ciclista-de-la-comunitat-valenciana\/#breadcrumb"},"inLanguage":"ca","potentialAction":[{"@type":"ReadAction","target":["https:\/\/radiolitoral.com\/2023\/01\/calles-y-carreteras-cortadas-con-la-llegada-de-la-vuelta-ciclista-de-la-comunitat-valenciana\/"]}]},{"@type":"ImageObject","inLanguage":"ca","@id":"https:\/\/radiolitoral.com\/2023\/01\/calles-y-carreteras-cortadas-con-la-llegada-de-la-vuelta-ciclista-de-la-comunitat-valenciana\/#primaryimage","url":"https:\/\/media.radiolitoral.com\/wp-content\/uploads\/2023\/01\/24143240\/Ciclistas-1.jpg","contentUrl":"https:\/\/media.radiolitoral.com\/wp-content\/uploads\/2023\/01\/24143240\/Ciclistas-1.jpg","width":1526,"height":1080},{"@type":"BreadcrumbList","@id":"https:\/\/radiolitoral.com\/2023\/01\/calles-y-carreteras-cortadas-con-la-llegada-de-la-vuelta-ciclista-de-la-comunitat-valenciana\/#breadcrumb","itemListElement":[{"@type":"ListItem","position":1,"name":"Portada","item":"https:\/\/radiolitoral.com\/"},{"@type":"ListItem","position":2,"name":"Calles y carreteras cortadas con la llegada de la Vuelta Ciclista de la Comunitat Valenciana"}]},{"@type":"WebSite","@id":"https:\/\/radiolitoral.com\/#website","url":"https:\/\/radiolitoral.com\/","name":"R\u00e0dio Litoral","description":"La r\u00e0dio local de la Marina Alta","publisher":{"@id":"https:\/\/radiolitoral.com\/#organization"},"alternateName":"Litoral FM","potentialAction":[{"@type":"SearchAction","target":{"@type":"EntryPoint","urlTemplate":"https:\/\/radiolitoral.com\/?s={search_term_string}"},"query-input":{"@type":"PropertyValueSpecification","valueRequired":true,"valueName":"search_term_string"}}],"inLanguage":"ca"},{"@type":"Organization","@id":"https:\/\/radiolitoral.com\/#organization","name":"R\u00e0dio Litoral","url":"https:\/\/radiolitoral.com\/","logo":{"@type":"ImageObject","inLanguage":"ca","@id":"https:\/\/radiolitoral.com\/#\/schema\/logo\/image\/","url":"https:\/\/media.radiolitoral.com\/wp-content\/uploads\/2023\/02\/24143238\/CL-V-RadioLitoral696.png","contentUrl":"https:\/\/media.radiolitoral.com\/wp-content\/uploads\/2023\/02\/24143238\/CL-V-RadioLitoral696.png","width":696,"height":696,"caption":"Radio Litoral"},"image":{"@id":"https:\/\/radiolitoral.com\/#\/schema\/logo\/image\/"},"sameAs":["https:\/\/www.facebook.com\/Laradiolitoral\/"]},{"@type":"Person","@id":"https:\/\/radiolitoral.com\/#\/schema\/person\/f2b2343c49b5d721857cc1002bfdb151","name":"Redacci\u00f3","image":{"@type":"ImageObject","inLanguage":"ca","@id":"https:\/\/secure.gravatar.com\/avatar\/f771d896c203ad8b3382d7905cfcce5a5c9b008b84b3cd9114e9b9f4cb63f789?s=96&d=mm&r=g","url":"https:\/\/secure.gravatar.com\/avatar\/f771d896c203ad8b3382d7905cfcce5a5c9b008b84b3cd9114e9b9f4cb63f789?s=96&d=mm&r=g","contentUrl":"https:\/\/secure.gravatar.com\/avatar\/f771d896c203ad8b3382d7905cfcce5a5c9b008b84b3cd9114e9b9f4cb63f789?s=96&d=mm&r=g","caption":"Redacci\u00f3n"},"url":"https:\/\/radiolitoral.com\/ca\/author\/miriam-pagan\/"}]}},"_links":{"self":[{"href":"https:\/\/radiolitoral.com\/ca\/wp-json\/wp\/v2\/posts\/621","targetHints":{"allow":["GET"]}}],"collection":[{"href":"https:\/\/radiolitoral.com\/ca\/wp-json\/wp\/v2\/posts"}],"about":[{"href":"https:\/\/radiolitoral.com\/ca\/wp-json\/wp\/v2\/types\/post"}],"author":[{"embeddable":true,"href":"https:\/\/radiolitoral.com\/ca\/wp-json\/wp\/v2\/users\/13"}],"replies":[{"embeddable":true,"href":"https:\/\/radiolitoral.com\/ca\/wp-json\/wp\/v2\/comments?post=621"}],"version-history":[{"count":5,"href":"https:\/\/radiolitoral.com\/ca\/wp-json\/wp\/v2\/posts\/621\/revisions"}],"predecessor-version":[{"id":627,"href":"https:\/\/radiolitoral.com\/ca\/wp-json\/wp\/v2\/posts\/621\/revisions\/627"}],"wp:featuredmedia":[{"embeddable":true,"href":"https:\/\/radiolitoral.com\/ca\/wp-json\/wp\/v2\/media\/622"}],"wp:attachment":[{"href":"https:\/\/radiolitoral.com\/ca\/wp-json\/wp\/v2\/media?parent=621"}],"wp:term":[{"taxonomy":"category","embeddable":true,"href":"https:\/\/radiolitoral.com\/ca\/wp-json\/wp\/v2\/categories?post=621"},{"taxonomy":"post_tag","embeddable":true,"href":"https:\/\/radiolitoral.com\/ca\/wp-json\/wp\/v2\/tags?post=621"}],"curies":[{"name":"wp","href":"https:\/\/api.w.org\/{rel}","templated":true}]}}