{"id":6190,"date":"2024-01-03T18:50:01","date_gmt":"2024-01-03T17:50:01","guid":{"rendered":"https:\/\/radiolitoral.com\/?p=6190"},"modified":"2024-01-03T18:50:01","modified_gmt":"2024-01-03T17:50:01","slug":"calp-sadhereix-a-la-xarxa-gastroturistica-lexquisit-mediterrani","status":"publish","type":"post","link":"https:\/\/radiolitoral.com\/ca\/2024\/01\/calp-se-adhiere-a-la-red-gastroturistica-lexquisit-mediterrani\/","title":{"rendered":"Calp s&#039;adhereix a la Xarxa Gastrotur\u00edstica L&#039;Exquisit Mediterrani"},"content":{"rendered":"<p><strong>Calp<\/strong> s&#039;ha adherit a la <strong>Xarxa Gastrotur\u00edstica de Turisme Comunitat Valenciana \u2013 L&#039;Exquisit Mediterrani.<\/strong> La <strong>alcaldessa, Ana Sala<\/strong>, ha signat l&#039;adhesi\u00f3 a aquest distintiu tur\u00edstic, creat per Turisme Comunitat Valenciana, que t\u00e9 com a finalitat impulsar la gastronomia pr\u00f2pia de la Comunitat Valenciana, com a recurs tur\u00edstic de primer ordre, aix\u00ed com la difusi\u00f3 de la seua excel\u00b7l\u00e8ncia.<\/p>\n<p>D&#039;aquesta manera, Calp pret\u00e9n fomentar el <strong>turisme gastron\u00f2mic<\/strong> al municipi des d&#039;un enfocament compartit per iniciatives i projectes -p\u00fablics i privats- sorgits des de diferents \u00e0mbits del turisme, la gastronomia i que engloba des de l&#039;alta cuina a productes experiencials al territori com l&#039;enoturisme, agroturisme, oleoturisme i pescaturisme.<\/p>\n<p>Ana Sala ha remarcat la import\u00e0ncia que <strong>Calp<\/strong> formi part d&#039;aquesta xarxa, amb qu\u00e8 es tractar\u00e0 de visibilitzar i promocionar els productes gastron\u00f2mics. A m\u00e9s, l&#039;alcaldessa ha avan\u00e7at, que l&#039;adhesi\u00f3 a la Xarxa Gastrotur\u00edstica de Turisme Comunitat Valenciana \u2013 L&#039;Exquisit Mediterrani permetr\u00e0 a l&#039;Ajuntament de Calp participar a la propera edici\u00f3 de <strong>Madrid Fusi\u00f3<\/strong> que se celebrar\u00e0 del 29 al 31 de gener.<\/p>\n<audio class=\"wp-audio-shortcode\" id=\"audio-6190-1\" preload=\"none\" style=\"width: 100%;\" controls=\"controls\"><source type=\"audio\/mpeg\" src=\"https:\/\/media.radiolitoral.com\/wp-content\/uploads\/2024\/01\/03184543\/Ana-Sala-Exquisit-Mediterrani.mp3?_=1\" \/><a href=\"https:\/\/media.radiolitoral.com\/wp-content\/uploads\/2024\/01\/03184543\/Ana-Sala-Exquisit-Mediterrani.mp3\">https:\/\/media.radiolitoral.com\/wp-content\/uploads\/2024\/01\/03184543\/Ana-Sala-Exquisit-Mediterrani.mp3<\/a><\/audio>\n<p><strong>\u00a0<\/strong><\/p>","protected":false},"excerpt":{"rendered":"<p>Calp se ha adherido a la Red Gastrotur\u00edstica de Turisme Comunitat Valenciana &#8211; L\u2019Exquisit Mediterrani. La alcaldesa, Ana Sala, ha firmado la adhesi\u00f3n a este distintivo tur\u00edstico, creado por Turisme Comunitat Valenciana, que tiene como finalidad impulsar la gastronom\u00eda propia de la Comunitat Valenciana, como recurso tur\u00edstico de primer orden, as\u00ed como la difusi\u00f3n de [&#8230;]<\/p>\n<p><a class=\"btn btn-secondary understrap-read-more-link\" href=\"https:\/\/radiolitoral.com\/ca\/2024\/01\/calp-se-adhiere-a-la-red-gastroturistica-lexquisit-mediterrani\/\">Continua llegint&#8230;<span class=\"screen-reader-text\"> from Calp se adhiere a la Red Gastrotur\u00edstica L\u2019Exquisit Mediterrani<\/span><\/a><\/p>\n","protected":false},"author":21,"featured_media":6194,"comment_status":"open","ping_status":"closed","sticky":false,"template":"","format":"standard","meta":{"_acf_changed":false,"inline_featured_image":false,"footnotes":""},"categories":[549,144],"tags":[],"class_list":["post-6190","post","type-post","status-publish","format-standard","has-post-thumbnail","hentry","category-gastronomia","category-turismo","cobertura-calp"],"acf":[],"yoast_head":"<!-- This site is optimized with the Yoast SEO plugin v27.5 - https:\/\/yoast.com\/product\/yoast-seo-wordpress\/ -->\n<title>Calp se adhiere a la Red Gastrotur\u00edstica L\u2019Exquisit Mediterrani | R\u00e0dio Litoral<\/title>\n<meta name=\"description\" content=\"Formar parte de la Red Gastrotur\u00edstica permitir\u00e1 a la ciudad del pe\u00f1\u00f3n estar presente en la pr\u00f3xima edici\u00f3n de Madrid Fusi\u00f3n\" \/>\n<meta name=\"robots\" content=\"index, follow, max-snippet:-1, max-image-preview:large, max-video-preview:-1\" \/>\n<link rel=\"canonical\" href=\"https:\/\/radiolitoral.com\/ca\/2024\/01\/calp-sadhereix-a-la-xarxa-gastroturistica-lexquisit-mediterrani\/\" \/>\n<meta property=\"og:locale\" content=\"ca_ES\" \/>\n<meta property=\"og:type\" content=\"article\" \/>\n<meta property=\"og:title\" content=\"Calp se adhiere a la Red Gastrotur\u00edstica L\u2019Exquisit Mediterrani | R\u00e0dio Litoral\" \/>\n<meta property=\"og:description\" content=\"Formar parte de la Red Gastrotur\u00edstica permitir\u00e1 a la ciudad del pe\u00f1\u00f3n estar presente en la pr\u00f3xima edici\u00f3n de Madrid Fusi\u00f3n\" \/>\n<meta property=\"og:url\" content=\"https:\/\/radiolitoral.com\/ca\/2024\/01\/calp-sadhereix-a-la-xarxa-gastroturistica-lexquisit-mediterrani\/\" \/>\n<meta property=\"og:site_name\" content=\"R\u00e0dio Litoral\" \/>\n<meta property=\"article:publisher\" content=\"https:\/\/www.facebook.com\/Laradiolitoral\/\" \/>\n<meta property=\"article:published_time\" content=\"2024-01-03T17:50:01+00:00\" \/>\n<meta property=\"og:image\" content=\"https:\/\/media.radiolitoral.com\/wp-content\/uploads\/2024\/01\/03184902\/Gastronomia-Calp-1-scaled-e1704304164524.jpg\" \/>\n\t<meta property=\"og:image:width\" content=\"2069\" \/>\n\t<meta property=\"og:image:height\" content=\"1408\" \/>\n\t<meta property=\"og:image:type\" content=\"image\/jpeg\" \/>\n<meta name=\"author\" content=\"Mel Pescuezo\" \/>\n<meta name=\"twitter:card\" content=\"summary_large_image\" \/>\n<meta name=\"twitter:label1\" content=\"Escrit per\" \/>\n\t<meta name=\"twitter:data1\" content=\"Mel Pescuezo\" \/>\n\t<meta name=\"twitter:label2\" content=\"Temps estimat de lectura\" \/>\n\t<meta name=\"twitter:data2\" content=\"2 minuts\" \/>\n<script type=\"application\/ld+json\" class=\"yoast-schema-graph\">{\"@context\":\"https:\\\/\\\/schema.org\",\"@graph\":[{\"@type\":\"NewsArticle\",\"@id\":\"https:\\\/\\\/radiolitoral.com\\\/2024\\\/01\\\/calp-se-adhiere-a-la-red-gastroturistica-lexquisit-mediterrani\\\/#article\",\"isPartOf\":{\"@id\":\"https:\\\/\\\/radiolitoral.com\\\/2024\\\/01\\\/calp-se-adhiere-a-la-red-gastroturistica-lexquisit-mediterrani\\\/\"},\"author\":{\"name\":\"Mel Pescuezo\",\"@id\":\"https:\\\/\\\/radiolitoral.com\\\/#\\\/schema\\\/person\\\/aad4f72efa404f85b68e832d24cac059\"},\"headline\":\"Calp se adhiere a la Red Gastrotur\u00edstica L\u2019Exquisit Mediterrani\",\"datePublished\":\"2024-01-03T17:50:01+00:00\",\"mainEntityOfPage\":{\"@id\":\"https:\\\/\\\/radiolitoral.com\\\/2024\\\/01\\\/calp-se-adhiere-a-la-red-gastroturistica-lexquisit-mediterrani\\\/\"},\"wordCount\":214,\"commentCount\":0,\"publisher\":{\"@id\":\"https:\\\/\\\/radiolitoral.com\\\/#organization\"},\"image\":{\"@id\":\"https:\\\/\\\/radiolitoral.com\\\/2024\\\/01\\\/calp-se-adhiere-a-la-red-gastroturistica-lexquisit-mediterrani\\\/#primaryimage\"},\"thumbnailUrl\":\"https:\\\/\\\/media.radiolitoral.com\\\/wp-content\\\/uploads\\\/2024\\\/01\\\/03184902\\\/Gastronomia-Calp-1-scaled-e1704304164524.jpg\",\"articleSection\":[\"Gastronom\u00eda\",\"Turismo\"],\"inLanguage\":\"ca\",\"potentialAction\":[{\"@type\":\"CommentAction\",\"name\":\"Comment\",\"target\":[\"https:\\\/\\\/radiolitoral.com\\\/2024\\\/01\\\/calp-se-adhiere-a-la-red-gastroturistica-lexquisit-mediterrani\\\/#respond\"]}]},{\"@type\":[\"WebPage\",\"ItemPage\"],\"@id\":\"https:\\\/\\\/radiolitoral.com\\\/2024\\\/01\\\/calp-se-adhiere-a-la-red-gastroturistica-lexquisit-mediterrani\\\/\",\"url\":\"https:\\\/\\\/radiolitoral.com\\\/2024\\\/01\\\/calp-se-adhiere-a-la-red-gastroturistica-lexquisit-mediterrani\\\/\",\"name\":\"Calp se adhiere a la Red Gastrotur\u00edstica L\u2019Exquisit Mediterrani | R\u00e0dio Litoral\",\"isPartOf\":{\"@id\":\"https:\\\/\\\/radiolitoral.com\\\/#website\"},\"primaryImageOfPage\":{\"@id\":\"https:\\\/\\\/radiolitoral.com\\\/2024\\\/01\\\/calp-se-adhiere-a-la-red-gastroturistica-lexquisit-mediterrani\\\/#primaryimage\"},\"image\":{\"@id\":\"https:\\\/\\\/radiolitoral.com\\\/2024\\\/01\\\/calp-se-adhiere-a-la-red-gastroturistica-lexquisit-mediterrani\\\/#primaryimage\"},\"thumbnailUrl\":\"https:\\\/\\\/media.radiolitoral.com\\\/wp-content\\\/uploads\\\/2024\\\/01\\\/03184902\\\/Gastronomia-Calp-1-scaled-e1704304164524.jpg\",\"datePublished\":\"2024-01-03T17:50:01+00:00\",\"description\":\"Formar parte de la Red Gastrotur\u00edstica permitir\u00e1 a la ciudad del pe\u00f1\u00f3n estar presente en la pr\u00f3xima edici\u00f3n de Madrid Fusi\u00f3n\",\"breadcrumb\":{\"@id\":\"https:\\\/\\\/radiolitoral.com\\\/2024\\\/01\\\/calp-se-adhiere-a-la-red-gastroturistica-lexquisit-mediterrani\\\/#breadcrumb\"},\"inLanguage\":\"ca\",\"potentialAction\":[{\"@type\":\"ReadAction\",\"target\":[\"https:\\\/\\\/radiolitoral.com\\\/2024\\\/01\\\/calp-se-adhiere-a-la-red-gastroturistica-lexquisit-mediterrani\\\/\"]}]},{\"@type\":\"ImageObject\",\"inLanguage\":\"ca\",\"@id\":\"https:\\\/\\\/radiolitoral.com\\\/2024\\\/01\\\/calp-se-adhiere-a-la-red-gastroturistica-lexquisit-mediterrani\\\/#primaryimage\",\"url\":\"https:\\\/\\\/media.radiolitoral.com\\\/wp-content\\\/uploads\\\/2024\\\/01\\\/03184902\\\/Gastronomia-Calp-1-scaled-e1704304164524.jpg\",\"contentUrl\":\"https:\\\/\\\/media.radiolitoral.com\\\/wp-content\\\/uploads\\\/2024\\\/01\\\/03184902\\\/Gastronomia-Calp-1-scaled-e1704304164524.jpg\",\"width\":2069,\"height\":1408},{\"@type\":\"BreadcrumbList\",\"@id\":\"https:\\\/\\\/radiolitoral.com\\\/2024\\\/01\\\/calp-se-adhiere-a-la-red-gastroturistica-lexquisit-mediterrani\\\/#breadcrumb\",\"itemListElement\":[{\"@type\":\"ListItem\",\"position\":1,\"name\":\"Portada\",\"item\":\"https:\\\/\\\/radiolitoral.com\\\/\"},{\"@type\":\"ListItem\",\"position\":2,\"name\":\"Calp se adhiere a la Red Gastrotur\u00edstica L\u2019Exquisit Mediterrani\"}]},{\"@type\":\"WebSite\",\"@id\":\"https:\\\/\\\/radiolitoral.com\\\/#website\",\"url\":\"https:\\\/\\\/radiolitoral.com\\\/\",\"name\":\"Radio Litoral\",\"description\":\"La radio local de la Marina Alta\",\"publisher\":{\"@id\":\"https:\\\/\\\/radiolitoral.com\\\/#organization\"},\"alternateName\":\"Litoral FM\",\"potentialAction\":[{\"@type\":\"SearchAction\",\"target\":{\"@type\":\"EntryPoint\",\"urlTemplate\":\"https:\\\/\\\/radiolitoral.com\\\/?s={search_term_string}\"},\"query-input\":{\"@type\":\"PropertyValueSpecification\",\"valueRequired\":true,\"valueName\":\"search_term_string\"}}],\"inLanguage\":\"ca\"},{\"@type\":\"Organization\",\"@id\":\"https:\\\/\\\/radiolitoral.com\\\/#organization\",\"name\":\"Radio Litoral\",\"url\":\"https:\\\/\\\/radiolitoral.com\\\/\",\"logo\":{\"@type\":\"ImageObject\",\"inLanguage\":\"ca\",\"@id\":\"https:\\\/\\\/radiolitoral.com\\\/#\\\/schema\\\/logo\\\/image\\\/\",\"url\":\"https:\\\/\\\/media.radiolitoral.com\\\/wp-content\\\/uploads\\\/2023\\\/02\\\/24143238\\\/CL-V-RadioLitoral696.png\",\"contentUrl\":\"https:\\\/\\\/media.radiolitoral.com\\\/wp-content\\\/uploads\\\/2023\\\/02\\\/24143238\\\/CL-V-RadioLitoral696.png\",\"width\":696,\"height\":696,\"caption\":\"Radio Litoral\"},\"image\":{\"@id\":\"https:\\\/\\\/radiolitoral.com\\\/#\\\/schema\\\/logo\\\/image\\\/\"},\"sameAs\":[\"https:\\\/\\\/www.facebook.com\\\/Laradiolitoral\\\/\"]},{\"@type\":\"Person\",\"@id\":\"https:\\\/\\\/radiolitoral.com\\\/#\\\/schema\\\/person\\\/aad4f72efa404f85b68e832d24cac059\",\"name\":\"Mel Pescuezo\",\"image\":{\"@type\":\"ImageObject\",\"inLanguage\":\"ca\",\"@id\":\"https:\\\/\\\/secure.gravatar.com\\\/avatar\\\/993975ae489c70cb0dd9bfa9413a082f0bd276582dac13661af7b33f161e7eea?s=96&d=mm&r=g\",\"url\":\"https:\\\/\\\/secure.gravatar.com\\\/avatar\\\/993975ae489c70cb0dd9bfa9413a082f0bd276582dac13661af7b33f161e7eea?s=96&d=mm&r=g\",\"contentUrl\":\"https:\\\/\\\/secure.gravatar.com\\\/avatar\\\/993975ae489c70cb0dd9bfa9413a082f0bd276582dac13661af7b33f161e7eea?s=96&d=mm&r=g\",\"caption\":\"Mel Pescuezo\"},\"url\":\"https:\\\/\\\/radiolitoral.com\\\/ca\\\/author\\\/serviciospararadios\\\/\"}]}<\/script>\n<!-- \/ Yoast SEO plugin. -->","yoast_head_json":{"title":"Calp s&#039;adhereix a la Xarxa Gastrotur\u00edstica L&#039;Exquisit Mediterrani | R\u00e0dio Litoral","description":"Formar part de la Xarxa Gastrotur\u00edstica permetr\u00e0 a la ciutat del penyal ser present a la propera edici\u00f3 de Madrid Fusi\u00f3n","robots":{"index":"index","follow":"follow","max-snippet":"max-snippet:-1","max-image-preview":"max-image-preview:large","max-video-preview":"max-video-preview:-1"},"canonical":"https:\/\/radiolitoral.com\/ca\/2024\/01\/calp-sadhereix-a-la-xarxa-gastroturistica-lexquisit-mediterrani\/","og_locale":"ca_ES","og_type":"article","og_title":"Calp se adhiere a la Red Gastrotur\u00edstica L\u2019Exquisit Mediterrani | R\u00e0dio Litoral","og_description":"Formar parte de la Red Gastrotur\u00edstica permitir\u00e1 a la ciudad del pe\u00f1\u00f3n estar presente en la pr\u00f3xima edici\u00f3n de Madrid Fusi\u00f3n","og_url":"https:\/\/radiolitoral.com\/ca\/2024\/01\/calp-sadhereix-a-la-xarxa-gastroturistica-lexquisit-mediterrani\/","og_site_name":"R\u00e0dio Litoral","article_publisher":"https:\/\/www.facebook.com\/Laradiolitoral\/","article_published_time":"2024-01-03T17:50:01+00:00","og_image":[{"width":2069,"height":1408,"url":"https:\/\/media.radiolitoral.com\/wp-content\/uploads\/2024\/01\/03184902\/Gastronomia-Calp-1-scaled-e1704304164524.jpg","type":"image\/jpeg"}],"author":"Mel Pescuezo","twitter_card":"summary_large_image","twitter_misc":{"Escrit per":"Mel Pescuezo","Temps estimat de lectura":"2 minuts"},"schema":{"@context":"https:\/\/schema.org","@graph":[{"@type":"NewsArticle","@id":"https:\/\/radiolitoral.com\/2024\/01\/calp-se-adhiere-a-la-red-gastroturistica-lexquisit-mediterrani\/#article","isPartOf":{"@id":"https:\/\/radiolitoral.com\/2024\/01\/calp-se-adhiere-a-la-red-gastroturistica-lexquisit-mediterrani\/"},"author":{"name":"Mel Pescuezo","@id":"https:\/\/radiolitoral.com\/#\/schema\/person\/aad4f72efa404f85b68e832d24cac059"},"headline":"Calp se adhiere a la Red Gastrotur\u00edstica L\u2019Exquisit Mediterrani","datePublished":"2024-01-03T17:50:01+00:00","mainEntityOfPage":{"@id":"https:\/\/radiolitoral.com\/2024\/01\/calp-se-adhiere-a-la-red-gastroturistica-lexquisit-mediterrani\/"},"wordCount":214,"commentCount":0,"publisher":{"@id":"https:\/\/radiolitoral.com\/#organization"},"image":{"@id":"https:\/\/radiolitoral.com\/2024\/01\/calp-se-adhiere-a-la-red-gastroturistica-lexquisit-mediterrani\/#primaryimage"},"thumbnailUrl":"https:\/\/media.radiolitoral.com\/wp-content\/uploads\/2024\/01\/03184902\/Gastronomia-Calp-1-scaled-e1704304164524.jpg","articleSection":["Gastronom\u00eda","Turismo"],"inLanguage":"ca","potentialAction":[{"@type":"CommentAction","name":"Comment","target":["https:\/\/radiolitoral.com\/2024\/01\/calp-se-adhiere-a-la-red-gastroturistica-lexquisit-mediterrani\/#respond"]}]},{"@type":["WebPage","ItemPage"],"@id":"https:\/\/radiolitoral.com\/2024\/01\/calp-se-adhiere-a-la-red-gastroturistica-lexquisit-mediterrani\/","url":"https:\/\/radiolitoral.com\/2024\/01\/calp-se-adhiere-a-la-red-gastroturistica-lexquisit-mediterrani\/","name":"Calp s&#039;adhereix a la Xarxa Gastrotur\u00edstica L&#039;Exquisit Mediterrani | R\u00e0dio Litoral","isPartOf":{"@id":"https:\/\/radiolitoral.com\/#website"},"primaryImageOfPage":{"@id":"https:\/\/radiolitoral.com\/2024\/01\/calp-se-adhiere-a-la-red-gastroturistica-lexquisit-mediterrani\/#primaryimage"},"image":{"@id":"https:\/\/radiolitoral.com\/2024\/01\/calp-se-adhiere-a-la-red-gastroturistica-lexquisit-mediterrani\/#primaryimage"},"thumbnailUrl":"https:\/\/media.radiolitoral.com\/wp-content\/uploads\/2024\/01\/03184902\/Gastronomia-Calp-1-scaled-e1704304164524.jpg","datePublished":"2024-01-03T17:50:01+00:00","description":"Formar part de la Xarxa Gastrotur\u00edstica permetr\u00e0 a la ciutat del penyal ser present a la propera edici\u00f3 de Madrid Fusi\u00f3n","breadcrumb":{"@id":"https:\/\/radiolitoral.com\/2024\/01\/calp-se-adhiere-a-la-red-gastroturistica-lexquisit-mediterrani\/#breadcrumb"},"inLanguage":"ca","potentialAction":[{"@type":"ReadAction","target":["https:\/\/radiolitoral.com\/2024\/01\/calp-se-adhiere-a-la-red-gastroturistica-lexquisit-mediterrani\/"]}]},{"@type":"ImageObject","inLanguage":"ca","@id":"https:\/\/radiolitoral.com\/2024\/01\/calp-se-adhiere-a-la-red-gastroturistica-lexquisit-mediterrani\/#primaryimage","url":"https:\/\/media.radiolitoral.com\/wp-content\/uploads\/2024\/01\/03184902\/Gastronomia-Calp-1-scaled-e1704304164524.jpg","contentUrl":"https:\/\/media.radiolitoral.com\/wp-content\/uploads\/2024\/01\/03184902\/Gastronomia-Calp-1-scaled-e1704304164524.jpg","width":2069,"height":1408},{"@type":"BreadcrumbList","@id":"https:\/\/radiolitoral.com\/2024\/01\/calp-se-adhiere-a-la-red-gastroturistica-lexquisit-mediterrani\/#breadcrumb","itemListElement":[{"@type":"ListItem","position":1,"name":"Portada","item":"https:\/\/radiolitoral.com\/"},{"@type":"ListItem","position":2,"name":"Calp se adhiere a la Red Gastrotur\u00edstica L\u2019Exquisit Mediterrani"}]},{"@type":"WebSite","@id":"https:\/\/radiolitoral.com\/#website","url":"https:\/\/radiolitoral.com\/","name":"R\u00e0dio Litoral","description":"La r\u00e0dio local de la Marina Alta","publisher":{"@id":"https:\/\/radiolitoral.com\/#organization"},"alternateName":"Litoral FM","potentialAction":[{"@type":"SearchAction","target":{"@type":"EntryPoint","urlTemplate":"https:\/\/radiolitoral.com\/?s={search_term_string}"},"query-input":{"@type":"PropertyValueSpecification","valueRequired":true,"valueName":"search_term_string"}}],"inLanguage":"ca"},{"@type":"Organization","@id":"https:\/\/radiolitoral.com\/#organization","name":"R\u00e0dio Litoral","url":"https:\/\/radiolitoral.com\/","logo":{"@type":"ImageObject","inLanguage":"ca","@id":"https:\/\/radiolitoral.com\/#\/schema\/logo\/image\/","url":"https:\/\/media.radiolitoral.com\/wp-content\/uploads\/2023\/02\/24143238\/CL-V-RadioLitoral696.png","contentUrl":"https:\/\/media.radiolitoral.com\/wp-content\/uploads\/2023\/02\/24143238\/CL-V-RadioLitoral696.png","width":696,"height":696,"caption":"Radio Litoral"},"image":{"@id":"https:\/\/radiolitoral.com\/#\/schema\/logo\/image\/"},"sameAs":["https:\/\/www.facebook.com\/Laradiolitoral\/"]},{"@type":"Person","@id":"https:\/\/radiolitoral.com\/#\/schema\/person\/aad4f72efa404f85b68e832d24cac059","name":"Mel Pescuezo","image":{"@type":"ImageObject","inLanguage":"ca","@id":"https:\/\/secure.gravatar.com\/avatar\/993975ae489c70cb0dd9bfa9413a082f0bd276582dac13661af7b33f161e7eea?s=96&d=mm&r=g","url":"https:\/\/secure.gravatar.com\/avatar\/993975ae489c70cb0dd9bfa9413a082f0bd276582dac13661af7b33f161e7eea?s=96&d=mm&r=g","contentUrl":"https:\/\/secure.gravatar.com\/avatar\/993975ae489c70cb0dd9bfa9413a082f0bd276582dac13661af7b33f161e7eea?s=96&d=mm&r=g","caption":"Mel Pescuezo"},"url":"https:\/\/radiolitoral.com\/ca\/author\/serviciospararadios\/"}]}},"_links":{"self":[{"href":"https:\/\/radiolitoral.com\/ca\/wp-json\/wp\/v2\/posts\/6190","targetHints":{"allow":["GET"]}}],"collection":[{"href":"https:\/\/radiolitoral.com\/ca\/wp-json\/wp\/v2\/posts"}],"about":[{"href":"https:\/\/radiolitoral.com\/ca\/wp-json\/wp\/v2\/types\/post"}],"author":[{"embeddable":true,"href":"https:\/\/radiolitoral.com\/ca\/wp-json\/wp\/v2\/users\/21"}],"replies":[{"embeddable":true,"href":"https:\/\/radiolitoral.com\/ca\/wp-json\/wp\/v2\/comments?post=6190"}],"version-history":[{"count":3,"href":"https:\/\/radiolitoral.com\/ca\/wp-json\/wp\/v2\/posts\/6190\/revisions"}],"predecessor-version":[{"id":6196,"href":"https:\/\/radiolitoral.com\/ca\/wp-json\/wp\/v2\/posts\/6190\/revisions\/6196"}],"wp:featuredmedia":[{"embeddable":true,"href":"https:\/\/radiolitoral.com\/ca\/wp-json\/wp\/v2\/media\/6194"}],"wp:attachment":[{"href":"https:\/\/radiolitoral.com\/ca\/wp-json\/wp\/v2\/media?parent=6190"}],"wp:term":[{"taxonomy":"category","embeddable":true,"href":"https:\/\/radiolitoral.com\/ca\/wp-json\/wp\/v2\/categories?post=6190"},{"taxonomy":"post_tag","embeddable":true,"href":"https:\/\/radiolitoral.com\/ca\/wp-json\/wp\/v2\/tags?post=6190"}],"curies":[{"name":"wp","href":"https:\/\/api.w.org\/{rel}","templated":true}]}}