{"id":612,"date":"2023-01-31T14:15:43","date_gmt":"2023-01-31T13:15:43","guid":{"rendered":"https:\/\/radiolitoral.com\/?p=612"},"modified":"2023-01-31T14:15:43","modified_gmt":"2023-01-31T13:15:43","slug":"detinguts-en-calp-quatre-homes-despres-de-protagonitzar-una-baralla-amb-ferits","status":"publish","type":"post","link":"https:\/\/radiolitoral.com\/ca\/2023\/01\/detenidos-en-calp-cuatro-hombres-tras-protagonizar-una-reyerta-con-heridos\/","title":{"rendered":"Detinguts a Calp quatre homes despr\u00e9s de protagonitzar una baralla amb ferits"},"content":{"rendered":"<p>La <strong>Gu\u00e0rdia Civil<\/strong> i la <strong>Policia Local<\/strong> de <strong>Calp<\/strong> han <strong>detingut<\/strong> quatre homes per la seva presumpta participaci\u00f3 en una <strong>baralla<\/strong> amb armes blanques. L&#039;altercat va tenir lloc el dia 25 de gener passat en un c\u00e8ntric carrer de la localitat ia plena llum del dia. Una disputa en qu\u00e8 tots els involucrats van resultar <strong>ferits<\/strong> amb talls i incisions.<\/p>\n<p>Els capturats tenen edats entre els 24 i els 37 anys, i s\u00f3n de nacionalitats colombiana i alemanya. La Gu\u00e0rdia Civil ha pogut constatar que tots ells posse\u00efen antecedents policials per fets relacionats amb robatoris, tr\u00e0fic de drogues, lesions i amenaces, a m\u00e9s de pert\u00e0nyer a <strong>dues bandes diferents dedicades al tr\u00e0fic de drogues<\/strong> a diferents localitats a la prov\u00edncia d&#039;Alacant.<\/p>\n<p>Igualment, els investigadors van poder esbrinar que la baralla s&#039;havia originat per una venjan\u00e7a entre les dues bandes, en qu\u00e8 es reclamaven m\u00fatuament un deute per venda de drogues.<\/p>\n<p>Tots els involucrats, juntament amb les armes blanques utilitzades, han estat posats a disposici\u00f3 del Jutjat d&#039;Instrucci\u00f3 n\u00famero 1 de D\u00e9nia, que ha decretat la posada en llibertat de tots ells amb la imposici\u00f3 de mesures cautelars.<\/p>\n<p>Gr\u00e0cies a la r\u00e0pida, decidida i resolutiva actuaci\u00f3 dels agents de la Gu\u00e0rdia Civil i de la Policia Local de Calp, es va aconseguir identificar i aturar els participants de la baralla, a m\u00e9s d&#039;evitar m\u00e9s lesions en els involucrats o en terceres persones alienes al incident.<\/p>\n<p>La Gu\u00e0rdia Civil anima els ciutadans que presenci\u00efn aquest tipus de fets a donar-ne coneixement, a trav\u00e9s del n\u00famero de tel\u00e8fon 062 o mitjan\u00e7ant l&#039;aplicaci\u00f3 de telefonia m\u00f2bil &#039;Alertcops&#039;.<\/p>","protected":false},"excerpt":{"rendered":"<p>La Guardia Civil y la Polic\u00eda Local de Calp han detenido a cuatro hombres por su presunta participaci\u00f3n en una pelea con armas blancas. El altercado tuvo lugar el pasado d\u00eda 25 de enero en una c\u00e9ntrica calle de la localidad y a plena luz del d\u00eda. Una disputa en la que todos los involucrados [&#8230;]<\/p>\n<p><a class=\"btn btn-secondary understrap-read-more-link\" href=\"https:\/\/radiolitoral.com\/ca\/2023\/01\/detenidos-en-calp-cuatro-hombres-tras-protagonizar-una-reyerta-con-heridos\/\">Continua llegint&#8230;<span class=\"screen-reader-text\"> from Detenidos en Calp cuatro hombres tras protagonizar una reyerta con heridos<\/span><\/a><\/p>\n","protected":false},"author":13,"featured_media":616,"comment_status":"open","ping_status":"closed","sticky":false,"template":"","format":"standard","meta":{"_acf_changed":false,"inline_featured_image":false,"footnotes":""},"categories":[8],"tags":[10,11,70],"class_list":["post-612","post","type-post","status-publish","format-standard","has-post-thumbnail","hentry","category-sucesos","tag-detenciones","tag-guardia-civil","tag-trafico-drogas","cobertura-calp"],"acf":[],"yoast_head":"<!-- This site is optimized with the Yoast SEO plugin v27.5 - https:\/\/yoast.com\/product\/yoast-seo-wordpress\/ -->\n<title>Detenidos en Calp cuatro hombres tras protagonizar una reyerta con heridos | R\u00e0dio Litoral<\/title>\n<meta name=\"description\" content=\"Los apresados pertenecen a dos bandas dedicadas al tr\u00e1fico de drogas y la pelea se relaciona con un ajuste de cuentas\" \/>\n<meta name=\"robots\" content=\"index, follow, max-snippet:-1, max-image-preview:large, max-video-preview:-1\" \/>\n<link rel=\"canonical\" href=\"https:\/\/radiolitoral.com\/ca\/2023\/01\/detinguts-en-calp-quatre-homes-despres-de-protagonitzar-una-baralla-amb-ferits\/\" \/>\n<meta property=\"og:locale\" content=\"ca_ES\" \/>\n<meta property=\"og:type\" content=\"article\" \/>\n<meta property=\"og:title\" content=\"Detenidos en Calp cuatro hombres tras protagonizar una reyerta con heridos | R\u00e0dio Litoral\" \/>\n<meta property=\"og:description\" content=\"Los apresados pertenecen a dos bandas dedicadas al tr\u00e1fico de drogas y la pelea se relaciona con un ajuste de cuentas\" \/>\n<meta property=\"og:url\" content=\"https:\/\/radiolitoral.com\/ca\/2023\/01\/detinguts-en-calp-quatre-homes-despres-de-protagonitzar-una-baralla-amb-ferits\/\" \/>\n<meta property=\"og:site_name\" content=\"R\u00e0dio Litoral\" \/>\n<meta property=\"article:publisher\" content=\"https:\/\/www.facebook.com\/Laradiolitoral\/\" \/>\n<meta property=\"article:published_time\" content=\"2023-01-31T13:15:43+00:00\" \/>\n<meta property=\"og:image\" content=\"https:\/\/s3.eu-west-2.wasabisys.com\/radiolitoral.com\/wp-content\/uploads\/2023\/01\/31141448\/Calp.-detenidos-pelea-2.jpg\" \/>\n\t<meta property=\"og:image:width\" content=\"960\" \/>\n\t<meta property=\"og:image:height\" content=\"720\" \/>\n\t<meta property=\"og:image:type\" content=\"image\/jpeg\" \/>\n<meta name=\"author\" content=\"Redacci\u00f3n\" \/>\n<meta name=\"twitter:card\" content=\"summary_large_image\" \/>\n<meta name=\"twitter:label1\" content=\"Escrit per\" \/>\n\t<meta name=\"twitter:data1\" content=\"Redacci\u00f3n\" \/>\n\t<meta name=\"twitter:label2\" content=\"Temps estimat de lectura\" \/>\n\t<meta name=\"twitter:data2\" content=\"1 minut\" \/>\n<script type=\"application\/ld+json\" class=\"yoast-schema-graph\">{\"@context\":\"https:\\\/\\\/schema.org\",\"@graph\":[{\"@type\":\"NewsArticle\",\"@id\":\"https:\\\/\\\/radiolitoral.com\\\/2023\\\/01\\\/detenidos-en-calp-cuatro-hombres-tras-protagonizar-una-reyerta-con-heridos\\\/#article\",\"isPartOf\":{\"@id\":\"https:\\\/\\\/radiolitoral.com\\\/2023\\\/01\\\/detenidos-en-calp-cuatro-hombres-tras-protagonizar-una-reyerta-con-heridos\\\/\"},\"author\":{\"name\":\"Redacci\u00f3n\",\"@id\":\"https:\\\/\\\/radiolitoral.com\\\/#\\\/schema\\\/person\\\/f2b2343c49b5d721857cc1002bfdb151\"},\"headline\":\"Detenidos en Calp cuatro hombres tras protagonizar una reyerta con heridos\",\"datePublished\":\"2023-01-31T13:15:43+00:00\",\"mainEntityOfPage\":{\"@id\":\"https:\\\/\\\/radiolitoral.com\\\/2023\\\/01\\\/detenidos-en-calp-cuatro-hombres-tras-protagonizar-una-reyerta-con-heridos\\\/\"},\"wordCount\":303,\"commentCount\":0,\"publisher\":{\"@id\":\"https:\\\/\\\/radiolitoral.com\\\/#organization\"},\"image\":{\"@id\":\"https:\\\/\\\/radiolitoral.com\\\/2023\\\/01\\\/detenidos-en-calp-cuatro-hombres-tras-protagonizar-una-reyerta-con-heridos\\\/#primaryimage\"},\"thumbnailUrl\":\"https:\\\/\\\/media.radiolitoral.com\\\/wp-content\\\/uploads\\\/2023\\\/01\\\/24143241\\\/Calp.-detenidos-pelea-2.jpg\",\"keywords\":[\"Detenciones\",\"Guardia Civil\",\"Tr\u00e1fico Drogas\"],\"articleSection\":[\"Sucesos\"],\"inLanguage\":\"ca\",\"potentialAction\":[{\"@type\":\"CommentAction\",\"name\":\"Comment\",\"target\":[\"https:\\\/\\\/radiolitoral.com\\\/2023\\\/01\\\/detenidos-en-calp-cuatro-hombres-tras-protagonizar-una-reyerta-con-heridos\\\/#respond\"]}]},{\"@type\":[\"WebPage\",\"ItemPage\"],\"@id\":\"https:\\\/\\\/radiolitoral.com\\\/2023\\\/01\\\/detenidos-en-calp-cuatro-hombres-tras-protagonizar-una-reyerta-con-heridos\\\/\",\"url\":\"https:\\\/\\\/radiolitoral.com\\\/2023\\\/01\\\/detenidos-en-calp-cuatro-hombres-tras-protagonizar-una-reyerta-con-heridos\\\/\",\"name\":\"Detenidos en Calp cuatro hombres tras protagonizar una reyerta con heridos | R\u00e0dio Litoral\",\"isPartOf\":{\"@id\":\"https:\\\/\\\/radiolitoral.com\\\/#website\"},\"primaryImageOfPage\":{\"@id\":\"https:\\\/\\\/radiolitoral.com\\\/2023\\\/01\\\/detenidos-en-calp-cuatro-hombres-tras-protagonizar-una-reyerta-con-heridos\\\/#primaryimage\"},\"image\":{\"@id\":\"https:\\\/\\\/radiolitoral.com\\\/2023\\\/01\\\/detenidos-en-calp-cuatro-hombres-tras-protagonizar-una-reyerta-con-heridos\\\/#primaryimage\"},\"thumbnailUrl\":\"https:\\\/\\\/media.radiolitoral.com\\\/wp-content\\\/uploads\\\/2023\\\/01\\\/24143241\\\/Calp.-detenidos-pelea-2.jpg\",\"datePublished\":\"2023-01-31T13:15:43+00:00\",\"description\":\"Los apresados pertenecen a dos bandas dedicadas al tr\u00e1fico de drogas y la pelea se relaciona con un ajuste de cuentas\",\"breadcrumb\":{\"@id\":\"https:\\\/\\\/radiolitoral.com\\\/2023\\\/01\\\/detenidos-en-calp-cuatro-hombres-tras-protagonizar-una-reyerta-con-heridos\\\/#breadcrumb\"},\"inLanguage\":\"ca\",\"potentialAction\":[{\"@type\":\"ReadAction\",\"target\":[\"https:\\\/\\\/radiolitoral.com\\\/2023\\\/01\\\/detenidos-en-calp-cuatro-hombres-tras-protagonizar-una-reyerta-con-heridos\\\/\"]}]},{\"@type\":\"ImageObject\",\"inLanguage\":\"ca\",\"@id\":\"https:\\\/\\\/radiolitoral.com\\\/2023\\\/01\\\/detenidos-en-calp-cuatro-hombres-tras-protagonizar-una-reyerta-con-heridos\\\/#primaryimage\",\"url\":\"https:\\\/\\\/media.radiolitoral.com\\\/wp-content\\\/uploads\\\/2023\\\/01\\\/24143241\\\/Calp.-detenidos-pelea-2.jpg\",\"contentUrl\":\"https:\\\/\\\/media.radiolitoral.com\\\/wp-content\\\/uploads\\\/2023\\\/01\\\/24143241\\\/Calp.-detenidos-pelea-2.jpg\",\"width\":960,\"height\":720},{\"@type\":\"BreadcrumbList\",\"@id\":\"https:\\\/\\\/radiolitoral.com\\\/2023\\\/01\\\/detenidos-en-calp-cuatro-hombres-tras-protagonizar-una-reyerta-con-heridos\\\/#breadcrumb\",\"itemListElement\":[{\"@type\":\"ListItem\",\"position\":1,\"name\":\"Portada\",\"item\":\"https:\\\/\\\/radiolitoral.com\\\/\"},{\"@type\":\"ListItem\",\"position\":2,\"name\":\"Detenidos en Calp cuatro hombres tras protagonizar una reyerta con heridos\"}]},{\"@type\":\"WebSite\",\"@id\":\"https:\\\/\\\/radiolitoral.com\\\/#website\",\"url\":\"https:\\\/\\\/radiolitoral.com\\\/\",\"name\":\"Radio Litoral\",\"description\":\"La radio local de la Marina Alta\",\"publisher\":{\"@id\":\"https:\\\/\\\/radiolitoral.com\\\/#organization\"},\"alternateName\":\"Litoral FM\",\"potentialAction\":[{\"@type\":\"SearchAction\",\"target\":{\"@type\":\"EntryPoint\",\"urlTemplate\":\"https:\\\/\\\/radiolitoral.com\\\/?s={search_term_string}\"},\"query-input\":{\"@type\":\"PropertyValueSpecification\",\"valueRequired\":true,\"valueName\":\"search_term_string\"}}],\"inLanguage\":\"ca\"},{\"@type\":\"Organization\",\"@id\":\"https:\\\/\\\/radiolitoral.com\\\/#organization\",\"name\":\"Radio Litoral\",\"url\":\"https:\\\/\\\/radiolitoral.com\\\/\",\"logo\":{\"@type\":\"ImageObject\",\"inLanguage\":\"ca\",\"@id\":\"https:\\\/\\\/radiolitoral.com\\\/#\\\/schema\\\/logo\\\/image\\\/\",\"url\":\"https:\\\/\\\/media.radiolitoral.com\\\/wp-content\\\/uploads\\\/2023\\\/02\\\/24143238\\\/CL-V-RadioLitoral696.png\",\"contentUrl\":\"https:\\\/\\\/media.radiolitoral.com\\\/wp-content\\\/uploads\\\/2023\\\/02\\\/24143238\\\/CL-V-RadioLitoral696.png\",\"width\":696,\"height\":696,\"caption\":\"Radio Litoral\"},\"image\":{\"@id\":\"https:\\\/\\\/radiolitoral.com\\\/#\\\/schema\\\/logo\\\/image\\\/\"},\"sameAs\":[\"https:\\\/\\\/www.facebook.com\\\/Laradiolitoral\\\/\"]},{\"@type\":\"Person\",\"@id\":\"https:\\\/\\\/radiolitoral.com\\\/#\\\/schema\\\/person\\\/f2b2343c49b5d721857cc1002bfdb151\",\"name\":\"Redacci\u00f3n\",\"image\":{\"@type\":\"ImageObject\",\"inLanguage\":\"ca\",\"@id\":\"https:\\\/\\\/secure.gravatar.com\\\/avatar\\\/f771d896c203ad8b3382d7905cfcce5a5c9b008b84b3cd9114e9b9f4cb63f789?s=96&d=mm&r=g\",\"url\":\"https:\\\/\\\/secure.gravatar.com\\\/avatar\\\/f771d896c203ad8b3382d7905cfcce5a5c9b008b84b3cd9114e9b9f4cb63f789?s=96&d=mm&r=g\",\"contentUrl\":\"https:\\\/\\\/secure.gravatar.com\\\/avatar\\\/f771d896c203ad8b3382d7905cfcce5a5c9b008b84b3cd9114e9b9f4cb63f789?s=96&d=mm&r=g\",\"caption\":\"Redacci\u00f3n\"},\"url\":\"https:\\\/\\\/radiolitoral.com\\\/ca\\\/author\\\/miriam-pagan\\\/\"}]}<\/script>\n<!-- \/ Yoast SEO plugin. -->","yoast_head_json":{"title":"Detinguts a Calp quatre homes despr\u00e9s de protagonitzar una baralla amb ferits | R\u00e0dio Litoral","description":"Els capturats pertanyen a dues bandes dedicades al tr\u00e0fic de drogues i la baralla es relaciona amb una venjan\u00e7a","robots":{"index":"index","follow":"follow","max-snippet":"max-snippet:-1","max-image-preview":"max-image-preview:large","max-video-preview":"max-video-preview:-1"},"canonical":"https:\/\/radiolitoral.com\/ca\/2023\/01\/detinguts-en-calp-quatre-homes-despres-de-protagonitzar-una-baralla-amb-ferits\/","og_locale":"ca_ES","og_type":"article","og_title":"Detenidos en Calp cuatro hombres tras protagonizar una reyerta con heridos | R\u00e0dio Litoral","og_description":"Los apresados pertenecen a dos bandas dedicadas al tr\u00e1fico de drogas y la pelea se relaciona con un ajuste de cuentas","og_url":"https:\/\/radiolitoral.com\/ca\/2023\/01\/detinguts-en-calp-quatre-homes-despres-de-protagonitzar-una-baralla-amb-ferits\/","og_site_name":"R\u00e0dio Litoral","article_publisher":"https:\/\/www.facebook.com\/Laradiolitoral\/","article_published_time":"2023-01-31T13:15:43+00:00","og_image":[{"width":960,"height":720,"url":"https:\/\/s3.eu-west-2.wasabisys.com\/radiolitoral.com\/wp-content\/uploads\/2023\/01\/31141448\/Calp.-detenidos-pelea-2.jpg","type":"image\/jpeg"}],"author":"Redacci\u00f3n","twitter_card":"summary_large_image","twitter_misc":{"Escrit per":"Redacci\u00f3n","Temps estimat de lectura":"1 minut"},"schema":{"@context":"https:\/\/schema.org","@graph":[{"@type":"NewsArticle","@id":"https:\/\/radiolitoral.com\/2023\/01\/detenidos-en-calp-cuatro-hombres-tras-protagonizar-una-reyerta-con-heridos\/#article","isPartOf":{"@id":"https:\/\/radiolitoral.com\/2023\/01\/detenidos-en-calp-cuatro-hombres-tras-protagonizar-una-reyerta-con-heridos\/"},"author":{"name":"Redacci\u00f3n","@id":"https:\/\/radiolitoral.com\/#\/schema\/person\/f2b2343c49b5d721857cc1002bfdb151"},"headline":"Detenidos en Calp cuatro hombres tras protagonizar una reyerta con heridos","datePublished":"2023-01-31T13:15:43+00:00","mainEntityOfPage":{"@id":"https:\/\/radiolitoral.com\/2023\/01\/detenidos-en-calp-cuatro-hombres-tras-protagonizar-una-reyerta-con-heridos\/"},"wordCount":303,"commentCount":0,"publisher":{"@id":"https:\/\/radiolitoral.com\/#organization"},"image":{"@id":"https:\/\/radiolitoral.com\/2023\/01\/detenidos-en-calp-cuatro-hombres-tras-protagonizar-una-reyerta-con-heridos\/#primaryimage"},"thumbnailUrl":"https:\/\/media.radiolitoral.com\/wp-content\/uploads\/2023\/01\/24143241\/Calp.-detenidos-pelea-2.jpg","keywords":["Detenciones","Guardia Civil","Tr\u00e1fico Drogas"],"articleSection":["Sucesos"],"inLanguage":"ca","potentialAction":[{"@type":"CommentAction","name":"Comment","target":["https:\/\/radiolitoral.com\/2023\/01\/detenidos-en-calp-cuatro-hombres-tras-protagonizar-una-reyerta-con-heridos\/#respond"]}]},{"@type":["WebPage","ItemPage"],"@id":"https:\/\/radiolitoral.com\/2023\/01\/detenidos-en-calp-cuatro-hombres-tras-protagonizar-una-reyerta-con-heridos\/","url":"https:\/\/radiolitoral.com\/2023\/01\/detenidos-en-calp-cuatro-hombres-tras-protagonizar-una-reyerta-con-heridos\/","name":"Detinguts a Calp quatre homes despr\u00e9s de protagonitzar una baralla amb ferits | R\u00e0dio Litoral","isPartOf":{"@id":"https:\/\/radiolitoral.com\/#website"},"primaryImageOfPage":{"@id":"https:\/\/radiolitoral.com\/2023\/01\/detenidos-en-calp-cuatro-hombres-tras-protagonizar-una-reyerta-con-heridos\/#primaryimage"},"image":{"@id":"https:\/\/radiolitoral.com\/2023\/01\/detenidos-en-calp-cuatro-hombres-tras-protagonizar-una-reyerta-con-heridos\/#primaryimage"},"thumbnailUrl":"https:\/\/media.radiolitoral.com\/wp-content\/uploads\/2023\/01\/24143241\/Calp.-detenidos-pelea-2.jpg","datePublished":"2023-01-31T13:15:43+00:00","description":"Els capturats pertanyen a dues bandes dedicades al tr\u00e0fic de drogues i la baralla es relaciona amb una venjan\u00e7a","breadcrumb":{"@id":"https:\/\/radiolitoral.com\/2023\/01\/detenidos-en-calp-cuatro-hombres-tras-protagonizar-una-reyerta-con-heridos\/#breadcrumb"},"inLanguage":"ca","potentialAction":[{"@type":"ReadAction","target":["https:\/\/radiolitoral.com\/2023\/01\/detenidos-en-calp-cuatro-hombres-tras-protagonizar-una-reyerta-con-heridos\/"]}]},{"@type":"ImageObject","inLanguage":"ca","@id":"https:\/\/radiolitoral.com\/2023\/01\/detenidos-en-calp-cuatro-hombres-tras-protagonizar-una-reyerta-con-heridos\/#primaryimage","url":"https:\/\/media.radiolitoral.com\/wp-content\/uploads\/2023\/01\/24143241\/Calp.-detenidos-pelea-2.jpg","contentUrl":"https:\/\/media.radiolitoral.com\/wp-content\/uploads\/2023\/01\/24143241\/Calp.-detenidos-pelea-2.jpg","width":960,"height":720},{"@type":"BreadcrumbList","@id":"https:\/\/radiolitoral.com\/2023\/01\/detenidos-en-calp-cuatro-hombres-tras-protagonizar-una-reyerta-con-heridos\/#breadcrumb","itemListElement":[{"@type":"ListItem","position":1,"name":"Portada","item":"https:\/\/radiolitoral.com\/"},{"@type":"ListItem","position":2,"name":"Detenidos en Calp cuatro hombres tras protagonizar una reyerta con heridos"}]},{"@type":"WebSite","@id":"https:\/\/radiolitoral.com\/#website","url":"https:\/\/radiolitoral.com\/","name":"R\u00e0dio Litoral","description":"La r\u00e0dio local de la Marina Alta","publisher":{"@id":"https:\/\/radiolitoral.com\/#organization"},"alternateName":"Litoral FM","potentialAction":[{"@type":"SearchAction","target":{"@type":"EntryPoint","urlTemplate":"https:\/\/radiolitoral.com\/?s={search_term_string}"},"query-input":{"@type":"PropertyValueSpecification","valueRequired":true,"valueName":"search_term_string"}}],"inLanguage":"ca"},{"@type":"Organization","@id":"https:\/\/radiolitoral.com\/#organization","name":"R\u00e0dio Litoral","url":"https:\/\/radiolitoral.com\/","logo":{"@type":"ImageObject","inLanguage":"ca","@id":"https:\/\/radiolitoral.com\/#\/schema\/logo\/image\/","url":"https:\/\/media.radiolitoral.com\/wp-content\/uploads\/2023\/02\/24143238\/CL-V-RadioLitoral696.png","contentUrl":"https:\/\/media.radiolitoral.com\/wp-content\/uploads\/2023\/02\/24143238\/CL-V-RadioLitoral696.png","width":696,"height":696,"caption":"Radio Litoral"},"image":{"@id":"https:\/\/radiolitoral.com\/#\/schema\/logo\/image\/"},"sameAs":["https:\/\/www.facebook.com\/Laradiolitoral\/"]},{"@type":"Person","@id":"https:\/\/radiolitoral.com\/#\/schema\/person\/f2b2343c49b5d721857cc1002bfdb151","name":"Redacci\u00f3","image":{"@type":"ImageObject","inLanguage":"ca","@id":"https:\/\/secure.gravatar.com\/avatar\/f771d896c203ad8b3382d7905cfcce5a5c9b008b84b3cd9114e9b9f4cb63f789?s=96&d=mm&r=g","url":"https:\/\/secure.gravatar.com\/avatar\/f771d896c203ad8b3382d7905cfcce5a5c9b008b84b3cd9114e9b9f4cb63f789?s=96&d=mm&r=g","contentUrl":"https:\/\/secure.gravatar.com\/avatar\/f771d896c203ad8b3382d7905cfcce5a5c9b008b84b3cd9114e9b9f4cb63f789?s=96&d=mm&r=g","caption":"Redacci\u00f3n"},"url":"https:\/\/radiolitoral.com\/ca\/author\/miriam-pagan\/"}]}},"_links":{"self":[{"href":"https:\/\/radiolitoral.com\/ca\/wp-json\/wp\/v2\/posts\/612","targetHints":{"allow":["GET"]}}],"collection":[{"href":"https:\/\/radiolitoral.com\/ca\/wp-json\/wp\/v2\/posts"}],"about":[{"href":"https:\/\/radiolitoral.com\/ca\/wp-json\/wp\/v2\/types\/post"}],"author":[{"embeddable":true,"href":"https:\/\/radiolitoral.com\/ca\/wp-json\/wp\/v2\/users\/13"}],"replies":[{"embeddable":true,"href":"https:\/\/radiolitoral.com\/ca\/wp-json\/wp\/v2\/comments?post=612"}],"version-history":[{"count":2,"href":"https:\/\/radiolitoral.com\/ca\/wp-json\/wp\/v2\/posts\/612\/revisions"}],"predecessor-version":[{"id":618,"href":"https:\/\/radiolitoral.com\/ca\/wp-json\/wp\/v2\/posts\/612\/revisions\/618"}],"wp:featuredmedia":[{"embeddable":true,"href":"https:\/\/radiolitoral.com\/ca\/wp-json\/wp\/v2\/media\/616"}],"wp:attachment":[{"href":"https:\/\/radiolitoral.com\/ca\/wp-json\/wp\/v2\/media?parent=612"}],"wp:term":[{"taxonomy":"category","embeddable":true,"href":"https:\/\/radiolitoral.com\/ca\/wp-json\/wp\/v2\/categories?post=612"},{"taxonomy":"post_tag","embeddable":true,"href":"https:\/\/radiolitoral.com\/ca\/wp-json\/wp\/v2\/tags?post=612"}],"curies":[{"name":"wp","href":"https:\/\/api.w.org\/{rel}","templated":true}]}}