{"id":6110,"date":"2023-12-20T14:29:04","date_gmt":"2023-12-20T13:29:04","guid":{"rendered":"https:\/\/radiolitoral.com\/?p=6110"},"modified":"2023-12-20T14:29:04","modified_gmt":"2023-12-20T13:29:04","slug":"nou-espai-per-a-la-practica-de-calistenia-en-xalo","status":"publish","type":"post","link":"https:\/\/radiolitoral.com\/ca\/2023\/12\/nuevo-espacio-para-la-practica-de-calistenia-en-xalo\/","title":{"rendered":"Nou espai per a la pr\u00e0ctica de calist\u00e8nia a Xal\u00f3"},"content":{"rendered":"<p><strong>Xal\u00f3<\/strong> cada dia \u00e9s un municipi m\u00e9s saludable. Els ve\u00efns compten des de fa uns dies amb un nou espai p\u00fablic destinat a la pr\u00e0ctica de la <strong>calist\u00e8nia<\/strong>. A qui se suma una pista de petanca.<\/p>\n<p>Un espai per a la pr\u00e0ctica d&#039;activitats saludables a l&#039;aire lliure ubicat al <strong>Parc dels Agermanaments<\/strong> i que \u00e9s el resultat de les actuacions realitzades per l&#039;Ajuntament de Xal\u00f3 gr\u00e0cies a una subvenci\u00f3 en el marc del <strong>Pla de Recuperaci\u00f3, Transformaci\u00f3 i Resili\u00e8ncia<\/strong> finan\u00e7at per la<strong> Uni\u00f3 Europea<\/strong> a trav\u00e9s dels fons <strong>Next Generation. <\/strong>Aquesta actuaci\u00f3 ha suposat una inversi\u00f3 de gaireb\u00e9 20.000 euros.<\/p>\n<p>Les feines dutes a terme han servit per dotar aquest espai d&#039;aparells aptes per a la pr\u00e0ctica de calist\u00e8nia, una pista de petanca i la millora de la jardineria de l&#039;entorn.<\/p>\n<p>Tamb\u00e9 s&#039;ha obert al p\u00fablic el circuit de<strong> jocs biosalusables<\/strong> i la zona de <strong>jocs infantils<\/strong> del Parc dels Agermanaments. Una altra actuaci\u00f3 finan\u00e7ada a trav\u00e9s del Pla de Recuperaci\u00f3, Transformaci\u00f3 i Resili\u00e8ncia de la Uni\u00f3 Europea.<\/p>","protected":false},"excerpt":{"rendered":"<p>Xal\u00f3 es cada d\u00eda un municipio m\u00e1s saludable. Los vecinos cuentan desde hace unos d\u00edas con un nuevo espacio p\u00fablico destinado a la pr\u00e1ctica de la calistenia. Al que se le suma una pista de petanca. Un espacio para la pr\u00e1ctica de actividades saludables al aire libre ubicado en el Parque dels Agermanaments y que [&#8230;]<\/p>\n<p><a class=\"btn btn-secondary understrap-read-more-link\" href=\"https:\/\/radiolitoral.com\/ca\/2023\/12\/nuevo-espacio-para-la-practica-de-calistenia-en-xalo\/\">Continua llegint&#8230;<span class=\"screen-reader-text\"> from Nuevo espacio para la pr\u00e1ctica de calistenia en Xal\u00f3<\/span><\/a><\/p>\n","protected":false},"author":13,"featured_media":6113,"comment_status":"open","ping_status":"closed","sticky":false,"template":"","format":"standard","meta":{"_acf_changed":false,"inline_featured_image":false,"footnotes":""},"categories":[818,5,100],"tags":[865],"class_list":["post-6110","post","type-post","status-publish","format-standard","has-post-thumbnail","hentry","category-bienestar","category-deportes","category-obras","tag-espacios-saludables","cobertura-xalo"],"acf":[],"yoast_head":"<!-- This site is optimized with the Yoast SEO plugin v27.5 - https:\/\/yoast.com\/product\/yoast-seo-wordpress\/ -->\n<title>Nuevo espacio para la pr\u00e1ctica de calistenia en Xal\u00f3 | R\u00e0dio Litoral<\/title>\n<meta name=\"description\" content=\"El Ayuntamiento de Xal\u00f3 invierte en espacios para la pr\u00e1ctica de h\u00e1bitos saludables con fondos Next Generation\" \/>\n<meta name=\"robots\" content=\"index, follow, max-snippet:-1, max-image-preview:large, max-video-preview:-1\" \/>\n<link rel=\"canonical\" href=\"https:\/\/radiolitoral.com\/ca\/2023\/12\/nou-espai-per-a-la-practica-de-calistenia-en-xalo\/\" \/>\n<meta property=\"og:locale\" content=\"ca_ES\" \/>\n<meta property=\"og:type\" content=\"article\" \/>\n<meta property=\"og:title\" content=\"Nuevo espacio para la pr\u00e1ctica de calistenia en Xal\u00f3 | R\u00e0dio Litoral\" \/>\n<meta property=\"og:description\" content=\"El Ayuntamiento de Xal\u00f3 invierte en espacios para la pr\u00e1ctica de h\u00e1bitos saludables con fondos Next Generation\" \/>\n<meta property=\"og:url\" content=\"https:\/\/radiolitoral.com\/ca\/2023\/12\/nou-espai-per-a-la-practica-de-calistenia-en-xalo\/\" \/>\n<meta property=\"og:site_name\" content=\"R\u00e0dio Litoral\" \/>\n<meta property=\"article:publisher\" content=\"https:\/\/www.facebook.com\/Laradiolitoral\/\" \/>\n<meta property=\"article:published_time\" content=\"2023-12-20T13:29:04+00:00\" \/>\n<meta property=\"og:image\" content=\"https:\/\/media.radiolitoral.com\/wp-content\/uploads\/2023\/12\/20142839\/Xalo-parc-calistenia.jpg\" \/>\n\t<meta property=\"og:image:width\" content=\"2048\" \/>\n\t<meta property=\"og:image:height\" content=\"1536\" \/>\n\t<meta property=\"og:image:type\" content=\"image\/jpeg\" \/>\n<meta name=\"author\" content=\"Redacci\u00f3n\" \/>\n<meta name=\"twitter:card\" content=\"summary_large_image\" \/>\n<meta name=\"twitter:label1\" content=\"Escrit per\" \/>\n\t<meta name=\"twitter:data1\" content=\"Redacci\u00f3n\" \/>\n\t<meta name=\"twitter:label2\" content=\"Temps estimat de lectura\" \/>\n\t<meta name=\"twitter:data2\" content=\"2 minuts\" \/>\n<script type=\"application\/ld+json\" class=\"yoast-schema-graph\">{\"@context\":\"https:\\\/\\\/schema.org\",\"@graph\":[{\"@type\":\"NewsArticle\",\"@id\":\"https:\\\/\\\/radiolitoral.com\\\/2023\\\/12\\\/nuevo-espacio-para-la-practica-de-calistenia-en-xalo\\\/#article\",\"isPartOf\":{\"@id\":\"https:\\\/\\\/radiolitoral.com\\\/2023\\\/12\\\/nuevo-espacio-para-la-practica-de-calistenia-en-xalo\\\/\"},\"author\":{\"name\":\"Redacci\u00f3n\",\"@id\":\"https:\\\/\\\/radiolitoral.com\\\/#\\\/schema\\\/person\\\/f2b2343c49b5d721857cc1002bfdb151\"},\"headline\":\"Nuevo espacio para la pr\u00e1ctica de calistenia en Xal\u00f3\",\"datePublished\":\"2023-12-20T13:29:04+00:00\",\"mainEntityOfPage\":{\"@id\":\"https:\\\/\\\/radiolitoral.com\\\/2023\\\/12\\\/nuevo-espacio-para-la-practica-de-calistenia-en-xalo\\\/\"},\"wordCount\":202,\"commentCount\":0,\"publisher\":{\"@id\":\"https:\\\/\\\/radiolitoral.com\\\/#organization\"},\"image\":{\"@id\":\"https:\\\/\\\/radiolitoral.com\\\/2023\\\/12\\\/nuevo-espacio-para-la-practica-de-calistenia-en-xalo\\\/#primaryimage\"},\"thumbnailUrl\":\"https:\\\/\\\/media.radiolitoral.com\\\/wp-content\\\/uploads\\\/2023\\\/12\\\/20142839\\\/Xalo-parc-calistenia.jpg\",\"keywords\":[\"Espacios Saludables\"],\"articleSection\":[\"Bienestar\",\"Deportes\",\"Obras\"],\"inLanguage\":\"ca\",\"potentialAction\":[{\"@type\":\"CommentAction\",\"name\":\"Comment\",\"target\":[\"https:\\\/\\\/radiolitoral.com\\\/2023\\\/12\\\/nuevo-espacio-para-la-practica-de-calistenia-en-xalo\\\/#respond\"]}]},{\"@type\":[\"WebPage\",\"ItemPage\"],\"@id\":\"https:\\\/\\\/radiolitoral.com\\\/2023\\\/12\\\/nuevo-espacio-para-la-practica-de-calistenia-en-xalo\\\/\",\"url\":\"https:\\\/\\\/radiolitoral.com\\\/2023\\\/12\\\/nuevo-espacio-para-la-practica-de-calistenia-en-xalo\\\/\",\"name\":\"Nuevo espacio para la pr\u00e1ctica de calistenia en Xal\u00f3 | R\u00e0dio Litoral\",\"isPartOf\":{\"@id\":\"https:\\\/\\\/radiolitoral.com\\\/#website\"},\"primaryImageOfPage\":{\"@id\":\"https:\\\/\\\/radiolitoral.com\\\/2023\\\/12\\\/nuevo-espacio-para-la-practica-de-calistenia-en-xalo\\\/#primaryimage\"},\"image\":{\"@id\":\"https:\\\/\\\/radiolitoral.com\\\/2023\\\/12\\\/nuevo-espacio-para-la-practica-de-calistenia-en-xalo\\\/#primaryimage\"},\"thumbnailUrl\":\"https:\\\/\\\/media.radiolitoral.com\\\/wp-content\\\/uploads\\\/2023\\\/12\\\/20142839\\\/Xalo-parc-calistenia.jpg\",\"datePublished\":\"2023-12-20T13:29:04+00:00\",\"description\":\"El Ayuntamiento de Xal\u00f3 invierte en espacios para la pr\u00e1ctica de h\u00e1bitos saludables con fondos Next Generation\",\"breadcrumb\":{\"@id\":\"https:\\\/\\\/radiolitoral.com\\\/2023\\\/12\\\/nuevo-espacio-para-la-practica-de-calistenia-en-xalo\\\/#breadcrumb\"},\"inLanguage\":\"ca\",\"potentialAction\":[{\"@type\":\"ReadAction\",\"target\":[\"https:\\\/\\\/radiolitoral.com\\\/2023\\\/12\\\/nuevo-espacio-para-la-practica-de-calistenia-en-xalo\\\/\"]}]},{\"@type\":\"ImageObject\",\"inLanguage\":\"ca\",\"@id\":\"https:\\\/\\\/radiolitoral.com\\\/2023\\\/12\\\/nuevo-espacio-para-la-practica-de-calistenia-en-xalo\\\/#primaryimage\",\"url\":\"https:\\\/\\\/media.radiolitoral.com\\\/wp-content\\\/uploads\\\/2023\\\/12\\\/20142839\\\/Xalo-parc-calistenia.jpg\",\"contentUrl\":\"https:\\\/\\\/media.radiolitoral.com\\\/wp-content\\\/uploads\\\/2023\\\/12\\\/20142839\\\/Xalo-parc-calistenia.jpg\",\"width\":2048,\"height\":1536},{\"@type\":\"BreadcrumbList\",\"@id\":\"https:\\\/\\\/radiolitoral.com\\\/2023\\\/12\\\/nuevo-espacio-para-la-practica-de-calistenia-en-xalo\\\/#breadcrumb\",\"itemListElement\":[{\"@type\":\"ListItem\",\"position\":1,\"name\":\"Portada\",\"item\":\"https:\\\/\\\/radiolitoral.com\\\/\"},{\"@type\":\"ListItem\",\"position\":2,\"name\":\"Nuevo espacio para la pr\u00e1ctica de calistenia en Xal\u00f3\"}]},{\"@type\":\"WebSite\",\"@id\":\"https:\\\/\\\/radiolitoral.com\\\/#website\",\"url\":\"https:\\\/\\\/radiolitoral.com\\\/\",\"name\":\"Radio Litoral\",\"description\":\"La radio local de la Marina Alta\",\"publisher\":{\"@id\":\"https:\\\/\\\/radiolitoral.com\\\/#organization\"},\"alternateName\":\"Litoral FM\",\"potentialAction\":[{\"@type\":\"SearchAction\",\"target\":{\"@type\":\"EntryPoint\",\"urlTemplate\":\"https:\\\/\\\/radiolitoral.com\\\/?s={search_term_string}\"},\"query-input\":{\"@type\":\"PropertyValueSpecification\",\"valueRequired\":true,\"valueName\":\"search_term_string\"}}],\"inLanguage\":\"ca\"},{\"@type\":\"Organization\",\"@id\":\"https:\\\/\\\/radiolitoral.com\\\/#organization\",\"name\":\"Radio Litoral\",\"url\":\"https:\\\/\\\/radiolitoral.com\\\/\",\"logo\":{\"@type\":\"ImageObject\",\"inLanguage\":\"ca\",\"@id\":\"https:\\\/\\\/radiolitoral.com\\\/#\\\/schema\\\/logo\\\/image\\\/\",\"url\":\"https:\\\/\\\/media.radiolitoral.com\\\/wp-content\\\/uploads\\\/2023\\\/02\\\/24143238\\\/CL-V-RadioLitoral696.png\",\"contentUrl\":\"https:\\\/\\\/media.radiolitoral.com\\\/wp-content\\\/uploads\\\/2023\\\/02\\\/24143238\\\/CL-V-RadioLitoral696.png\",\"width\":696,\"height\":696,\"caption\":\"Radio Litoral\"},\"image\":{\"@id\":\"https:\\\/\\\/radiolitoral.com\\\/#\\\/schema\\\/logo\\\/image\\\/\"},\"sameAs\":[\"https:\\\/\\\/www.facebook.com\\\/Laradiolitoral\\\/\"]},{\"@type\":\"Person\",\"@id\":\"https:\\\/\\\/radiolitoral.com\\\/#\\\/schema\\\/person\\\/f2b2343c49b5d721857cc1002bfdb151\",\"name\":\"Redacci\u00f3n\",\"image\":{\"@type\":\"ImageObject\",\"inLanguage\":\"ca\",\"@id\":\"https:\\\/\\\/secure.gravatar.com\\\/avatar\\\/f771d896c203ad8b3382d7905cfcce5a5c9b008b84b3cd9114e9b9f4cb63f789?s=96&d=mm&r=g\",\"url\":\"https:\\\/\\\/secure.gravatar.com\\\/avatar\\\/f771d896c203ad8b3382d7905cfcce5a5c9b008b84b3cd9114e9b9f4cb63f789?s=96&d=mm&r=g\",\"contentUrl\":\"https:\\\/\\\/secure.gravatar.com\\\/avatar\\\/f771d896c203ad8b3382d7905cfcce5a5c9b008b84b3cd9114e9b9f4cb63f789?s=96&d=mm&r=g\",\"caption\":\"Redacci\u00f3n\"},\"url\":\"https:\\\/\\\/radiolitoral.com\\\/ca\\\/author\\\/miriam-pagan\\\/\"}]}<\/script>\n<!-- \/ Yoast SEO plugin. -->","yoast_head_json":{"title":"Nou espai per a la pr\u00e0ctica de calist\u00e8nia a Xal\u00f3 | R\u00e0dio Litoral","description":"L\u00b4Ajuntament de Xal\u00f3 inverteix en espais per a la pr\u00e0ctica d\u00b4h\u00e0bits saludables amb fons Next Generation","robots":{"index":"index","follow":"follow","max-snippet":"max-snippet:-1","max-image-preview":"max-image-preview:large","max-video-preview":"max-video-preview:-1"},"canonical":"https:\/\/radiolitoral.com\/ca\/2023\/12\/nou-espai-per-a-la-practica-de-calistenia-en-xalo\/","og_locale":"ca_ES","og_type":"article","og_title":"Nuevo espacio para la pr\u00e1ctica de calistenia en Xal\u00f3 | R\u00e0dio Litoral","og_description":"El Ayuntamiento de Xal\u00f3 invierte en espacios para la pr\u00e1ctica de h\u00e1bitos saludables con fondos Next Generation","og_url":"https:\/\/radiolitoral.com\/ca\/2023\/12\/nou-espai-per-a-la-practica-de-calistenia-en-xalo\/","og_site_name":"R\u00e0dio Litoral","article_publisher":"https:\/\/www.facebook.com\/Laradiolitoral\/","article_published_time":"2023-12-20T13:29:04+00:00","og_image":[{"width":2048,"height":1536,"url":"https:\/\/media.radiolitoral.com\/wp-content\/uploads\/2023\/12\/20142839\/Xalo-parc-calistenia.jpg","type":"image\/jpeg"}],"author":"Redacci\u00f3n","twitter_card":"summary_large_image","twitter_misc":{"Escrit per":"Redacci\u00f3n","Temps estimat de lectura":"2 minuts"},"schema":{"@context":"https:\/\/schema.org","@graph":[{"@type":"NewsArticle","@id":"https:\/\/radiolitoral.com\/2023\/12\/nuevo-espacio-para-la-practica-de-calistenia-en-xalo\/#article","isPartOf":{"@id":"https:\/\/radiolitoral.com\/2023\/12\/nuevo-espacio-para-la-practica-de-calistenia-en-xalo\/"},"author":{"name":"Redacci\u00f3n","@id":"https:\/\/radiolitoral.com\/#\/schema\/person\/f2b2343c49b5d721857cc1002bfdb151"},"headline":"Nuevo espacio para la pr\u00e1ctica de calistenia en Xal\u00f3","datePublished":"2023-12-20T13:29:04+00:00","mainEntityOfPage":{"@id":"https:\/\/radiolitoral.com\/2023\/12\/nuevo-espacio-para-la-practica-de-calistenia-en-xalo\/"},"wordCount":202,"commentCount":0,"publisher":{"@id":"https:\/\/radiolitoral.com\/#organization"},"image":{"@id":"https:\/\/radiolitoral.com\/2023\/12\/nuevo-espacio-para-la-practica-de-calistenia-en-xalo\/#primaryimage"},"thumbnailUrl":"https:\/\/media.radiolitoral.com\/wp-content\/uploads\/2023\/12\/20142839\/Xalo-parc-calistenia.jpg","keywords":["Espacios Saludables"],"articleSection":["Bienestar","Deportes","Obras"],"inLanguage":"ca","potentialAction":[{"@type":"CommentAction","name":"Comment","target":["https:\/\/radiolitoral.com\/2023\/12\/nuevo-espacio-para-la-practica-de-calistenia-en-xalo\/#respond"]}]},{"@type":["WebPage","ItemPage"],"@id":"https:\/\/radiolitoral.com\/2023\/12\/nuevo-espacio-para-la-practica-de-calistenia-en-xalo\/","url":"https:\/\/radiolitoral.com\/2023\/12\/nuevo-espacio-para-la-practica-de-calistenia-en-xalo\/","name":"Nou espai per a la pr\u00e0ctica de calist\u00e8nia a Xal\u00f3 | R\u00e0dio Litoral","isPartOf":{"@id":"https:\/\/radiolitoral.com\/#website"},"primaryImageOfPage":{"@id":"https:\/\/radiolitoral.com\/2023\/12\/nuevo-espacio-para-la-practica-de-calistenia-en-xalo\/#primaryimage"},"image":{"@id":"https:\/\/radiolitoral.com\/2023\/12\/nuevo-espacio-para-la-practica-de-calistenia-en-xalo\/#primaryimage"},"thumbnailUrl":"https:\/\/media.radiolitoral.com\/wp-content\/uploads\/2023\/12\/20142839\/Xalo-parc-calistenia.jpg","datePublished":"2023-12-20T13:29:04+00:00","description":"L\u00b4Ajuntament de Xal\u00f3 inverteix en espais per a la pr\u00e0ctica d\u00b4h\u00e0bits saludables amb fons Next Generation","breadcrumb":{"@id":"https:\/\/radiolitoral.com\/2023\/12\/nuevo-espacio-para-la-practica-de-calistenia-en-xalo\/#breadcrumb"},"inLanguage":"ca","potentialAction":[{"@type":"ReadAction","target":["https:\/\/radiolitoral.com\/2023\/12\/nuevo-espacio-para-la-practica-de-calistenia-en-xalo\/"]}]},{"@type":"ImageObject","inLanguage":"ca","@id":"https:\/\/radiolitoral.com\/2023\/12\/nuevo-espacio-para-la-practica-de-calistenia-en-xalo\/#primaryimage","url":"https:\/\/media.radiolitoral.com\/wp-content\/uploads\/2023\/12\/20142839\/Xalo-parc-calistenia.jpg","contentUrl":"https:\/\/media.radiolitoral.com\/wp-content\/uploads\/2023\/12\/20142839\/Xalo-parc-calistenia.jpg","width":2048,"height":1536},{"@type":"BreadcrumbList","@id":"https:\/\/radiolitoral.com\/2023\/12\/nuevo-espacio-para-la-practica-de-calistenia-en-xalo\/#breadcrumb","itemListElement":[{"@type":"ListItem","position":1,"name":"Portada","item":"https:\/\/radiolitoral.com\/"},{"@type":"ListItem","position":2,"name":"Nuevo espacio para la pr\u00e1ctica de calistenia en Xal\u00f3"}]},{"@type":"WebSite","@id":"https:\/\/radiolitoral.com\/#website","url":"https:\/\/radiolitoral.com\/","name":"R\u00e0dio Litoral","description":"La r\u00e0dio local de la Marina Alta","publisher":{"@id":"https:\/\/radiolitoral.com\/#organization"},"alternateName":"Litoral FM","potentialAction":[{"@type":"SearchAction","target":{"@type":"EntryPoint","urlTemplate":"https:\/\/radiolitoral.com\/?s={search_term_string}"},"query-input":{"@type":"PropertyValueSpecification","valueRequired":true,"valueName":"search_term_string"}}],"inLanguage":"ca"},{"@type":"Organization","@id":"https:\/\/radiolitoral.com\/#organization","name":"R\u00e0dio Litoral","url":"https:\/\/radiolitoral.com\/","logo":{"@type":"ImageObject","inLanguage":"ca","@id":"https:\/\/radiolitoral.com\/#\/schema\/logo\/image\/","url":"https:\/\/media.radiolitoral.com\/wp-content\/uploads\/2023\/02\/24143238\/CL-V-RadioLitoral696.png","contentUrl":"https:\/\/media.radiolitoral.com\/wp-content\/uploads\/2023\/02\/24143238\/CL-V-RadioLitoral696.png","width":696,"height":696,"caption":"Radio Litoral"},"image":{"@id":"https:\/\/radiolitoral.com\/#\/schema\/logo\/image\/"},"sameAs":["https:\/\/www.facebook.com\/Laradiolitoral\/"]},{"@type":"Person","@id":"https:\/\/radiolitoral.com\/#\/schema\/person\/f2b2343c49b5d721857cc1002bfdb151","name":"Redacci\u00f3","image":{"@type":"ImageObject","inLanguage":"ca","@id":"https:\/\/secure.gravatar.com\/avatar\/f771d896c203ad8b3382d7905cfcce5a5c9b008b84b3cd9114e9b9f4cb63f789?s=96&d=mm&r=g","url":"https:\/\/secure.gravatar.com\/avatar\/f771d896c203ad8b3382d7905cfcce5a5c9b008b84b3cd9114e9b9f4cb63f789?s=96&d=mm&r=g","contentUrl":"https:\/\/secure.gravatar.com\/avatar\/f771d896c203ad8b3382d7905cfcce5a5c9b008b84b3cd9114e9b9f4cb63f789?s=96&d=mm&r=g","caption":"Redacci\u00f3n"},"url":"https:\/\/radiolitoral.com\/ca\/author\/miriam-pagan\/"}]}},"_links":{"self":[{"href":"https:\/\/radiolitoral.com\/ca\/wp-json\/wp\/v2\/posts\/6110","targetHints":{"allow":["GET"]}}],"collection":[{"href":"https:\/\/radiolitoral.com\/ca\/wp-json\/wp\/v2\/posts"}],"about":[{"href":"https:\/\/radiolitoral.com\/ca\/wp-json\/wp\/v2\/types\/post"}],"author":[{"embeddable":true,"href":"https:\/\/radiolitoral.com\/ca\/wp-json\/wp\/v2\/users\/13"}],"replies":[{"embeddable":true,"href":"https:\/\/radiolitoral.com\/ca\/wp-json\/wp\/v2\/comments?post=6110"}],"version-history":[{"count":3,"href":"https:\/\/radiolitoral.com\/ca\/wp-json\/wp\/v2\/posts\/6110\/revisions"}],"predecessor-version":[{"id":6115,"href":"https:\/\/radiolitoral.com\/ca\/wp-json\/wp\/v2\/posts\/6110\/revisions\/6115"}],"wp:featuredmedia":[{"embeddable":true,"href":"https:\/\/radiolitoral.com\/ca\/wp-json\/wp\/v2\/media\/6113"}],"wp:attachment":[{"href":"https:\/\/radiolitoral.com\/ca\/wp-json\/wp\/v2\/media?parent=6110"}],"wp:term":[{"taxonomy":"category","embeddable":true,"href":"https:\/\/radiolitoral.com\/ca\/wp-json\/wp\/v2\/categories?post=6110"},{"taxonomy":"post_tag","embeddable":true,"href":"https:\/\/radiolitoral.com\/ca\/wp-json\/wp\/v2\/tags?post=6110"}],"curies":[{"name":"wp","href":"https:\/\/api.w.org\/{rel}","templated":true}]}}