{"id":6097,"date":"2023-12-19T20:25:38","date_gmt":"2023-12-19T19:25:38","guid":{"rendered":"https:\/\/radiolitoral.com\/?p=6097"},"modified":"2023-12-19T20:25:38","modified_gmt":"2023-12-19T19:25:38","slug":"regulo-lorente-nomenat-fill-predilecte-del-poble-nou-de-benitatxell","status":"publish","type":"post","link":"https:\/\/radiolitoral.com\/ca\/2023\/12\/regulo-lorente-nombrado-hijo-predilecto-de-el-poble-nou-de-benitatxell\/","title":{"rendered":"Reglo Lorente nomenat Fill Predilecte del Poble Nou de Benitatxell"},"content":{"rendered":"<p>Aquest dimecres, 20 de desembre, l&#039;Ajuntament de<strong> El Poble Nou de Benitatxell<\/strong> nomenar\u00e0 a<strong> Reglo Lorente<\/strong> <strong>Fill Predilecte<\/strong> de la localitat. Aix\u00ed ho han anunciat des del mateix consistori.<\/p>\n<p>Reglo Lorente ha estat, <strong>durant 40 anys, m\u00e9s que un metge<\/strong> per a tots els poblers i pobleres. Ha estat doctor, amic i confident, sempre al servei d&#039;aquelles persones que ho necessitaven m\u00e9s, en els moments bons i no tan bons. Per la seva consulta han passat tres generacions de ve\u00efns i ve\u00efnes de del poble, i tots ells en parlen amb molt\u00edssim afecte.<\/p>\n<p>Arribada la seva jubilaci\u00f3 els poblers li van rendir un homenatge. I ara la localitat suma un reconeixement m\u00e9s. Des de l&#039;Ajuntament de Benitatxell consideren que anomenar-lo <strong>Fill Predilecte<\/strong> era el m\u00ednim que podien fer per tornar-li tota l&#039;estima que ha repartit entre els ve\u00efns i fer-lo sentir que el Poble Nou de Benitatxell \u00e9s casa seva.<\/p>\n<p>L&#039;acte tindr\u00e0 lloc al sal\u00f3 de plens a les 13:00 h.<\/p>","protected":false},"excerpt":{"rendered":"<p>Este mi\u00e9rcoles, 20 de diciembre, el Ayuntamiento de El Poble Nou de Benitatxell nombrar\u00e1 a R\u00e9gulo Lorente Hijo Predilecto de la localidad. As\u00ed lo han anunciado desde el propio consistorio. R\u00e9gulo Lorente ha sido, durante 40 a\u00f1os, m\u00e1s que un m\u00e9dico para todos los pobleros y pobleras. Ha sido doctor, amigo y confidente, siempre al [&#8230;]<\/p>\n<p><a class=\"btn btn-secondary understrap-read-more-link\" href=\"https:\/\/radiolitoral.com\/ca\/2023\/12\/regulo-lorente-nombrado-hijo-predilecto-de-el-poble-nou-de-benitatxell\/\">Continua llegint&#8230;<span class=\"screen-reader-text\"> from R\u00e9gulo Lorente nombrado Hijo Predilecto de El Poble Nou de Benitatxell<\/span><\/a><\/p>\n","protected":false},"author":21,"featured_media":6098,"comment_status":"open","ping_status":"closed","sticky":false,"template":"","format":"standard","meta":{"_acf_changed":false,"inline_featured_image":false,"footnotes":""},"categories":[46],"tags":[],"class_list":["post-6097","post","type-post","status-publish","format-standard","has-post-thumbnail","hentry","category-sociedad","cobertura-poble-nou-de-benitatxell"],"acf":[],"yoast_head":"<!-- This site is optimized with the Yoast SEO plugin v27.5 - https:\/\/yoast.com\/product\/yoast-seo-wordpress\/ -->\n<title>R\u00e9gulo Lorente nombrado Hijo Predilecto de El Poble Nou de Benitatxell | R\u00e0dio Litoral<\/title>\n<meta name=\"description\" content=\"El Ayuntamiento ha organizado un acto especial de agradecimiento al que ha sido el m\u00e9dico de la localidad durante 40 a\u00f1os\" \/>\n<meta name=\"robots\" content=\"index, follow, max-snippet:-1, max-image-preview:large, max-video-preview:-1\" \/>\n<link rel=\"canonical\" href=\"https:\/\/radiolitoral.com\/ca\/2023\/12\/regulo-lorente-nomenat-fill-predilecte-del-poble-nou-de-benitatxell\/\" \/>\n<meta property=\"og:locale\" content=\"ca_ES\" \/>\n<meta property=\"og:type\" content=\"article\" \/>\n<meta property=\"og:title\" content=\"R\u00e9gulo Lorente nombrado Hijo Predilecto de El Poble Nou de Benitatxell | R\u00e0dio Litoral\" \/>\n<meta property=\"og:description\" content=\"El Ayuntamiento ha organizado un acto especial de agradecimiento al que ha sido el m\u00e9dico de la localidad durante 40 a\u00f1os\" \/>\n<meta property=\"og:url\" content=\"https:\/\/radiolitoral.com\/ca\/2023\/12\/regulo-lorente-nomenat-fill-predilecte-del-poble-nou-de-benitatxell\/\" \/>\n<meta property=\"og:site_name\" content=\"R\u00e0dio Litoral\" \/>\n<meta property=\"article:publisher\" content=\"https:\/\/www.facebook.com\/Laradiolitoral\/\" \/>\n<meta property=\"article:published_time\" content=\"2023-12-19T19:25:38+00:00\" \/>\n<meta property=\"og:image\" content=\"https:\/\/media.radiolitoral.com\/wp-content\/uploads\/2023\/12\/19202459\/Regulo-Lorente-acto-homenaje-jubilacion.jpg\" \/>\n\t<meta property=\"og:image:width\" content=\"1440\" \/>\n\t<meta property=\"og:image:height\" content=\"960\" \/>\n\t<meta property=\"og:image:type\" content=\"image\/jpeg\" \/>\n<meta name=\"author\" content=\"Mel Pescuezo\" \/>\n<meta name=\"twitter:card\" content=\"summary_large_image\" \/>\n<meta name=\"twitter:label1\" content=\"Escrit per\" \/>\n\t<meta name=\"twitter:data1\" content=\"Mel Pescuezo\" \/>\n\t<meta name=\"twitter:label2\" content=\"Temps estimat de lectura\" \/>\n\t<meta name=\"twitter:data2\" content=\"2 minuts\" \/>\n<script type=\"application\/ld+json\" class=\"yoast-schema-graph\">{\"@context\":\"https:\\\/\\\/schema.org\",\"@graph\":[{\"@type\":\"NewsArticle\",\"@id\":\"https:\\\/\\\/radiolitoral.com\\\/2023\\\/12\\\/regulo-lorente-nombrado-hijo-predilecto-de-el-poble-nou-de-benitatxell\\\/#article\",\"isPartOf\":{\"@id\":\"https:\\\/\\\/radiolitoral.com\\\/2023\\\/12\\\/regulo-lorente-nombrado-hijo-predilecto-de-el-poble-nou-de-benitatxell\\\/\"},\"author\":{\"name\":\"Mel Pescuezo\",\"@id\":\"https:\\\/\\\/radiolitoral.com\\\/#\\\/schema\\\/person\\\/aad4f72efa404f85b68e832d24cac059\"},\"headline\":\"R\u00e9gulo Lorente nombrado Hijo Predilecto de El Poble Nou de Benitatxell\",\"datePublished\":\"2023-12-19T19:25:38+00:00\",\"mainEntityOfPage\":{\"@id\":\"https:\\\/\\\/radiolitoral.com\\\/2023\\\/12\\\/regulo-lorente-nombrado-hijo-predilecto-de-el-poble-nou-de-benitatxell\\\/\"},\"wordCount\":186,\"commentCount\":0,\"publisher\":{\"@id\":\"https:\\\/\\\/radiolitoral.com\\\/#organization\"},\"image\":{\"@id\":\"https:\\\/\\\/radiolitoral.com\\\/2023\\\/12\\\/regulo-lorente-nombrado-hijo-predilecto-de-el-poble-nou-de-benitatxell\\\/#primaryimage\"},\"thumbnailUrl\":\"https:\\\/\\\/media.radiolitoral.com\\\/wp-content\\\/uploads\\\/2023\\\/12\\\/19202459\\\/Regulo-Lorente-acto-homenaje-jubilacion.jpg\",\"articleSection\":[\"Sociedad\"],\"inLanguage\":\"ca\",\"potentialAction\":[{\"@type\":\"CommentAction\",\"name\":\"Comment\",\"target\":[\"https:\\\/\\\/radiolitoral.com\\\/2023\\\/12\\\/regulo-lorente-nombrado-hijo-predilecto-de-el-poble-nou-de-benitatxell\\\/#respond\"]}]},{\"@type\":[\"WebPage\",\"ItemPage\"],\"@id\":\"https:\\\/\\\/radiolitoral.com\\\/2023\\\/12\\\/regulo-lorente-nombrado-hijo-predilecto-de-el-poble-nou-de-benitatxell\\\/\",\"url\":\"https:\\\/\\\/radiolitoral.com\\\/2023\\\/12\\\/regulo-lorente-nombrado-hijo-predilecto-de-el-poble-nou-de-benitatxell\\\/\",\"name\":\"R\u00e9gulo Lorente nombrado Hijo Predilecto de El Poble Nou de Benitatxell | R\u00e0dio Litoral\",\"isPartOf\":{\"@id\":\"https:\\\/\\\/radiolitoral.com\\\/#website\"},\"primaryImageOfPage\":{\"@id\":\"https:\\\/\\\/radiolitoral.com\\\/2023\\\/12\\\/regulo-lorente-nombrado-hijo-predilecto-de-el-poble-nou-de-benitatxell\\\/#primaryimage\"},\"image\":{\"@id\":\"https:\\\/\\\/radiolitoral.com\\\/2023\\\/12\\\/regulo-lorente-nombrado-hijo-predilecto-de-el-poble-nou-de-benitatxell\\\/#primaryimage\"},\"thumbnailUrl\":\"https:\\\/\\\/media.radiolitoral.com\\\/wp-content\\\/uploads\\\/2023\\\/12\\\/19202459\\\/Regulo-Lorente-acto-homenaje-jubilacion.jpg\",\"datePublished\":\"2023-12-19T19:25:38+00:00\",\"description\":\"El Ayuntamiento ha organizado un acto especial de agradecimiento al que ha sido el m\u00e9dico de la localidad durante 40 a\u00f1os\",\"breadcrumb\":{\"@id\":\"https:\\\/\\\/radiolitoral.com\\\/2023\\\/12\\\/regulo-lorente-nombrado-hijo-predilecto-de-el-poble-nou-de-benitatxell\\\/#breadcrumb\"},\"inLanguage\":\"ca\",\"potentialAction\":[{\"@type\":\"ReadAction\",\"target\":[\"https:\\\/\\\/radiolitoral.com\\\/2023\\\/12\\\/regulo-lorente-nombrado-hijo-predilecto-de-el-poble-nou-de-benitatxell\\\/\"]}]},{\"@type\":\"ImageObject\",\"inLanguage\":\"ca\",\"@id\":\"https:\\\/\\\/radiolitoral.com\\\/2023\\\/12\\\/regulo-lorente-nombrado-hijo-predilecto-de-el-poble-nou-de-benitatxell\\\/#primaryimage\",\"url\":\"https:\\\/\\\/media.radiolitoral.com\\\/wp-content\\\/uploads\\\/2023\\\/12\\\/19202459\\\/Regulo-Lorente-acto-homenaje-jubilacion.jpg\",\"contentUrl\":\"https:\\\/\\\/media.radiolitoral.com\\\/wp-content\\\/uploads\\\/2023\\\/12\\\/19202459\\\/Regulo-Lorente-acto-homenaje-jubilacion.jpg\",\"width\":1440,\"height\":960},{\"@type\":\"BreadcrumbList\",\"@id\":\"https:\\\/\\\/radiolitoral.com\\\/2023\\\/12\\\/regulo-lorente-nombrado-hijo-predilecto-de-el-poble-nou-de-benitatxell\\\/#breadcrumb\",\"itemListElement\":[{\"@type\":\"ListItem\",\"position\":1,\"name\":\"Portada\",\"item\":\"https:\\\/\\\/radiolitoral.com\\\/\"},{\"@type\":\"ListItem\",\"position\":2,\"name\":\"R\u00e9gulo Lorente nombrado Hijo Predilecto de El Poble Nou de Benitatxell\"}]},{\"@type\":\"WebSite\",\"@id\":\"https:\\\/\\\/radiolitoral.com\\\/#website\",\"url\":\"https:\\\/\\\/radiolitoral.com\\\/\",\"name\":\"Radio Litoral\",\"description\":\"La radio local de la Marina Alta\",\"publisher\":{\"@id\":\"https:\\\/\\\/radiolitoral.com\\\/#organization\"},\"alternateName\":\"Litoral FM\",\"potentialAction\":[{\"@type\":\"SearchAction\",\"target\":{\"@type\":\"EntryPoint\",\"urlTemplate\":\"https:\\\/\\\/radiolitoral.com\\\/?s={search_term_string}\"},\"query-input\":{\"@type\":\"PropertyValueSpecification\",\"valueRequired\":true,\"valueName\":\"search_term_string\"}}],\"inLanguage\":\"ca\"},{\"@type\":\"Organization\",\"@id\":\"https:\\\/\\\/radiolitoral.com\\\/#organization\",\"name\":\"Radio Litoral\",\"url\":\"https:\\\/\\\/radiolitoral.com\\\/\",\"logo\":{\"@type\":\"ImageObject\",\"inLanguage\":\"ca\",\"@id\":\"https:\\\/\\\/radiolitoral.com\\\/#\\\/schema\\\/logo\\\/image\\\/\",\"url\":\"https:\\\/\\\/media.radiolitoral.com\\\/wp-content\\\/uploads\\\/2023\\\/02\\\/24143238\\\/CL-V-RadioLitoral696.png\",\"contentUrl\":\"https:\\\/\\\/media.radiolitoral.com\\\/wp-content\\\/uploads\\\/2023\\\/02\\\/24143238\\\/CL-V-RadioLitoral696.png\",\"width\":696,\"height\":696,\"caption\":\"Radio Litoral\"},\"image\":{\"@id\":\"https:\\\/\\\/radiolitoral.com\\\/#\\\/schema\\\/logo\\\/image\\\/\"},\"sameAs\":[\"https:\\\/\\\/www.facebook.com\\\/Laradiolitoral\\\/\"]},{\"@type\":\"Person\",\"@id\":\"https:\\\/\\\/radiolitoral.com\\\/#\\\/schema\\\/person\\\/aad4f72efa404f85b68e832d24cac059\",\"name\":\"Mel Pescuezo\",\"image\":{\"@type\":\"ImageObject\",\"inLanguage\":\"ca\",\"@id\":\"https:\\\/\\\/secure.gravatar.com\\\/avatar\\\/993975ae489c70cb0dd9bfa9413a082f0bd276582dac13661af7b33f161e7eea?s=96&d=mm&r=g\",\"url\":\"https:\\\/\\\/secure.gravatar.com\\\/avatar\\\/993975ae489c70cb0dd9bfa9413a082f0bd276582dac13661af7b33f161e7eea?s=96&d=mm&r=g\",\"contentUrl\":\"https:\\\/\\\/secure.gravatar.com\\\/avatar\\\/993975ae489c70cb0dd9bfa9413a082f0bd276582dac13661af7b33f161e7eea?s=96&d=mm&r=g\",\"caption\":\"Mel Pescuezo\"},\"url\":\"https:\\\/\\\/radiolitoral.com\\\/ca\\\/author\\\/serviciospararadios\\\/\"}]}<\/script>\n<!-- \/ Yoast SEO plugin. -->","yoast_head_json":{"title":"Reglo Lorente nomenat Fill Predilecte del Poble Nou de Benitatxell | R\u00e0dio Litoral","description":"L\u00b4Ajuntament ha organitzat un acte especial d\u00b4agra\u00efment al que ha estat el metge de la localitat durant 40 anys","robots":{"index":"index","follow":"follow","max-snippet":"max-snippet:-1","max-image-preview":"max-image-preview:large","max-video-preview":"max-video-preview:-1"},"canonical":"https:\/\/radiolitoral.com\/ca\/2023\/12\/regulo-lorente-nomenat-fill-predilecte-del-poble-nou-de-benitatxell\/","og_locale":"ca_ES","og_type":"article","og_title":"R\u00e9gulo Lorente nombrado Hijo Predilecto de El Poble Nou de Benitatxell | R\u00e0dio Litoral","og_description":"El Ayuntamiento ha organizado un acto especial de agradecimiento al que ha sido el m\u00e9dico de la localidad durante 40 a\u00f1os","og_url":"https:\/\/radiolitoral.com\/ca\/2023\/12\/regulo-lorente-nomenat-fill-predilecte-del-poble-nou-de-benitatxell\/","og_site_name":"R\u00e0dio Litoral","article_publisher":"https:\/\/www.facebook.com\/Laradiolitoral\/","article_published_time":"2023-12-19T19:25:38+00:00","og_image":[{"width":1440,"height":960,"url":"https:\/\/media.radiolitoral.com\/wp-content\/uploads\/2023\/12\/19202459\/Regulo-Lorente-acto-homenaje-jubilacion.jpg","type":"image\/jpeg"}],"author":"Mel Pescuezo","twitter_card":"summary_large_image","twitter_misc":{"Escrit per":"Mel Pescuezo","Temps estimat de lectura":"2 minuts"},"schema":{"@context":"https:\/\/schema.org","@graph":[{"@type":"NewsArticle","@id":"https:\/\/radiolitoral.com\/2023\/12\/regulo-lorente-nombrado-hijo-predilecto-de-el-poble-nou-de-benitatxell\/#article","isPartOf":{"@id":"https:\/\/radiolitoral.com\/2023\/12\/regulo-lorente-nombrado-hijo-predilecto-de-el-poble-nou-de-benitatxell\/"},"author":{"name":"Mel Pescuezo","@id":"https:\/\/radiolitoral.com\/#\/schema\/person\/aad4f72efa404f85b68e832d24cac059"},"headline":"R\u00e9gulo Lorente nombrado Hijo Predilecto de El Poble Nou de Benitatxell","datePublished":"2023-12-19T19:25:38+00:00","mainEntityOfPage":{"@id":"https:\/\/radiolitoral.com\/2023\/12\/regulo-lorente-nombrado-hijo-predilecto-de-el-poble-nou-de-benitatxell\/"},"wordCount":186,"commentCount":0,"publisher":{"@id":"https:\/\/radiolitoral.com\/#organization"},"image":{"@id":"https:\/\/radiolitoral.com\/2023\/12\/regulo-lorente-nombrado-hijo-predilecto-de-el-poble-nou-de-benitatxell\/#primaryimage"},"thumbnailUrl":"https:\/\/media.radiolitoral.com\/wp-content\/uploads\/2023\/12\/19202459\/Regulo-Lorente-acto-homenaje-jubilacion.jpg","articleSection":["Sociedad"],"inLanguage":"ca","potentialAction":[{"@type":"CommentAction","name":"Comment","target":["https:\/\/radiolitoral.com\/2023\/12\/regulo-lorente-nombrado-hijo-predilecto-de-el-poble-nou-de-benitatxell\/#respond"]}]},{"@type":["WebPage","ItemPage"],"@id":"https:\/\/radiolitoral.com\/2023\/12\/regulo-lorente-nombrado-hijo-predilecto-de-el-poble-nou-de-benitatxell\/","url":"https:\/\/radiolitoral.com\/2023\/12\/regulo-lorente-nombrado-hijo-predilecto-de-el-poble-nou-de-benitatxell\/","name":"Reglo Lorente nomenat Fill Predilecte del Poble Nou de Benitatxell | R\u00e0dio Litoral","isPartOf":{"@id":"https:\/\/radiolitoral.com\/#website"},"primaryImageOfPage":{"@id":"https:\/\/radiolitoral.com\/2023\/12\/regulo-lorente-nombrado-hijo-predilecto-de-el-poble-nou-de-benitatxell\/#primaryimage"},"image":{"@id":"https:\/\/radiolitoral.com\/2023\/12\/regulo-lorente-nombrado-hijo-predilecto-de-el-poble-nou-de-benitatxell\/#primaryimage"},"thumbnailUrl":"https:\/\/media.radiolitoral.com\/wp-content\/uploads\/2023\/12\/19202459\/Regulo-Lorente-acto-homenaje-jubilacion.jpg","datePublished":"2023-12-19T19:25:38+00:00","description":"L\u00b4Ajuntament ha organitzat un acte especial d\u00b4agra\u00efment al que ha estat el metge de la localitat durant 40 anys","breadcrumb":{"@id":"https:\/\/radiolitoral.com\/2023\/12\/regulo-lorente-nombrado-hijo-predilecto-de-el-poble-nou-de-benitatxell\/#breadcrumb"},"inLanguage":"ca","potentialAction":[{"@type":"ReadAction","target":["https:\/\/radiolitoral.com\/2023\/12\/regulo-lorente-nombrado-hijo-predilecto-de-el-poble-nou-de-benitatxell\/"]}]},{"@type":"ImageObject","inLanguage":"ca","@id":"https:\/\/radiolitoral.com\/2023\/12\/regulo-lorente-nombrado-hijo-predilecto-de-el-poble-nou-de-benitatxell\/#primaryimage","url":"https:\/\/media.radiolitoral.com\/wp-content\/uploads\/2023\/12\/19202459\/Regulo-Lorente-acto-homenaje-jubilacion.jpg","contentUrl":"https:\/\/media.radiolitoral.com\/wp-content\/uploads\/2023\/12\/19202459\/Regulo-Lorente-acto-homenaje-jubilacion.jpg","width":1440,"height":960},{"@type":"BreadcrumbList","@id":"https:\/\/radiolitoral.com\/2023\/12\/regulo-lorente-nombrado-hijo-predilecto-de-el-poble-nou-de-benitatxell\/#breadcrumb","itemListElement":[{"@type":"ListItem","position":1,"name":"Portada","item":"https:\/\/radiolitoral.com\/"},{"@type":"ListItem","position":2,"name":"R\u00e9gulo Lorente nombrado Hijo Predilecto de El Poble Nou de Benitatxell"}]},{"@type":"WebSite","@id":"https:\/\/radiolitoral.com\/#website","url":"https:\/\/radiolitoral.com\/","name":"R\u00e0dio Litoral","description":"La r\u00e0dio local de la Marina Alta","publisher":{"@id":"https:\/\/radiolitoral.com\/#organization"},"alternateName":"Litoral FM","potentialAction":[{"@type":"SearchAction","target":{"@type":"EntryPoint","urlTemplate":"https:\/\/radiolitoral.com\/?s={search_term_string}"},"query-input":{"@type":"PropertyValueSpecification","valueRequired":true,"valueName":"search_term_string"}}],"inLanguage":"ca"},{"@type":"Organization","@id":"https:\/\/radiolitoral.com\/#organization","name":"R\u00e0dio Litoral","url":"https:\/\/radiolitoral.com\/","logo":{"@type":"ImageObject","inLanguage":"ca","@id":"https:\/\/radiolitoral.com\/#\/schema\/logo\/image\/","url":"https:\/\/media.radiolitoral.com\/wp-content\/uploads\/2023\/02\/24143238\/CL-V-RadioLitoral696.png","contentUrl":"https:\/\/media.radiolitoral.com\/wp-content\/uploads\/2023\/02\/24143238\/CL-V-RadioLitoral696.png","width":696,"height":696,"caption":"Radio Litoral"},"image":{"@id":"https:\/\/radiolitoral.com\/#\/schema\/logo\/image\/"},"sameAs":["https:\/\/www.facebook.com\/Laradiolitoral\/"]},{"@type":"Person","@id":"https:\/\/radiolitoral.com\/#\/schema\/person\/aad4f72efa404f85b68e832d24cac059","name":"Mel Pescuezo","image":{"@type":"ImageObject","inLanguage":"ca","@id":"https:\/\/secure.gravatar.com\/avatar\/993975ae489c70cb0dd9bfa9413a082f0bd276582dac13661af7b33f161e7eea?s=96&d=mm&r=g","url":"https:\/\/secure.gravatar.com\/avatar\/993975ae489c70cb0dd9bfa9413a082f0bd276582dac13661af7b33f161e7eea?s=96&d=mm&r=g","contentUrl":"https:\/\/secure.gravatar.com\/avatar\/993975ae489c70cb0dd9bfa9413a082f0bd276582dac13661af7b33f161e7eea?s=96&d=mm&r=g","caption":"Mel Pescuezo"},"url":"https:\/\/radiolitoral.com\/ca\/author\/serviciospararadios\/"}]}},"_links":{"self":[{"href":"https:\/\/radiolitoral.com\/ca\/wp-json\/wp\/v2\/posts\/6097","targetHints":{"allow":["GET"]}}],"collection":[{"href":"https:\/\/radiolitoral.com\/ca\/wp-json\/wp\/v2\/posts"}],"about":[{"href":"https:\/\/radiolitoral.com\/ca\/wp-json\/wp\/v2\/types\/post"}],"author":[{"embeddable":true,"href":"https:\/\/radiolitoral.com\/ca\/wp-json\/wp\/v2\/users\/21"}],"replies":[{"embeddable":true,"href":"https:\/\/radiolitoral.com\/ca\/wp-json\/wp\/v2\/comments?post=6097"}],"version-history":[{"count":2,"href":"https:\/\/radiolitoral.com\/ca\/wp-json\/wp\/v2\/posts\/6097\/revisions"}],"predecessor-version":[{"id":6100,"href":"https:\/\/radiolitoral.com\/ca\/wp-json\/wp\/v2\/posts\/6097\/revisions\/6100"}],"wp:featuredmedia":[{"embeddable":true,"href":"https:\/\/radiolitoral.com\/ca\/wp-json\/wp\/v2\/media\/6098"}],"wp:attachment":[{"href":"https:\/\/radiolitoral.com\/ca\/wp-json\/wp\/v2\/media?parent=6097"}],"wp:term":[{"taxonomy":"category","embeddable":true,"href":"https:\/\/radiolitoral.com\/ca\/wp-json\/wp\/v2\/categories?post=6097"},{"taxonomy":"post_tag","embeddable":true,"href":"https:\/\/radiolitoral.com\/ca\/wp-json\/wp\/v2\/tags?post=6097"}],"curies":[{"name":"wp","href":"https:\/\/api.w.org\/{rel}","templated":true}]}}