{"id":6092,"date":"2023-12-19T20:07:30","date_gmt":"2023-12-19T19:07:30","guid":{"rendered":"https:\/\/radiolitoral.com\/?p=6092"},"modified":"2023-12-19T20:07:30","modified_gmt":"2023-12-19T19:07:30","slug":"primers-passos-de-zebra-intel%c2%b7ligents-ja-en-funcionament-a-calp","status":"publish","type":"post","link":"https:\/\/radiolitoral.com\/ca\/2023\/12\/primeros-pasos-de-cebra-inteligentes-ya-en-funcionamiento-en-calp\/","title":{"rendered":"Primers passos de zebra intel\u00b7ligents ja en funcionament a Calp"},"content":{"rendered":"<p>Les principals avingudes de <strong>Calp<\/strong> seran d&#039;ara endavant m\u00e9s segures. Ja s&#039;ha iniciat la instal\u00b7laci\u00f3 dels primers passos de zebra intel\u00b7ligents per millorar la seguretat vi\u00e0ria al municipi. Una actuaci\u00f3, que compta amb un pressupost que suma <strong>gaireb\u00e9 236 mil euros<\/strong> i que es finan\u00e7a a trav\u00e9s d&#039;una subvenci\u00f3 emmarcada al <strong>Pla +prop 2022 de la Diputaci\u00f3 Provincial.<\/strong><\/p>\n<p>Fonts municipals assenyalen que els vianants que passegin per l&#039;avinguda Ex\u00e8rcits Espanyols ja podran comprovar la instal\u00b7laci\u00f3 d&#039;aquests primers passos de zebra intel\u00b7ligents.<\/p>\n<p>En concret ja s&#039;han col\u00b7locat quatre dels divuit que es preveu instal\u00b7lar, tres a l&#039;avinguda Ex\u00e8rcits Espanyols i un a l&#039;avinguda Joan Carles I.<\/p>\n<p>Es tracta de passos de zebra lluminosos que<strong> detecten el vianant<\/strong> que s&#039;aproxima a l&#039;\u00e0rea d&#039;encreuament i il\u00b7luminen els extrems de les marques vials horitzontals del pas de vianants i els senyals verticals adjacents, de manera que es provoca una crida d&#039;atenci\u00f3 tant als conductors com als vianants.<\/p>\n<p>S&#039;instal\u00b7laran un total de <strong>18 passos de zebra<\/strong> d&#039;aquestes caracter\u00edstiques a les avingudes Ex\u00e8rcits Espanyols, Pa\u00eds Valenci\u00e0, Joan Carles I, Europa, Diputaci\u00f3, Masnou, Casa Nova, Gabriel Mir\u00f3 i pla\u00e7a Constituci\u00f3.<\/p>","protected":false},"excerpt":{"rendered":"<p>Las principales avenidas de Calp van a ser a partir de ahora m\u00e1s seguras. Ya se ha iniciado la instalaci\u00f3n de los primeros pasos de cebra inteligentes para mejorar la seguridad vial en el municipio. Una actuaci\u00f3n, que cuenta con un presupuesto que suma casi 236 mil euros y que se financia a trav\u00e9s de [&#8230;]<\/p>\n<p><a class=\"btn btn-secondary understrap-read-more-link\" href=\"https:\/\/radiolitoral.com\/ca\/2023\/12\/primeros-pasos-de-cebra-inteligentes-ya-en-funcionamiento-en-calp\/\">Continua llegint&#8230;<span class=\"screen-reader-text\"> from Primeros pasos de cebra inteligentes ya en funcionamiento en Calp<\/span><\/a><\/p>\n","protected":false},"author":21,"featured_media":6093,"comment_status":"open","ping_status":"closed","sticky":false,"template":"","format":"standard","meta":{"_acf_changed":false,"inline_featured_image":false,"footnotes":""},"categories":[100,864],"tags":[],"class_list":["post-6092","post","type-post","status-publish","format-standard","has-post-thumbnail","hentry","category-obras","category-seguridad-vial","cobertura-calp"],"acf":[],"yoast_head":"<!-- This site is optimized with the Yoast SEO plugin v27.5 - https:\/\/yoast.com\/product\/yoast-seo-wordpress\/ -->\n<title>Primeros pasos de cebra inteligentes ya en funcionamiento en Calp | R\u00e0dio Litoral<\/title>\n<meta name=\"description\" content=\"Un proyecto que supone una inversi\u00f3n de casi 236 mil euros y que incluye la instalaci\u00f3n de 18 pasos de peatones inteligentes\" \/>\n<meta name=\"robots\" content=\"index, follow, max-snippet:-1, max-image-preview:large, max-video-preview:-1\" \/>\n<link rel=\"canonical\" href=\"https:\/\/radiolitoral.com\/ca\/2023\/12\/primers-passos-de-zebra-intel\u00b7ligents-ja-en-funcionament-a-calp\/\" \/>\n<meta property=\"og:locale\" content=\"ca_ES\" \/>\n<meta property=\"og:type\" content=\"article\" \/>\n<meta property=\"og:title\" content=\"Primeros pasos de cebra inteligentes ya en funcionamiento en Calp | R\u00e0dio Litoral\" \/>\n<meta property=\"og:description\" content=\"Un proyecto que supone una inversi\u00f3n de casi 236 mil euros y que incluye la instalaci\u00f3n de 18 pasos de peatones inteligentes\" \/>\n<meta property=\"og:url\" content=\"https:\/\/radiolitoral.com\/ca\/2023\/12\/primers-passos-de-zebra-intel\u00b7ligents-ja-en-funcionament-a-calp\/\" \/>\n<meta property=\"og:site_name\" content=\"R\u00e0dio Litoral\" \/>\n<meta property=\"article:publisher\" content=\"https:\/\/www.facebook.com\/Laradiolitoral\/\" \/>\n<meta property=\"article:published_time\" content=\"2023-12-19T19:07:30+00:00\" \/>\n<meta property=\"og:image\" content=\"https:\/\/media.radiolitoral.com\/wp-content\/uploads\/2023\/12\/19200652\/Calp-paso-peatones-inteligente.jpg\" \/>\n\t<meta property=\"og:image:width\" content=\"1200\" \/>\n\t<meta property=\"og:image:height\" content=\"1600\" \/>\n\t<meta property=\"og:image:type\" content=\"image\/jpeg\" \/>\n<meta name=\"author\" content=\"Mel Pescuezo\" \/>\n<meta name=\"twitter:card\" content=\"summary_large_image\" \/>\n<meta name=\"twitter:label1\" content=\"Escrit per\" \/>\n\t<meta name=\"twitter:data1\" content=\"Mel Pescuezo\" \/>\n\t<meta name=\"twitter:label2\" content=\"Temps estimat de lectura\" \/>\n\t<meta name=\"twitter:data2\" content=\"2 minuts\" \/>\n<script type=\"application\/ld+json\" class=\"yoast-schema-graph\">{\"@context\":\"https:\\\/\\\/schema.org\",\"@graph\":[{\"@type\":\"NewsArticle\",\"@id\":\"https:\\\/\\\/radiolitoral.com\\\/2023\\\/12\\\/primeros-pasos-de-cebra-inteligentes-ya-en-funcionamiento-en-calp\\\/#article\",\"isPartOf\":{\"@id\":\"https:\\\/\\\/radiolitoral.com\\\/2023\\\/12\\\/primeros-pasos-de-cebra-inteligentes-ya-en-funcionamiento-en-calp\\\/\"},\"author\":{\"name\":\"Mel Pescuezo\",\"@id\":\"https:\\\/\\\/radiolitoral.com\\\/#\\\/schema\\\/person\\\/aad4f72efa404f85b68e832d24cac059\"},\"headline\":\"Primeros pasos de cebra inteligentes ya en funcionamiento en Calp\",\"datePublished\":\"2023-12-19T19:07:30+00:00\",\"mainEntityOfPage\":{\"@id\":\"https:\\\/\\\/radiolitoral.com\\\/2023\\\/12\\\/primeros-pasos-de-cebra-inteligentes-ya-en-funcionamiento-en-calp\\\/\"},\"wordCount\":235,\"commentCount\":0,\"publisher\":{\"@id\":\"https:\\\/\\\/radiolitoral.com\\\/#organization\"},\"image\":{\"@id\":\"https:\\\/\\\/radiolitoral.com\\\/2023\\\/12\\\/primeros-pasos-de-cebra-inteligentes-ya-en-funcionamiento-en-calp\\\/#primaryimage\"},\"thumbnailUrl\":\"https:\\\/\\\/media.radiolitoral.com\\\/wp-content\\\/uploads\\\/2023\\\/12\\\/19200652\\\/Calp-paso-peatones-inteligente.jpg\",\"articleSection\":[\"Obras\",\"Seguridad Vial\"],\"inLanguage\":\"ca\",\"potentialAction\":[{\"@type\":\"CommentAction\",\"name\":\"Comment\",\"target\":[\"https:\\\/\\\/radiolitoral.com\\\/2023\\\/12\\\/primeros-pasos-de-cebra-inteligentes-ya-en-funcionamiento-en-calp\\\/#respond\"]}]},{\"@type\":[\"WebPage\",\"ItemPage\"],\"@id\":\"https:\\\/\\\/radiolitoral.com\\\/2023\\\/12\\\/primeros-pasos-de-cebra-inteligentes-ya-en-funcionamiento-en-calp\\\/\",\"url\":\"https:\\\/\\\/radiolitoral.com\\\/2023\\\/12\\\/primeros-pasos-de-cebra-inteligentes-ya-en-funcionamiento-en-calp\\\/\",\"name\":\"Primeros pasos de cebra inteligentes ya en funcionamiento en Calp | R\u00e0dio Litoral\",\"isPartOf\":{\"@id\":\"https:\\\/\\\/radiolitoral.com\\\/#website\"},\"primaryImageOfPage\":{\"@id\":\"https:\\\/\\\/radiolitoral.com\\\/2023\\\/12\\\/primeros-pasos-de-cebra-inteligentes-ya-en-funcionamiento-en-calp\\\/#primaryimage\"},\"image\":{\"@id\":\"https:\\\/\\\/radiolitoral.com\\\/2023\\\/12\\\/primeros-pasos-de-cebra-inteligentes-ya-en-funcionamiento-en-calp\\\/#primaryimage\"},\"thumbnailUrl\":\"https:\\\/\\\/media.radiolitoral.com\\\/wp-content\\\/uploads\\\/2023\\\/12\\\/19200652\\\/Calp-paso-peatones-inteligente.jpg\",\"datePublished\":\"2023-12-19T19:07:30+00:00\",\"description\":\"Un proyecto que supone una inversi\u00f3n de casi 236 mil euros y que incluye la instalaci\u00f3n de 18 pasos de peatones inteligentes\",\"breadcrumb\":{\"@id\":\"https:\\\/\\\/radiolitoral.com\\\/2023\\\/12\\\/primeros-pasos-de-cebra-inteligentes-ya-en-funcionamiento-en-calp\\\/#breadcrumb\"},\"inLanguage\":\"ca\",\"potentialAction\":[{\"@type\":\"ReadAction\",\"target\":[\"https:\\\/\\\/radiolitoral.com\\\/2023\\\/12\\\/primeros-pasos-de-cebra-inteligentes-ya-en-funcionamiento-en-calp\\\/\"]}]},{\"@type\":\"ImageObject\",\"inLanguage\":\"ca\",\"@id\":\"https:\\\/\\\/radiolitoral.com\\\/2023\\\/12\\\/primeros-pasos-de-cebra-inteligentes-ya-en-funcionamiento-en-calp\\\/#primaryimage\",\"url\":\"https:\\\/\\\/media.radiolitoral.com\\\/wp-content\\\/uploads\\\/2023\\\/12\\\/19200652\\\/Calp-paso-peatones-inteligente.jpg\",\"contentUrl\":\"https:\\\/\\\/media.radiolitoral.com\\\/wp-content\\\/uploads\\\/2023\\\/12\\\/19200652\\\/Calp-paso-peatones-inteligente.jpg\",\"width\":1200,\"height\":1600},{\"@type\":\"BreadcrumbList\",\"@id\":\"https:\\\/\\\/radiolitoral.com\\\/2023\\\/12\\\/primeros-pasos-de-cebra-inteligentes-ya-en-funcionamiento-en-calp\\\/#breadcrumb\",\"itemListElement\":[{\"@type\":\"ListItem\",\"position\":1,\"name\":\"Portada\",\"item\":\"https:\\\/\\\/radiolitoral.com\\\/\"},{\"@type\":\"ListItem\",\"position\":2,\"name\":\"Primeros pasos de cebra inteligentes ya en funcionamiento en Calp\"}]},{\"@type\":\"WebSite\",\"@id\":\"https:\\\/\\\/radiolitoral.com\\\/#website\",\"url\":\"https:\\\/\\\/radiolitoral.com\\\/\",\"name\":\"Radio Litoral\",\"description\":\"La radio local de la Marina Alta\",\"publisher\":{\"@id\":\"https:\\\/\\\/radiolitoral.com\\\/#organization\"},\"alternateName\":\"Litoral FM\",\"potentialAction\":[{\"@type\":\"SearchAction\",\"target\":{\"@type\":\"EntryPoint\",\"urlTemplate\":\"https:\\\/\\\/radiolitoral.com\\\/?s={search_term_string}\"},\"query-input\":{\"@type\":\"PropertyValueSpecification\",\"valueRequired\":true,\"valueName\":\"search_term_string\"}}],\"inLanguage\":\"ca\"},{\"@type\":\"Organization\",\"@id\":\"https:\\\/\\\/radiolitoral.com\\\/#organization\",\"name\":\"Radio Litoral\",\"url\":\"https:\\\/\\\/radiolitoral.com\\\/\",\"logo\":{\"@type\":\"ImageObject\",\"inLanguage\":\"ca\",\"@id\":\"https:\\\/\\\/radiolitoral.com\\\/#\\\/schema\\\/logo\\\/image\\\/\",\"url\":\"https:\\\/\\\/media.radiolitoral.com\\\/wp-content\\\/uploads\\\/2023\\\/02\\\/24143238\\\/CL-V-RadioLitoral696.png\",\"contentUrl\":\"https:\\\/\\\/media.radiolitoral.com\\\/wp-content\\\/uploads\\\/2023\\\/02\\\/24143238\\\/CL-V-RadioLitoral696.png\",\"width\":696,\"height\":696,\"caption\":\"Radio Litoral\"},\"image\":{\"@id\":\"https:\\\/\\\/radiolitoral.com\\\/#\\\/schema\\\/logo\\\/image\\\/\"},\"sameAs\":[\"https:\\\/\\\/www.facebook.com\\\/Laradiolitoral\\\/\"]},{\"@type\":\"Person\",\"@id\":\"https:\\\/\\\/radiolitoral.com\\\/#\\\/schema\\\/person\\\/aad4f72efa404f85b68e832d24cac059\",\"name\":\"Mel Pescuezo\",\"image\":{\"@type\":\"ImageObject\",\"inLanguage\":\"ca\",\"@id\":\"https:\\\/\\\/secure.gravatar.com\\\/avatar\\\/993975ae489c70cb0dd9bfa9413a082f0bd276582dac13661af7b33f161e7eea?s=96&d=mm&r=g\",\"url\":\"https:\\\/\\\/secure.gravatar.com\\\/avatar\\\/993975ae489c70cb0dd9bfa9413a082f0bd276582dac13661af7b33f161e7eea?s=96&d=mm&r=g\",\"contentUrl\":\"https:\\\/\\\/secure.gravatar.com\\\/avatar\\\/993975ae489c70cb0dd9bfa9413a082f0bd276582dac13661af7b33f161e7eea?s=96&d=mm&r=g\",\"caption\":\"Mel Pescuezo\"},\"url\":\"https:\\\/\\\/radiolitoral.com\\\/ca\\\/author\\\/serviciospararadios\\\/\"}]}<\/script>\n<!-- \/ Yoast SEO plugin. -->","yoast_head_json":{"title":"Primers passos de zebra intel\u00b7ligents ja en funcionament a Calp | R\u00e0dio Litoral","description":"Un projecte que suposa una inversi\u00f3 de gaireb\u00e9 236 mil euros i que inclou la instal\u00b7laci\u00f3 de 18 passos de vianants intel\u00b7ligents","robots":{"index":"index","follow":"follow","max-snippet":"max-snippet:-1","max-image-preview":"max-image-preview:large","max-video-preview":"max-video-preview:-1"},"canonical":"https:\/\/radiolitoral.com\/ca\/2023\/12\/primers-passos-de-zebra-intel\u00b7ligents-ja-en-funcionament-a-calp\/","og_locale":"ca_ES","og_type":"article","og_title":"Primeros pasos de cebra inteligentes ya en funcionamiento en Calp | R\u00e0dio Litoral","og_description":"Un proyecto que supone una inversi\u00f3n de casi 236 mil euros y que incluye la instalaci\u00f3n de 18 pasos de peatones inteligentes","og_url":"https:\/\/radiolitoral.com\/ca\/2023\/12\/primers-passos-de-zebra-intel\u00b7ligents-ja-en-funcionament-a-calp\/","og_site_name":"R\u00e0dio Litoral","article_publisher":"https:\/\/www.facebook.com\/Laradiolitoral\/","article_published_time":"2023-12-19T19:07:30+00:00","og_image":[{"width":1200,"height":1600,"url":"https:\/\/media.radiolitoral.com\/wp-content\/uploads\/2023\/12\/19200652\/Calp-paso-peatones-inteligente.jpg","type":"image\/jpeg"}],"author":"Mel Pescuezo","twitter_card":"summary_large_image","twitter_misc":{"Escrit per":"Mel Pescuezo","Temps estimat de lectura":"2 minuts"},"schema":{"@context":"https:\/\/schema.org","@graph":[{"@type":"NewsArticle","@id":"https:\/\/radiolitoral.com\/2023\/12\/primeros-pasos-de-cebra-inteligentes-ya-en-funcionamiento-en-calp\/#article","isPartOf":{"@id":"https:\/\/radiolitoral.com\/2023\/12\/primeros-pasos-de-cebra-inteligentes-ya-en-funcionamiento-en-calp\/"},"author":{"name":"Mel Pescuezo","@id":"https:\/\/radiolitoral.com\/#\/schema\/person\/aad4f72efa404f85b68e832d24cac059"},"headline":"Primeros pasos de cebra inteligentes ya en funcionamiento en Calp","datePublished":"2023-12-19T19:07:30+00:00","mainEntityOfPage":{"@id":"https:\/\/radiolitoral.com\/2023\/12\/primeros-pasos-de-cebra-inteligentes-ya-en-funcionamiento-en-calp\/"},"wordCount":235,"commentCount":0,"publisher":{"@id":"https:\/\/radiolitoral.com\/#organization"},"image":{"@id":"https:\/\/radiolitoral.com\/2023\/12\/primeros-pasos-de-cebra-inteligentes-ya-en-funcionamiento-en-calp\/#primaryimage"},"thumbnailUrl":"https:\/\/media.radiolitoral.com\/wp-content\/uploads\/2023\/12\/19200652\/Calp-paso-peatones-inteligente.jpg","articleSection":["Obras","Seguridad Vial"],"inLanguage":"ca","potentialAction":[{"@type":"CommentAction","name":"Comment","target":["https:\/\/radiolitoral.com\/2023\/12\/primeros-pasos-de-cebra-inteligentes-ya-en-funcionamiento-en-calp\/#respond"]}]},{"@type":["WebPage","ItemPage"],"@id":"https:\/\/radiolitoral.com\/2023\/12\/primeros-pasos-de-cebra-inteligentes-ya-en-funcionamiento-en-calp\/","url":"https:\/\/radiolitoral.com\/2023\/12\/primeros-pasos-de-cebra-inteligentes-ya-en-funcionamiento-en-calp\/","name":"Primers passos de zebra intel\u00b7ligents ja en funcionament a Calp | R\u00e0dio Litoral","isPartOf":{"@id":"https:\/\/radiolitoral.com\/#website"},"primaryImageOfPage":{"@id":"https:\/\/radiolitoral.com\/2023\/12\/primeros-pasos-de-cebra-inteligentes-ya-en-funcionamiento-en-calp\/#primaryimage"},"image":{"@id":"https:\/\/radiolitoral.com\/2023\/12\/primeros-pasos-de-cebra-inteligentes-ya-en-funcionamiento-en-calp\/#primaryimage"},"thumbnailUrl":"https:\/\/media.radiolitoral.com\/wp-content\/uploads\/2023\/12\/19200652\/Calp-paso-peatones-inteligente.jpg","datePublished":"2023-12-19T19:07:30+00:00","description":"Un projecte que suposa una inversi\u00f3 de gaireb\u00e9 236 mil euros i que inclou la instal\u00b7laci\u00f3 de 18 passos de vianants intel\u00b7ligents","breadcrumb":{"@id":"https:\/\/radiolitoral.com\/2023\/12\/primeros-pasos-de-cebra-inteligentes-ya-en-funcionamiento-en-calp\/#breadcrumb"},"inLanguage":"ca","potentialAction":[{"@type":"ReadAction","target":["https:\/\/radiolitoral.com\/2023\/12\/primeros-pasos-de-cebra-inteligentes-ya-en-funcionamiento-en-calp\/"]}]},{"@type":"ImageObject","inLanguage":"ca","@id":"https:\/\/radiolitoral.com\/2023\/12\/primeros-pasos-de-cebra-inteligentes-ya-en-funcionamiento-en-calp\/#primaryimage","url":"https:\/\/media.radiolitoral.com\/wp-content\/uploads\/2023\/12\/19200652\/Calp-paso-peatones-inteligente.jpg","contentUrl":"https:\/\/media.radiolitoral.com\/wp-content\/uploads\/2023\/12\/19200652\/Calp-paso-peatones-inteligente.jpg","width":1200,"height":1600},{"@type":"BreadcrumbList","@id":"https:\/\/radiolitoral.com\/2023\/12\/primeros-pasos-de-cebra-inteligentes-ya-en-funcionamiento-en-calp\/#breadcrumb","itemListElement":[{"@type":"ListItem","position":1,"name":"Portada","item":"https:\/\/radiolitoral.com\/"},{"@type":"ListItem","position":2,"name":"Primeros pasos de cebra inteligentes ya en funcionamiento en Calp"}]},{"@type":"WebSite","@id":"https:\/\/radiolitoral.com\/#website","url":"https:\/\/radiolitoral.com\/","name":"R\u00e0dio Litoral","description":"La r\u00e0dio local de la Marina Alta","publisher":{"@id":"https:\/\/radiolitoral.com\/#organization"},"alternateName":"Litoral FM","potentialAction":[{"@type":"SearchAction","target":{"@type":"EntryPoint","urlTemplate":"https:\/\/radiolitoral.com\/?s={search_term_string}"},"query-input":{"@type":"PropertyValueSpecification","valueRequired":true,"valueName":"search_term_string"}}],"inLanguage":"ca"},{"@type":"Organization","@id":"https:\/\/radiolitoral.com\/#organization","name":"R\u00e0dio Litoral","url":"https:\/\/radiolitoral.com\/","logo":{"@type":"ImageObject","inLanguage":"ca","@id":"https:\/\/radiolitoral.com\/#\/schema\/logo\/image\/","url":"https:\/\/media.radiolitoral.com\/wp-content\/uploads\/2023\/02\/24143238\/CL-V-RadioLitoral696.png","contentUrl":"https:\/\/media.radiolitoral.com\/wp-content\/uploads\/2023\/02\/24143238\/CL-V-RadioLitoral696.png","width":696,"height":696,"caption":"Radio Litoral"},"image":{"@id":"https:\/\/radiolitoral.com\/#\/schema\/logo\/image\/"},"sameAs":["https:\/\/www.facebook.com\/Laradiolitoral\/"]},{"@type":"Person","@id":"https:\/\/radiolitoral.com\/#\/schema\/person\/aad4f72efa404f85b68e832d24cac059","name":"Mel Pescuezo","image":{"@type":"ImageObject","inLanguage":"ca","@id":"https:\/\/secure.gravatar.com\/avatar\/993975ae489c70cb0dd9bfa9413a082f0bd276582dac13661af7b33f161e7eea?s=96&d=mm&r=g","url":"https:\/\/secure.gravatar.com\/avatar\/993975ae489c70cb0dd9bfa9413a082f0bd276582dac13661af7b33f161e7eea?s=96&d=mm&r=g","contentUrl":"https:\/\/secure.gravatar.com\/avatar\/993975ae489c70cb0dd9bfa9413a082f0bd276582dac13661af7b33f161e7eea?s=96&d=mm&r=g","caption":"Mel Pescuezo"},"url":"https:\/\/radiolitoral.com\/ca\/author\/serviciospararadios\/"}]}},"_links":{"self":[{"href":"https:\/\/radiolitoral.com\/ca\/wp-json\/wp\/v2\/posts\/6092","targetHints":{"allow":["GET"]}}],"collection":[{"href":"https:\/\/radiolitoral.com\/ca\/wp-json\/wp\/v2\/posts"}],"about":[{"href":"https:\/\/radiolitoral.com\/ca\/wp-json\/wp\/v2\/types\/post"}],"author":[{"embeddable":true,"href":"https:\/\/radiolitoral.com\/ca\/wp-json\/wp\/v2\/users\/21"}],"replies":[{"embeddable":true,"href":"https:\/\/radiolitoral.com\/ca\/wp-json\/wp\/v2\/comments?post=6092"}],"version-history":[{"count":2,"href":"https:\/\/radiolitoral.com\/ca\/wp-json\/wp\/v2\/posts\/6092\/revisions"}],"predecessor-version":[{"id":6095,"href":"https:\/\/radiolitoral.com\/ca\/wp-json\/wp\/v2\/posts\/6092\/revisions\/6095"}],"wp:featuredmedia":[{"embeddable":true,"href":"https:\/\/radiolitoral.com\/ca\/wp-json\/wp\/v2\/media\/6093"}],"wp:attachment":[{"href":"https:\/\/radiolitoral.com\/ca\/wp-json\/wp\/v2\/media?parent=6092"}],"wp:term":[{"taxonomy":"category","embeddable":true,"href":"https:\/\/radiolitoral.com\/ca\/wp-json\/wp\/v2\/categories?post=6092"},{"taxonomy":"post_tag","embeddable":true,"href":"https:\/\/radiolitoral.com\/ca\/wp-json\/wp\/v2\/tags?post=6092"}],"curies":[{"name":"wp","href":"https:\/\/api.w.org\/{rel}","templated":true}]}}