{"id":6059,"date":"2023-12-15T15:01:34","date_gmt":"2023-12-15T14:01:34","guid":{"rendered":"https:\/\/radiolitoral.com\/?p=6059"},"modified":"2023-12-15T15:01:45","modified_gmt":"2023-12-15T14:01:45","slug":"forum-jove-per-coneixer-els-interessos-dels-joves-calpins","status":"publish","type":"post","link":"https:\/\/radiolitoral.com\/ca\/2023\/12\/forum-jove-para-conocer-los-intereses-de-los-jovenes-calpinos\/","title":{"rendered":"F\u00f2rum Jove per con\u00e8ixer els interessos dels joves calpins"},"content":{"rendered":"<p>La Regidoria de Joventut a l&#039;Ajuntament de <strong>Calp<\/strong> ha organitzat per dem\u00e0 dissabte un <strong>F\u00f2rum Jove<\/strong>. Una eina de debat amb qu\u00e8 els m\u00e9s joves de la poblaci\u00f3 poden ser part\u00edcips del disseny de les pol\u00edtiques que els repercuteixen. La convocat\u00f2ria est\u00e0 prevista a les 16:30 hores al Punt Jove, tamb\u00e9 conegut com el <a href=\"https:\/\/radiolitoral.com\/ca\/2023\/11\/calp-amplia-lhorari-del-youth-club-que-donara-servei-caps-de-setmana\/\">Youth Club.<\/a><\/p>\n<p>Aquesta iniciativa, com ha explicat la <strong>regidora responsable, Rebeca Merch\u00e1n,<\/strong> pret\u00e9n ser la base d&#039;un sondeig entre els joves sobre aquelles propostes, activitats o cursos que s\u00f3n del vostre inter\u00e8s i els agradaria realitzar. La finalitat \u00e9s estudiar tots els suggeriments i fer una oferta que cobreixi les necessitats reals de la poblaci\u00f3 m\u00e9s jove de la localitat.<\/p>\n<p>La proposta est\u00e0 emmarcada al <strong>Pla de Joventut<\/strong> aprovat el 2022.<\/p>\n<audio class=\"wp-audio-shortcode\" id=\"audio-6059-1\" preload=\"none\" style=\"width: 100%;\" controls=\"controls\"><source type=\"audio\/mpeg\" src=\"https:\/\/media.radiolitoral.com\/wp-content\/uploads\/2023\/12\/15145541\/Rebeca-Merchan.mp3?_=1\" \/><a href=\"https:\/\/media.radiolitoral.com\/wp-content\/uploads\/2023\/12\/15145541\/Rebeca-Merchan.mp3\">https:\/\/media.radiolitoral.com\/wp-content\/uploads\/2023\/12\/15145541\/Rebeca-Merchan.mp3<\/a><\/audio>\n<p><strong>\u00a0<\/strong><\/p>","protected":false},"excerpt":{"rendered":"<p>La Concejal\u00eda de Juventud en el Ayuntamiento de Calp ha organizado para ma\u00f1ana s\u00e1bado un F\u00f2rum Jove. Una herramienta de debate con la que los m\u00e1s j\u00f3venes de la poblaci\u00f3n pueden ser part\u00edcipes del dise\u00f1o de las pol\u00edticas que les repercuten. La convocatoria est\u00e1 prevista a las 16:30 horas en el Punt Jove, tambi\u00e9n conocido [&#8230;]<\/p>\n<p><a class=\"btn btn-secondary understrap-read-more-link\" href=\"https:\/\/radiolitoral.com\/ca\/2023\/12\/forum-jove-para-conocer-los-intereses-de-los-jovenes-calpinos\/\">Continua llegint&#8230;<span class=\"screen-reader-text\"> from F\u00f3rum Jove para conocer los intereses de los j\u00f3venes calpinos<\/span><\/a><\/p>\n","protected":false},"author":13,"featured_media":6061,"comment_status":"open","ping_status":"closed","sticky":false,"template":"","format":"standard","meta":{"_acf_changed":false,"inline_featured_image":false,"footnotes":""},"categories":[860],"tags":[],"class_list":["post-6059","post","type-post","status-publish","format-standard","has-post-thumbnail","hentry","category-juventud","cobertura-calp"],"acf":[],"yoast_head":"<!-- This site is optimized with the Yoast SEO plugin v27.5 - https:\/\/yoast.com\/product\/yoast-seo-wordpress\/ -->\n<title>F\u00f3rum Jove para conocer los intereses de los j\u00f3venes calpinos | R\u00e0dio Litoral<\/title>\n<meta name=\"description\" content=\"El F\u00f3rum Jove es un sondeo entre los j\u00f3venes sobre aquellas propuestas, actividades o cursos que son de su inter\u00e9s\" \/>\n<meta name=\"robots\" content=\"index, follow, max-snippet:-1, max-image-preview:large, max-video-preview:-1\" \/>\n<link rel=\"canonical\" href=\"https:\/\/radiolitoral.com\/ca\/2023\/12\/forum-jove-per-coneixer-els-interessos-dels-joves-calpins\/\" \/>\n<meta property=\"og:locale\" content=\"ca_ES\" \/>\n<meta property=\"og:type\" content=\"article\" \/>\n<meta property=\"og:title\" content=\"F\u00f3rum Jove para conocer los intereses de los j\u00f3venes calpinos | R\u00e0dio Litoral\" \/>\n<meta property=\"og:description\" content=\"El F\u00f3rum Jove es un sondeo entre los j\u00f3venes sobre aquellas propuestas, actividades o cursos que son de su inter\u00e9s\" \/>\n<meta property=\"og:url\" content=\"https:\/\/radiolitoral.com\/ca\/2023\/12\/forum-jove-per-coneixer-els-interessos-dels-joves-calpins\/\" \/>\n<meta property=\"og:site_name\" content=\"R\u00e0dio Litoral\" \/>\n<meta property=\"article:publisher\" content=\"https:\/\/www.facebook.com\/Laradiolitoral\/\" \/>\n<meta property=\"article:published_time\" content=\"2023-12-15T14:01:34+00:00\" \/>\n<meta property=\"article:modified_time\" content=\"2023-12-15T14:01:45+00:00\" \/>\n<meta property=\"og:image\" content=\"https:\/\/media.radiolitoral.com\/wp-content\/uploads\/2023\/12\/15150032\/youthclub-inauguracion-Concejala-y-Alcaldesa-Calp.jpg\" \/>\n\t<meta property=\"og:image:width\" content=\"512\" \/>\n\t<meta property=\"og:image:height\" content=\"640\" \/>\n\t<meta property=\"og:image:type\" content=\"image\/jpeg\" \/>\n<meta name=\"author\" content=\"Redacci\u00f3n\" \/>\n<meta name=\"twitter:card\" content=\"summary_large_image\" \/>\n<meta name=\"twitter:label1\" content=\"Escrit per\" \/>\n\t<meta name=\"twitter:data1\" content=\"Redacci\u00f3n\" \/>\n\t<meta name=\"twitter:label2\" content=\"Temps estimat de lectura\" \/>\n\t<meta name=\"twitter:data2\" content=\"1 minut\" \/>\n<script type=\"application\/ld+json\" class=\"yoast-schema-graph\">{\"@context\":\"https:\\\/\\\/schema.org\",\"@graph\":[{\"@type\":\"NewsArticle\",\"@id\":\"https:\\\/\\\/radiolitoral.com\\\/2023\\\/12\\\/forum-jove-para-conocer-los-intereses-de-los-jovenes-calpinos\\\/#article\",\"isPartOf\":{\"@id\":\"https:\\\/\\\/radiolitoral.com\\\/2023\\\/12\\\/forum-jove-para-conocer-los-intereses-de-los-jovenes-calpinos\\\/\"},\"author\":{\"name\":\"Redacci\u00f3n\",\"@id\":\"https:\\\/\\\/radiolitoral.com\\\/#\\\/schema\\\/person\\\/f2b2343c49b5d721857cc1002bfdb151\"},\"headline\":\"F\u00f3rum Jove para conocer los intereses de los j\u00f3venes calpinos\",\"datePublished\":\"2023-12-15T14:01:34+00:00\",\"dateModified\":\"2023-12-15T14:01:45+00:00\",\"mainEntityOfPage\":{\"@id\":\"https:\\\/\\\/radiolitoral.com\\\/2023\\\/12\\\/forum-jove-para-conocer-los-intereses-de-los-jovenes-calpinos\\\/\"},\"wordCount\":169,\"commentCount\":0,\"publisher\":{\"@id\":\"https:\\\/\\\/radiolitoral.com\\\/#organization\"},\"image\":{\"@id\":\"https:\\\/\\\/radiolitoral.com\\\/2023\\\/12\\\/forum-jove-para-conocer-los-intereses-de-los-jovenes-calpinos\\\/#primaryimage\"},\"thumbnailUrl\":\"https:\\\/\\\/media.radiolitoral.com\\\/wp-content\\\/uploads\\\/2023\\\/12\\\/15150032\\\/youthclub-inauguracion-Concejala-y-Alcaldesa-Calp.jpg\",\"articleSection\":[\"Juventud\"],\"inLanguage\":\"ca\",\"potentialAction\":[{\"@type\":\"CommentAction\",\"name\":\"Comment\",\"target\":[\"https:\\\/\\\/radiolitoral.com\\\/2023\\\/12\\\/forum-jove-para-conocer-los-intereses-de-los-jovenes-calpinos\\\/#respond\"]}]},{\"@type\":[\"WebPage\",\"ItemPage\"],\"@id\":\"https:\\\/\\\/radiolitoral.com\\\/2023\\\/12\\\/forum-jove-para-conocer-los-intereses-de-los-jovenes-calpinos\\\/\",\"url\":\"https:\\\/\\\/radiolitoral.com\\\/2023\\\/12\\\/forum-jove-para-conocer-los-intereses-de-los-jovenes-calpinos\\\/\",\"name\":\"F\u00f3rum Jove para conocer los intereses de los j\u00f3venes calpinos | R\u00e0dio Litoral\",\"isPartOf\":{\"@id\":\"https:\\\/\\\/radiolitoral.com\\\/#website\"},\"primaryImageOfPage\":{\"@id\":\"https:\\\/\\\/radiolitoral.com\\\/2023\\\/12\\\/forum-jove-para-conocer-los-intereses-de-los-jovenes-calpinos\\\/#primaryimage\"},\"image\":{\"@id\":\"https:\\\/\\\/radiolitoral.com\\\/2023\\\/12\\\/forum-jove-para-conocer-los-intereses-de-los-jovenes-calpinos\\\/#primaryimage\"},\"thumbnailUrl\":\"https:\\\/\\\/media.radiolitoral.com\\\/wp-content\\\/uploads\\\/2023\\\/12\\\/15150032\\\/youthclub-inauguracion-Concejala-y-Alcaldesa-Calp.jpg\",\"datePublished\":\"2023-12-15T14:01:34+00:00\",\"dateModified\":\"2023-12-15T14:01:45+00:00\",\"description\":\"El F\u00f3rum Jove es un sondeo entre los j\u00f3venes sobre aquellas propuestas, actividades o cursos que son de su inter\u00e9s\",\"breadcrumb\":{\"@id\":\"https:\\\/\\\/radiolitoral.com\\\/2023\\\/12\\\/forum-jove-para-conocer-los-intereses-de-los-jovenes-calpinos\\\/#breadcrumb\"},\"inLanguage\":\"ca\",\"potentialAction\":[{\"@type\":\"ReadAction\",\"target\":[\"https:\\\/\\\/radiolitoral.com\\\/2023\\\/12\\\/forum-jove-para-conocer-los-intereses-de-los-jovenes-calpinos\\\/\"]}]},{\"@type\":\"ImageObject\",\"inLanguage\":\"ca\",\"@id\":\"https:\\\/\\\/radiolitoral.com\\\/2023\\\/12\\\/forum-jove-para-conocer-los-intereses-de-los-jovenes-calpinos\\\/#primaryimage\",\"url\":\"https:\\\/\\\/media.radiolitoral.com\\\/wp-content\\\/uploads\\\/2023\\\/12\\\/15150032\\\/youthclub-inauguracion-Concejala-y-Alcaldesa-Calp.jpg\",\"contentUrl\":\"https:\\\/\\\/media.radiolitoral.com\\\/wp-content\\\/uploads\\\/2023\\\/12\\\/15150032\\\/youthclub-inauguracion-Concejala-y-Alcaldesa-Calp.jpg\",\"width\":512,\"height\":640},{\"@type\":\"BreadcrumbList\",\"@id\":\"https:\\\/\\\/radiolitoral.com\\\/2023\\\/12\\\/forum-jove-para-conocer-los-intereses-de-los-jovenes-calpinos\\\/#breadcrumb\",\"itemListElement\":[{\"@type\":\"ListItem\",\"position\":1,\"name\":\"Portada\",\"item\":\"https:\\\/\\\/radiolitoral.com\\\/\"},{\"@type\":\"ListItem\",\"position\":2,\"name\":\"F\u00f3rum Jove para conocer los intereses de los j\u00f3venes calpinos\"}]},{\"@type\":\"WebSite\",\"@id\":\"https:\\\/\\\/radiolitoral.com\\\/#website\",\"url\":\"https:\\\/\\\/radiolitoral.com\\\/\",\"name\":\"Radio Litoral\",\"description\":\"La radio local de la Marina Alta\",\"publisher\":{\"@id\":\"https:\\\/\\\/radiolitoral.com\\\/#organization\"},\"alternateName\":\"Litoral FM\",\"potentialAction\":[{\"@type\":\"SearchAction\",\"target\":{\"@type\":\"EntryPoint\",\"urlTemplate\":\"https:\\\/\\\/radiolitoral.com\\\/?s={search_term_string}\"},\"query-input\":{\"@type\":\"PropertyValueSpecification\",\"valueRequired\":true,\"valueName\":\"search_term_string\"}}],\"inLanguage\":\"ca\"},{\"@type\":\"Organization\",\"@id\":\"https:\\\/\\\/radiolitoral.com\\\/#organization\",\"name\":\"Radio Litoral\",\"url\":\"https:\\\/\\\/radiolitoral.com\\\/\",\"logo\":{\"@type\":\"ImageObject\",\"inLanguage\":\"ca\",\"@id\":\"https:\\\/\\\/radiolitoral.com\\\/#\\\/schema\\\/logo\\\/image\\\/\",\"url\":\"https:\\\/\\\/media.radiolitoral.com\\\/wp-content\\\/uploads\\\/2023\\\/02\\\/24143238\\\/CL-V-RadioLitoral696.png\",\"contentUrl\":\"https:\\\/\\\/media.radiolitoral.com\\\/wp-content\\\/uploads\\\/2023\\\/02\\\/24143238\\\/CL-V-RadioLitoral696.png\",\"width\":696,\"height\":696,\"caption\":\"Radio Litoral\"},\"image\":{\"@id\":\"https:\\\/\\\/radiolitoral.com\\\/#\\\/schema\\\/logo\\\/image\\\/\"},\"sameAs\":[\"https:\\\/\\\/www.facebook.com\\\/Laradiolitoral\\\/\"]},{\"@type\":\"Person\",\"@id\":\"https:\\\/\\\/radiolitoral.com\\\/#\\\/schema\\\/person\\\/f2b2343c49b5d721857cc1002bfdb151\",\"name\":\"Redacci\u00f3n\",\"image\":{\"@type\":\"ImageObject\",\"inLanguage\":\"ca\",\"@id\":\"https:\\\/\\\/secure.gravatar.com\\\/avatar\\\/f771d896c203ad8b3382d7905cfcce5a5c9b008b84b3cd9114e9b9f4cb63f789?s=96&d=mm&r=g\",\"url\":\"https:\\\/\\\/secure.gravatar.com\\\/avatar\\\/f771d896c203ad8b3382d7905cfcce5a5c9b008b84b3cd9114e9b9f4cb63f789?s=96&d=mm&r=g\",\"contentUrl\":\"https:\\\/\\\/secure.gravatar.com\\\/avatar\\\/f771d896c203ad8b3382d7905cfcce5a5c9b008b84b3cd9114e9b9f4cb63f789?s=96&d=mm&r=g\",\"caption\":\"Redacci\u00f3n\"},\"url\":\"https:\\\/\\\/radiolitoral.com\\\/ca\\\/author\\\/miriam-pagan\\\/\"}]}<\/script>\n<!-- \/ Yoast SEO plugin. -->","yoast_head_json":{"title":"F\u00f2rum Jove per con\u00e8ixer els interessos dels joves calpins | R\u00e0dio Litoral","description":"El F\u00f2rum Jove \u00e9s un sondeig entre els joves sobre aquelles propostes, activitats o cursos que s\u00f3n del vostre inter\u00e8s","robots":{"index":"index","follow":"follow","max-snippet":"max-snippet:-1","max-image-preview":"max-image-preview:large","max-video-preview":"max-video-preview:-1"},"canonical":"https:\/\/radiolitoral.com\/ca\/2023\/12\/forum-jove-per-coneixer-els-interessos-dels-joves-calpins\/","og_locale":"ca_ES","og_type":"article","og_title":"F\u00f3rum Jove para conocer los intereses de los j\u00f3venes calpinos | R\u00e0dio Litoral","og_description":"El F\u00f3rum Jove es un sondeo entre los j\u00f3venes sobre aquellas propuestas, actividades o cursos que son de su inter\u00e9s","og_url":"https:\/\/radiolitoral.com\/ca\/2023\/12\/forum-jove-per-coneixer-els-interessos-dels-joves-calpins\/","og_site_name":"R\u00e0dio Litoral","article_publisher":"https:\/\/www.facebook.com\/Laradiolitoral\/","article_published_time":"2023-12-15T14:01:34+00:00","article_modified_time":"2023-12-15T14:01:45+00:00","og_image":[{"width":512,"height":640,"url":"https:\/\/media.radiolitoral.com\/wp-content\/uploads\/2023\/12\/15150032\/youthclub-inauguracion-Concejala-y-Alcaldesa-Calp.jpg","type":"image\/jpeg"}],"author":"Redacci\u00f3n","twitter_card":"summary_large_image","twitter_misc":{"Escrit per":"Redacci\u00f3n","Temps estimat de lectura":"1 minut"},"schema":{"@context":"https:\/\/schema.org","@graph":[{"@type":"NewsArticle","@id":"https:\/\/radiolitoral.com\/2023\/12\/forum-jove-para-conocer-los-intereses-de-los-jovenes-calpinos\/#article","isPartOf":{"@id":"https:\/\/radiolitoral.com\/2023\/12\/forum-jove-para-conocer-los-intereses-de-los-jovenes-calpinos\/"},"author":{"name":"Redacci\u00f3n","@id":"https:\/\/radiolitoral.com\/#\/schema\/person\/f2b2343c49b5d721857cc1002bfdb151"},"headline":"F\u00f3rum Jove para conocer los intereses de los j\u00f3venes calpinos","datePublished":"2023-12-15T14:01:34+00:00","dateModified":"2023-12-15T14:01:45+00:00","mainEntityOfPage":{"@id":"https:\/\/radiolitoral.com\/2023\/12\/forum-jove-para-conocer-los-intereses-de-los-jovenes-calpinos\/"},"wordCount":169,"commentCount":0,"publisher":{"@id":"https:\/\/radiolitoral.com\/#organization"},"image":{"@id":"https:\/\/radiolitoral.com\/2023\/12\/forum-jove-para-conocer-los-intereses-de-los-jovenes-calpinos\/#primaryimage"},"thumbnailUrl":"https:\/\/media.radiolitoral.com\/wp-content\/uploads\/2023\/12\/15150032\/youthclub-inauguracion-Concejala-y-Alcaldesa-Calp.jpg","articleSection":["Juventud"],"inLanguage":"ca","potentialAction":[{"@type":"CommentAction","name":"Comment","target":["https:\/\/radiolitoral.com\/2023\/12\/forum-jove-para-conocer-los-intereses-de-los-jovenes-calpinos\/#respond"]}]},{"@type":["WebPage","ItemPage"],"@id":"https:\/\/radiolitoral.com\/2023\/12\/forum-jove-para-conocer-los-intereses-de-los-jovenes-calpinos\/","url":"https:\/\/radiolitoral.com\/2023\/12\/forum-jove-para-conocer-los-intereses-de-los-jovenes-calpinos\/","name":"F\u00f2rum Jove per con\u00e8ixer els interessos dels joves calpins | R\u00e0dio Litoral","isPartOf":{"@id":"https:\/\/radiolitoral.com\/#website"},"primaryImageOfPage":{"@id":"https:\/\/radiolitoral.com\/2023\/12\/forum-jove-para-conocer-los-intereses-de-los-jovenes-calpinos\/#primaryimage"},"image":{"@id":"https:\/\/radiolitoral.com\/2023\/12\/forum-jove-para-conocer-los-intereses-de-los-jovenes-calpinos\/#primaryimage"},"thumbnailUrl":"https:\/\/media.radiolitoral.com\/wp-content\/uploads\/2023\/12\/15150032\/youthclub-inauguracion-Concejala-y-Alcaldesa-Calp.jpg","datePublished":"2023-12-15T14:01:34+00:00","dateModified":"2023-12-15T14:01:45+00:00","description":"El F\u00f2rum Jove \u00e9s un sondeig entre els joves sobre aquelles propostes, activitats o cursos que s\u00f3n del vostre inter\u00e8s","breadcrumb":{"@id":"https:\/\/radiolitoral.com\/2023\/12\/forum-jove-para-conocer-los-intereses-de-los-jovenes-calpinos\/#breadcrumb"},"inLanguage":"ca","potentialAction":[{"@type":"ReadAction","target":["https:\/\/radiolitoral.com\/2023\/12\/forum-jove-para-conocer-los-intereses-de-los-jovenes-calpinos\/"]}]},{"@type":"ImageObject","inLanguage":"ca","@id":"https:\/\/radiolitoral.com\/2023\/12\/forum-jove-para-conocer-los-intereses-de-los-jovenes-calpinos\/#primaryimage","url":"https:\/\/media.radiolitoral.com\/wp-content\/uploads\/2023\/12\/15150032\/youthclub-inauguracion-Concejala-y-Alcaldesa-Calp.jpg","contentUrl":"https:\/\/media.radiolitoral.com\/wp-content\/uploads\/2023\/12\/15150032\/youthclub-inauguracion-Concejala-y-Alcaldesa-Calp.jpg","width":512,"height":640},{"@type":"BreadcrumbList","@id":"https:\/\/radiolitoral.com\/2023\/12\/forum-jove-para-conocer-los-intereses-de-los-jovenes-calpinos\/#breadcrumb","itemListElement":[{"@type":"ListItem","position":1,"name":"Portada","item":"https:\/\/radiolitoral.com\/"},{"@type":"ListItem","position":2,"name":"F\u00f3rum Jove para conocer los intereses de los j\u00f3venes calpinos"}]},{"@type":"WebSite","@id":"https:\/\/radiolitoral.com\/#website","url":"https:\/\/radiolitoral.com\/","name":"R\u00e0dio Litoral","description":"La r\u00e0dio local de la Marina Alta","publisher":{"@id":"https:\/\/radiolitoral.com\/#organization"},"alternateName":"Litoral FM","potentialAction":[{"@type":"SearchAction","target":{"@type":"EntryPoint","urlTemplate":"https:\/\/radiolitoral.com\/?s={search_term_string}"},"query-input":{"@type":"PropertyValueSpecification","valueRequired":true,"valueName":"search_term_string"}}],"inLanguage":"ca"},{"@type":"Organization","@id":"https:\/\/radiolitoral.com\/#organization","name":"R\u00e0dio Litoral","url":"https:\/\/radiolitoral.com\/","logo":{"@type":"ImageObject","inLanguage":"ca","@id":"https:\/\/radiolitoral.com\/#\/schema\/logo\/image\/","url":"https:\/\/media.radiolitoral.com\/wp-content\/uploads\/2023\/02\/24143238\/CL-V-RadioLitoral696.png","contentUrl":"https:\/\/media.radiolitoral.com\/wp-content\/uploads\/2023\/02\/24143238\/CL-V-RadioLitoral696.png","width":696,"height":696,"caption":"Radio Litoral"},"image":{"@id":"https:\/\/radiolitoral.com\/#\/schema\/logo\/image\/"},"sameAs":["https:\/\/www.facebook.com\/Laradiolitoral\/"]},{"@type":"Person","@id":"https:\/\/radiolitoral.com\/#\/schema\/person\/f2b2343c49b5d721857cc1002bfdb151","name":"Redacci\u00f3","image":{"@type":"ImageObject","inLanguage":"ca","@id":"https:\/\/secure.gravatar.com\/avatar\/f771d896c203ad8b3382d7905cfcce5a5c9b008b84b3cd9114e9b9f4cb63f789?s=96&d=mm&r=g","url":"https:\/\/secure.gravatar.com\/avatar\/f771d896c203ad8b3382d7905cfcce5a5c9b008b84b3cd9114e9b9f4cb63f789?s=96&d=mm&r=g","contentUrl":"https:\/\/secure.gravatar.com\/avatar\/f771d896c203ad8b3382d7905cfcce5a5c9b008b84b3cd9114e9b9f4cb63f789?s=96&d=mm&r=g","caption":"Redacci\u00f3n"},"url":"https:\/\/radiolitoral.com\/ca\/author\/miriam-pagan\/"}]}},"_links":{"self":[{"href":"https:\/\/radiolitoral.com\/ca\/wp-json\/wp\/v2\/posts\/6059","targetHints":{"allow":["GET"]}}],"collection":[{"href":"https:\/\/radiolitoral.com\/ca\/wp-json\/wp\/v2\/posts"}],"about":[{"href":"https:\/\/radiolitoral.com\/ca\/wp-json\/wp\/v2\/types\/post"}],"author":[{"embeddable":true,"href":"https:\/\/radiolitoral.com\/ca\/wp-json\/wp\/v2\/users\/13"}],"replies":[{"embeddable":true,"href":"https:\/\/radiolitoral.com\/ca\/wp-json\/wp\/v2\/comments?post=6059"}],"version-history":[{"count":2,"href":"https:\/\/radiolitoral.com\/ca\/wp-json\/wp\/v2\/posts\/6059\/revisions"}],"predecessor-version":[{"id":6063,"href":"https:\/\/radiolitoral.com\/ca\/wp-json\/wp\/v2\/posts\/6059\/revisions\/6063"}],"wp:featuredmedia":[{"embeddable":true,"href":"https:\/\/radiolitoral.com\/ca\/wp-json\/wp\/v2\/media\/6061"}],"wp:attachment":[{"href":"https:\/\/radiolitoral.com\/ca\/wp-json\/wp\/v2\/media?parent=6059"}],"wp:term":[{"taxonomy":"category","embeddable":true,"href":"https:\/\/radiolitoral.com\/ca\/wp-json\/wp\/v2\/categories?post=6059"},{"taxonomy":"post_tag","embeddable":true,"href":"https:\/\/radiolitoral.com\/ca\/wp-json\/wp\/v2\/tags?post=6059"}],"curies":[{"name":"wp","href":"https:\/\/api.w.org\/{rel}","templated":true}]}}