{"id":6054,"date":"2023-12-15T14:50:19","date_gmt":"2023-12-15T13:50:19","guid":{"rendered":"https:\/\/radiolitoral.com\/?p=6054"},"modified":"2023-12-15T14:50:19","modified_gmt":"2023-12-15T13:50:19","slug":"calp-augmenta-el-nombre-de-veins-censats-fins-als-25-854","status":"publish","type":"post","link":"https:\/\/radiolitoral.com\/ca\/2023\/12\/calp-aumenta-el-numero-de-vecinos-censados-hasta-los-25-854\/","title":{"rendered":"Calp augmenta el nombre de ve\u00efns censats fins a 25.854"},"content":{"rendered":"<p><strong>Calp<\/strong> augmenta la seva poblaci\u00f3 i arriba als 25.854 habitants. <strong>INE<\/strong>. Aix\u00ed ho ha notificat l&#039;Institut Nacional d&#039;Estad\u00edstica al <strong>Ajuntament de Calp<\/strong>.<\/p>\n<p>Aquesta \u00e9s la xifra resultant de la revisi\u00f3 del padr\u00f3 municipal referida a 1 de gener de 2023. Un n\u00famero que <strong>demostra un increment<\/strong> de 1.758 nous habitants respecte a la darrera xifra oficial. Tot i aix\u00f2, arribar a aquesta xifra i evitar el descens del cens municipal ha comportat una intensa tasca des de l&#039;Ajuntament, segons remarquen fonts municipals.<\/p>\n<p>En els darrers anys des del <strong>Departament de Padr\u00f3<\/strong> s&#039;han engegat diverses accions per evitar la p\u00e8rdua de poblaci\u00f3. Un dels problemes detectats \u00e9s la manca d&#039;informaci\u00f3 dels ciutadans, que en molts casos estan conven\u00e7uts que ja estan empadronats o que desconeixen la necessitat de renovar el padr\u00f3 en cas de ser estrangers.<\/p>\n<p>Des de l&#039;Ajuntament es calcula que centenars de residents estrangers no consten per a l&#039;INE pel fet que no han renovat la seva inscripci\u00f3 al padr\u00f3 municipal, ja que per llei els residents comunitaris inscrits al Registre Central d&#039;Estrangers o els residents no comunitaris per\u00f2 amb perm\u00eds de resid\u00e8ncia de llarga durada han de renovar la inscripci\u00f3 al padr\u00f3 cada cinc anys i la resta d&#039;estrangers cada dos.<\/p>\n<p>Per aix\u00f2 des de l&#039;Ajuntament s&#039;han engegat <strong>successives campanyes.<\/strong><\/p>","protected":false},"excerpt":{"rendered":"<p>Calp aumenta su poblaci\u00f3n y llega a los 25.854\u00a0 habitantes seg\u00fan el INE. As\u00ed se lo ha notificado el Instituto Nacional de Estad\u00edstica al Ayuntamiento de Calp. Esta es la cifra resultante de la revisi\u00f3n del padr\u00f3n municipal referida a 1 de enero de 2023. Un n\u00famero que demuestra un incremento de 1.758 nuevos habitantes [&#8230;]<\/p>\n<p><a class=\"btn btn-secondary understrap-read-more-link\" href=\"https:\/\/radiolitoral.com\/ca\/2023\/12\/calp-aumenta-el-numero-de-vecinos-censados-hasta-los-25-854\/\">Continua llegint&#8230;<span class=\"screen-reader-text\"> from Calp aumenta el n\u00famero de vecinos censados hasta los 25.854<\/span><\/a><\/p>\n","protected":false},"author":21,"featured_media":6055,"comment_status":"open","ping_status":"closed","sticky":false,"template":"","format":"standard","meta":{"_acf_changed":false,"inline_featured_image":false,"footnotes":""},"categories":[13],"tags":[],"class_list":["post-6054","post","type-post","status-publish","format-standard","has-post-thumbnail","hentry","category-politica","cobertura-calp"],"acf":[],"yoast_head":"<!-- This site is optimized with the Yoast SEO plugin v27.5 - https:\/\/yoast.com\/product\/yoast-seo-wordpress\/ -->\n<title>Calp aumenta el n\u00famero de vecinos censados hasta los 25.854 | R\u00e0dio Litoral<\/title>\n<meta name=\"description\" content=\"Calp aumenta su poblaci\u00f3n y llega a los 25.854 habitantes seg\u00fan los datos recabados poe el Instituto Nacional de Estad\u00edstica\" \/>\n<meta name=\"robots\" content=\"index, follow, max-snippet:-1, max-image-preview:large, max-video-preview:-1\" \/>\n<link rel=\"canonical\" href=\"https:\/\/radiolitoral.com\/ca\/2023\/12\/calp-augmenta-el-nombre-de-veins-censats-fins-als-25-854\/\" \/>\n<meta property=\"og:locale\" content=\"ca_ES\" \/>\n<meta property=\"og:type\" content=\"article\" \/>\n<meta property=\"og:title\" content=\"Calp aumenta el n\u00famero de vecinos censados hasta los 25.854 | R\u00e0dio Litoral\" \/>\n<meta property=\"og:description\" content=\"Calp aumenta su poblaci\u00f3n y llega a los 25.854 habitantes seg\u00fan los datos recabados poe el Instituto Nacional de Estad\u00edstica\" \/>\n<meta property=\"og:url\" content=\"https:\/\/radiolitoral.com\/ca\/2023\/12\/calp-augmenta-el-nombre-de-veins-censats-fins-als-25-854\/\" \/>\n<meta property=\"og:site_name\" content=\"R\u00e0dio Litoral\" \/>\n<meta property=\"article:publisher\" content=\"https:\/\/www.facebook.com\/Laradiolitoral\/\" \/>\n<meta property=\"article:published_time\" content=\"2023-12-15T13:50:19+00:00\" \/>\n<meta property=\"og:image\" content=\"https:\/\/media.radiolitoral.com\/wp-content\/uploads\/2023\/12\/15144946\/Fira-Calp-con-gente.jpg\" \/>\n\t<meta property=\"og:image:width\" content=\"2048\" \/>\n\t<meta property=\"og:image:height\" content=\"1365\" \/>\n\t<meta property=\"og:image:type\" content=\"image\/jpeg\" \/>\n<meta name=\"author\" content=\"Mel Pescuezo\" \/>\n<meta name=\"twitter:card\" content=\"summary_large_image\" \/>\n<meta name=\"twitter:label1\" content=\"Escrit per\" \/>\n\t<meta name=\"twitter:data1\" content=\"Mel Pescuezo\" \/>\n\t<meta name=\"twitter:label2\" content=\"Temps estimat de lectura\" \/>\n\t<meta name=\"twitter:data2\" content=\"2 minuts\" \/>\n<script type=\"application\/ld+json\" class=\"yoast-schema-graph\">{\"@context\":\"https:\\\/\\\/schema.org\",\"@graph\":[{\"@type\":\"NewsArticle\",\"@id\":\"https:\\\/\\\/radiolitoral.com\\\/2023\\\/12\\\/calp-aumenta-el-numero-de-vecinos-censados-hasta-los-25-854\\\/#article\",\"isPartOf\":{\"@id\":\"https:\\\/\\\/radiolitoral.com\\\/2023\\\/12\\\/calp-aumenta-el-numero-de-vecinos-censados-hasta-los-25-854\\\/\"},\"author\":{\"name\":\"Mel Pescuezo\",\"@id\":\"https:\\\/\\\/radiolitoral.com\\\/#\\\/schema\\\/person\\\/aad4f72efa404f85b68e832d24cac059\"},\"headline\":\"Calp aumenta el n\u00famero de vecinos censados hasta los 25.854\",\"datePublished\":\"2023-12-15T13:50:19+00:00\",\"mainEntityOfPage\":{\"@id\":\"https:\\\/\\\/radiolitoral.com\\\/2023\\\/12\\\/calp-aumenta-el-numero-de-vecinos-censados-hasta-los-25-854\\\/\"},\"wordCount\":255,\"commentCount\":0,\"publisher\":{\"@id\":\"https:\\\/\\\/radiolitoral.com\\\/#organization\"},\"image\":{\"@id\":\"https:\\\/\\\/radiolitoral.com\\\/2023\\\/12\\\/calp-aumenta-el-numero-de-vecinos-censados-hasta-los-25-854\\\/#primaryimage\"},\"thumbnailUrl\":\"https:\\\/\\\/media.radiolitoral.com\\\/wp-content\\\/uploads\\\/2023\\\/12\\\/15144946\\\/Fira-Calp-con-gente.jpg\",\"articleSection\":[\"Pol\u00edtica\"],\"inLanguage\":\"ca\",\"potentialAction\":[{\"@type\":\"CommentAction\",\"name\":\"Comment\",\"target\":[\"https:\\\/\\\/radiolitoral.com\\\/2023\\\/12\\\/calp-aumenta-el-numero-de-vecinos-censados-hasta-los-25-854\\\/#respond\"]}]},{\"@type\":[\"WebPage\",\"ItemPage\"],\"@id\":\"https:\\\/\\\/radiolitoral.com\\\/2023\\\/12\\\/calp-aumenta-el-numero-de-vecinos-censados-hasta-los-25-854\\\/\",\"url\":\"https:\\\/\\\/radiolitoral.com\\\/2023\\\/12\\\/calp-aumenta-el-numero-de-vecinos-censados-hasta-los-25-854\\\/\",\"name\":\"Calp aumenta el n\u00famero de vecinos censados hasta los 25.854 | R\u00e0dio Litoral\",\"isPartOf\":{\"@id\":\"https:\\\/\\\/radiolitoral.com\\\/#website\"},\"primaryImageOfPage\":{\"@id\":\"https:\\\/\\\/radiolitoral.com\\\/2023\\\/12\\\/calp-aumenta-el-numero-de-vecinos-censados-hasta-los-25-854\\\/#primaryimage\"},\"image\":{\"@id\":\"https:\\\/\\\/radiolitoral.com\\\/2023\\\/12\\\/calp-aumenta-el-numero-de-vecinos-censados-hasta-los-25-854\\\/#primaryimage\"},\"thumbnailUrl\":\"https:\\\/\\\/media.radiolitoral.com\\\/wp-content\\\/uploads\\\/2023\\\/12\\\/15144946\\\/Fira-Calp-con-gente.jpg\",\"datePublished\":\"2023-12-15T13:50:19+00:00\",\"description\":\"Calp aumenta su poblaci\u00f3n y llega a los 25.854 habitantes seg\u00fan los datos recabados poe el Instituto Nacional de Estad\u00edstica\",\"breadcrumb\":{\"@id\":\"https:\\\/\\\/radiolitoral.com\\\/2023\\\/12\\\/calp-aumenta-el-numero-de-vecinos-censados-hasta-los-25-854\\\/#breadcrumb\"},\"inLanguage\":\"ca\",\"potentialAction\":[{\"@type\":\"ReadAction\",\"target\":[\"https:\\\/\\\/radiolitoral.com\\\/2023\\\/12\\\/calp-aumenta-el-numero-de-vecinos-censados-hasta-los-25-854\\\/\"]}]},{\"@type\":\"ImageObject\",\"inLanguage\":\"ca\",\"@id\":\"https:\\\/\\\/radiolitoral.com\\\/2023\\\/12\\\/calp-aumenta-el-numero-de-vecinos-censados-hasta-los-25-854\\\/#primaryimage\",\"url\":\"https:\\\/\\\/media.radiolitoral.com\\\/wp-content\\\/uploads\\\/2023\\\/12\\\/15144946\\\/Fira-Calp-con-gente.jpg\",\"contentUrl\":\"https:\\\/\\\/media.radiolitoral.com\\\/wp-content\\\/uploads\\\/2023\\\/12\\\/15144946\\\/Fira-Calp-con-gente.jpg\",\"width\":2048,\"height\":1365},{\"@type\":\"BreadcrumbList\",\"@id\":\"https:\\\/\\\/radiolitoral.com\\\/2023\\\/12\\\/calp-aumenta-el-numero-de-vecinos-censados-hasta-los-25-854\\\/#breadcrumb\",\"itemListElement\":[{\"@type\":\"ListItem\",\"position\":1,\"name\":\"Portada\",\"item\":\"https:\\\/\\\/radiolitoral.com\\\/\"},{\"@type\":\"ListItem\",\"position\":2,\"name\":\"Calp aumenta el n\u00famero de vecinos censados hasta los 25.854\"}]},{\"@type\":\"WebSite\",\"@id\":\"https:\\\/\\\/radiolitoral.com\\\/#website\",\"url\":\"https:\\\/\\\/radiolitoral.com\\\/\",\"name\":\"Radio Litoral\",\"description\":\"La radio local de la Marina Alta\",\"publisher\":{\"@id\":\"https:\\\/\\\/radiolitoral.com\\\/#organization\"},\"alternateName\":\"Litoral FM\",\"potentialAction\":[{\"@type\":\"SearchAction\",\"target\":{\"@type\":\"EntryPoint\",\"urlTemplate\":\"https:\\\/\\\/radiolitoral.com\\\/?s={search_term_string}\"},\"query-input\":{\"@type\":\"PropertyValueSpecification\",\"valueRequired\":true,\"valueName\":\"search_term_string\"}}],\"inLanguage\":\"ca\"},{\"@type\":\"Organization\",\"@id\":\"https:\\\/\\\/radiolitoral.com\\\/#organization\",\"name\":\"Radio Litoral\",\"url\":\"https:\\\/\\\/radiolitoral.com\\\/\",\"logo\":{\"@type\":\"ImageObject\",\"inLanguage\":\"ca\",\"@id\":\"https:\\\/\\\/radiolitoral.com\\\/#\\\/schema\\\/logo\\\/image\\\/\",\"url\":\"https:\\\/\\\/media.radiolitoral.com\\\/wp-content\\\/uploads\\\/2023\\\/02\\\/24143238\\\/CL-V-RadioLitoral696.png\",\"contentUrl\":\"https:\\\/\\\/media.radiolitoral.com\\\/wp-content\\\/uploads\\\/2023\\\/02\\\/24143238\\\/CL-V-RadioLitoral696.png\",\"width\":696,\"height\":696,\"caption\":\"Radio Litoral\"},\"image\":{\"@id\":\"https:\\\/\\\/radiolitoral.com\\\/#\\\/schema\\\/logo\\\/image\\\/\"},\"sameAs\":[\"https:\\\/\\\/www.facebook.com\\\/Laradiolitoral\\\/\"]},{\"@type\":\"Person\",\"@id\":\"https:\\\/\\\/radiolitoral.com\\\/#\\\/schema\\\/person\\\/aad4f72efa404f85b68e832d24cac059\",\"name\":\"Mel Pescuezo\",\"image\":{\"@type\":\"ImageObject\",\"inLanguage\":\"ca\",\"@id\":\"https:\\\/\\\/secure.gravatar.com\\\/avatar\\\/993975ae489c70cb0dd9bfa9413a082f0bd276582dac13661af7b33f161e7eea?s=96&d=mm&r=g\",\"url\":\"https:\\\/\\\/secure.gravatar.com\\\/avatar\\\/993975ae489c70cb0dd9bfa9413a082f0bd276582dac13661af7b33f161e7eea?s=96&d=mm&r=g\",\"contentUrl\":\"https:\\\/\\\/secure.gravatar.com\\\/avatar\\\/993975ae489c70cb0dd9bfa9413a082f0bd276582dac13661af7b33f161e7eea?s=96&d=mm&r=g\",\"caption\":\"Mel Pescuezo\"},\"url\":\"https:\\\/\\\/radiolitoral.com\\\/ca\\\/author\\\/serviciospararadios\\\/\"}]}<\/script>\n<!-- \/ Yoast SEO plugin. -->","yoast_head_json":{"title":"Calp augmenta el nombre de ve\u00efns censats fins a 25.854 | R\u00e0dio Litoral","description":"Calp augmenta la seva poblaci\u00f3 i arriba als 25.854 habitants segons les dades recollides per l&#039;Institut Nacional d&#039;Estad\u00edstica","robots":{"index":"index","follow":"follow","max-snippet":"max-snippet:-1","max-image-preview":"max-image-preview:large","max-video-preview":"max-video-preview:-1"},"canonical":"https:\/\/radiolitoral.com\/ca\/2023\/12\/calp-augmenta-el-nombre-de-veins-censats-fins-als-25-854\/","og_locale":"ca_ES","og_type":"article","og_title":"Calp aumenta el n\u00famero de vecinos censados hasta los 25.854 | R\u00e0dio Litoral","og_description":"Calp aumenta su poblaci\u00f3n y llega a los 25.854 habitantes seg\u00fan los datos recabados poe el Instituto Nacional de Estad\u00edstica","og_url":"https:\/\/radiolitoral.com\/ca\/2023\/12\/calp-augmenta-el-nombre-de-veins-censats-fins-als-25-854\/","og_site_name":"R\u00e0dio Litoral","article_publisher":"https:\/\/www.facebook.com\/Laradiolitoral\/","article_published_time":"2023-12-15T13:50:19+00:00","og_image":[{"width":2048,"height":1365,"url":"https:\/\/media.radiolitoral.com\/wp-content\/uploads\/2023\/12\/15144946\/Fira-Calp-con-gente.jpg","type":"image\/jpeg"}],"author":"Mel Pescuezo","twitter_card":"summary_large_image","twitter_misc":{"Escrit per":"Mel Pescuezo","Temps estimat de lectura":"2 minuts"},"schema":{"@context":"https:\/\/schema.org","@graph":[{"@type":"NewsArticle","@id":"https:\/\/radiolitoral.com\/2023\/12\/calp-aumenta-el-numero-de-vecinos-censados-hasta-los-25-854\/#article","isPartOf":{"@id":"https:\/\/radiolitoral.com\/2023\/12\/calp-aumenta-el-numero-de-vecinos-censados-hasta-los-25-854\/"},"author":{"name":"Mel Pescuezo","@id":"https:\/\/radiolitoral.com\/#\/schema\/person\/aad4f72efa404f85b68e832d24cac059"},"headline":"Calp aumenta el n\u00famero de vecinos censados hasta los 25.854","datePublished":"2023-12-15T13:50:19+00:00","mainEntityOfPage":{"@id":"https:\/\/radiolitoral.com\/2023\/12\/calp-aumenta-el-numero-de-vecinos-censados-hasta-los-25-854\/"},"wordCount":255,"commentCount":0,"publisher":{"@id":"https:\/\/radiolitoral.com\/#organization"},"image":{"@id":"https:\/\/radiolitoral.com\/2023\/12\/calp-aumenta-el-numero-de-vecinos-censados-hasta-los-25-854\/#primaryimage"},"thumbnailUrl":"https:\/\/media.radiolitoral.com\/wp-content\/uploads\/2023\/12\/15144946\/Fira-Calp-con-gente.jpg","articleSection":["Pol\u00edtica"],"inLanguage":"ca","potentialAction":[{"@type":"CommentAction","name":"Comment","target":["https:\/\/radiolitoral.com\/2023\/12\/calp-aumenta-el-numero-de-vecinos-censados-hasta-los-25-854\/#respond"]}]},{"@type":["WebPage","ItemPage"],"@id":"https:\/\/radiolitoral.com\/2023\/12\/calp-aumenta-el-numero-de-vecinos-censados-hasta-los-25-854\/","url":"https:\/\/radiolitoral.com\/2023\/12\/calp-aumenta-el-numero-de-vecinos-censados-hasta-los-25-854\/","name":"Calp augmenta el nombre de ve\u00efns censats fins a 25.854 | R\u00e0dio Litoral","isPartOf":{"@id":"https:\/\/radiolitoral.com\/#website"},"primaryImageOfPage":{"@id":"https:\/\/radiolitoral.com\/2023\/12\/calp-aumenta-el-numero-de-vecinos-censados-hasta-los-25-854\/#primaryimage"},"image":{"@id":"https:\/\/radiolitoral.com\/2023\/12\/calp-aumenta-el-numero-de-vecinos-censados-hasta-los-25-854\/#primaryimage"},"thumbnailUrl":"https:\/\/media.radiolitoral.com\/wp-content\/uploads\/2023\/12\/15144946\/Fira-Calp-con-gente.jpg","datePublished":"2023-12-15T13:50:19+00:00","description":"Calp augmenta la seva poblaci\u00f3 i arriba als 25.854 habitants segons les dades recollides per l&#039;Institut Nacional d&#039;Estad\u00edstica","breadcrumb":{"@id":"https:\/\/radiolitoral.com\/2023\/12\/calp-aumenta-el-numero-de-vecinos-censados-hasta-los-25-854\/#breadcrumb"},"inLanguage":"ca","potentialAction":[{"@type":"ReadAction","target":["https:\/\/radiolitoral.com\/2023\/12\/calp-aumenta-el-numero-de-vecinos-censados-hasta-los-25-854\/"]}]},{"@type":"ImageObject","inLanguage":"ca","@id":"https:\/\/radiolitoral.com\/2023\/12\/calp-aumenta-el-numero-de-vecinos-censados-hasta-los-25-854\/#primaryimage","url":"https:\/\/media.radiolitoral.com\/wp-content\/uploads\/2023\/12\/15144946\/Fira-Calp-con-gente.jpg","contentUrl":"https:\/\/media.radiolitoral.com\/wp-content\/uploads\/2023\/12\/15144946\/Fira-Calp-con-gente.jpg","width":2048,"height":1365},{"@type":"BreadcrumbList","@id":"https:\/\/radiolitoral.com\/2023\/12\/calp-aumenta-el-numero-de-vecinos-censados-hasta-los-25-854\/#breadcrumb","itemListElement":[{"@type":"ListItem","position":1,"name":"Portada","item":"https:\/\/radiolitoral.com\/"},{"@type":"ListItem","position":2,"name":"Calp aumenta el n\u00famero de vecinos censados hasta los 25.854"}]},{"@type":"WebSite","@id":"https:\/\/radiolitoral.com\/#website","url":"https:\/\/radiolitoral.com\/","name":"R\u00e0dio Litoral","description":"La r\u00e0dio local de la Marina Alta","publisher":{"@id":"https:\/\/radiolitoral.com\/#organization"},"alternateName":"Litoral FM","potentialAction":[{"@type":"SearchAction","target":{"@type":"EntryPoint","urlTemplate":"https:\/\/radiolitoral.com\/?s={search_term_string}"},"query-input":{"@type":"PropertyValueSpecification","valueRequired":true,"valueName":"search_term_string"}}],"inLanguage":"ca"},{"@type":"Organization","@id":"https:\/\/radiolitoral.com\/#organization","name":"R\u00e0dio Litoral","url":"https:\/\/radiolitoral.com\/","logo":{"@type":"ImageObject","inLanguage":"ca","@id":"https:\/\/radiolitoral.com\/#\/schema\/logo\/image\/","url":"https:\/\/media.radiolitoral.com\/wp-content\/uploads\/2023\/02\/24143238\/CL-V-RadioLitoral696.png","contentUrl":"https:\/\/media.radiolitoral.com\/wp-content\/uploads\/2023\/02\/24143238\/CL-V-RadioLitoral696.png","width":696,"height":696,"caption":"Radio Litoral"},"image":{"@id":"https:\/\/radiolitoral.com\/#\/schema\/logo\/image\/"},"sameAs":["https:\/\/www.facebook.com\/Laradiolitoral\/"]},{"@type":"Person","@id":"https:\/\/radiolitoral.com\/#\/schema\/person\/aad4f72efa404f85b68e832d24cac059","name":"Mel Pescuezo","image":{"@type":"ImageObject","inLanguage":"ca","@id":"https:\/\/secure.gravatar.com\/avatar\/993975ae489c70cb0dd9bfa9413a082f0bd276582dac13661af7b33f161e7eea?s=96&d=mm&r=g","url":"https:\/\/secure.gravatar.com\/avatar\/993975ae489c70cb0dd9bfa9413a082f0bd276582dac13661af7b33f161e7eea?s=96&d=mm&r=g","contentUrl":"https:\/\/secure.gravatar.com\/avatar\/993975ae489c70cb0dd9bfa9413a082f0bd276582dac13661af7b33f161e7eea?s=96&d=mm&r=g","caption":"Mel Pescuezo"},"url":"https:\/\/radiolitoral.com\/ca\/author\/serviciospararadios\/"}]}},"_links":{"self":[{"href":"https:\/\/radiolitoral.com\/ca\/wp-json\/wp\/v2\/posts\/6054","targetHints":{"allow":["GET"]}}],"collection":[{"href":"https:\/\/radiolitoral.com\/ca\/wp-json\/wp\/v2\/posts"}],"about":[{"href":"https:\/\/radiolitoral.com\/ca\/wp-json\/wp\/v2\/types\/post"}],"author":[{"embeddable":true,"href":"https:\/\/radiolitoral.com\/ca\/wp-json\/wp\/v2\/users\/21"}],"replies":[{"embeddable":true,"href":"https:\/\/radiolitoral.com\/ca\/wp-json\/wp\/v2\/comments?post=6054"}],"version-history":[{"count":2,"href":"https:\/\/radiolitoral.com\/ca\/wp-json\/wp\/v2\/posts\/6054\/revisions"}],"predecessor-version":[{"id":6057,"href":"https:\/\/radiolitoral.com\/ca\/wp-json\/wp\/v2\/posts\/6054\/revisions\/6057"}],"wp:featuredmedia":[{"embeddable":true,"href":"https:\/\/radiolitoral.com\/ca\/wp-json\/wp\/v2\/media\/6055"}],"wp:attachment":[{"href":"https:\/\/radiolitoral.com\/ca\/wp-json\/wp\/v2\/media?parent=6054"}],"wp:term":[{"taxonomy":"category","embeddable":true,"href":"https:\/\/radiolitoral.com\/ca\/wp-json\/wp\/v2\/categories?post=6054"},{"taxonomy":"post_tag","embeddable":true,"href":"https:\/\/radiolitoral.com\/ca\/wp-json\/wp\/v2\/tags?post=6054"}],"curies":[{"name":"wp","href":"https:\/\/api.w.org\/{rel}","templated":true}]}}