{"id":6031,"date":"2023-12-14T14:30:44","date_gmt":"2023-12-14T13:30:44","guid":{"rendered":"https:\/\/radiolitoral.com\/?p=6031"},"modified":"2023-12-14T14:30:44","modified_gmt":"2023-12-14T13:30:44","slug":"benissa-amb-els-pressupostos-paralitzats-en-espera-dun-consens-sobre-libi","status":"publish","type":"post","link":"https:\/\/radiolitoral.com\/ca\/2023\/12\/benissa-con-los-presupuestos-paralizados-a-la-espera-de-un-consenso-sobre-el-ibi\/","title":{"rendered":"Benissa amb els pressupostos paralitzats en espera d&#039;un consens sobre l&#039;IBI"},"content":{"rendered":"<p>Aquest mat\u00ed ha tingut lloc a l&#039;Ajuntament de <strong>Benissa<\/strong> la segona reuni\u00f3 entre representants dels grups de la <strong>oposici\u00f3 (Reiniciem, PSOE, Comprom\u00eds i CIBE)<\/strong> i membres del <strong>executiu local (PP),<\/strong> per continuar amb les negociacions, encara obertes, a la recerca d&#039;un consens que <strong>eviteu la pujada d&#039;impostos<\/strong> prevista pel govern benisser.<\/p>\n<p>Aquesta situaci\u00f3 obliga a tenir en stand by els <strong>pressupostos municipals de 2024<\/strong>, com remarca <strong>l&#039;alcalde, Arturo Poquet<\/strong>, al mateix temps que lamentava que el govern local ha hagut de con\u00e8ixer les alternatives que planteja l&#039;oposici\u00f3 per publicacions en xarxes socials. De fet, el llistat de mesures plantejades per Reiniciem, PSOE, Comprom\u00eds i CIBE estava previst que es present\u00e9s per registre d&#039;entrada a l&#039;Ajuntament durant ahir, unes hores abans de la reuni\u00f3.<\/p>\n<p>El municipi mant\u00e9 que les decisions preses s\u00f3n les \u00faniques que poden resoldre la situaci\u00f3 econ\u00f2mica de les arques p\u00fabliques. Remarca que fins que s&#039;arribi a un acord, els pressupostos municipals del 2024 estan paralitzats. I que el <strong>objectiu<\/strong> \u00e9s aconseguir una <strong>comptes realistes i equilibrats<\/strong> per al proper exercici.<\/p>\n<audio class=\"wp-audio-shortcode\" id=\"audio-6031-1\" preload=\"none\" style=\"width: 100%;\" controls=\"controls\"><source type=\"audio\/mpeg\" src=\"https:\/\/media.radiolitoral.com\/wp-content\/uploads\/2023\/12\/14141915\/Arturo-Pto.mp3?_=1\" \/><a href=\"https:\/\/media.radiolitoral.com\/wp-content\/uploads\/2023\/12\/14141915\/Arturo-Pto.mp3\">https:\/\/media.radiolitoral.com\/wp-content\/uploads\/2023\/12\/14141915\/Arturo-Pto.mp3<\/a><\/audio>\n<p>Mentre que des dels grups de la <strong>oposici\u00f3<\/strong> critiquen que el govern no els ha facilitat la documentaci\u00f3 requerida per poder fer alternatives a la pujada de l&#039;IBI i denuncien la manca d&#039;inter\u00e8s del responsable d&#039;Hisenda. Encara m\u00e9s, consideren que l&#039;estrat\u00e8gia del PP \u00e9s deixar passar el temps, perqu\u00e8 l&#039;acord provisional es converteixi en definitiu.<\/p>\n<p>Aix\u00ed ho afirma <strong>Mari Carme Ronda, portaveu de Comprom\u00eds.<\/strong><\/p>\n<audio class=\"wp-audio-shortcode\" id=\"audio-6031-2\" preload=\"none\" style=\"width: 100%;\" controls=\"controls\"><source type=\"audio\/mpeg\" src=\"https:\/\/media.radiolitoral.com\/wp-content\/uploads\/2023\/12\/14142050\/M-Carme-Ronda.mp3?_=2\" \/><a href=\"https:\/\/media.radiolitoral.com\/wp-content\/uploads\/2023\/12\/14142050\/M-Carme-Ronda.mp3\">https:\/\/media.radiolitoral.com\/wp-content\/uploads\/2023\/12\/14142050\/M-Carme-Ronda.mp3<\/a><\/audio>\n<p>Des dels grups de l&#039;oposici\u00f3 avancen que <strong>presentaran al\u00b7legacions<\/strong> a l&#039;acord plenari que implica la <strong>pujada de l&#039;IBI en un 45% i de l&#039;impost de vehicles a m\u00e9s del 50%<\/strong>, i fan una crida a la ciutadania perqu\u00e8 se sumi al rebuig en l&#039;increment dels impostos signant l&#039;al\u00b7legaci\u00f3. La intenci\u00f3 de Reiniciem, PSOE, Comprom\u00eds i CIBE \u00e9s sortir aquest dissabte al carrer a informar la ciutadania i convidar-los a adherir-se a l&#039;al\u00b7legaci\u00f3 que han redactat, com ha explicat<strong> Juan Carlos Mut, regidor de Reiniciem<\/strong>.<\/p>\n<audio class=\"wp-audio-shortcode\" id=\"audio-6031-3\" preload=\"none\" style=\"width: 100%;\" controls=\"controls\"><source type=\"audio\/mpeg\" src=\"https:\/\/media.radiolitoral.com\/wp-content\/uploads\/2023\/12\/14142304\/Juan-Carlos-Mut-1.mp3?_=3\" \/><a href=\"https:\/\/media.radiolitoral.com\/wp-content\/uploads\/2023\/12\/14142304\/Juan-Carlos-Mut-1.mp3\">https:\/\/media.radiolitoral.com\/wp-content\/uploads\/2023\/12\/14142304\/Juan-Carlos-Mut-1.mp3<\/a><\/audio>","protected":false},"excerpt":{"rendered":"<p>Esta ma\u00f1ana ha tenido lugar en el Ayuntamiento de Benissa la segunda reuni\u00f3n entre representantes de los grupos de la oposici\u00f3n (Reiniciem, PSOE, Comprom\u00eds y CIBE) y miembros del ejecutivo local (PP), para continuar con las negociaciones, aun abiertas, en busca de un consenso que evite la subida de impuestos prevista por el gobierno benissero. [&#8230;]<\/p>\n<p><a class=\"btn btn-secondary understrap-read-more-link\" href=\"https:\/\/radiolitoral.com\/ca\/2023\/12\/benissa-con-los-presupuestos-paralizados-a-la-espera-de-un-consenso-sobre-el-ibi\/\">Continua llegint&#8230;<span class=\"screen-reader-text\"> from Benissa con los presupuestos paralizados a la espera de un consenso sobre el IBI<\/span><\/a><\/p>\n","protected":false},"author":13,"featured_media":5836,"comment_status":"open","ping_status":"closed","sticky":false,"template":"","format":"standard","meta":{"_acf_changed":false,"inline_featured_image":false,"footnotes":""},"categories":[851,13,861],"tags":[],"class_list":["post-6031","post","type-post","status-publish","format-standard","has-post-thumbnail","hentry","category-impuestos","category-politica","category-presupuestos","cobertura-benissa"],"acf":[],"yoast_head":"<!-- This site is optimized with the Yoast SEO plugin v27.5 - https:\/\/yoast.com\/product\/yoast-seo-wordpress\/ -->\n<title>Benissa con los presupuestos paralizados a la espera de un consenso sobre el IBI | R\u00e0dio Litoral<\/title>\n<meta name=\"description\" content=\"Los grupos de la oposici\u00f3n recoger\u00e1n firmas este s\u00e1bado para alegar contra el incremento del IBI y el IVTM\" \/>\n<meta name=\"robots\" content=\"index, follow, max-snippet:-1, max-image-preview:large, max-video-preview:-1\" \/>\n<link rel=\"canonical\" href=\"https:\/\/radiolitoral.com\/ca\/2023\/12\/benissa-amb-els-pressupostos-paralitzats-en-espera-dun-consens-sobre-libi\/\" \/>\n<meta property=\"og:locale\" content=\"ca_ES\" \/>\n<meta property=\"og:type\" content=\"article\" \/>\n<meta property=\"og:title\" content=\"Benissa con los presupuestos paralizados a la espera de un consenso sobre el IBI | R\u00e0dio Litoral\" \/>\n<meta property=\"og:description\" content=\"Los grupos de la oposici\u00f3n recoger\u00e1n firmas este s\u00e1bado para alegar contra el incremento del IBI y el IVTM\" \/>\n<meta property=\"og:url\" content=\"https:\/\/radiolitoral.com\/ca\/2023\/12\/benissa-amb-els-pressupostos-paralitzats-en-espera-dun-consens-sobre-libi\/\" \/>\n<meta property=\"og:site_name\" content=\"R\u00e0dio Litoral\" \/>\n<meta property=\"article:publisher\" content=\"https:\/\/www.facebook.com\/Laradiolitoral\/\" \/>\n<meta property=\"article:published_time\" content=\"2023-12-14T13:30:44+00:00\" \/>\n<meta property=\"og:image\" content=\"https:\/\/media.radiolitoral.com\/wp-content\/uploads\/2023\/11\/29151100\/Pleno-Benissa-Impuestos-1.jpeg\" \/>\n\t<meta property=\"og:image:width\" content=\"2000\" \/>\n\t<meta property=\"og:image:height\" content=\"1500\" \/>\n\t<meta property=\"og:image:type\" content=\"image\/jpeg\" \/>\n<meta name=\"author\" content=\"Redacci\u00f3n\" \/>\n<meta name=\"twitter:card\" content=\"summary_large_image\" \/>\n<meta name=\"twitter:label1\" content=\"Escrit per\" \/>\n\t<meta name=\"twitter:data1\" content=\"Redacci\u00f3n\" \/>\n\t<meta name=\"twitter:label2\" content=\"Temps estimat de lectura\" \/>\n\t<meta name=\"twitter:data2\" content=\"2 minuts\" \/>\n<script type=\"application\/ld+json\" class=\"yoast-schema-graph\">{\"@context\":\"https:\\\/\\\/schema.org\",\"@graph\":[{\"@type\":\"NewsArticle\",\"@id\":\"https:\\\/\\\/radiolitoral.com\\\/2023\\\/12\\\/benissa-con-los-presupuestos-paralizados-a-la-espera-de-un-consenso-sobre-el-ibi\\\/#article\",\"isPartOf\":{\"@id\":\"https:\\\/\\\/radiolitoral.com\\\/2023\\\/12\\\/benissa-con-los-presupuestos-paralizados-a-la-espera-de-un-consenso-sobre-el-ibi\\\/\"},\"author\":{\"name\":\"Redacci\u00f3n\",\"@id\":\"https:\\\/\\\/radiolitoral.com\\\/#\\\/schema\\\/person\\\/f2b2343c49b5d721857cc1002bfdb151\"},\"headline\":\"Benissa con los presupuestos paralizados a la espera de un consenso sobre el IBI\",\"datePublished\":\"2023-12-14T13:30:44+00:00\",\"mainEntityOfPage\":{\"@id\":\"https:\\\/\\\/radiolitoral.com\\\/2023\\\/12\\\/benissa-con-los-presupuestos-paralizados-a-la-espera-de-un-consenso-sobre-el-ibi\\\/\"},\"wordCount\":418,\"commentCount\":0,\"publisher\":{\"@id\":\"https:\\\/\\\/radiolitoral.com\\\/#organization\"},\"image\":{\"@id\":\"https:\\\/\\\/radiolitoral.com\\\/2023\\\/12\\\/benissa-con-los-presupuestos-paralizados-a-la-espera-de-un-consenso-sobre-el-ibi\\\/#primaryimage\"},\"thumbnailUrl\":\"https:\\\/\\\/media.radiolitoral.com\\\/wp-content\\\/uploads\\\/2023\\\/11\\\/29151100\\\/Pleno-Benissa-Impuestos-1.jpeg\",\"articleSection\":[\"impuestos\",\"Pol\u00edtica\",\"Presupuestos\"],\"inLanguage\":\"ca\",\"potentialAction\":[{\"@type\":\"CommentAction\",\"name\":\"Comment\",\"target\":[\"https:\\\/\\\/radiolitoral.com\\\/2023\\\/12\\\/benissa-con-los-presupuestos-paralizados-a-la-espera-de-un-consenso-sobre-el-ibi\\\/#respond\"]}]},{\"@type\":[\"WebPage\",\"ItemPage\"],\"@id\":\"https:\\\/\\\/radiolitoral.com\\\/2023\\\/12\\\/benissa-con-los-presupuestos-paralizados-a-la-espera-de-un-consenso-sobre-el-ibi\\\/\",\"url\":\"https:\\\/\\\/radiolitoral.com\\\/2023\\\/12\\\/benissa-con-los-presupuestos-paralizados-a-la-espera-de-un-consenso-sobre-el-ibi\\\/\",\"name\":\"Benissa con los presupuestos paralizados a la espera de un consenso sobre el IBI | R\u00e0dio Litoral\",\"isPartOf\":{\"@id\":\"https:\\\/\\\/radiolitoral.com\\\/#website\"},\"primaryImageOfPage\":{\"@id\":\"https:\\\/\\\/radiolitoral.com\\\/2023\\\/12\\\/benissa-con-los-presupuestos-paralizados-a-la-espera-de-un-consenso-sobre-el-ibi\\\/#primaryimage\"},\"image\":{\"@id\":\"https:\\\/\\\/radiolitoral.com\\\/2023\\\/12\\\/benissa-con-los-presupuestos-paralizados-a-la-espera-de-un-consenso-sobre-el-ibi\\\/#primaryimage\"},\"thumbnailUrl\":\"https:\\\/\\\/media.radiolitoral.com\\\/wp-content\\\/uploads\\\/2023\\\/11\\\/29151100\\\/Pleno-Benissa-Impuestos-1.jpeg\",\"datePublished\":\"2023-12-14T13:30:44+00:00\",\"description\":\"Los grupos de la oposici\u00f3n recoger\u00e1n firmas este s\u00e1bado para alegar contra el incremento del IBI y el IVTM\",\"breadcrumb\":{\"@id\":\"https:\\\/\\\/radiolitoral.com\\\/2023\\\/12\\\/benissa-con-los-presupuestos-paralizados-a-la-espera-de-un-consenso-sobre-el-ibi\\\/#breadcrumb\"},\"inLanguage\":\"ca\",\"potentialAction\":[{\"@type\":\"ReadAction\",\"target\":[\"https:\\\/\\\/radiolitoral.com\\\/2023\\\/12\\\/benissa-con-los-presupuestos-paralizados-a-la-espera-de-un-consenso-sobre-el-ibi\\\/\"]}]},{\"@type\":\"ImageObject\",\"inLanguage\":\"ca\",\"@id\":\"https:\\\/\\\/radiolitoral.com\\\/2023\\\/12\\\/benissa-con-los-presupuestos-paralizados-a-la-espera-de-un-consenso-sobre-el-ibi\\\/#primaryimage\",\"url\":\"https:\\\/\\\/media.radiolitoral.com\\\/wp-content\\\/uploads\\\/2023\\\/11\\\/29151100\\\/Pleno-Benissa-Impuestos-1.jpeg\",\"contentUrl\":\"https:\\\/\\\/media.radiolitoral.com\\\/wp-content\\\/uploads\\\/2023\\\/11\\\/29151100\\\/Pleno-Benissa-Impuestos-1.jpeg\",\"width\":2000,\"height\":1500},{\"@type\":\"BreadcrumbList\",\"@id\":\"https:\\\/\\\/radiolitoral.com\\\/2023\\\/12\\\/benissa-con-los-presupuestos-paralizados-a-la-espera-de-un-consenso-sobre-el-ibi\\\/#breadcrumb\",\"itemListElement\":[{\"@type\":\"ListItem\",\"position\":1,\"name\":\"Portada\",\"item\":\"https:\\\/\\\/radiolitoral.com\\\/\"},{\"@type\":\"ListItem\",\"position\":2,\"name\":\"Benissa con los presupuestos paralizados a la espera de un consenso sobre el IBI\"}]},{\"@type\":\"WebSite\",\"@id\":\"https:\\\/\\\/radiolitoral.com\\\/#website\",\"url\":\"https:\\\/\\\/radiolitoral.com\\\/\",\"name\":\"Radio Litoral\",\"description\":\"La radio local de la Marina Alta\",\"publisher\":{\"@id\":\"https:\\\/\\\/radiolitoral.com\\\/#organization\"},\"alternateName\":\"Litoral FM\",\"potentialAction\":[{\"@type\":\"SearchAction\",\"target\":{\"@type\":\"EntryPoint\",\"urlTemplate\":\"https:\\\/\\\/radiolitoral.com\\\/?s={search_term_string}\"},\"query-input\":{\"@type\":\"PropertyValueSpecification\",\"valueRequired\":true,\"valueName\":\"search_term_string\"}}],\"inLanguage\":\"ca\"},{\"@type\":\"Organization\",\"@id\":\"https:\\\/\\\/radiolitoral.com\\\/#organization\",\"name\":\"Radio Litoral\",\"url\":\"https:\\\/\\\/radiolitoral.com\\\/\",\"logo\":{\"@type\":\"ImageObject\",\"inLanguage\":\"ca\",\"@id\":\"https:\\\/\\\/radiolitoral.com\\\/#\\\/schema\\\/logo\\\/image\\\/\",\"url\":\"https:\\\/\\\/media.radiolitoral.com\\\/wp-content\\\/uploads\\\/2023\\\/02\\\/24143238\\\/CL-V-RadioLitoral696.png\",\"contentUrl\":\"https:\\\/\\\/media.radiolitoral.com\\\/wp-content\\\/uploads\\\/2023\\\/02\\\/24143238\\\/CL-V-RadioLitoral696.png\",\"width\":696,\"height\":696,\"caption\":\"Radio Litoral\"},\"image\":{\"@id\":\"https:\\\/\\\/radiolitoral.com\\\/#\\\/schema\\\/logo\\\/image\\\/\"},\"sameAs\":[\"https:\\\/\\\/www.facebook.com\\\/Laradiolitoral\\\/\"]},{\"@type\":\"Person\",\"@id\":\"https:\\\/\\\/radiolitoral.com\\\/#\\\/schema\\\/person\\\/f2b2343c49b5d721857cc1002bfdb151\",\"name\":\"Redacci\u00f3n\",\"image\":{\"@type\":\"ImageObject\",\"inLanguage\":\"ca\",\"@id\":\"https:\\\/\\\/secure.gravatar.com\\\/avatar\\\/f771d896c203ad8b3382d7905cfcce5a5c9b008b84b3cd9114e9b9f4cb63f789?s=96&d=mm&r=g\",\"url\":\"https:\\\/\\\/secure.gravatar.com\\\/avatar\\\/f771d896c203ad8b3382d7905cfcce5a5c9b008b84b3cd9114e9b9f4cb63f789?s=96&d=mm&r=g\",\"contentUrl\":\"https:\\\/\\\/secure.gravatar.com\\\/avatar\\\/f771d896c203ad8b3382d7905cfcce5a5c9b008b84b3cd9114e9b9f4cb63f789?s=96&d=mm&r=g\",\"caption\":\"Redacci\u00f3n\"},\"url\":\"https:\\\/\\\/radiolitoral.com\\\/ca\\\/author\\\/miriam-pagan\\\/\"}]}<\/script>\n<!-- \/ Yoast SEO plugin. -->","yoast_head_json":{"title":"Benissa amb els pressupostos paralitzats en espera d&#039;un consens sobre l&#039;IBI | R\u00e0dio Litoral","description":"Els grups de l&#039;oposici\u00f3 recolliran firmes aquest dissabte per al\u00b7legar contra l&#039;increment de l&#039;IBI i l&#039;IVTM","robots":{"index":"index","follow":"follow","max-snippet":"max-snippet:-1","max-image-preview":"max-image-preview:large","max-video-preview":"max-video-preview:-1"},"canonical":"https:\/\/radiolitoral.com\/ca\/2023\/12\/benissa-amb-els-pressupostos-paralitzats-en-espera-dun-consens-sobre-libi\/","og_locale":"ca_ES","og_type":"article","og_title":"Benissa con los presupuestos paralizados a la espera de un consenso sobre el IBI | R\u00e0dio Litoral","og_description":"Los grupos de la oposici\u00f3n recoger\u00e1n firmas este s\u00e1bado para alegar contra el incremento del IBI y el IVTM","og_url":"https:\/\/radiolitoral.com\/ca\/2023\/12\/benissa-amb-els-pressupostos-paralitzats-en-espera-dun-consens-sobre-libi\/","og_site_name":"R\u00e0dio Litoral","article_publisher":"https:\/\/www.facebook.com\/Laradiolitoral\/","article_published_time":"2023-12-14T13:30:44+00:00","og_image":[{"width":2000,"height":1500,"url":"https:\/\/media.radiolitoral.com\/wp-content\/uploads\/2023\/11\/29151100\/Pleno-Benissa-Impuestos-1.jpeg","type":"image\/jpeg"}],"author":"Redacci\u00f3n","twitter_card":"summary_large_image","twitter_misc":{"Escrit per":"Redacci\u00f3n","Temps estimat de lectura":"2 minuts"},"schema":{"@context":"https:\/\/schema.org","@graph":[{"@type":"NewsArticle","@id":"https:\/\/radiolitoral.com\/2023\/12\/benissa-con-los-presupuestos-paralizados-a-la-espera-de-un-consenso-sobre-el-ibi\/#article","isPartOf":{"@id":"https:\/\/radiolitoral.com\/2023\/12\/benissa-con-los-presupuestos-paralizados-a-la-espera-de-un-consenso-sobre-el-ibi\/"},"author":{"name":"Redacci\u00f3n","@id":"https:\/\/radiolitoral.com\/#\/schema\/person\/f2b2343c49b5d721857cc1002bfdb151"},"headline":"Benissa con los presupuestos paralizados a la espera de un consenso sobre el IBI","datePublished":"2023-12-14T13:30:44+00:00","mainEntityOfPage":{"@id":"https:\/\/radiolitoral.com\/2023\/12\/benissa-con-los-presupuestos-paralizados-a-la-espera-de-un-consenso-sobre-el-ibi\/"},"wordCount":418,"commentCount":0,"publisher":{"@id":"https:\/\/radiolitoral.com\/#organization"},"image":{"@id":"https:\/\/radiolitoral.com\/2023\/12\/benissa-con-los-presupuestos-paralizados-a-la-espera-de-un-consenso-sobre-el-ibi\/#primaryimage"},"thumbnailUrl":"https:\/\/media.radiolitoral.com\/wp-content\/uploads\/2023\/11\/29151100\/Pleno-Benissa-Impuestos-1.jpeg","articleSection":["impuestos","Pol\u00edtica","Presupuestos"],"inLanguage":"ca","potentialAction":[{"@type":"CommentAction","name":"Comment","target":["https:\/\/radiolitoral.com\/2023\/12\/benissa-con-los-presupuestos-paralizados-a-la-espera-de-un-consenso-sobre-el-ibi\/#respond"]}]},{"@type":["WebPage","ItemPage"],"@id":"https:\/\/radiolitoral.com\/2023\/12\/benissa-con-los-presupuestos-paralizados-a-la-espera-de-un-consenso-sobre-el-ibi\/","url":"https:\/\/radiolitoral.com\/2023\/12\/benissa-con-los-presupuestos-paralizados-a-la-espera-de-un-consenso-sobre-el-ibi\/","name":"Benissa amb els pressupostos paralitzats en espera d&#039;un consens sobre l&#039;IBI | R\u00e0dio Litoral","isPartOf":{"@id":"https:\/\/radiolitoral.com\/#website"},"primaryImageOfPage":{"@id":"https:\/\/radiolitoral.com\/2023\/12\/benissa-con-los-presupuestos-paralizados-a-la-espera-de-un-consenso-sobre-el-ibi\/#primaryimage"},"image":{"@id":"https:\/\/radiolitoral.com\/2023\/12\/benissa-con-los-presupuestos-paralizados-a-la-espera-de-un-consenso-sobre-el-ibi\/#primaryimage"},"thumbnailUrl":"https:\/\/media.radiolitoral.com\/wp-content\/uploads\/2023\/11\/29151100\/Pleno-Benissa-Impuestos-1.jpeg","datePublished":"2023-12-14T13:30:44+00:00","description":"Els grups de l&#039;oposici\u00f3 recolliran firmes aquest dissabte per al\u00b7legar contra l&#039;increment de l&#039;IBI i l&#039;IVTM","breadcrumb":{"@id":"https:\/\/radiolitoral.com\/2023\/12\/benissa-con-los-presupuestos-paralizados-a-la-espera-de-un-consenso-sobre-el-ibi\/#breadcrumb"},"inLanguage":"ca","potentialAction":[{"@type":"ReadAction","target":["https:\/\/radiolitoral.com\/2023\/12\/benissa-con-los-presupuestos-paralizados-a-la-espera-de-un-consenso-sobre-el-ibi\/"]}]},{"@type":"ImageObject","inLanguage":"ca","@id":"https:\/\/radiolitoral.com\/2023\/12\/benissa-con-los-presupuestos-paralizados-a-la-espera-de-un-consenso-sobre-el-ibi\/#primaryimage","url":"https:\/\/media.radiolitoral.com\/wp-content\/uploads\/2023\/11\/29151100\/Pleno-Benissa-Impuestos-1.jpeg","contentUrl":"https:\/\/media.radiolitoral.com\/wp-content\/uploads\/2023\/11\/29151100\/Pleno-Benissa-Impuestos-1.jpeg","width":2000,"height":1500},{"@type":"BreadcrumbList","@id":"https:\/\/radiolitoral.com\/2023\/12\/benissa-con-los-presupuestos-paralizados-a-la-espera-de-un-consenso-sobre-el-ibi\/#breadcrumb","itemListElement":[{"@type":"ListItem","position":1,"name":"Portada","item":"https:\/\/radiolitoral.com\/"},{"@type":"ListItem","position":2,"name":"Benissa con los presupuestos paralizados a la espera de un consenso sobre el IBI"}]},{"@type":"WebSite","@id":"https:\/\/radiolitoral.com\/#website","url":"https:\/\/radiolitoral.com\/","name":"R\u00e0dio Litoral","description":"La r\u00e0dio local de la Marina Alta","publisher":{"@id":"https:\/\/radiolitoral.com\/#organization"},"alternateName":"Litoral FM","potentialAction":[{"@type":"SearchAction","target":{"@type":"EntryPoint","urlTemplate":"https:\/\/radiolitoral.com\/?s={search_term_string}"},"query-input":{"@type":"PropertyValueSpecification","valueRequired":true,"valueName":"search_term_string"}}],"inLanguage":"ca"},{"@type":"Organization","@id":"https:\/\/radiolitoral.com\/#organization","name":"R\u00e0dio Litoral","url":"https:\/\/radiolitoral.com\/","logo":{"@type":"ImageObject","inLanguage":"ca","@id":"https:\/\/radiolitoral.com\/#\/schema\/logo\/image\/","url":"https:\/\/media.radiolitoral.com\/wp-content\/uploads\/2023\/02\/24143238\/CL-V-RadioLitoral696.png","contentUrl":"https:\/\/media.radiolitoral.com\/wp-content\/uploads\/2023\/02\/24143238\/CL-V-RadioLitoral696.png","width":696,"height":696,"caption":"Radio Litoral"},"image":{"@id":"https:\/\/radiolitoral.com\/#\/schema\/logo\/image\/"},"sameAs":["https:\/\/www.facebook.com\/Laradiolitoral\/"]},{"@type":"Person","@id":"https:\/\/radiolitoral.com\/#\/schema\/person\/f2b2343c49b5d721857cc1002bfdb151","name":"Redacci\u00f3","image":{"@type":"ImageObject","inLanguage":"ca","@id":"https:\/\/secure.gravatar.com\/avatar\/f771d896c203ad8b3382d7905cfcce5a5c9b008b84b3cd9114e9b9f4cb63f789?s=96&d=mm&r=g","url":"https:\/\/secure.gravatar.com\/avatar\/f771d896c203ad8b3382d7905cfcce5a5c9b008b84b3cd9114e9b9f4cb63f789?s=96&d=mm&r=g","contentUrl":"https:\/\/secure.gravatar.com\/avatar\/f771d896c203ad8b3382d7905cfcce5a5c9b008b84b3cd9114e9b9f4cb63f789?s=96&d=mm&r=g","caption":"Redacci\u00f3n"},"url":"https:\/\/radiolitoral.com\/ca\/author\/miriam-pagan\/"}]}},"_links":{"self":[{"href":"https:\/\/radiolitoral.com\/ca\/wp-json\/wp\/v2\/posts\/6031","targetHints":{"allow":["GET"]}}],"collection":[{"href":"https:\/\/radiolitoral.com\/ca\/wp-json\/wp\/v2\/posts"}],"about":[{"href":"https:\/\/radiolitoral.com\/ca\/wp-json\/wp\/v2\/types\/post"}],"author":[{"embeddable":true,"href":"https:\/\/radiolitoral.com\/ca\/wp-json\/wp\/v2\/users\/13"}],"replies":[{"embeddable":true,"href":"https:\/\/radiolitoral.com\/ca\/wp-json\/wp\/v2\/comments?post=6031"}],"version-history":[{"count":2,"href":"https:\/\/radiolitoral.com\/ca\/wp-json\/wp\/v2\/posts\/6031\/revisions"}],"predecessor-version":[{"id":6036,"href":"https:\/\/radiolitoral.com\/ca\/wp-json\/wp\/v2\/posts\/6031\/revisions\/6036"}],"wp:featuredmedia":[{"embeddable":true,"href":"https:\/\/radiolitoral.com\/ca\/wp-json\/wp\/v2\/media\/5836"}],"wp:attachment":[{"href":"https:\/\/radiolitoral.com\/ca\/wp-json\/wp\/v2\/media?parent=6031"}],"wp:term":[{"taxonomy":"category","embeddable":true,"href":"https:\/\/radiolitoral.com\/ca\/wp-json\/wp\/v2\/categories?post=6031"},{"taxonomy":"post_tag","embeddable":true,"href":"https:\/\/radiolitoral.com\/ca\/wp-json\/wp\/v2\/tags?post=6031"}],"curies":[{"name":"wp","href":"https:\/\/api.w.org\/{rel}","templated":true}]}}