{"id":6013,"date":"2023-12-13T21:37:45","date_gmt":"2023-12-13T20:37:45","guid":{"rendered":"https:\/\/radiolitoral.com\/?p=6013"},"modified":"2023-12-13T21:37:45","modified_gmt":"2023-12-13T20:37:45","slug":"el-projecte-del-2n-ies-de-calp-llest-per-licitar","status":"publish","type":"post","link":"https:\/\/radiolitoral.com\/ca\/2023\/12\/el-proyecto-del-2o-ies-de-calp-listo-para-licitar\/","title":{"rendered":"El projecte del 2n IES de Calp llest per licitar"},"content":{"rendered":"<p><strong>Calp<\/strong> ha donat llum verda al ple celebrat aquesta setmana al <strong>Projecte B\u00e0sic i d&#039;Execuci\u00f3 del nou Institut d&#039;Educaci\u00f3 Secund\u00e0ria<\/strong> per un import de 12 milions 313 mil euros. Un punt de lordre del dia que va tirar endavant per unanimitat de tots els grups pol\u00edtics de la corporaci\u00f3 municipal.<\/p>\n<p>El projecte, redactat pels arquitectes Miguel San Juan i Pablo Pe\u00f1\u00edn, planteja una construcci\u00f3 en forma de L al voltant d&#039;una pla\u00e7a p\u00fablica. Una construcci\u00f3 que sorganitza amb escalonaments respectant lentorn i creant un impacte visual agradable.<\/p>\n<p>La proposta arquitect\u00f2nica estableix tres espais: el destinat a les aules de FP, el de les aules de secund\u00e0ria i batxillerat i l&#039;\u00e0rea d&#039;administraci\u00f3 i sales multi\u00fas (cafeteria, biblioteca, etc), de manera que es podr\u00e0 accedir de manera independent a cada un daquests espais.<strong>\u00a0<\/strong><\/p>\n<p>El futur centre comptar\u00e0 amb gimn\u00e0s, zona esportiva i zona d&#039;horts urbans. Tamb\u00e9 disposar\u00e0 de cafeteria i aula polivalent. Un espai dissenyat lliure de barreres arquitect\u00f2niques.<\/p>\n<p>L&#039;esborrany d&#039;aquest projecte ja va ser presentat fa uns quants mesos a la comunitat educativa i es va establir un per\u00edode per fer aportacions. Un cop aprovat el projecte al ple, des de l&#039;Ajuntament es pret\u00e9n agilitzar tots els terminis perqu\u00e8 el segon institut sigui una realitat com m\u00e9s aviat millor. El gra\u00f3 seg\u00fcent, despr\u00e9s de rebre el vistiplau de Conselleria, \u00e9s licitar les obres.<\/p>\n<p>La <strong>regidora d&#039;Educaci\u00f3 Mariola Mulet<\/strong>, va remarcar en el transcurs de la sessi\u00f3, que aquest \u00e9s un pas m\u00e9s en un llarg proc\u00e9s.<\/p>\n<audio class=\"wp-audio-shortcode\" id=\"audio-6013-1\" preload=\"none\" style=\"width: 100%;\" controls=\"controls\"><source type=\"audio\/mpeg\" src=\"https:\/\/media.radiolitoral.com\/wp-content\/uploads\/2023\/12\/13213014\/Mariola-Mulet.mp3?_=1\" \/><a href=\"https:\/\/media.radiolitoral.com\/wp-content\/uploads\/2023\/12\/13213014\/Mariola-Mulet.mp3\">https:\/\/media.radiolitoral.com\/wp-content\/uploads\/2023\/12\/13213014\/Mariola-Mulet.mp3<\/a><\/audio>\n<p>Des de l&#039;executiu local, la <strong>alcaldessa, Ana Sala<\/strong> va lamentar tots els retards que ha patit aquest projecte tan necessari per a la localitat i va sol\u00b7licitar agilitzar els tr\u00e0mits perqu\u00e8 es pugui licitar ben aviat.<\/p>\n<audio class=\"wp-audio-shortcode\" id=\"audio-6013-2\" preload=\"none\" style=\"width: 100%;\" controls=\"controls\"><source type=\"audio\/mpeg\" src=\"https:\/\/media.radiolitoral.com\/wp-content\/uploads\/2023\/12\/13213137\/Ana-Sala-IES.mp3?_=2\" \/><a href=\"https:\/\/media.radiolitoral.com\/wp-content\/uploads\/2023\/12\/13213137\/Ana-Sala-IES.mp3\">https:\/\/media.radiolitoral.com\/wp-content\/uploads\/2023\/12\/13213137\/Ana-Sala-IES.mp3<\/a><\/audio>\n<p>Aquesta \u00e9s una actuaci\u00f3 <strong>inclosa al Pla Edificant de la Generalitat Valenciana<\/strong> amb qu\u00e8 donar resposta a una demanda hist\u00f2rica de la localitat i aconseguir descongestionar l&#039;\u00fanic institut que hi ha a Calp, l&#039;IES Ifach, constru\u00eft per a uns 500 alumnes i en qu\u00e8 cursen els estudis m\u00e9s de 1.000.<\/p>\n<p>&nbsp;<\/p>","protected":false},"excerpt":{"rendered":"<p>Calp ha dado luz verde en el pleno celebrado esta semana al Proyecto B\u00e1sico y de Ejecuci\u00f3n del nuevo Instituto de Educaci\u00f3n Secundaria por un importe de 12 millones 313 mil euros. Un punto del orden del d\u00eda que sali\u00f3 adelante por unanimidad de todos los grupos pol\u00edticos de la corporaci\u00f3n municipal. El proyecto, redactado [&#8230;]<\/p>\n<p><a class=\"btn btn-secondary understrap-read-more-link\" href=\"https:\/\/radiolitoral.com\/ca\/2023\/12\/el-proyecto-del-2o-ies-de-calp-listo-para-licitar\/\">Continua llegint&#8230;<span class=\"screen-reader-text\"> from El proyecto del 2\u00ba IES de Calp listo para licitar<\/span><\/a><\/p>\n","protected":false},"author":13,"featured_media":6016,"comment_status":"open","ping_status":"closed","sticky":false,"template":"","format":"standard","meta":{"_acf_changed":false,"inline_featured_image":false,"footnotes":""},"categories":[130,848,13],"tags":[],"class_list":["post-6013","post","type-post","status-publish","format-standard","has-post-thumbnail","hentry","category-educacion","category-infraestructuras","category-politica","cobertura-calp"],"acf":[],"yoast_head":"<!-- This site is optimized with the Yoast SEO plugin v27.5 - https:\/\/yoast.com\/product\/yoast-seo-wordpress\/ -->\n<title>El proyecto del 2\u00ba IES de Calp listo para licitar | R\u00e0dio Litoral<\/title>\n<meta name=\"description\" content=\"El pleno de Calp aprueba por unanimidad el Proyecto B\u00e1sico y de Ejecuci\u00f3n del nuevo instituto del municipio\" \/>\n<meta name=\"robots\" content=\"index, follow, max-snippet:-1, max-image-preview:large, max-video-preview:-1\" \/>\n<link rel=\"canonical\" href=\"https:\/\/radiolitoral.com\/ca\/2023\/12\/el-projecte-del-2n-ies-de-calp-llest-per-licitar\/\" \/>\n<meta property=\"og:locale\" content=\"ca_ES\" \/>\n<meta property=\"og:type\" content=\"article\" \/>\n<meta property=\"og:title\" content=\"El proyecto del 2\u00ba IES de Calp listo para licitar | R\u00e0dio Litoral\" \/>\n<meta property=\"og:description\" content=\"El pleno de Calp aprueba por unanimidad el Proyecto B\u00e1sico y de Ejecuci\u00f3n del nuevo instituto del municipio\" \/>\n<meta property=\"og:url\" content=\"https:\/\/radiolitoral.com\/ca\/2023\/12\/el-projecte-del-2n-ies-de-calp-llest-per-licitar\/\" \/>\n<meta property=\"og:site_name\" content=\"R\u00e0dio Litoral\" \/>\n<meta property=\"article:publisher\" content=\"https:\/\/www.facebook.com\/Laradiolitoral\/\" \/>\n<meta property=\"article:published_time\" content=\"2023-12-13T20:37:45+00:00\" \/>\n<meta property=\"og:image\" content=\"https:\/\/media.radiolitoral.com\/wp-content\/uploads\/2023\/12\/13213721\/Calp-pleno-Diciembre.jpg\" \/>\n\t<meta property=\"og:image:width\" content=\"1600\" \/>\n\t<meta property=\"og:image:height\" content=\"900\" \/>\n\t<meta property=\"og:image:type\" content=\"image\/jpeg\" \/>\n<meta name=\"author\" content=\"Redacci\u00f3n\" \/>\n<meta name=\"twitter:card\" content=\"summary_large_image\" \/>\n<meta name=\"twitter:label1\" content=\"Escrit per\" \/>\n\t<meta name=\"twitter:data1\" content=\"Redacci\u00f3n\" \/>\n\t<meta name=\"twitter:label2\" content=\"Temps estimat de lectura\" \/>\n\t<meta name=\"twitter:data2\" content=\"2 minuts\" \/>\n<script type=\"application\/ld+json\" class=\"yoast-schema-graph\">{\"@context\":\"https:\\\/\\\/schema.org\",\"@graph\":[{\"@type\":\"NewsArticle\",\"@id\":\"https:\\\/\\\/radiolitoral.com\\\/2023\\\/12\\\/el-proyecto-del-2o-ies-de-calp-listo-para-licitar\\\/#article\",\"isPartOf\":{\"@id\":\"https:\\\/\\\/radiolitoral.com\\\/2023\\\/12\\\/el-proyecto-del-2o-ies-de-calp-listo-para-licitar\\\/\"},\"author\":{\"name\":\"Redacci\u00f3n\",\"@id\":\"https:\\\/\\\/radiolitoral.com\\\/#\\\/schema\\\/person\\\/f2b2343c49b5d721857cc1002bfdb151\"},\"headline\":\"El proyecto del 2\u00ba IES de Calp listo para licitar\",\"datePublished\":\"2023-12-13T20:37:45+00:00\",\"mainEntityOfPage\":{\"@id\":\"https:\\\/\\\/radiolitoral.com\\\/2023\\\/12\\\/el-proyecto-del-2o-ies-de-calp-listo-para-licitar\\\/\"},\"wordCount\":391,\"commentCount\":0,\"publisher\":{\"@id\":\"https:\\\/\\\/radiolitoral.com\\\/#organization\"},\"image\":{\"@id\":\"https:\\\/\\\/radiolitoral.com\\\/2023\\\/12\\\/el-proyecto-del-2o-ies-de-calp-listo-para-licitar\\\/#primaryimage\"},\"thumbnailUrl\":\"https:\\\/\\\/media.radiolitoral.com\\\/wp-content\\\/uploads\\\/2023\\\/12\\\/13213721\\\/Calp-pleno-Diciembre.jpg\",\"articleSection\":[\"Educaci\u00f3n\",\"Infraestructuras\",\"Pol\u00edtica\"],\"inLanguage\":\"ca\",\"potentialAction\":[{\"@type\":\"CommentAction\",\"name\":\"Comment\",\"target\":[\"https:\\\/\\\/radiolitoral.com\\\/2023\\\/12\\\/el-proyecto-del-2o-ies-de-calp-listo-para-licitar\\\/#respond\"]}]},{\"@type\":[\"WebPage\",\"ItemPage\"],\"@id\":\"https:\\\/\\\/radiolitoral.com\\\/2023\\\/12\\\/el-proyecto-del-2o-ies-de-calp-listo-para-licitar\\\/\",\"url\":\"https:\\\/\\\/radiolitoral.com\\\/2023\\\/12\\\/el-proyecto-del-2o-ies-de-calp-listo-para-licitar\\\/\",\"name\":\"El proyecto del 2\u00ba IES de Calp listo para licitar | R\u00e0dio Litoral\",\"isPartOf\":{\"@id\":\"https:\\\/\\\/radiolitoral.com\\\/#website\"},\"primaryImageOfPage\":{\"@id\":\"https:\\\/\\\/radiolitoral.com\\\/2023\\\/12\\\/el-proyecto-del-2o-ies-de-calp-listo-para-licitar\\\/#primaryimage\"},\"image\":{\"@id\":\"https:\\\/\\\/radiolitoral.com\\\/2023\\\/12\\\/el-proyecto-del-2o-ies-de-calp-listo-para-licitar\\\/#primaryimage\"},\"thumbnailUrl\":\"https:\\\/\\\/media.radiolitoral.com\\\/wp-content\\\/uploads\\\/2023\\\/12\\\/13213721\\\/Calp-pleno-Diciembre.jpg\",\"datePublished\":\"2023-12-13T20:37:45+00:00\",\"description\":\"El pleno de Calp aprueba por unanimidad el Proyecto B\u00e1sico y de Ejecuci\u00f3n del nuevo instituto del municipio\",\"breadcrumb\":{\"@id\":\"https:\\\/\\\/radiolitoral.com\\\/2023\\\/12\\\/el-proyecto-del-2o-ies-de-calp-listo-para-licitar\\\/#breadcrumb\"},\"inLanguage\":\"ca\",\"potentialAction\":[{\"@type\":\"ReadAction\",\"target\":[\"https:\\\/\\\/radiolitoral.com\\\/2023\\\/12\\\/el-proyecto-del-2o-ies-de-calp-listo-para-licitar\\\/\"]}]},{\"@type\":\"ImageObject\",\"inLanguage\":\"ca\",\"@id\":\"https:\\\/\\\/radiolitoral.com\\\/2023\\\/12\\\/el-proyecto-del-2o-ies-de-calp-listo-para-licitar\\\/#primaryimage\",\"url\":\"https:\\\/\\\/media.radiolitoral.com\\\/wp-content\\\/uploads\\\/2023\\\/12\\\/13213721\\\/Calp-pleno-Diciembre.jpg\",\"contentUrl\":\"https:\\\/\\\/media.radiolitoral.com\\\/wp-content\\\/uploads\\\/2023\\\/12\\\/13213721\\\/Calp-pleno-Diciembre.jpg\",\"width\":1600,\"height\":900},{\"@type\":\"BreadcrumbList\",\"@id\":\"https:\\\/\\\/radiolitoral.com\\\/2023\\\/12\\\/el-proyecto-del-2o-ies-de-calp-listo-para-licitar\\\/#breadcrumb\",\"itemListElement\":[{\"@type\":\"ListItem\",\"position\":1,\"name\":\"Portada\",\"item\":\"https:\\\/\\\/radiolitoral.com\\\/\"},{\"@type\":\"ListItem\",\"position\":2,\"name\":\"El proyecto del 2\u00ba IES de Calp listo para licitar\"}]},{\"@type\":\"WebSite\",\"@id\":\"https:\\\/\\\/radiolitoral.com\\\/#website\",\"url\":\"https:\\\/\\\/radiolitoral.com\\\/\",\"name\":\"Radio Litoral\",\"description\":\"La radio local de la Marina Alta\",\"publisher\":{\"@id\":\"https:\\\/\\\/radiolitoral.com\\\/#organization\"},\"alternateName\":\"Litoral FM\",\"potentialAction\":[{\"@type\":\"SearchAction\",\"target\":{\"@type\":\"EntryPoint\",\"urlTemplate\":\"https:\\\/\\\/radiolitoral.com\\\/?s={search_term_string}\"},\"query-input\":{\"@type\":\"PropertyValueSpecification\",\"valueRequired\":true,\"valueName\":\"search_term_string\"}}],\"inLanguage\":\"ca\"},{\"@type\":\"Organization\",\"@id\":\"https:\\\/\\\/radiolitoral.com\\\/#organization\",\"name\":\"Radio Litoral\",\"url\":\"https:\\\/\\\/radiolitoral.com\\\/\",\"logo\":{\"@type\":\"ImageObject\",\"inLanguage\":\"ca\",\"@id\":\"https:\\\/\\\/radiolitoral.com\\\/#\\\/schema\\\/logo\\\/image\\\/\",\"url\":\"https:\\\/\\\/media.radiolitoral.com\\\/wp-content\\\/uploads\\\/2023\\\/02\\\/24143238\\\/CL-V-RadioLitoral696.png\",\"contentUrl\":\"https:\\\/\\\/media.radiolitoral.com\\\/wp-content\\\/uploads\\\/2023\\\/02\\\/24143238\\\/CL-V-RadioLitoral696.png\",\"width\":696,\"height\":696,\"caption\":\"Radio Litoral\"},\"image\":{\"@id\":\"https:\\\/\\\/radiolitoral.com\\\/#\\\/schema\\\/logo\\\/image\\\/\"},\"sameAs\":[\"https:\\\/\\\/www.facebook.com\\\/Laradiolitoral\\\/\"]},{\"@type\":\"Person\",\"@id\":\"https:\\\/\\\/radiolitoral.com\\\/#\\\/schema\\\/person\\\/f2b2343c49b5d721857cc1002bfdb151\",\"name\":\"Redacci\u00f3n\",\"image\":{\"@type\":\"ImageObject\",\"inLanguage\":\"ca\",\"@id\":\"https:\\\/\\\/secure.gravatar.com\\\/avatar\\\/f771d896c203ad8b3382d7905cfcce5a5c9b008b84b3cd9114e9b9f4cb63f789?s=96&d=mm&r=g\",\"url\":\"https:\\\/\\\/secure.gravatar.com\\\/avatar\\\/f771d896c203ad8b3382d7905cfcce5a5c9b008b84b3cd9114e9b9f4cb63f789?s=96&d=mm&r=g\",\"contentUrl\":\"https:\\\/\\\/secure.gravatar.com\\\/avatar\\\/f771d896c203ad8b3382d7905cfcce5a5c9b008b84b3cd9114e9b9f4cb63f789?s=96&d=mm&r=g\",\"caption\":\"Redacci\u00f3n\"},\"url\":\"https:\\\/\\\/radiolitoral.com\\\/ca\\\/author\\\/miriam-pagan\\\/\"}]}<\/script>\n<!-- \/ Yoast SEO plugin. -->","yoast_head_json":{"title":"El projecte del 2n IES de Calp llest per licitar | R\u00e0dio Litoral","description":"El ple de Calp aprova per unanimitat el projecte b\u00e0sic i d&#039;execuci\u00f3 del nou institut del municipi","robots":{"index":"index","follow":"follow","max-snippet":"max-snippet:-1","max-image-preview":"max-image-preview:large","max-video-preview":"max-video-preview:-1"},"canonical":"https:\/\/radiolitoral.com\/ca\/2023\/12\/el-projecte-del-2n-ies-de-calp-llest-per-licitar\/","og_locale":"ca_ES","og_type":"article","og_title":"El proyecto del 2\u00ba IES de Calp listo para licitar | R\u00e0dio Litoral","og_description":"El pleno de Calp aprueba por unanimidad el Proyecto B\u00e1sico y de Ejecuci\u00f3n del nuevo instituto del municipio","og_url":"https:\/\/radiolitoral.com\/ca\/2023\/12\/el-projecte-del-2n-ies-de-calp-llest-per-licitar\/","og_site_name":"R\u00e0dio Litoral","article_publisher":"https:\/\/www.facebook.com\/Laradiolitoral\/","article_published_time":"2023-12-13T20:37:45+00:00","og_image":[{"width":1600,"height":900,"url":"https:\/\/media.radiolitoral.com\/wp-content\/uploads\/2023\/12\/13213721\/Calp-pleno-Diciembre.jpg","type":"image\/jpeg"}],"author":"Redacci\u00f3n","twitter_card":"summary_large_image","twitter_misc":{"Escrit per":"Redacci\u00f3n","Temps estimat de lectura":"2 minuts"},"schema":{"@context":"https:\/\/schema.org","@graph":[{"@type":"NewsArticle","@id":"https:\/\/radiolitoral.com\/2023\/12\/el-proyecto-del-2o-ies-de-calp-listo-para-licitar\/#article","isPartOf":{"@id":"https:\/\/radiolitoral.com\/2023\/12\/el-proyecto-del-2o-ies-de-calp-listo-para-licitar\/"},"author":{"name":"Redacci\u00f3n","@id":"https:\/\/radiolitoral.com\/#\/schema\/person\/f2b2343c49b5d721857cc1002bfdb151"},"headline":"El proyecto del 2\u00ba IES de Calp listo para licitar","datePublished":"2023-12-13T20:37:45+00:00","mainEntityOfPage":{"@id":"https:\/\/radiolitoral.com\/2023\/12\/el-proyecto-del-2o-ies-de-calp-listo-para-licitar\/"},"wordCount":391,"commentCount":0,"publisher":{"@id":"https:\/\/radiolitoral.com\/#organization"},"image":{"@id":"https:\/\/radiolitoral.com\/2023\/12\/el-proyecto-del-2o-ies-de-calp-listo-para-licitar\/#primaryimage"},"thumbnailUrl":"https:\/\/media.radiolitoral.com\/wp-content\/uploads\/2023\/12\/13213721\/Calp-pleno-Diciembre.jpg","articleSection":["Educaci\u00f3n","Infraestructuras","Pol\u00edtica"],"inLanguage":"ca","potentialAction":[{"@type":"CommentAction","name":"Comment","target":["https:\/\/radiolitoral.com\/2023\/12\/el-proyecto-del-2o-ies-de-calp-listo-para-licitar\/#respond"]}]},{"@type":["WebPage","ItemPage"],"@id":"https:\/\/radiolitoral.com\/2023\/12\/el-proyecto-del-2o-ies-de-calp-listo-para-licitar\/","url":"https:\/\/radiolitoral.com\/2023\/12\/el-proyecto-del-2o-ies-de-calp-listo-para-licitar\/","name":"El projecte del 2n IES de Calp llest per licitar | R\u00e0dio Litoral","isPartOf":{"@id":"https:\/\/radiolitoral.com\/#website"},"primaryImageOfPage":{"@id":"https:\/\/radiolitoral.com\/2023\/12\/el-proyecto-del-2o-ies-de-calp-listo-para-licitar\/#primaryimage"},"image":{"@id":"https:\/\/radiolitoral.com\/2023\/12\/el-proyecto-del-2o-ies-de-calp-listo-para-licitar\/#primaryimage"},"thumbnailUrl":"https:\/\/media.radiolitoral.com\/wp-content\/uploads\/2023\/12\/13213721\/Calp-pleno-Diciembre.jpg","datePublished":"2023-12-13T20:37:45+00:00","description":"El ple de Calp aprova per unanimitat el projecte b\u00e0sic i d&#039;execuci\u00f3 del nou institut del municipi","breadcrumb":{"@id":"https:\/\/radiolitoral.com\/2023\/12\/el-proyecto-del-2o-ies-de-calp-listo-para-licitar\/#breadcrumb"},"inLanguage":"ca","potentialAction":[{"@type":"ReadAction","target":["https:\/\/radiolitoral.com\/2023\/12\/el-proyecto-del-2o-ies-de-calp-listo-para-licitar\/"]}]},{"@type":"ImageObject","inLanguage":"ca","@id":"https:\/\/radiolitoral.com\/2023\/12\/el-proyecto-del-2o-ies-de-calp-listo-para-licitar\/#primaryimage","url":"https:\/\/media.radiolitoral.com\/wp-content\/uploads\/2023\/12\/13213721\/Calp-pleno-Diciembre.jpg","contentUrl":"https:\/\/media.radiolitoral.com\/wp-content\/uploads\/2023\/12\/13213721\/Calp-pleno-Diciembre.jpg","width":1600,"height":900},{"@type":"BreadcrumbList","@id":"https:\/\/radiolitoral.com\/2023\/12\/el-proyecto-del-2o-ies-de-calp-listo-para-licitar\/#breadcrumb","itemListElement":[{"@type":"ListItem","position":1,"name":"Portada","item":"https:\/\/radiolitoral.com\/"},{"@type":"ListItem","position":2,"name":"El proyecto del 2\u00ba IES de Calp listo para licitar"}]},{"@type":"WebSite","@id":"https:\/\/radiolitoral.com\/#website","url":"https:\/\/radiolitoral.com\/","name":"R\u00e0dio Litoral","description":"La r\u00e0dio local de la Marina Alta","publisher":{"@id":"https:\/\/radiolitoral.com\/#organization"},"alternateName":"Litoral FM","potentialAction":[{"@type":"SearchAction","target":{"@type":"EntryPoint","urlTemplate":"https:\/\/radiolitoral.com\/?s={search_term_string}"},"query-input":{"@type":"PropertyValueSpecification","valueRequired":true,"valueName":"search_term_string"}}],"inLanguage":"ca"},{"@type":"Organization","@id":"https:\/\/radiolitoral.com\/#organization","name":"R\u00e0dio Litoral","url":"https:\/\/radiolitoral.com\/","logo":{"@type":"ImageObject","inLanguage":"ca","@id":"https:\/\/radiolitoral.com\/#\/schema\/logo\/image\/","url":"https:\/\/media.radiolitoral.com\/wp-content\/uploads\/2023\/02\/24143238\/CL-V-RadioLitoral696.png","contentUrl":"https:\/\/media.radiolitoral.com\/wp-content\/uploads\/2023\/02\/24143238\/CL-V-RadioLitoral696.png","width":696,"height":696,"caption":"Radio Litoral"},"image":{"@id":"https:\/\/radiolitoral.com\/#\/schema\/logo\/image\/"},"sameAs":["https:\/\/www.facebook.com\/Laradiolitoral\/"]},{"@type":"Person","@id":"https:\/\/radiolitoral.com\/#\/schema\/person\/f2b2343c49b5d721857cc1002bfdb151","name":"Redacci\u00f3","image":{"@type":"ImageObject","inLanguage":"ca","@id":"https:\/\/secure.gravatar.com\/avatar\/f771d896c203ad8b3382d7905cfcce5a5c9b008b84b3cd9114e9b9f4cb63f789?s=96&d=mm&r=g","url":"https:\/\/secure.gravatar.com\/avatar\/f771d896c203ad8b3382d7905cfcce5a5c9b008b84b3cd9114e9b9f4cb63f789?s=96&d=mm&r=g","contentUrl":"https:\/\/secure.gravatar.com\/avatar\/f771d896c203ad8b3382d7905cfcce5a5c9b008b84b3cd9114e9b9f4cb63f789?s=96&d=mm&r=g","caption":"Redacci\u00f3n"},"url":"https:\/\/radiolitoral.com\/ca\/author\/miriam-pagan\/"}]}},"_links":{"self":[{"href":"https:\/\/radiolitoral.com\/ca\/wp-json\/wp\/v2\/posts\/6013","targetHints":{"allow":["GET"]}}],"collection":[{"href":"https:\/\/radiolitoral.com\/ca\/wp-json\/wp\/v2\/posts"}],"about":[{"href":"https:\/\/radiolitoral.com\/ca\/wp-json\/wp\/v2\/types\/post"}],"author":[{"embeddable":true,"href":"https:\/\/radiolitoral.com\/ca\/wp-json\/wp\/v2\/users\/13"}],"replies":[{"embeddable":true,"href":"https:\/\/radiolitoral.com\/ca\/wp-json\/wp\/v2\/comments?post=6013"}],"version-history":[{"count":2,"href":"https:\/\/radiolitoral.com\/ca\/wp-json\/wp\/v2\/posts\/6013\/revisions"}],"predecessor-version":[{"id":6018,"href":"https:\/\/radiolitoral.com\/ca\/wp-json\/wp\/v2\/posts\/6013\/revisions\/6018"}],"wp:featuredmedia":[{"embeddable":true,"href":"https:\/\/radiolitoral.com\/ca\/wp-json\/wp\/v2\/media\/6016"}],"wp:attachment":[{"href":"https:\/\/radiolitoral.com\/ca\/wp-json\/wp\/v2\/media?parent=6013"}],"wp:term":[{"taxonomy":"category","embeddable":true,"href":"https:\/\/radiolitoral.com\/ca\/wp-json\/wp\/v2\/categories?post=6013"},{"taxonomy":"post_tag","embeddable":true,"href":"https:\/\/radiolitoral.com\/ca\/wp-json\/wp\/v2\/tags?post=6013"}],"curies":[{"name":"wp","href":"https:\/\/api.w.org\/{rel}","templated":true}]}}