{"id":5815,"date":"2023-11-28T20:42:31","date_gmt":"2023-11-28T19:42:31","guid":{"rendered":"https:\/\/radiolitoral.com\/?p=5815"},"modified":"2023-11-28T20:42:31","modified_gmt":"2023-11-28T19:42:31","slug":"calp-eleva-a-ple-els-comptes-per-al-2024-amb-un-muntant-de-gairebe-47-milions-deuros","status":"publish","type":"post","link":"https:\/\/radiolitoral.com\/ca\/2023\/11\/calp-eleva-a-pleno-sus-cuentas-para-2024-con-un-montante-de-casi-47-millones-de-euros\/","title":{"rendered":"Calp eleva a ple els comptes per al 2024 amb un muntant de gaireb\u00e9 47 milions d&#039;euros"},"content":{"rendered":"<p><strong>Calp<\/strong> ha presentat p\u00fablicament els seus <strong>pressupostos municipals per al 2024.<\/strong> Document econ\u00f2mic que suma un muntant de 46&#039;9 milions d&#039;euros, fet que implica un increment de l&#039;1&#039;13% respecte a l&#039;actual pressupost municipal, el del 2023, com han explicat aquest mat\u00ed l&#039;alcaldessa, Ana Sala, i el regidor de Contractaci\u00f3, Ximo Perles, en una trobada amb els mitjans de comunicaci\u00f3.<\/p>\n<p>Des de l&#039;executiu local han donat a con\u00e8ixer els detalls dels comptes, un dia abans que el document en q\u00fcesti\u00f3 sigui elevat per a la seva aprovaci\u00f3 inicial al debat plenari. Cita que tindr\u00e0 lloc dem\u00e0 dimecres, 29 de novembre, a partir de les 9 del mat\u00ed.<\/p>\n<p>Aquest \u00e9s el primer pressupost de la present legislatura i, per tant, el primer pressupost a consensuar entre les tres formacions pol\u00edtiques que conformen l&#039;executiu local, -Somos Calpe, PSPV-PSOE i Comprom\u00eds-.<\/p>\n<p>La <strong>alcaldessa Ana Sala<\/strong>, de <strong>Som Calp<\/strong>, ha assenyalat que es tracta d&#039;unes <strong>comptes assenyats i responsables<\/strong>. Mentre que el <strong>valencianista Ximo Perles,<\/strong> ha posat \u00e8mfasi en el <strong>consens<\/strong>, afirmant que aquests poden no ser els comptes de cada programa electoral, per\u00f2 s\u00ed el resultat de la negociaci\u00f3. El portaveu de l&#039;executiu ha remarcat que els pressupostos del 2024 no inclouen grans projectes, per\u00f2 que s\u00ed que estan pensats <strong>per ajudar els calpins<\/strong> al seu dia a dia.<\/p>\n<audio class=\"wp-audio-shortcode\" id=\"audio-5815-1\" preload=\"none\" style=\"width: 100%;\" controls=\"controls\"><source type=\"audio\/mpeg\" src=\"https:\/\/media.radiolitoral.com\/wp-content\/uploads\/2023\/11\/28202317\/Ana-y-Ximo-PTOS.mp3?_=1\" \/><a href=\"https:\/\/media.radiolitoral.com\/wp-content\/uploads\/2023\/11\/28202317\/Ana-y-Ximo-PTOS.mp3\">https:\/\/media.radiolitoral.com\/wp-content\/uploads\/2023\/11\/28202317\/Ana-y-Ximo-PTOS.mp3<\/a><\/audio>\n<p>&nbsp;<\/p>\n<p><strong>Inversions<\/strong><\/p>\n<p>Entre les partides que s&#039;inclouen a la proposta pressupost\u00e0ria cal destacar la destinada al projecte \u201c<strong>Calp, viu i digne\u201d<\/strong>, pensant en els m\u00e9s vulnerables. Des de l&#039;executiu tamb\u00e9 han destacat la quantitat destinada al <strong>manteniment dels centres educatius<\/strong>, al mateix temps que han recordat que Calp disposar\u00e0 de 5&#039;4 milions d&#039;euros del Pla Edificant per a la construcci\u00f3 del <strong>2n IES<\/strong>. A l&#039;apartat d&#039;inversions tamb\u00e9 s&#039;inclou la redacci\u00f3 del projecte i direcci\u00f3 d&#039;obra per rehabilitar el <strong>Retingues de la Policia Local,<\/strong> o la destinada a la creaci\u00f3 d&#039;en una <strong>nova seu per a Protecci\u00f3 Civil i al futur Museu Fester<\/strong>. Tamb\u00e9 planteja invertir en la millora de la <strong>accessibilitat<\/strong> al municipi, a la instal\u00b7laci\u00f3 de <strong>c\u00e0meres<\/strong> de vigil\u00e0ncia amb IA i en la celebraci\u00f3 del <strong>centenari de la Confraria de Pescadors<\/strong>.<\/p>\n<audio class=\"wp-audio-shortcode\" id=\"audio-5815-2\" preload=\"none\" style=\"width: 100%;\" controls=\"controls\"><source type=\"audio\/mpeg\" src=\"https:\/\/media.radiolitoral.com\/wp-content\/uploads\/2023\/11\/28203407\/Ximo-Perles-Ptos.mp3?_=2\" \/><a href=\"https:\/\/media.radiolitoral.com\/wp-content\/uploads\/2023\/11\/28203407\/Ximo-Perles-Ptos.mp3\">https:\/\/media.radiolitoral.com\/wp-content\/uploads\/2023\/11\/28203407\/Ximo-Perles-Ptos.mp3<\/a><\/audio>","protected":false},"excerpt":{"rendered":"<p>Calp ha presentado p\u00fablicamente sus presupuestos municipales para 2024. Documento econ\u00f3mico que suma un montante de 46&#8217;9 millones de euros, lo que implica un incremento del 1\u201913% respecto al actual presupuesto municipal, el de 2023, como han explicado esta ma\u00f1ana la alcaldesa, Ana Sala, y el concejal de Contrataci\u00f3n, Ximo Perles, en un encuentro con [&#8230;]<\/p>\n<p><a class=\"btn btn-secondary understrap-read-more-link\" href=\"https:\/\/radiolitoral.com\/ca\/2023\/11\/calp-eleva-a-pleno-sus-cuentas-para-2024-con-un-montante-de-casi-47-millones-de-euros\/\">Continua llegint&#8230;<span class=\"screen-reader-text\"> from Calp eleva a pleno sus cuentas para 2024 con un montante de casi 47 millones de euros<\/span><\/a><\/p>\n","protected":false},"author":13,"featured_media":5819,"comment_status":"open","ping_status":"closed","sticky":false,"template":"","format":"standard","meta":{"_acf_changed":false,"inline_featured_image":false,"footnotes":""},"categories":[13,861],"tags":[862],"class_list":["post-5815","post","type-post","status-publish","format-standard","has-post-thumbnail","hentry","category-politica","category-presupuestos","tag-presupuestos","cobertura-calp"],"acf":[],"yoast_head":"<!-- This site is optimized with the Yoast SEO plugin v27.5 - https:\/\/yoast.com\/product\/yoast-seo-wordpress\/ -->\n<title>Calp eleva a pleno sus cuentas para 2024 con un montante de casi 47 millones de euros | R\u00e0dio Litoral<\/title>\n<meta name=\"description\" content=\"El presupuesto de Calp 2024, por un montante pr\u00f3ximo a los 47 millones de euros, se eleva el 29 de noviembre a aprobaci\u00f3n\" \/>\n<meta name=\"robots\" content=\"index, follow, max-snippet:-1, max-image-preview:large, max-video-preview:-1\" \/>\n<link rel=\"canonical\" href=\"https:\/\/radiolitoral.com\/ca\/2023\/11\/calp-eleva-a-ple-els-comptes-per-al-2024-amb-un-muntant-de-gairebe-47-milions-deuros\/\" \/>\n<meta property=\"og:locale\" content=\"ca_ES\" \/>\n<meta property=\"og:type\" content=\"article\" \/>\n<meta property=\"og:title\" content=\"Calp eleva a pleno sus cuentas para 2024 con un montante de casi 47 millones de euros | R\u00e0dio Litoral\" \/>\n<meta property=\"og:description\" content=\"El presupuesto de Calp 2024, por un montante pr\u00f3ximo a los 47 millones de euros, se eleva el 29 de noviembre a aprobaci\u00f3n\" \/>\n<meta property=\"og:url\" content=\"https:\/\/radiolitoral.com\/ca\/2023\/11\/calp-eleva-a-ple-els-comptes-per-al-2024-amb-un-muntant-de-gairebe-47-milions-deuros\/\" \/>\n<meta property=\"og:site_name\" content=\"R\u00e0dio Litoral\" \/>\n<meta property=\"article:publisher\" content=\"https:\/\/www.facebook.com\/Laradiolitoral\/\" \/>\n<meta property=\"article:published_time\" content=\"2023-11-28T19:42:31+00:00\" \/>\n<meta property=\"og:image\" content=\"https:\/\/media.radiolitoral.com\/wp-content\/uploads\/2023\/11\/28204023\/Equipo-de-gobierno-tripartito-Calp-scaled-e1701200514506.jpg\" \/>\n\t<meta property=\"og:image:width\" content=\"2474\" \/>\n\t<meta property=\"og:image:height\" content=\"1510\" \/>\n\t<meta property=\"og:image:type\" content=\"image\/jpeg\" \/>\n<meta name=\"author\" content=\"Redacci\u00f3n\" \/>\n<meta name=\"twitter:card\" content=\"summary_large_image\" \/>\n<meta name=\"twitter:label1\" content=\"Escrit per\" \/>\n\t<meta name=\"twitter:data1\" content=\"Redacci\u00f3n\" \/>\n\t<meta name=\"twitter:label2\" content=\"Temps estimat de lectura\" \/>\n\t<meta name=\"twitter:data2\" content=\"2 minuts\" \/>\n<script type=\"application\/ld+json\" class=\"yoast-schema-graph\">{\"@context\":\"https:\\\/\\\/schema.org\",\"@graph\":[{\"@type\":\"NewsArticle\",\"@id\":\"https:\\\/\\\/radiolitoral.com\\\/2023\\\/11\\\/calp-eleva-a-pleno-sus-cuentas-para-2024-con-un-montante-de-casi-47-millones-de-euros\\\/#article\",\"isPartOf\":{\"@id\":\"https:\\\/\\\/radiolitoral.com\\\/2023\\\/11\\\/calp-eleva-a-pleno-sus-cuentas-para-2024-con-un-montante-de-casi-47-millones-de-euros\\\/\"},\"author\":{\"name\":\"Redacci\u00f3n\",\"@id\":\"https:\\\/\\\/radiolitoral.com\\\/#\\\/schema\\\/person\\\/f2b2343c49b5d721857cc1002bfdb151\"},\"headline\":\"Calp eleva a pleno sus cuentas para 2024 con un montante de casi 47 millones de euros\",\"datePublished\":\"2023-11-28T19:42:31+00:00\",\"mainEntityOfPage\":{\"@id\":\"https:\\\/\\\/radiolitoral.com\\\/2023\\\/11\\\/calp-eleva-a-pleno-sus-cuentas-para-2024-con-un-montante-de-casi-47-millones-de-euros\\\/\"},\"wordCount\":416,\"commentCount\":0,\"publisher\":{\"@id\":\"https:\\\/\\\/radiolitoral.com\\\/#organization\"},\"image\":{\"@id\":\"https:\\\/\\\/radiolitoral.com\\\/2023\\\/11\\\/calp-eleva-a-pleno-sus-cuentas-para-2024-con-un-montante-de-casi-47-millones-de-euros\\\/#primaryimage\"},\"thumbnailUrl\":\"https:\\\/\\\/media.radiolitoral.com\\\/wp-content\\\/uploads\\\/2023\\\/11\\\/28204023\\\/Equipo-de-gobierno-tripartito-Calp-scaled-e1701200514506.jpg\",\"keywords\":[\"Presupuestos\"],\"articleSection\":[\"Pol\u00edtica\",\"Presupuestos\"],\"inLanguage\":\"ca\",\"potentialAction\":[{\"@type\":\"CommentAction\",\"name\":\"Comment\",\"target\":[\"https:\\\/\\\/radiolitoral.com\\\/2023\\\/11\\\/calp-eleva-a-pleno-sus-cuentas-para-2024-con-un-montante-de-casi-47-millones-de-euros\\\/#respond\"]}]},{\"@type\":[\"WebPage\",\"ItemPage\"],\"@id\":\"https:\\\/\\\/radiolitoral.com\\\/2023\\\/11\\\/calp-eleva-a-pleno-sus-cuentas-para-2024-con-un-montante-de-casi-47-millones-de-euros\\\/\",\"url\":\"https:\\\/\\\/radiolitoral.com\\\/2023\\\/11\\\/calp-eleva-a-pleno-sus-cuentas-para-2024-con-un-montante-de-casi-47-millones-de-euros\\\/\",\"name\":\"Calp eleva a pleno sus cuentas para 2024 con un montante de casi 47 millones de euros | R\u00e0dio Litoral\",\"isPartOf\":{\"@id\":\"https:\\\/\\\/radiolitoral.com\\\/#website\"},\"primaryImageOfPage\":{\"@id\":\"https:\\\/\\\/radiolitoral.com\\\/2023\\\/11\\\/calp-eleva-a-pleno-sus-cuentas-para-2024-con-un-montante-de-casi-47-millones-de-euros\\\/#primaryimage\"},\"image\":{\"@id\":\"https:\\\/\\\/radiolitoral.com\\\/2023\\\/11\\\/calp-eleva-a-pleno-sus-cuentas-para-2024-con-un-montante-de-casi-47-millones-de-euros\\\/#primaryimage\"},\"thumbnailUrl\":\"https:\\\/\\\/media.radiolitoral.com\\\/wp-content\\\/uploads\\\/2023\\\/11\\\/28204023\\\/Equipo-de-gobierno-tripartito-Calp-scaled-e1701200514506.jpg\",\"datePublished\":\"2023-11-28T19:42:31+00:00\",\"description\":\"El presupuesto de Calp 2024, por un montante pr\u00f3ximo a los 47 millones de euros, se eleva el 29 de noviembre a aprobaci\u00f3n\",\"breadcrumb\":{\"@id\":\"https:\\\/\\\/radiolitoral.com\\\/2023\\\/11\\\/calp-eleva-a-pleno-sus-cuentas-para-2024-con-un-montante-de-casi-47-millones-de-euros\\\/#breadcrumb\"},\"inLanguage\":\"ca\",\"potentialAction\":[{\"@type\":\"ReadAction\",\"target\":[\"https:\\\/\\\/radiolitoral.com\\\/2023\\\/11\\\/calp-eleva-a-pleno-sus-cuentas-para-2024-con-un-montante-de-casi-47-millones-de-euros\\\/\"]}]},{\"@type\":\"ImageObject\",\"inLanguage\":\"ca\",\"@id\":\"https:\\\/\\\/radiolitoral.com\\\/2023\\\/11\\\/calp-eleva-a-pleno-sus-cuentas-para-2024-con-un-montante-de-casi-47-millones-de-euros\\\/#primaryimage\",\"url\":\"https:\\\/\\\/media.radiolitoral.com\\\/wp-content\\\/uploads\\\/2023\\\/11\\\/28204023\\\/Equipo-de-gobierno-tripartito-Calp-scaled-e1701200514506.jpg\",\"contentUrl\":\"https:\\\/\\\/media.radiolitoral.com\\\/wp-content\\\/uploads\\\/2023\\\/11\\\/28204023\\\/Equipo-de-gobierno-tripartito-Calp-scaled-e1701200514506.jpg\",\"width\":2474,\"height\":1510},{\"@type\":\"BreadcrumbList\",\"@id\":\"https:\\\/\\\/radiolitoral.com\\\/2023\\\/11\\\/calp-eleva-a-pleno-sus-cuentas-para-2024-con-un-montante-de-casi-47-millones-de-euros\\\/#breadcrumb\",\"itemListElement\":[{\"@type\":\"ListItem\",\"position\":1,\"name\":\"Portada\",\"item\":\"https:\\\/\\\/radiolitoral.com\\\/\"},{\"@type\":\"ListItem\",\"position\":2,\"name\":\"Calp eleva a pleno sus cuentas para 2024 con un montante de casi 47 millones de euros\"}]},{\"@type\":\"WebSite\",\"@id\":\"https:\\\/\\\/radiolitoral.com\\\/#website\",\"url\":\"https:\\\/\\\/radiolitoral.com\\\/\",\"name\":\"Radio Litoral\",\"description\":\"La radio local de la Marina Alta\",\"publisher\":{\"@id\":\"https:\\\/\\\/radiolitoral.com\\\/#organization\"},\"alternateName\":\"Litoral FM\",\"potentialAction\":[{\"@type\":\"SearchAction\",\"target\":{\"@type\":\"EntryPoint\",\"urlTemplate\":\"https:\\\/\\\/radiolitoral.com\\\/?s={search_term_string}\"},\"query-input\":{\"@type\":\"PropertyValueSpecification\",\"valueRequired\":true,\"valueName\":\"search_term_string\"}}],\"inLanguage\":\"ca\"},{\"@type\":\"Organization\",\"@id\":\"https:\\\/\\\/radiolitoral.com\\\/#organization\",\"name\":\"Radio Litoral\",\"url\":\"https:\\\/\\\/radiolitoral.com\\\/\",\"logo\":{\"@type\":\"ImageObject\",\"inLanguage\":\"ca\",\"@id\":\"https:\\\/\\\/radiolitoral.com\\\/#\\\/schema\\\/logo\\\/image\\\/\",\"url\":\"https:\\\/\\\/media.radiolitoral.com\\\/wp-content\\\/uploads\\\/2023\\\/02\\\/24143238\\\/CL-V-RadioLitoral696.png\",\"contentUrl\":\"https:\\\/\\\/media.radiolitoral.com\\\/wp-content\\\/uploads\\\/2023\\\/02\\\/24143238\\\/CL-V-RadioLitoral696.png\",\"width\":696,\"height\":696,\"caption\":\"Radio Litoral\"},\"image\":{\"@id\":\"https:\\\/\\\/radiolitoral.com\\\/#\\\/schema\\\/logo\\\/image\\\/\"},\"sameAs\":[\"https:\\\/\\\/www.facebook.com\\\/Laradiolitoral\\\/\"]},{\"@type\":\"Person\",\"@id\":\"https:\\\/\\\/radiolitoral.com\\\/#\\\/schema\\\/person\\\/f2b2343c49b5d721857cc1002bfdb151\",\"name\":\"Redacci\u00f3n\",\"image\":{\"@type\":\"ImageObject\",\"inLanguage\":\"ca\",\"@id\":\"https:\\\/\\\/secure.gravatar.com\\\/avatar\\\/f771d896c203ad8b3382d7905cfcce5a5c9b008b84b3cd9114e9b9f4cb63f789?s=96&d=mm&r=g\",\"url\":\"https:\\\/\\\/secure.gravatar.com\\\/avatar\\\/f771d896c203ad8b3382d7905cfcce5a5c9b008b84b3cd9114e9b9f4cb63f789?s=96&d=mm&r=g\",\"contentUrl\":\"https:\\\/\\\/secure.gravatar.com\\\/avatar\\\/f771d896c203ad8b3382d7905cfcce5a5c9b008b84b3cd9114e9b9f4cb63f789?s=96&d=mm&r=g\",\"caption\":\"Redacci\u00f3n\"},\"url\":\"https:\\\/\\\/radiolitoral.com\\\/ca\\\/author\\\/miriam-pagan\\\/\"}]}<\/script>\n<!-- \/ Yoast SEO plugin. -->","yoast_head_json":{"title":"Calp eleva a ple els comptes per al 2024 amb un muntant de gaireb\u00e9 47 milions d&#039;euros | R\u00e0dio Litoral","description":"El pressupost de Calp 2024, per un muntant proper als 47 milions d&#039;euros, puja el 29 de novembre a aprovaci\u00f3","robots":{"index":"index","follow":"follow","max-snippet":"max-snippet:-1","max-image-preview":"max-image-preview:large","max-video-preview":"max-video-preview:-1"},"canonical":"https:\/\/radiolitoral.com\/ca\/2023\/11\/calp-eleva-a-ple-els-comptes-per-al-2024-amb-un-muntant-de-gairebe-47-milions-deuros\/","og_locale":"ca_ES","og_type":"article","og_title":"Calp eleva a pleno sus cuentas para 2024 con un montante de casi 47 millones de euros | R\u00e0dio Litoral","og_description":"El presupuesto de Calp 2024, por un montante pr\u00f3ximo a los 47 millones de euros, se eleva el 29 de noviembre a aprobaci\u00f3n","og_url":"https:\/\/radiolitoral.com\/ca\/2023\/11\/calp-eleva-a-ple-els-comptes-per-al-2024-amb-un-muntant-de-gairebe-47-milions-deuros\/","og_site_name":"R\u00e0dio Litoral","article_publisher":"https:\/\/www.facebook.com\/Laradiolitoral\/","article_published_time":"2023-11-28T19:42:31+00:00","og_image":[{"width":2474,"height":1510,"url":"https:\/\/media.radiolitoral.com\/wp-content\/uploads\/2023\/11\/28204023\/Equipo-de-gobierno-tripartito-Calp-scaled-e1701200514506.jpg","type":"image\/jpeg"}],"author":"Redacci\u00f3n","twitter_card":"summary_large_image","twitter_misc":{"Escrit per":"Redacci\u00f3n","Temps estimat de lectura":"2 minuts"},"schema":{"@context":"https:\/\/schema.org","@graph":[{"@type":"NewsArticle","@id":"https:\/\/radiolitoral.com\/2023\/11\/calp-eleva-a-pleno-sus-cuentas-para-2024-con-un-montante-de-casi-47-millones-de-euros\/#article","isPartOf":{"@id":"https:\/\/radiolitoral.com\/2023\/11\/calp-eleva-a-pleno-sus-cuentas-para-2024-con-un-montante-de-casi-47-millones-de-euros\/"},"author":{"name":"Redacci\u00f3n","@id":"https:\/\/radiolitoral.com\/#\/schema\/person\/f2b2343c49b5d721857cc1002bfdb151"},"headline":"Calp eleva a pleno sus cuentas para 2024 con un montante de casi 47 millones de euros","datePublished":"2023-11-28T19:42:31+00:00","mainEntityOfPage":{"@id":"https:\/\/radiolitoral.com\/2023\/11\/calp-eleva-a-pleno-sus-cuentas-para-2024-con-un-montante-de-casi-47-millones-de-euros\/"},"wordCount":416,"commentCount":0,"publisher":{"@id":"https:\/\/radiolitoral.com\/#organization"},"image":{"@id":"https:\/\/radiolitoral.com\/2023\/11\/calp-eleva-a-pleno-sus-cuentas-para-2024-con-un-montante-de-casi-47-millones-de-euros\/#primaryimage"},"thumbnailUrl":"https:\/\/media.radiolitoral.com\/wp-content\/uploads\/2023\/11\/28204023\/Equipo-de-gobierno-tripartito-Calp-scaled-e1701200514506.jpg","keywords":["Presupuestos"],"articleSection":["Pol\u00edtica","Presupuestos"],"inLanguage":"ca","potentialAction":[{"@type":"CommentAction","name":"Comment","target":["https:\/\/radiolitoral.com\/2023\/11\/calp-eleva-a-pleno-sus-cuentas-para-2024-con-un-montante-de-casi-47-millones-de-euros\/#respond"]}]},{"@type":["WebPage","ItemPage"],"@id":"https:\/\/radiolitoral.com\/2023\/11\/calp-eleva-a-pleno-sus-cuentas-para-2024-con-un-montante-de-casi-47-millones-de-euros\/","url":"https:\/\/radiolitoral.com\/2023\/11\/calp-eleva-a-pleno-sus-cuentas-para-2024-con-un-montante-de-casi-47-millones-de-euros\/","name":"Calp eleva a ple els comptes per al 2024 amb un muntant de gaireb\u00e9 47 milions d&#039;euros | R\u00e0dio Litoral","isPartOf":{"@id":"https:\/\/radiolitoral.com\/#website"},"primaryImageOfPage":{"@id":"https:\/\/radiolitoral.com\/2023\/11\/calp-eleva-a-pleno-sus-cuentas-para-2024-con-un-montante-de-casi-47-millones-de-euros\/#primaryimage"},"image":{"@id":"https:\/\/radiolitoral.com\/2023\/11\/calp-eleva-a-pleno-sus-cuentas-para-2024-con-un-montante-de-casi-47-millones-de-euros\/#primaryimage"},"thumbnailUrl":"https:\/\/media.radiolitoral.com\/wp-content\/uploads\/2023\/11\/28204023\/Equipo-de-gobierno-tripartito-Calp-scaled-e1701200514506.jpg","datePublished":"2023-11-28T19:42:31+00:00","description":"El pressupost de Calp 2024, per un muntant proper als 47 milions d&#039;euros, puja el 29 de novembre a aprovaci\u00f3","breadcrumb":{"@id":"https:\/\/radiolitoral.com\/2023\/11\/calp-eleva-a-pleno-sus-cuentas-para-2024-con-un-montante-de-casi-47-millones-de-euros\/#breadcrumb"},"inLanguage":"ca","potentialAction":[{"@type":"ReadAction","target":["https:\/\/radiolitoral.com\/2023\/11\/calp-eleva-a-pleno-sus-cuentas-para-2024-con-un-montante-de-casi-47-millones-de-euros\/"]}]},{"@type":"ImageObject","inLanguage":"ca","@id":"https:\/\/radiolitoral.com\/2023\/11\/calp-eleva-a-pleno-sus-cuentas-para-2024-con-un-montante-de-casi-47-millones-de-euros\/#primaryimage","url":"https:\/\/media.radiolitoral.com\/wp-content\/uploads\/2023\/11\/28204023\/Equipo-de-gobierno-tripartito-Calp-scaled-e1701200514506.jpg","contentUrl":"https:\/\/media.radiolitoral.com\/wp-content\/uploads\/2023\/11\/28204023\/Equipo-de-gobierno-tripartito-Calp-scaled-e1701200514506.jpg","width":2474,"height":1510},{"@type":"BreadcrumbList","@id":"https:\/\/radiolitoral.com\/2023\/11\/calp-eleva-a-pleno-sus-cuentas-para-2024-con-un-montante-de-casi-47-millones-de-euros\/#breadcrumb","itemListElement":[{"@type":"ListItem","position":1,"name":"Portada","item":"https:\/\/radiolitoral.com\/"},{"@type":"ListItem","position":2,"name":"Calp eleva a pleno sus cuentas para 2024 con un montante de casi 47 millones de euros"}]},{"@type":"WebSite","@id":"https:\/\/radiolitoral.com\/#website","url":"https:\/\/radiolitoral.com\/","name":"R\u00e0dio Litoral","description":"La r\u00e0dio local de la Marina Alta","publisher":{"@id":"https:\/\/radiolitoral.com\/#organization"},"alternateName":"Litoral FM","potentialAction":[{"@type":"SearchAction","target":{"@type":"EntryPoint","urlTemplate":"https:\/\/radiolitoral.com\/?s={search_term_string}"},"query-input":{"@type":"PropertyValueSpecification","valueRequired":true,"valueName":"search_term_string"}}],"inLanguage":"ca"},{"@type":"Organization","@id":"https:\/\/radiolitoral.com\/#organization","name":"R\u00e0dio Litoral","url":"https:\/\/radiolitoral.com\/","logo":{"@type":"ImageObject","inLanguage":"ca","@id":"https:\/\/radiolitoral.com\/#\/schema\/logo\/image\/","url":"https:\/\/media.radiolitoral.com\/wp-content\/uploads\/2023\/02\/24143238\/CL-V-RadioLitoral696.png","contentUrl":"https:\/\/media.radiolitoral.com\/wp-content\/uploads\/2023\/02\/24143238\/CL-V-RadioLitoral696.png","width":696,"height":696,"caption":"Radio Litoral"},"image":{"@id":"https:\/\/radiolitoral.com\/#\/schema\/logo\/image\/"},"sameAs":["https:\/\/www.facebook.com\/Laradiolitoral\/"]},{"@type":"Person","@id":"https:\/\/radiolitoral.com\/#\/schema\/person\/f2b2343c49b5d721857cc1002bfdb151","name":"Redacci\u00f3","image":{"@type":"ImageObject","inLanguage":"ca","@id":"https:\/\/secure.gravatar.com\/avatar\/f771d896c203ad8b3382d7905cfcce5a5c9b008b84b3cd9114e9b9f4cb63f789?s=96&d=mm&r=g","url":"https:\/\/secure.gravatar.com\/avatar\/f771d896c203ad8b3382d7905cfcce5a5c9b008b84b3cd9114e9b9f4cb63f789?s=96&d=mm&r=g","contentUrl":"https:\/\/secure.gravatar.com\/avatar\/f771d896c203ad8b3382d7905cfcce5a5c9b008b84b3cd9114e9b9f4cb63f789?s=96&d=mm&r=g","caption":"Redacci\u00f3n"},"url":"https:\/\/radiolitoral.com\/ca\/author\/miriam-pagan\/"}]}},"_links":{"self":[{"href":"https:\/\/radiolitoral.com\/ca\/wp-json\/wp\/v2\/posts\/5815","targetHints":{"allow":["GET"]}}],"collection":[{"href":"https:\/\/radiolitoral.com\/ca\/wp-json\/wp\/v2\/posts"}],"about":[{"href":"https:\/\/radiolitoral.com\/ca\/wp-json\/wp\/v2\/types\/post"}],"author":[{"embeddable":true,"href":"https:\/\/radiolitoral.com\/ca\/wp-json\/wp\/v2\/users\/13"}],"replies":[{"embeddable":true,"href":"https:\/\/radiolitoral.com\/ca\/wp-json\/wp\/v2\/comments?post=5815"}],"version-history":[{"count":3,"href":"https:\/\/radiolitoral.com\/ca\/wp-json\/wp\/v2\/posts\/5815\/revisions"}],"predecessor-version":[{"id":5822,"href":"https:\/\/radiolitoral.com\/ca\/wp-json\/wp\/v2\/posts\/5815\/revisions\/5822"}],"wp:featuredmedia":[{"embeddable":true,"href":"https:\/\/radiolitoral.com\/ca\/wp-json\/wp\/v2\/media\/5819"}],"wp:attachment":[{"href":"https:\/\/radiolitoral.com\/ca\/wp-json\/wp\/v2\/media?parent=5815"}],"wp:term":[{"taxonomy":"category","embeddable":true,"href":"https:\/\/radiolitoral.com\/ca\/wp-json\/wp\/v2\/categories?post=5815"},{"taxonomy":"post_tag","embeddable":true,"href":"https:\/\/radiolitoral.com\/ca\/wp-json\/wp\/v2\/tags?post=5815"}],"curies":[{"name":"wp","href":"https:\/\/api.w.org\/{rel}","templated":true}]}}