{"id":5734,"date":"2023-11-22T18:57:32","date_gmt":"2023-11-22T17:57:32","guid":{"rendered":"https:\/\/radiolitoral.com\/?p=5734"},"modified":"2023-11-22T18:57:32","modified_gmt":"2023-11-22T17:57:32","slug":"augmenten-els-avantatges-que-aporta-el-bo-jove-teulada-moraira","status":"publish","type":"post","link":"https:\/\/radiolitoral.com\/ca\/2023\/11\/aumentan-las-ventajas-que-aporta-el-bono-jove-teulada-moraira\/","title":{"rendered":"Augmenten els avantatges que aporta el Bono Jove Teulada Moraira"},"content":{"rendered":"<p>La regidoria de <strong>Joventut<\/strong> del <strong>Ajuntament de Teulada<\/strong> ha presentat una nova iniciativa per als usuaris del <strong>Bono Jove Teulada Moraira<\/strong>. Des d&#039;ara, com ha explicat el <strong>edil responsable, Josep Ivars<\/strong>, els joves d&#039;entre 14 i 30 anys del municipi, tindran un <strong>50% de descompte<\/strong> a la reserva de les instal\u00b7lacions esportives amb el Bono Jove Teulada Moraira.<\/p>\n<p>L\u00b4obtenci\u00f3 d\u00b4aquest Bo \u00e9s senzilla. Els interessats poden adre\u00e7ar-se al SIT de l&#039;Ajuntament de Teulada o al SIT de l&#039;Espai La Senieta de Moraira, de dilluns a divendres, en horari de mat\u00ed, entre les 9.00 hi les 14.00 h. Nom\u00e9s cal estar empadronat al municipi, presentar el DNI i completar les dades a trav\u00e9s d&#039;una inst\u00e0ncia.<\/p>\n<p>Gr\u00e0cies al <strong>Bono Jove<\/strong>, els beneficiaris han pogut aconseguir descomptes en productes d\u00b4higiene \u00edntima i salut sexual, acc\u00e9s gratu\u00eft a la Piscina Municipal durant la temporada d\u00b4estiu i descomptes del 10% en cursos d\u00b4ensenyaments especials FPA, com ha recordat el regidor.<\/p>\n<audio class=\"wp-audio-shortcode\" id=\"audio-5734-1\" preload=\"none\" style=\"width: 100%;\" controls=\"controls\"><source type=\"audio\/mpeg\" src=\"https:\/\/media.radiolitoral.com\/wp-content\/uploads\/2023\/11\/22185204\/Josep-Ivars.mp3?_=1\" \/><a href=\"https:\/\/media.radiolitoral.com\/wp-content\/uploads\/2023\/11\/22185204\/Josep-Ivars.mp3\">https:\/\/media.radiolitoral.com\/wp-content\/uploads\/2023\/11\/22185204\/Josep-Ivars.mp3<\/a><\/audio>","protected":false},"excerpt":{"rendered":"<p>La concejal\u00eda de Juventud del Ayuntamiento de Teulada ha presentado una nueva iniciativa para los usuarios del Bono Jove Teulada Moraira. Desde ahora, como ha explicado el edil responsable, Josep Ivars, los j\u00f3venes de entre 14 y 30 a\u00f1os del municipio, tendr\u00e1n un 50% de descuento en la reserva de las instalaciones deportivas con el [&#8230;]<\/p>\n<p><a class=\"btn btn-secondary understrap-read-more-link\" href=\"https:\/\/radiolitoral.com\/ca\/2023\/11\/aumentan-las-ventajas-que-aporta-el-bono-jove-teulada-moraira\/\">Continua llegint&#8230;<span class=\"screen-reader-text\"> from Aumentan las ventajas que aporta el Bono Jove Teulada Moraira<\/span><\/a><\/p>\n","protected":false},"author":21,"featured_media":5736,"comment_status":"open","ping_status":"closed","sticky":false,"template":"","format":"standard","meta":{"_acf_changed":false,"inline_featured_image":false,"footnotes":""},"categories":[5,860,85],"tags":[],"class_list":["post-5734","post","type-post","status-publish","format-standard","has-post-thumbnail","hentry","category-deportes","category-juventud","category-servicios-publicos","cobertura-teulada-moraira"],"acf":[],"yoast_head":"<!-- This site is optimized with the Yoast SEO plugin v27.5 - https:\/\/yoast.com\/product\/yoast-seo-wordpress\/ -->\n<title>Aumentan las ventajas que aporta el Bono Jove Teulada Moraira | R\u00e0dio Litoral<\/title>\n<meta name=\"description\" content=\"Los j\u00f3venes poseedores de este bono tendr\u00e1n un 50% de descuento en la reserva de las instalaciones deportivas municipales\" \/>\n<meta name=\"robots\" content=\"index, follow, max-snippet:-1, max-image-preview:large, max-video-preview:-1\" \/>\n<link rel=\"canonical\" href=\"https:\/\/radiolitoral.com\/ca\/2023\/11\/augmenten-els-avantatges-que-aporta-el-bo-jove-teulada-moraira\/\" \/>\n<meta property=\"og:locale\" content=\"ca_ES\" \/>\n<meta property=\"og:type\" content=\"article\" \/>\n<meta property=\"og:title\" content=\"Aumentan las ventajas que aporta el Bono Jove Teulada Moraira | R\u00e0dio Litoral\" \/>\n<meta property=\"og:description\" content=\"Los j\u00f3venes poseedores de este bono tendr\u00e1n un 50% de descuento en la reserva de las instalaciones deportivas municipales\" \/>\n<meta property=\"og:url\" content=\"https:\/\/radiolitoral.com\/ca\/2023\/11\/augmenten-els-avantatges-que-aporta-el-bo-jove-teulada-moraira\/\" \/>\n<meta property=\"og:site_name\" content=\"R\u00e0dio Litoral\" \/>\n<meta property=\"article:publisher\" content=\"https:\/\/www.facebook.com\/Laradiolitoral\/\" \/>\n<meta property=\"article:published_time\" content=\"2023-11-22T17:57:32+00:00\" \/>\n<meta property=\"og:image\" content=\"https:\/\/media.radiolitoral.com\/wp-content\/uploads\/2023\/11\/22185655\/DESCUENTO-INSTALACIONES-BONO-JOVE-TM-2023.jpg\" \/>\n\t<meta property=\"og:image:width\" content=\"1080\" \/>\n\t<meta property=\"og:image:height\" content=\"1080\" \/>\n\t<meta property=\"og:image:type\" content=\"image\/jpeg\" \/>\n<meta name=\"author\" content=\"Mel Pescuezo\" \/>\n<meta name=\"twitter:card\" content=\"summary_large_image\" \/>\n<meta name=\"twitter:label1\" content=\"Escrit per\" \/>\n\t<meta name=\"twitter:data1\" content=\"Mel Pescuezo\" \/>\n\t<meta name=\"twitter:label2\" content=\"Temps estimat de lectura\" \/>\n\t<meta name=\"twitter:data2\" content=\"1 minut\" \/>\n<script type=\"application\/ld+json\" class=\"yoast-schema-graph\">{\"@context\":\"https:\\\/\\\/schema.org\",\"@graph\":[{\"@type\":\"NewsArticle\",\"@id\":\"https:\\\/\\\/radiolitoral.com\\\/2023\\\/11\\\/aumentan-las-ventajas-que-aporta-el-bono-jove-teulada-moraira\\\/#article\",\"isPartOf\":{\"@id\":\"https:\\\/\\\/radiolitoral.com\\\/2023\\\/11\\\/aumentan-las-ventajas-que-aporta-el-bono-jove-teulada-moraira\\\/\"},\"author\":{\"name\":\"Mel Pescuezo\",\"@id\":\"https:\\\/\\\/radiolitoral.com\\\/#\\\/schema\\\/person\\\/aad4f72efa404f85b68e832d24cac059\"},\"headline\":\"Aumentan las ventajas que aporta el Bono Jove Teulada Moraira\",\"datePublished\":\"2023-11-22T17:57:32+00:00\",\"mainEntityOfPage\":{\"@id\":\"https:\\\/\\\/radiolitoral.com\\\/2023\\\/11\\\/aumentan-las-ventajas-que-aporta-el-bono-jove-teulada-moraira\\\/\"},\"wordCount\":187,\"commentCount\":0,\"publisher\":{\"@id\":\"https:\\\/\\\/radiolitoral.com\\\/#organization\"},\"image\":{\"@id\":\"https:\\\/\\\/radiolitoral.com\\\/2023\\\/11\\\/aumentan-las-ventajas-que-aporta-el-bono-jove-teulada-moraira\\\/#primaryimage\"},\"thumbnailUrl\":\"https:\\\/\\\/media.radiolitoral.com\\\/wp-content\\\/uploads\\\/2023\\\/11\\\/22185655\\\/DESCUENTO-INSTALACIONES-BONO-JOVE-TM-2023.jpg\",\"articleSection\":[\"Deportes\",\"Juventud\",\"Servicios P\u00fablicos\"],\"inLanguage\":\"ca\",\"potentialAction\":[{\"@type\":\"CommentAction\",\"name\":\"Comment\",\"target\":[\"https:\\\/\\\/radiolitoral.com\\\/2023\\\/11\\\/aumentan-las-ventajas-que-aporta-el-bono-jove-teulada-moraira\\\/#respond\"]}]},{\"@type\":[\"WebPage\",\"ItemPage\"],\"@id\":\"https:\\\/\\\/radiolitoral.com\\\/2023\\\/11\\\/aumentan-las-ventajas-que-aporta-el-bono-jove-teulada-moraira\\\/\",\"url\":\"https:\\\/\\\/radiolitoral.com\\\/2023\\\/11\\\/aumentan-las-ventajas-que-aporta-el-bono-jove-teulada-moraira\\\/\",\"name\":\"Aumentan las ventajas que aporta el Bono Jove Teulada Moraira | R\u00e0dio Litoral\",\"isPartOf\":{\"@id\":\"https:\\\/\\\/radiolitoral.com\\\/#website\"},\"primaryImageOfPage\":{\"@id\":\"https:\\\/\\\/radiolitoral.com\\\/2023\\\/11\\\/aumentan-las-ventajas-que-aporta-el-bono-jove-teulada-moraira\\\/#primaryimage\"},\"image\":{\"@id\":\"https:\\\/\\\/radiolitoral.com\\\/2023\\\/11\\\/aumentan-las-ventajas-que-aporta-el-bono-jove-teulada-moraira\\\/#primaryimage\"},\"thumbnailUrl\":\"https:\\\/\\\/media.radiolitoral.com\\\/wp-content\\\/uploads\\\/2023\\\/11\\\/22185655\\\/DESCUENTO-INSTALACIONES-BONO-JOVE-TM-2023.jpg\",\"datePublished\":\"2023-11-22T17:57:32+00:00\",\"description\":\"Los j\u00f3venes poseedores de este bono tendr\u00e1n un 50% de descuento en la reserva de las instalaciones deportivas municipales\",\"breadcrumb\":{\"@id\":\"https:\\\/\\\/radiolitoral.com\\\/2023\\\/11\\\/aumentan-las-ventajas-que-aporta-el-bono-jove-teulada-moraira\\\/#breadcrumb\"},\"inLanguage\":\"ca\",\"potentialAction\":[{\"@type\":\"ReadAction\",\"target\":[\"https:\\\/\\\/radiolitoral.com\\\/2023\\\/11\\\/aumentan-las-ventajas-que-aporta-el-bono-jove-teulada-moraira\\\/\"]}]},{\"@type\":\"ImageObject\",\"inLanguage\":\"ca\",\"@id\":\"https:\\\/\\\/radiolitoral.com\\\/2023\\\/11\\\/aumentan-las-ventajas-que-aporta-el-bono-jove-teulada-moraira\\\/#primaryimage\",\"url\":\"https:\\\/\\\/media.radiolitoral.com\\\/wp-content\\\/uploads\\\/2023\\\/11\\\/22185655\\\/DESCUENTO-INSTALACIONES-BONO-JOVE-TM-2023.jpg\",\"contentUrl\":\"https:\\\/\\\/media.radiolitoral.com\\\/wp-content\\\/uploads\\\/2023\\\/11\\\/22185655\\\/DESCUENTO-INSTALACIONES-BONO-JOVE-TM-2023.jpg\",\"width\":1080,\"height\":1080},{\"@type\":\"BreadcrumbList\",\"@id\":\"https:\\\/\\\/radiolitoral.com\\\/2023\\\/11\\\/aumentan-las-ventajas-que-aporta-el-bono-jove-teulada-moraira\\\/#breadcrumb\",\"itemListElement\":[{\"@type\":\"ListItem\",\"position\":1,\"name\":\"Portada\",\"item\":\"https:\\\/\\\/radiolitoral.com\\\/\"},{\"@type\":\"ListItem\",\"position\":2,\"name\":\"Aumentan las ventajas que aporta el Bono Jove Teulada Moraira\"}]},{\"@type\":\"WebSite\",\"@id\":\"https:\\\/\\\/radiolitoral.com\\\/#website\",\"url\":\"https:\\\/\\\/radiolitoral.com\\\/\",\"name\":\"Radio Litoral\",\"description\":\"La radio local de la Marina Alta\",\"publisher\":{\"@id\":\"https:\\\/\\\/radiolitoral.com\\\/#organization\"},\"alternateName\":\"Litoral FM\",\"potentialAction\":[{\"@type\":\"SearchAction\",\"target\":{\"@type\":\"EntryPoint\",\"urlTemplate\":\"https:\\\/\\\/radiolitoral.com\\\/?s={search_term_string}\"},\"query-input\":{\"@type\":\"PropertyValueSpecification\",\"valueRequired\":true,\"valueName\":\"search_term_string\"}}],\"inLanguage\":\"ca\"},{\"@type\":\"Organization\",\"@id\":\"https:\\\/\\\/radiolitoral.com\\\/#organization\",\"name\":\"Radio Litoral\",\"url\":\"https:\\\/\\\/radiolitoral.com\\\/\",\"logo\":{\"@type\":\"ImageObject\",\"inLanguage\":\"ca\",\"@id\":\"https:\\\/\\\/radiolitoral.com\\\/#\\\/schema\\\/logo\\\/image\\\/\",\"url\":\"https:\\\/\\\/media.radiolitoral.com\\\/wp-content\\\/uploads\\\/2023\\\/02\\\/24143238\\\/CL-V-RadioLitoral696.png\",\"contentUrl\":\"https:\\\/\\\/media.radiolitoral.com\\\/wp-content\\\/uploads\\\/2023\\\/02\\\/24143238\\\/CL-V-RadioLitoral696.png\",\"width\":696,\"height\":696,\"caption\":\"Radio Litoral\"},\"image\":{\"@id\":\"https:\\\/\\\/radiolitoral.com\\\/#\\\/schema\\\/logo\\\/image\\\/\"},\"sameAs\":[\"https:\\\/\\\/www.facebook.com\\\/Laradiolitoral\\\/\"]},{\"@type\":\"Person\",\"@id\":\"https:\\\/\\\/radiolitoral.com\\\/#\\\/schema\\\/person\\\/aad4f72efa404f85b68e832d24cac059\",\"name\":\"Mel Pescuezo\",\"image\":{\"@type\":\"ImageObject\",\"inLanguage\":\"ca\",\"@id\":\"https:\\\/\\\/secure.gravatar.com\\\/avatar\\\/993975ae489c70cb0dd9bfa9413a082f0bd276582dac13661af7b33f161e7eea?s=96&d=mm&r=g\",\"url\":\"https:\\\/\\\/secure.gravatar.com\\\/avatar\\\/993975ae489c70cb0dd9bfa9413a082f0bd276582dac13661af7b33f161e7eea?s=96&d=mm&r=g\",\"contentUrl\":\"https:\\\/\\\/secure.gravatar.com\\\/avatar\\\/993975ae489c70cb0dd9bfa9413a082f0bd276582dac13661af7b33f161e7eea?s=96&d=mm&r=g\",\"caption\":\"Mel Pescuezo\"},\"url\":\"https:\\\/\\\/radiolitoral.com\\\/ca\\\/author\\\/serviciospararadios\\\/\"}]}<\/script>\n<!-- \/ Yoast SEO plugin. -->","yoast_head_json":{"title":"Augmenten els avantatges que aporta el Bono Jove Teulada Moraira | R\u00e0dio Litoral","description":"Els joves posse\u00efdors d&#039;aquest bo tindran un 50% de descompte a la reserva de les instal\u00b7lacions esportives municipals","robots":{"index":"index","follow":"follow","max-snippet":"max-snippet:-1","max-image-preview":"max-image-preview:large","max-video-preview":"max-video-preview:-1"},"canonical":"https:\/\/radiolitoral.com\/ca\/2023\/11\/augmenten-els-avantatges-que-aporta-el-bo-jove-teulada-moraira\/","og_locale":"ca_ES","og_type":"article","og_title":"Aumentan las ventajas que aporta el Bono Jove Teulada Moraira | R\u00e0dio Litoral","og_description":"Los j\u00f3venes poseedores de este bono tendr\u00e1n un 50% de descuento en la reserva de las instalaciones deportivas municipales","og_url":"https:\/\/radiolitoral.com\/ca\/2023\/11\/augmenten-els-avantatges-que-aporta-el-bo-jove-teulada-moraira\/","og_site_name":"R\u00e0dio Litoral","article_publisher":"https:\/\/www.facebook.com\/Laradiolitoral\/","article_published_time":"2023-11-22T17:57:32+00:00","og_image":[{"width":1080,"height":1080,"url":"https:\/\/media.radiolitoral.com\/wp-content\/uploads\/2023\/11\/22185655\/DESCUENTO-INSTALACIONES-BONO-JOVE-TM-2023.jpg","type":"image\/jpeg"}],"author":"Mel Pescuezo","twitter_card":"summary_large_image","twitter_misc":{"Escrit per":"Mel Pescuezo","Temps estimat de lectura":"1 minut"},"schema":{"@context":"https:\/\/schema.org","@graph":[{"@type":"NewsArticle","@id":"https:\/\/radiolitoral.com\/2023\/11\/aumentan-las-ventajas-que-aporta-el-bono-jove-teulada-moraira\/#article","isPartOf":{"@id":"https:\/\/radiolitoral.com\/2023\/11\/aumentan-las-ventajas-que-aporta-el-bono-jove-teulada-moraira\/"},"author":{"name":"Mel Pescuezo","@id":"https:\/\/radiolitoral.com\/#\/schema\/person\/aad4f72efa404f85b68e832d24cac059"},"headline":"Aumentan las ventajas que aporta el Bono Jove Teulada Moraira","datePublished":"2023-11-22T17:57:32+00:00","mainEntityOfPage":{"@id":"https:\/\/radiolitoral.com\/2023\/11\/aumentan-las-ventajas-que-aporta-el-bono-jove-teulada-moraira\/"},"wordCount":187,"commentCount":0,"publisher":{"@id":"https:\/\/radiolitoral.com\/#organization"},"image":{"@id":"https:\/\/radiolitoral.com\/2023\/11\/aumentan-las-ventajas-que-aporta-el-bono-jove-teulada-moraira\/#primaryimage"},"thumbnailUrl":"https:\/\/media.radiolitoral.com\/wp-content\/uploads\/2023\/11\/22185655\/DESCUENTO-INSTALACIONES-BONO-JOVE-TM-2023.jpg","articleSection":["Deportes","Juventud","Servicios P\u00fablicos"],"inLanguage":"ca","potentialAction":[{"@type":"CommentAction","name":"Comment","target":["https:\/\/radiolitoral.com\/2023\/11\/aumentan-las-ventajas-que-aporta-el-bono-jove-teulada-moraira\/#respond"]}]},{"@type":["WebPage","ItemPage"],"@id":"https:\/\/radiolitoral.com\/2023\/11\/aumentan-las-ventajas-que-aporta-el-bono-jove-teulada-moraira\/","url":"https:\/\/radiolitoral.com\/2023\/11\/aumentan-las-ventajas-que-aporta-el-bono-jove-teulada-moraira\/","name":"Augmenten els avantatges que aporta el Bono Jove Teulada Moraira | R\u00e0dio Litoral","isPartOf":{"@id":"https:\/\/radiolitoral.com\/#website"},"primaryImageOfPage":{"@id":"https:\/\/radiolitoral.com\/2023\/11\/aumentan-las-ventajas-que-aporta-el-bono-jove-teulada-moraira\/#primaryimage"},"image":{"@id":"https:\/\/radiolitoral.com\/2023\/11\/aumentan-las-ventajas-que-aporta-el-bono-jove-teulada-moraira\/#primaryimage"},"thumbnailUrl":"https:\/\/media.radiolitoral.com\/wp-content\/uploads\/2023\/11\/22185655\/DESCUENTO-INSTALACIONES-BONO-JOVE-TM-2023.jpg","datePublished":"2023-11-22T17:57:32+00:00","description":"Els joves posse\u00efdors d&#039;aquest bo tindran un 50% de descompte a la reserva de les instal\u00b7lacions esportives municipals","breadcrumb":{"@id":"https:\/\/radiolitoral.com\/2023\/11\/aumentan-las-ventajas-que-aporta-el-bono-jove-teulada-moraira\/#breadcrumb"},"inLanguage":"ca","potentialAction":[{"@type":"ReadAction","target":["https:\/\/radiolitoral.com\/2023\/11\/aumentan-las-ventajas-que-aporta-el-bono-jove-teulada-moraira\/"]}]},{"@type":"ImageObject","inLanguage":"ca","@id":"https:\/\/radiolitoral.com\/2023\/11\/aumentan-las-ventajas-que-aporta-el-bono-jove-teulada-moraira\/#primaryimage","url":"https:\/\/media.radiolitoral.com\/wp-content\/uploads\/2023\/11\/22185655\/DESCUENTO-INSTALACIONES-BONO-JOVE-TM-2023.jpg","contentUrl":"https:\/\/media.radiolitoral.com\/wp-content\/uploads\/2023\/11\/22185655\/DESCUENTO-INSTALACIONES-BONO-JOVE-TM-2023.jpg","width":1080,"height":1080},{"@type":"BreadcrumbList","@id":"https:\/\/radiolitoral.com\/2023\/11\/aumentan-las-ventajas-que-aporta-el-bono-jove-teulada-moraira\/#breadcrumb","itemListElement":[{"@type":"ListItem","position":1,"name":"Portada","item":"https:\/\/radiolitoral.com\/"},{"@type":"ListItem","position":2,"name":"Aumentan las ventajas que aporta el Bono Jove Teulada Moraira"}]},{"@type":"WebSite","@id":"https:\/\/radiolitoral.com\/#website","url":"https:\/\/radiolitoral.com\/","name":"R\u00e0dio Litoral","description":"La r\u00e0dio local de la Marina Alta","publisher":{"@id":"https:\/\/radiolitoral.com\/#organization"},"alternateName":"Litoral FM","potentialAction":[{"@type":"SearchAction","target":{"@type":"EntryPoint","urlTemplate":"https:\/\/radiolitoral.com\/?s={search_term_string}"},"query-input":{"@type":"PropertyValueSpecification","valueRequired":true,"valueName":"search_term_string"}}],"inLanguage":"ca"},{"@type":"Organization","@id":"https:\/\/radiolitoral.com\/#organization","name":"R\u00e0dio Litoral","url":"https:\/\/radiolitoral.com\/","logo":{"@type":"ImageObject","inLanguage":"ca","@id":"https:\/\/radiolitoral.com\/#\/schema\/logo\/image\/","url":"https:\/\/media.radiolitoral.com\/wp-content\/uploads\/2023\/02\/24143238\/CL-V-RadioLitoral696.png","contentUrl":"https:\/\/media.radiolitoral.com\/wp-content\/uploads\/2023\/02\/24143238\/CL-V-RadioLitoral696.png","width":696,"height":696,"caption":"Radio Litoral"},"image":{"@id":"https:\/\/radiolitoral.com\/#\/schema\/logo\/image\/"},"sameAs":["https:\/\/www.facebook.com\/Laradiolitoral\/"]},{"@type":"Person","@id":"https:\/\/radiolitoral.com\/#\/schema\/person\/aad4f72efa404f85b68e832d24cac059","name":"Mel Pescuezo","image":{"@type":"ImageObject","inLanguage":"ca","@id":"https:\/\/secure.gravatar.com\/avatar\/993975ae489c70cb0dd9bfa9413a082f0bd276582dac13661af7b33f161e7eea?s=96&d=mm&r=g","url":"https:\/\/secure.gravatar.com\/avatar\/993975ae489c70cb0dd9bfa9413a082f0bd276582dac13661af7b33f161e7eea?s=96&d=mm&r=g","contentUrl":"https:\/\/secure.gravatar.com\/avatar\/993975ae489c70cb0dd9bfa9413a082f0bd276582dac13661af7b33f161e7eea?s=96&d=mm&r=g","caption":"Mel Pescuezo"},"url":"https:\/\/radiolitoral.com\/ca\/author\/serviciospararadios\/"}]}},"_links":{"self":[{"href":"https:\/\/radiolitoral.com\/ca\/wp-json\/wp\/v2\/posts\/5734","targetHints":{"allow":["GET"]}}],"collection":[{"href":"https:\/\/radiolitoral.com\/ca\/wp-json\/wp\/v2\/posts"}],"about":[{"href":"https:\/\/radiolitoral.com\/ca\/wp-json\/wp\/v2\/types\/post"}],"author":[{"embeddable":true,"href":"https:\/\/radiolitoral.com\/ca\/wp-json\/wp\/v2\/users\/21"}],"replies":[{"embeddable":true,"href":"https:\/\/radiolitoral.com\/ca\/wp-json\/wp\/v2\/comments?post=5734"}],"version-history":[{"count":2,"href":"https:\/\/radiolitoral.com\/ca\/wp-json\/wp\/v2\/posts\/5734\/revisions"}],"predecessor-version":[{"id":5738,"href":"https:\/\/radiolitoral.com\/ca\/wp-json\/wp\/v2\/posts\/5734\/revisions\/5738"}],"wp:featuredmedia":[{"embeddable":true,"href":"https:\/\/radiolitoral.com\/ca\/wp-json\/wp\/v2\/media\/5736"}],"wp:attachment":[{"href":"https:\/\/radiolitoral.com\/ca\/wp-json\/wp\/v2\/media?parent=5734"}],"wp:term":[{"taxonomy":"category","embeddable":true,"href":"https:\/\/radiolitoral.com\/ca\/wp-json\/wp\/v2\/categories?post=5734"},{"taxonomy":"post_tag","embeddable":true,"href":"https:\/\/radiolitoral.com\/ca\/wp-json\/wp\/v2\/tags?post=5734"}],"curies":[{"name":"wp","href":"https:\/\/api.w.org\/{rel}","templated":true}]}}