{"id":570,"date":"2023-01-27T14:16:21","date_gmt":"2023-01-27T13:16:21","guid":{"rendered":"https:\/\/radiolitoral.com\/?p=570"},"modified":"2023-01-27T14:18:37","modified_gmt":"2023-01-27T13:18:37","slug":"la-reversio-del-departament-de-salut-de-denia-es-fara-efectiva-al-febrer-de-2024","status":"publish","type":"post","link":"https:\/\/radiolitoral.com\/ca\/2023\/01\/la-reversion-del-departamento-de-salud-de-denia-se-hara-efectiva-en-febrero-de-2024\/","title":{"rendered":"La reversi\u00f3 del Departament de Salut de D\u00e9nia es far\u00e0 efectiva el febrer de 2024"},"content":{"rendered":"<p>El proc\u00e9s de <strong>reversi\u00f3<\/strong> del departament <strong>sanitari<\/strong> de la <strong>Marina Alta<\/strong>, comen\u00e7ar\u00e0 la setmana que ve, esgotant els terminis al l\u00edmit, segons ha lamentat el <strong>diputat de Comprom\u00eds<\/strong>, el pegol\u00ed <strong>Josep Nadal<\/strong>, despr\u00e9s de con\u00e8ixer les respostes del <strong>Conseller de Sanitat, Miguel M\u00ednguez,<\/strong> a les seves preguntes a la sessi\u00f3 plen\u00e0ria de les Corts d&#039;ahir dijous 26 de gener.<\/p>\n<p>Nadal ha exposat a l&#039;hemicicle que la privatitzaci\u00f3 de la sanitat a la Marina Alta ha causat un mal impossible de quantificar a la comarca. El valencianista ha remarcat que a la Marina Alta estem a la cua a tots els indicadors. Els darrers en llits per c\u00e0pita, els \u00faltims en personal sanitari per c\u00e0pita, els darrers en derivacions a l&#039;especialista. Falta personal a totes les \u00e0rees, perqu\u00e8, segons ha insistit Nadal, la concession\u00e0ria Ribera Salud no cobreix les baixes.<\/p>\n<p>Amb tot, Nadal, i malgrat haver esgotat fins als l\u00edmits els terminis per executar el comprom\u00eds adquirit per a la reversi\u00f3 del departament sanitari, ha mostrat el seu suport en aquest proc\u00e9s que considera necessari.<\/p>\n<audio class=\"wp-audio-shortcode\" id=\"audio-570-1\" preload=\"none\" style=\"width: 100%;\" controls=\"controls\"><source type=\"audio\/mpeg\" src=\"https:\/\/media.radiolitoral.com\/wp-content\/uploads\/2023\/01\/24143243\/Josep-Nadal-Sanitat.mp3?_=1\" \/><a href=\"https:\/\/media.radiolitoral.com\/wp-content\/uploads\/2023\/01\/24143243\/Josep-Nadal-Sanitat.mp3\">https:\/\/media.radiolitoral.com\/wp-content\/uploads\/2023\/01\/24143243\/Josep-Nadal-Sanitat.mp3<\/a><\/audio>\n<p>Per part seva el Conseller, Miguel M\u00ednguez, ha afirmat que dimarts que ve, 31 de gener, se li comunicar\u00e0 a la concession\u00e0ria que no es prorroga el contracte de privatitzaci\u00f3 de la gesti\u00f3, iniciant-se aix\u00ed el proc\u00e9s per a la reversi\u00f3. Avisar la mercantil \u00e9s un tr\u00e0mit obligatori. La Generalitat ha de comunicar oficialment a la titular de la concessi\u00f3 un any abans daquest termini que no renovar\u00e0 lacord. D&#039;aquesta manera l&#039;\u00e0rea sanit\u00e0ria de D\u00e9nia tornar\u00e0 a la gesti\u00f3 cent per cent p\u00fablica a partir de l&#039;1 de febrer del 2024.<\/p>\n<audio class=\"wp-audio-shortcode\" id=\"audio-570-2\" preload=\"none\" style=\"width: 100%;\" controls=\"controls\"><source type=\"audio\/mpeg\" src=\"https:\/\/media.radiolitoral.com\/wp-content\/uploads\/2023\/01\/24143243\/Conseller-Sanitat-1.mp3?_=2\" \/><a href=\"https:\/\/media.radiolitoral.com\/wp-content\/uploads\/2023\/01\/24143243\/Conseller-Sanitat-1.mp3\">https:\/\/media.radiolitoral.com\/wp-content\/uploads\/2023\/01\/24143243\/Conseller-Sanitat-1.mp3<\/a><\/audio>","protected":false},"excerpt":{"rendered":"<p>El proceso de reversi\u00f3n del departamento sanitario de la Marina Alta, comenzar\u00e1 la pr\u00f3xima semana, agotando los plazos al l\u00edmite, seg\u00fan ha lamentado el diputado de Comprom\u00eds, el pegolino Josep Nadal, tras conocer las respuestas del Conseller de Sanidad, Miguel M\u00ednguez, a sus preguntas en la sesi\u00f3n plenaria de les Corts de ayer jueves 26 [&#8230;]<\/p>\n<p><a class=\"btn btn-secondary understrap-read-more-link\" href=\"https:\/\/radiolitoral.com\/ca\/2023\/01\/la-reversion-del-departamento-de-salud-de-denia-se-hara-efectiva-en-febrero-de-2024\/\">Continua llegint&#8230;<span class=\"screen-reader-text\"> from La reversi\u00f3n del Departamento de Salud de Denia se har\u00e1 efectiva en febrero de 2024<\/span><\/a><\/p>\n","protected":false},"author":13,"featured_media":574,"comment_status":"open","ping_status":"closed","sticky":false,"template":"","format":"standard","meta":{"_acf_changed":false,"inline_featured_image":false,"footnotes":""},"categories":[13],"tags":[67,66,65,59],"class_list":["post-570","post","type-post","status-publish","format-standard","has-post-thumbnail","hentry","category-politica","tag-departamento-salud","tag-reversion","tag-sanidad","tag-servicios-publicos","cobertura-marina-alta"],"acf":[],"yoast_head":"<!-- This site is optimized with the Yoast SEO plugin v27.5 - https:\/\/yoast.com\/product\/yoast-seo-wordpress\/ -->\n<title>La reversi\u00f3n del Departamento de Salud de Denia se har\u00e1 efectiva en febrero de 2024 | R\u00e0dio Litoral<\/title>\n<meta name=\"description\" content=\"El Conseller confirma que la Generalitat comunicar\u00e1 la pr\u00f3xima semana a Ribera Salud que no prorroga su contrato\" \/>\n<meta name=\"robots\" content=\"index, follow, max-snippet:-1, max-image-preview:large, max-video-preview:-1\" \/>\n<link rel=\"canonical\" href=\"https:\/\/radiolitoral.com\/ca\/2023\/01\/la-reversio-del-departament-de-salut-de-denia-es-fara-efectiva-al-febrer-de-2024\/\" \/>\n<meta property=\"og:locale\" content=\"ca_ES\" \/>\n<meta property=\"og:type\" content=\"article\" \/>\n<meta property=\"og:title\" content=\"La reversi\u00f3n del Departamento de Salud de Denia se har\u00e1 efectiva en febrero de 2024 | R\u00e0dio Litoral\" \/>\n<meta property=\"og:description\" content=\"El Conseller confirma que la Generalitat comunicar\u00e1 la pr\u00f3xima semana a Ribera Salud que no prorroga su contrato\" \/>\n<meta property=\"og:url\" content=\"https:\/\/radiolitoral.com\/ca\/2023\/01\/la-reversio-del-departament-de-salut-de-denia-es-fara-efectiva-al-febrer-de-2024\/\" \/>\n<meta property=\"og:site_name\" content=\"R\u00e0dio Litoral\" \/>\n<meta property=\"article:publisher\" content=\"https:\/\/www.facebook.com\/Laradiolitoral\/\" \/>\n<meta property=\"article:published_time\" content=\"2023-01-27T13:16:21+00:00\" \/>\n<meta property=\"article:modified_time\" content=\"2023-01-27T13:18:37+00:00\" \/>\n<meta property=\"og:image\" content=\"https:\/\/s3.eu-west-2.wasabisys.com\/radiolitoral.com\/wp-content\/uploads\/2023\/01\/27141439\/2021-Hospital-Marina-Salud-pasillo.jpg\" \/>\n\t<meta property=\"og:image:width\" content=\"2000\" \/>\n\t<meta property=\"og:image:height\" content=\"1333\" \/>\n\t<meta property=\"og:image:type\" content=\"image\/jpeg\" \/>\n<meta name=\"author\" content=\"Redacci\u00f3n\" \/>\n<meta name=\"twitter:card\" content=\"summary_large_image\" \/>\n<meta name=\"twitter:label1\" content=\"Escrit per\" \/>\n\t<meta name=\"twitter:data1\" content=\"Redacci\u00f3n\" \/>\n\t<meta name=\"twitter:label2\" content=\"Temps estimat de lectura\" \/>\n\t<meta name=\"twitter:data2\" content=\"2 minuts\" \/>\n<script type=\"application\/ld+json\" class=\"yoast-schema-graph\">{\"@context\":\"https:\\\/\\\/schema.org\",\"@graph\":[{\"@type\":\"NewsArticle\",\"@id\":\"https:\\\/\\\/radiolitoral.com\\\/2023\\\/01\\\/la-reversion-del-departamento-de-salud-de-denia-se-hara-efectiva-en-febrero-de-2024\\\/#article\",\"isPartOf\":{\"@id\":\"https:\\\/\\\/radiolitoral.com\\\/2023\\\/01\\\/la-reversion-del-departamento-de-salud-de-denia-se-hara-efectiva-en-febrero-de-2024\\\/\"},\"author\":{\"name\":\"Redacci\u00f3n\",\"@id\":\"https:\\\/\\\/radiolitoral.com\\\/#\\\/schema\\\/person\\\/f2b2343c49b5d721857cc1002bfdb151\"},\"headline\":\"La reversi\u00f3n del Departamento de Salud de Denia se har\u00e1 efectiva en febrero de 2024\",\"datePublished\":\"2023-01-27T13:16:21+00:00\",\"dateModified\":\"2023-01-27T13:18:37+00:00\",\"mainEntityOfPage\":{\"@id\":\"https:\\\/\\\/radiolitoral.com\\\/2023\\\/01\\\/la-reversion-del-departamento-de-salud-de-denia-se-hara-efectiva-en-febrero-de-2024\\\/\"},\"wordCount\":322,\"commentCount\":0,\"publisher\":{\"@id\":\"https:\\\/\\\/radiolitoral.com\\\/#organization\"},\"image\":{\"@id\":\"https:\\\/\\\/radiolitoral.com\\\/2023\\\/01\\\/la-reversion-del-departamento-de-salud-de-denia-se-hara-efectiva-en-febrero-de-2024\\\/#primaryimage\"},\"thumbnailUrl\":\"https:\\\/\\\/media.radiolitoral.com\\\/wp-content\\\/uploads\\\/2023\\\/01\\\/24143243\\\/2021-Hospital-Marina-Salud-pasillo.jpg\",\"keywords\":[\"Departamento Salud\",\"Reversi\u00f3n\",\"Sanidad\",\"Servicios p\u00fablicos\"],\"articleSection\":[\"Pol\u00edtica\"],\"inLanguage\":\"ca\",\"potentialAction\":[{\"@type\":\"CommentAction\",\"name\":\"Comment\",\"target\":[\"https:\\\/\\\/radiolitoral.com\\\/2023\\\/01\\\/la-reversion-del-departamento-de-salud-de-denia-se-hara-efectiva-en-febrero-de-2024\\\/#respond\"]}]},{\"@type\":[\"WebPage\",\"ItemPage\"],\"@id\":\"https:\\\/\\\/radiolitoral.com\\\/2023\\\/01\\\/la-reversion-del-departamento-de-salud-de-denia-se-hara-efectiva-en-febrero-de-2024\\\/\",\"url\":\"https:\\\/\\\/radiolitoral.com\\\/2023\\\/01\\\/la-reversion-del-departamento-de-salud-de-denia-se-hara-efectiva-en-febrero-de-2024\\\/\",\"name\":\"La reversi\u00f3n del Departamento de Salud de Denia se har\u00e1 efectiva en febrero de 2024 | R\u00e0dio Litoral\",\"isPartOf\":{\"@id\":\"https:\\\/\\\/radiolitoral.com\\\/#website\"},\"primaryImageOfPage\":{\"@id\":\"https:\\\/\\\/radiolitoral.com\\\/2023\\\/01\\\/la-reversion-del-departamento-de-salud-de-denia-se-hara-efectiva-en-febrero-de-2024\\\/#primaryimage\"},\"image\":{\"@id\":\"https:\\\/\\\/radiolitoral.com\\\/2023\\\/01\\\/la-reversion-del-departamento-de-salud-de-denia-se-hara-efectiva-en-febrero-de-2024\\\/#primaryimage\"},\"thumbnailUrl\":\"https:\\\/\\\/media.radiolitoral.com\\\/wp-content\\\/uploads\\\/2023\\\/01\\\/24143243\\\/2021-Hospital-Marina-Salud-pasillo.jpg\",\"datePublished\":\"2023-01-27T13:16:21+00:00\",\"dateModified\":\"2023-01-27T13:18:37+00:00\",\"description\":\"El Conseller confirma que la Generalitat comunicar\u00e1 la pr\u00f3xima semana a Ribera Salud que no prorroga su contrato\",\"breadcrumb\":{\"@id\":\"https:\\\/\\\/radiolitoral.com\\\/2023\\\/01\\\/la-reversion-del-departamento-de-salud-de-denia-se-hara-efectiva-en-febrero-de-2024\\\/#breadcrumb\"},\"inLanguage\":\"ca\",\"potentialAction\":[{\"@type\":\"ReadAction\",\"target\":[\"https:\\\/\\\/radiolitoral.com\\\/2023\\\/01\\\/la-reversion-del-departamento-de-salud-de-denia-se-hara-efectiva-en-febrero-de-2024\\\/\"]}]},{\"@type\":\"ImageObject\",\"inLanguage\":\"ca\",\"@id\":\"https:\\\/\\\/radiolitoral.com\\\/2023\\\/01\\\/la-reversion-del-departamento-de-salud-de-denia-se-hara-efectiva-en-febrero-de-2024\\\/#primaryimage\",\"url\":\"https:\\\/\\\/media.radiolitoral.com\\\/wp-content\\\/uploads\\\/2023\\\/01\\\/24143243\\\/2021-Hospital-Marina-Salud-pasillo.jpg\",\"contentUrl\":\"https:\\\/\\\/media.radiolitoral.com\\\/wp-content\\\/uploads\\\/2023\\\/01\\\/24143243\\\/2021-Hospital-Marina-Salud-pasillo.jpg\",\"width\":2000,\"height\":1333},{\"@type\":\"BreadcrumbList\",\"@id\":\"https:\\\/\\\/radiolitoral.com\\\/2023\\\/01\\\/la-reversion-del-departamento-de-salud-de-denia-se-hara-efectiva-en-febrero-de-2024\\\/#breadcrumb\",\"itemListElement\":[{\"@type\":\"ListItem\",\"position\":1,\"name\":\"Portada\",\"item\":\"https:\\\/\\\/radiolitoral.com\\\/\"},{\"@type\":\"ListItem\",\"position\":2,\"name\":\"La reversi\u00f3n del Departamento de Salud de Denia se har\u00e1 efectiva en febrero de 2024\"}]},{\"@type\":\"WebSite\",\"@id\":\"https:\\\/\\\/radiolitoral.com\\\/#website\",\"url\":\"https:\\\/\\\/radiolitoral.com\\\/\",\"name\":\"Radio Litoral\",\"description\":\"La radio local de la Marina Alta\",\"publisher\":{\"@id\":\"https:\\\/\\\/radiolitoral.com\\\/#organization\"},\"alternateName\":\"Litoral FM\",\"potentialAction\":[{\"@type\":\"SearchAction\",\"target\":{\"@type\":\"EntryPoint\",\"urlTemplate\":\"https:\\\/\\\/radiolitoral.com\\\/?s={search_term_string}\"},\"query-input\":{\"@type\":\"PropertyValueSpecification\",\"valueRequired\":true,\"valueName\":\"search_term_string\"}}],\"inLanguage\":\"ca\"},{\"@type\":\"Organization\",\"@id\":\"https:\\\/\\\/radiolitoral.com\\\/#organization\",\"name\":\"Radio Litoral\",\"url\":\"https:\\\/\\\/radiolitoral.com\\\/\",\"logo\":{\"@type\":\"ImageObject\",\"inLanguage\":\"ca\",\"@id\":\"https:\\\/\\\/radiolitoral.com\\\/#\\\/schema\\\/logo\\\/image\\\/\",\"url\":\"https:\\\/\\\/media.radiolitoral.com\\\/wp-content\\\/uploads\\\/2023\\\/02\\\/24143238\\\/CL-V-RadioLitoral696.png\",\"contentUrl\":\"https:\\\/\\\/media.radiolitoral.com\\\/wp-content\\\/uploads\\\/2023\\\/02\\\/24143238\\\/CL-V-RadioLitoral696.png\",\"width\":696,\"height\":696,\"caption\":\"Radio Litoral\"},\"image\":{\"@id\":\"https:\\\/\\\/radiolitoral.com\\\/#\\\/schema\\\/logo\\\/image\\\/\"},\"sameAs\":[\"https:\\\/\\\/www.facebook.com\\\/Laradiolitoral\\\/\"]},{\"@type\":\"Person\",\"@id\":\"https:\\\/\\\/radiolitoral.com\\\/#\\\/schema\\\/person\\\/f2b2343c49b5d721857cc1002bfdb151\",\"name\":\"Redacci\u00f3n\",\"image\":{\"@type\":\"ImageObject\",\"inLanguage\":\"ca\",\"@id\":\"https:\\\/\\\/secure.gravatar.com\\\/avatar\\\/f771d896c203ad8b3382d7905cfcce5a5c9b008b84b3cd9114e9b9f4cb63f789?s=96&d=mm&r=g\",\"url\":\"https:\\\/\\\/secure.gravatar.com\\\/avatar\\\/f771d896c203ad8b3382d7905cfcce5a5c9b008b84b3cd9114e9b9f4cb63f789?s=96&d=mm&r=g\",\"contentUrl\":\"https:\\\/\\\/secure.gravatar.com\\\/avatar\\\/f771d896c203ad8b3382d7905cfcce5a5c9b008b84b3cd9114e9b9f4cb63f789?s=96&d=mm&r=g\",\"caption\":\"Redacci\u00f3n\"},\"url\":\"https:\\\/\\\/radiolitoral.com\\\/ca\\\/author\\\/miriam-pagan\\\/\"}]}<\/script>\n<!-- \/ Yoast SEO plugin. -->","yoast_head_json":{"title":"La reversi\u00f3 del Departament de Salut de D\u00e9nia es far\u00e0 efectiva el febrer del 2024 | R\u00e0dio Litoral","description":"El Conseller confirma que la Generalitat comunicar\u00e0 la setmana que ve a Ribera Salut que no prorroga el seu contracte","robots":{"index":"index","follow":"follow","max-snippet":"max-snippet:-1","max-image-preview":"max-image-preview:large","max-video-preview":"max-video-preview:-1"},"canonical":"https:\/\/radiolitoral.com\/ca\/2023\/01\/la-reversio-del-departament-de-salut-de-denia-es-fara-efectiva-al-febrer-de-2024\/","og_locale":"ca_ES","og_type":"article","og_title":"La reversi\u00f3n del Departamento de Salud de Denia se har\u00e1 efectiva en febrero de 2024 | R\u00e0dio Litoral","og_description":"El Conseller confirma que la Generalitat comunicar\u00e1 la pr\u00f3xima semana a Ribera Salud que no prorroga su contrato","og_url":"https:\/\/radiolitoral.com\/ca\/2023\/01\/la-reversio-del-departament-de-salut-de-denia-es-fara-efectiva-al-febrer-de-2024\/","og_site_name":"R\u00e0dio Litoral","article_publisher":"https:\/\/www.facebook.com\/Laradiolitoral\/","article_published_time":"2023-01-27T13:16:21+00:00","article_modified_time":"2023-01-27T13:18:37+00:00","og_image":[{"width":2000,"height":1333,"url":"https:\/\/s3.eu-west-2.wasabisys.com\/radiolitoral.com\/wp-content\/uploads\/2023\/01\/27141439\/2021-Hospital-Marina-Salud-pasillo.jpg","type":"image\/jpeg"}],"author":"Redacci\u00f3n","twitter_card":"summary_large_image","twitter_misc":{"Escrit per":"Redacci\u00f3n","Temps estimat de lectura":"2 minuts"},"schema":{"@context":"https:\/\/schema.org","@graph":[{"@type":"NewsArticle","@id":"https:\/\/radiolitoral.com\/2023\/01\/la-reversion-del-departamento-de-salud-de-denia-se-hara-efectiva-en-febrero-de-2024\/#article","isPartOf":{"@id":"https:\/\/radiolitoral.com\/2023\/01\/la-reversion-del-departamento-de-salud-de-denia-se-hara-efectiva-en-febrero-de-2024\/"},"author":{"name":"Redacci\u00f3n","@id":"https:\/\/radiolitoral.com\/#\/schema\/person\/f2b2343c49b5d721857cc1002bfdb151"},"headline":"La reversi\u00f3n del Departamento de Salud de Denia se har\u00e1 efectiva en febrero de 2024","datePublished":"2023-01-27T13:16:21+00:00","dateModified":"2023-01-27T13:18:37+00:00","mainEntityOfPage":{"@id":"https:\/\/radiolitoral.com\/2023\/01\/la-reversion-del-departamento-de-salud-de-denia-se-hara-efectiva-en-febrero-de-2024\/"},"wordCount":322,"commentCount":0,"publisher":{"@id":"https:\/\/radiolitoral.com\/#organization"},"image":{"@id":"https:\/\/radiolitoral.com\/2023\/01\/la-reversion-del-departamento-de-salud-de-denia-se-hara-efectiva-en-febrero-de-2024\/#primaryimage"},"thumbnailUrl":"https:\/\/media.radiolitoral.com\/wp-content\/uploads\/2023\/01\/24143243\/2021-Hospital-Marina-Salud-pasillo.jpg","keywords":["Departamento Salud","Reversi\u00f3n","Sanidad","Servicios p\u00fablicos"],"articleSection":["Pol\u00edtica"],"inLanguage":"ca","potentialAction":[{"@type":"CommentAction","name":"Comment","target":["https:\/\/radiolitoral.com\/2023\/01\/la-reversion-del-departamento-de-salud-de-denia-se-hara-efectiva-en-febrero-de-2024\/#respond"]}]},{"@type":["WebPage","ItemPage"],"@id":"https:\/\/radiolitoral.com\/2023\/01\/la-reversion-del-departamento-de-salud-de-denia-se-hara-efectiva-en-febrero-de-2024\/","url":"https:\/\/radiolitoral.com\/2023\/01\/la-reversion-del-departamento-de-salud-de-denia-se-hara-efectiva-en-febrero-de-2024\/","name":"La reversi\u00f3 del Departament de Salut de D\u00e9nia es far\u00e0 efectiva el febrer del 2024 | R\u00e0dio Litoral","isPartOf":{"@id":"https:\/\/radiolitoral.com\/#website"},"primaryImageOfPage":{"@id":"https:\/\/radiolitoral.com\/2023\/01\/la-reversion-del-departamento-de-salud-de-denia-se-hara-efectiva-en-febrero-de-2024\/#primaryimage"},"image":{"@id":"https:\/\/radiolitoral.com\/2023\/01\/la-reversion-del-departamento-de-salud-de-denia-se-hara-efectiva-en-febrero-de-2024\/#primaryimage"},"thumbnailUrl":"https:\/\/media.radiolitoral.com\/wp-content\/uploads\/2023\/01\/24143243\/2021-Hospital-Marina-Salud-pasillo.jpg","datePublished":"2023-01-27T13:16:21+00:00","dateModified":"2023-01-27T13:18:37+00:00","description":"El Conseller confirma que la Generalitat comunicar\u00e0 la setmana que ve a Ribera Salut que no prorroga el seu contracte","breadcrumb":{"@id":"https:\/\/radiolitoral.com\/2023\/01\/la-reversion-del-departamento-de-salud-de-denia-se-hara-efectiva-en-febrero-de-2024\/#breadcrumb"},"inLanguage":"ca","potentialAction":[{"@type":"ReadAction","target":["https:\/\/radiolitoral.com\/2023\/01\/la-reversion-del-departamento-de-salud-de-denia-se-hara-efectiva-en-febrero-de-2024\/"]}]},{"@type":"ImageObject","inLanguage":"ca","@id":"https:\/\/radiolitoral.com\/2023\/01\/la-reversion-del-departamento-de-salud-de-denia-se-hara-efectiva-en-febrero-de-2024\/#primaryimage","url":"https:\/\/media.radiolitoral.com\/wp-content\/uploads\/2023\/01\/24143243\/2021-Hospital-Marina-Salud-pasillo.jpg","contentUrl":"https:\/\/media.radiolitoral.com\/wp-content\/uploads\/2023\/01\/24143243\/2021-Hospital-Marina-Salud-pasillo.jpg","width":2000,"height":1333},{"@type":"BreadcrumbList","@id":"https:\/\/radiolitoral.com\/2023\/01\/la-reversion-del-departamento-de-salud-de-denia-se-hara-efectiva-en-febrero-de-2024\/#breadcrumb","itemListElement":[{"@type":"ListItem","position":1,"name":"Portada","item":"https:\/\/radiolitoral.com\/"},{"@type":"ListItem","position":2,"name":"La reversi\u00f3n del Departamento de Salud de Denia se har\u00e1 efectiva en febrero de 2024"}]},{"@type":"WebSite","@id":"https:\/\/radiolitoral.com\/#website","url":"https:\/\/radiolitoral.com\/","name":"R\u00e0dio Litoral","description":"La r\u00e0dio local de la Marina Alta","publisher":{"@id":"https:\/\/radiolitoral.com\/#organization"},"alternateName":"Litoral FM","potentialAction":[{"@type":"SearchAction","target":{"@type":"EntryPoint","urlTemplate":"https:\/\/radiolitoral.com\/?s={search_term_string}"},"query-input":{"@type":"PropertyValueSpecification","valueRequired":true,"valueName":"search_term_string"}}],"inLanguage":"ca"},{"@type":"Organization","@id":"https:\/\/radiolitoral.com\/#organization","name":"R\u00e0dio Litoral","url":"https:\/\/radiolitoral.com\/","logo":{"@type":"ImageObject","inLanguage":"ca","@id":"https:\/\/radiolitoral.com\/#\/schema\/logo\/image\/","url":"https:\/\/media.radiolitoral.com\/wp-content\/uploads\/2023\/02\/24143238\/CL-V-RadioLitoral696.png","contentUrl":"https:\/\/media.radiolitoral.com\/wp-content\/uploads\/2023\/02\/24143238\/CL-V-RadioLitoral696.png","width":696,"height":696,"caption":"Radio Litoral"},"image":{"@id":"https:\/\/radiolitoral.com\/#\/schema\/logo\/image\/"},"sameAs":["https:\/\/www.facebook.com\/Laradiolitoral\/"]},{"@type":"Person","@id":"https:\/\/radiolitoral.com\/#\/schema\/person\/f2b2343c49b5d721857cc1002bfdb151","name":"Redacci\u00f3","image":{"@type":"ImageObject","inLanguage":"ca","@id":"https:\/\/secure.gravatar.com\/avatar\/f771d896c203ad8b3382d7905cfcce5a5c9b008b84b3cd9114e9b9f4cb63f789?s=96&d=mm&r=g","url":"https:\/\/secure.gravatar.com\/avatar\/f771d896c203ad8b3382d7905cfcce5a5c9b008b84b3cd9114e9b9f4cb63f789?s=96&d=mm&r=g","contentUrl":"https:\/\/secure.gravatar.com\/avatar\/f771d896c203ad8b3382d7905cfcce5a5c9b008b84b3cd9114e9b9f4cb63f789?s=96&d=mm&r=g","caption":"Redacci\u00f3n"},"url":"https:\/\/radiolitoral.com\/ca\/author\/miriam-pagan\/"}]}},"_links":{"self":[{"href":"https:\/\/radiolitoral.com\/ca\/wp-json\/wp\/v2\/posts\/570","targetHints":{"allow":["GET"]}}],"collection":[{"href":"https:\/\/radiolitoral.com\/ca\/wp-json\/wp\/v2\/posts"}],"about":[{"href":"https:\/\/radiolitoral.com\/ca\/wp-json\/wp\/v2\/types\/post"}],"author":[{"embeddable":true,"href":"https:\/\/radiolitoral.com\/ca\/wp-json\/wp\/v2\/users\/13"}],"replies":[{"embeddable":true,"href":"https:\/\/radiolitoral.com\/ca\/wp-json\/wp\/v2\/comments?post=570"}],"version-history":[{"count":4,"href":"https:\/\/radiolitoral.com\/ca\/wp-json\/wp\/v2\/posts\/570\/revisions"}],"predecessor-version":[{"id":579,"href":"https:\/\/radiolitoral.com\/ca\/wp-json\/wp\/v2\/posts\/570\/revisions\/579"}],"wp:featuredmedia":[{"embeddable":true,"href":"https:\/\/radiolitoral.com\/ca\/wp-json\/wp\/v2\/media\/574"}],"wp:attachment":[{"href":"https:\/\/radiolitoral.com\/ca\/wp-json\/wp\/v2\/media?parent=570"}],"wp:term":[{"taxonomy":"category","embeddable":true,"href":"https:\/\/radiolitoral.com\/ca\/wp-json\/wp\/v2\/categories?post=570"},{"taxonomy":"post_tag","embeddable":true,"href":"https:\/\/radiolitoral.com\/ca\/wp-json\/wp\/v2\/tags?post=570"}],"curies":[{"name":"wp","href":"https:\/\/api.w.org\/{rel}","templated":true}]}}