{"id":5670,"date":"2023-11-20T14:48:23","date_gmt":"2023-11-20T13:48:23","guid":{"rendered":"https:\/\/radiolitoral.com\/?p=5670"},"modified":"2023-11-20T14:48:23","modified_gmt":"2023-11-20T13:48:23","slug":"reiniciem-fa-una-crida-a-mobilitzar-se-contra-la-pujada-dels-impostos-a-benissa","status":"publish","type":"post","link":"https:\/\/radiolitoral.com\/ca\/2023\/11\/reiniciem-hace-un-llamamiento-a-movilizarse-contra-la-subida-de-los-impuestos-en-benissa\/","title":{"rendered":"Reiniciem fa una crida a mobilitzar-se contra la pujada dels impostos a Benissa"},"content":{"rendered":"<p>A <strong>Benissa<\/strong>, els ve\u00efns estan convocats a <strong><a href=\"https:\/\/radiolitoral.com\/ca\/2023\/11\/benissa-es-manifestes-contra-la-pujada-dimpostos-aprovada-pel-govern-local\/\">manifestar-se<\/a> contra la pujada d&#039;impostos<\/strong> aprovada per l&#039;executiu local. La cita est\u00e0 prevista per al <strong>divendres, 24 de novembre<\/strong>, i la promouen els grups pol\u00edtics a l&#039;oposici\u00f3 i Benissa Actua.<\/p>\n<p>Entre els convocants,<strong> Reiniciem Benissa<\/strong>, ha llan\u00e7at un comunicat fent una crida a la poblaci\u00f3 perqu\u00e8 se sumi a aquesta protesta. Convidant els ve\u00efns a sortir al carrer per cridar que &quot;no volen la brutal pujada de l&#039;IBI i l&#039;impost de vehicles que ha aprovat el govern liderat pel popular Arturo Poquet&quot;.<\/p>\n<p>Des de Reiniciem Benissa consideren que la mesura suposa un <strong>cop molt dur per a les economies familiars<\/strong> i s&#039;ha fet sense valorar altres opcions que podrien haver ajudat a quadrar els comptes municipals. Uns comptes, insisteixen des de l&#039;agrupaci\u00f3, molt minvats per nombroses sent\u00e8ncies judicials contr\u00e0ries a l&#039;Ajuntament, causades, afegeixen, per la mala gesti\u00f3 del Partit Popular.<\/p>\n<p>Des de l&#039;agrupaci\u00f3 d&#039;electors creuen fermament que encara hi ha temps per revertir aquesta situaci\u00f3 mitjan\u00e7ant la presentaci\u00f3 de <strong>al\u00b7legacions i pressi\u00f3 social<\/strong>. La cita a les 20 hores a la Pla\u00e7a Rei Jaume I.<\/p>\n<p>Aix\u00ed ho ha expressat, Juan Carlos Mut, que \u00e9s el portaveu de Reiniciem.<\/p>\n<audio class=\"wp-audio-shortcode\" id=\"audio-5670-1\" preload=\"none\" style=\"width: 100%;\" controls=\"controls\"><source type=\"audio\/mpeg\" src=\"https:\/\/media.radiolitoral.com\/wp-content\/uploads\/2023\/11\/20144615\/Juan-Carlos-Mut-1.mp3?_=1\" \/><a href=\"https:\/\/media.radiolitoral.com\/wp-content\/uploads\/2023\/11\/20144615\/Juan-Carlos-Mut-1.mp3\">https:\/\/media.radiolitoral.com\/wp-content\/uploads\/2023\/11\/20144615\/Juan-Carlos-Mut-1.mp3<\/a><\/audio>","protected":false},"excerpt":{"rendered":"<p>En Benissa, los vecinos est\u00e1n convocados a manifestarse contra la subida de impuestos aprobada por el ejecutivo local. La cita est\u00e1 prevista para el viernes, 24 de noviembre, y la promueven los grupos pol\u00edticos en la oposici\u00f3n y Benissa Actua. Entre los convocantes, Reiniciem Benissa, ha lanzado un comunicado haciendo un llamamiento a la poblaci\u00f3n [&#8230;]<\/p>\n<p><a class=\"btn btn-secondary understrap-read-more-link\" href=\"https:\/\/radiolitoral.com\/ca\/2023\/11\/reiniciem-hace-un-llamamiento-a-movilizarse-contra-la-subida-de-los-impuestos-en-benissa\/\">Continua llegint&#8230;<span class=\"screen-reader-text\"> from Reiniciem hace un llamamiento a movilizarse contra la subida de los impuestos en Benissa<\/span><\/a><\/p>\n","protected":false},"author":13,"featured_media":5672,"comment_status":"open","ping_status":"closed","sticky":false,"template":"","format":"standard","meta":{"_acf_changed":false,"inline_featured_image":false,"footnotes":""},"categories":[851,853,13],"tags":[],"class_list":["post-5670","post","type-post","status-publish","format-standard","has-post-thumbnail","hentry","category-impuestos","category-movilizaciones","category-politica","cobertura-benissa"],"acf":[],"yoast_head":"<!-- This site is optimized with the Yoast SEO plugin v27.5 - https:\/\/yoast.com\/product\/yoast-seo-wordpress\/ -->\n<title>Reiniciem hace un llamamiento a movilizarse contra la subida de los impuestos en Benissa | R\u00e0dio Litoral<\/title>\n<meta name=\"description\" content=\"Reiniciem Benissa cree que todav\u00eda hay tiempo para revertir el incremento del IBI y el IVTM mediante alegaciones y presi\u00f3n social\" \/>\n<meta name=\"robots\" content=\"index, follow, max-snippet:-1, max-image-preview:large, max-video-preview:-1\" \/>\n<link rel=\"canonical\" href=\"https:\/\/radiolitoral.com\/ca\/2023\/11\/reiniciem-fa-una-crida-a-mobilitzar-se-contra-la-pujada-dels-impostos-a-benissa\/\" \/>\n<meta property=\"og:locale\" content=\"ca_ES\" \/>\n<meta property=\"og:type\" content=\"article\" \/>\n<meta property=\"og:title\" content=\"Reiniciem hace un llamamiento a movilizarse contra la subida de los impuestos en Benissa | R\u00e0dio Litoral\" \/>\n<meta property=\"og:description\" content=\"Reiniciem Benissa cree que todav\u00eda hay tiempo para revertir el incremento del IBI y el IVTM mediante alegaciones y presi\u00f3n social\" \/>\n<meta property=\"og:url\" content=\"https:\/\/radiolitoral.com\/ca\/2023\/11\/reiniciem-fa-una-crida-a-mobilitzar-se-contra-la-pujada-dels-impostos-a-benissa\/\" \/>\n<meta property=\"og:site_name\" content=\"R\u00e0dio Litoral\" \/>\n<meta property=\"article:publisher\" content=\"https:\/\/www.facebook.com\/Laradiolitoral\/\" \/>\n<meta property=\"article:published_time\" content=\"2023-11-20T13:48:23+00:00\" \/>\n<meta property=\"og:image\" content=\"https:\/\/media.radiolitoral.com\/wp-content\/uploads\/2023\/11\/20144751\/Benissa.-miembros-de-la-candidatura-Reiniciem-Benissa-2023.jpg\" \/>\n\t<meta property=\"og:image:width\" content=\"1600\" \/>\n\t<meta property=\"og:image:height\" content=\"1200\" \/>\n\t<meta property=\"og:image:type\" content=\"image\/jpeg\" \/>\n<meta name=\"author\" content=\"Redacci\u00f3n\" \/>\n<meta name=\"twitter:card\" content=\"summary_large_image\" \/>\n<meta name=\"twitter:label1\" content=\"Escrit per\" \/>\n\t<meta name=\"twitter:data1\" content=\"Redacci\u00f3n\" \/>\n\t<meta name=\"twitter:label2\" content=\"Temps estimat de lectura\" \/>\n\t<meta name=\"twitter:data2\" content=\"1 minut\" \/>\n<script type=\"application\/ld+json\" class=\"yoast-schema-graph\">{\"@context\":\"https:\\\/\\\/schema.org\",\"@graph\":[{\"@type\":\"NewsArticle\",\"@id\":\"https:\\\/\\\/radiolitoral.com\\\/2023\\\/11\\\/reiniciem-hace-un-llamamiento-a-movilizarse-contra-la-subida-de-los-impuestos-en-benissa\\\/#article\",\"isPartOf\":{\"@id\":\"https:\\\/\\\/radiolitoral.com\\\/2023\\\/11\\\/reiniciem-hace-un-llamamiento-a-movilizarse-contra-la-subida-de-los-impuestos-en-benissa\\\/\"},\"author\":{\"name\":\"Redacci\u00f3n\",\"@id\":\"https:\\\/\\\/radiolitoral.com\\\/#\\\/schema\\\/person\\\/f2b2343c49b5d721857cc1002bfdb151\"},\"headline\":\"Reiniciem hace un llamamiento a movilizarse contra la subida de los impuestos en Benissa\",\"datePublished\":\"2023-11-20T13:48:23+00:00\",\"mainEntityOfPage\":{\"@id\":\"https:\\\/\\\/radiolitoral.com\\\/2023\\\/11\\\/reiniciem-hace-un-llamamiento-a-movilizarse-contra-la-subida-de-los-impuestos-en-benissa\\\/\"},\"wordCount\":238,\"commentCount\":0,\"publisher\":{\"@id\":\"https:\\\/\\\/radiolitoral.com\\\/#organization\"},\"image\":{\"@id\":\"https:\\\/\\\/radiolitoral.com\\\/2023\\\/11\\\/reiniciem-hace-un-llamamiento-a-movilizarse-contra-la-subida-de-los-impuestos-en-benissa\\\/#primaryimage\"},\"thumbnailUrl\":\"https:\\\/\\\/media.radiolitoral.com\\\/wp-content\\\/uploads\\\/2023\\\/11\\\/20144751\\\/Benissa.-miembros-de-la-candidatura-Reiniciem-Benissa-2023.jpg\",\"articleSection\":[\"impuestos\",\"Movilizaciones\",\"Pol\u00edtica\"],\"inLanguage\":\"ca\",\"potentialAction\":[{\"@type\":\"CommentAction\",\"name\":\"Comment\",\"target\":[\"https:\\\/\\\/radiolitoral.com\\\/2023\\\/11\\\/reiniciem-hace-un-llamamiento-a-movilizarse-contra-la-subida-de-los-impuestos-en-benissa\\\/#respond\"]}]},{\"@type\":[\"WebPage\",\"ItemPage\"],\"@id\":\"https:\\\/\\\/radiolitoral.com\\\/2023\\\/11\\\/reiniciem-hace-un-llamamiento-a-movilizarse-contra-la-subida-de-los-impuestos-en-benissa\\\/\",\"url\":\"https:\\\/\\\/radiolitoral.com\\\/2023\\\/11\\\/reiniciem-hace-un-llamamiento-a-movilizarse-contra-la-subida-de-los-impuestos-en-benissa\\\/\",\"name\":\"Reiniciem hace un llamamiento a movilizarse contra la subida de los impuestos en Benissa | R\u00e0dio Litoral\",\"isPartOf\":{\"@id\":\"https:\\\/\\\/radiolitoral.com\\\/#website\"},\"primaryImageOfPage\":{\"@id\":\"https:\\\/\\\/radiolitoral.com\\\/2023\\\/11\\\/reiniciem-hace-un-llamamiento-a-movilizarse-contra-la-subida-de-los-impuestos-en-benissa\\\/#primaryimage\"},\"image\":{\"@id\":\"https:\\\/\\\/radiolitoral.com\\\/2023\\\/11\\\/reiniciem-hace-un-llamamiento-a-movilizarse-contra-la-subida-de-los-impuestos-en-benissa\\\/#primaryimage\"},\"thumbnailUrl\":\"https:\\\/\\\/media.radiolitoral.com\\\/wp-content\\\/uploads\\\/2023\\\/11\\\/20144751\\\/Benissa.-miembros-de-la-candidatura-Reiniciem-Benissa-2023.jpg\",\"datePublished\":\"2023-11-20T13:48:23+00:00\",\"description\":\"Reiniciem Benissa cree que todav\u00eda hay tiempo para revertir el incremento del IBI y el IVTM mediante alegaciones y presi\u00f3n social\",\"breadcrumb\":{\"@id\":\"https:\\\/\\\/radiolitoral.com\\\/2023\\\/11\\\/reiniciem-hace-un-llamamiento-a-movilizarse-contra-la-subida-de-los-impuestos-en-benissa\\\/#breadcrumb\"},\"inLanguage\":\"ca\",\"potentialAction\":[{\"@type\":\"ReadAction\",\"target\":[\"https:\\\/\\\/radiolitoral.com\\\/2023\\\/11\\\/reiniciem-hace-un-llamamiento-a-movilizarse-contra-la-subida-de-los-impuestos-en-benissa\\\/\"]}]},{\"@type\":\"ImageObject\",\"inLanguage\":\"ca\",\"@id\":\"https:\\\/\\\/radiolitoral.com\\\/2023\\\/11\\\/reiniciem-hace-un-llamamiento-a-movilizarse-contra-la-subida-de-los-impuestos-en-benissa\\\/#primaryimage\",\"url\":\"https:\\\/\\\/media.radiolitoral.com\\\/wp-content\\\/uploads\\\/2023\\\/11\\\/20144751\\\/Benissa.-miembros-de-la-candidatura-Reiniciem-Benissa-2023.jpg\",\"contentUrl\":\"https:\\\/\\\/media.radiolitoral.com\\\/wp-content\\\/uploads\\\/2023\\\/11\\\/20144751\\\/Benissa.-miembros-de-la-candidatura-Reiniciem-Benissa-2023.jpg\",\"width\":1600,\"height\":1200},{\"@type\":\"BreadcrumbList\",\"@id\":\"https:\\\/\\\/radiolitoral.com\\\/2023\\\/11\\\/reiniciem-hace-un-llamamiento-a-movilizarse-contra-la-subida-de-los-impuestos-en-benissa\\\/#breadcrumb\",\"itemListElement\":[{\"@type\":\"ListItem\",\"position\":1,\"name\":\"Portada\",\"item\":\"https:\\\/\\\/radiolitoral.com\\\/\"},{\"@type\":\"ListItem\",\"position\":2,\"name\":\"Reiniciem hace un llamamiento a movilizarse contra la subida de los impuestos en Benissa\"}]},{\"@type\":\"WebSite\",\"@id\":\"https:\\\/\\\/radiolitoral.com\\\/#website\",\"url\":\"https:\\\/\\\/radiolitoral.com\\\/\",\"name\":\"Radio Litoral\",\"description\":\"La radio local de la Marina Alta\",\"publisher\":{\"@id\":\"https:\\\/\\\/radiolitoral.com\\\/#organization\"},\"alternateName\":\"Litoral FM\",\"potentialAction\":[{\"@type\":\"SearchAction\",\"target\":{\"@type\":\"EntryPoint\",\"urlTemplate\":\"https:\\\/\\\/radiolitoral.com\\\/?s={search_term_string}\"},\"query-input\":{\"@type\":\"PropertyValueSpecification\",\"valueRequired\":true,\"valueName\":\"search_term_string\"}}],\"inLanguage\":\"ca\"},{\"@type\":\"Organization\",\"@id\":\"https:\\\/\\\/radiolitoral.com\\\/#organization\",\"name\":\"Radio Litoral\",\"url\":\"https:\\\/\\\/radiolitoral.com\\\/\",\"logo\":{\"@type\":\"ImageObject\",\"inLanguage\":\"ca\",\"@id\":\"https:\\\/\\\/radiolitoral.com\\\/#\\\/schema\\\/logo\\\/image\\\/\",\"url\":\"https:\\\/\\\/media.radiolitoral.com\\\/wp-content\\\/uploads\\\/2023\\\/02\\\/24143238\\\/CL-V-RadioLitoral696.png\",\"contentUrl\":\"https:\\\/\\\/media.radiolitoral.com\\\/wp-content\\\/uploads\\\/2023\\\/02\\\/24143238\\\/CL-V-RadioLitoral696.png\",\"width\":696,\"height\":696,\"caption\":\"Radio Litoral\"},\"image\":{\"@id\":\"https:\\\/\\\/radiolitoral.com\\\/#\\\/schema\\\/logo\\\/image\\\/\"},\"sameAs\":[\"https:\\\/\\\/www.facebook.com\\\/Laradiolitoral\\\/\"]},{\"@type\":\"Person\",\"@id\":\"https:\\\/\\\/radiolitoral.com\\\/#\\\/schema\\\/person\\\/f2b2343c49b5d721857cc1002bfdb151\",\"name\":\"Redacci\u00f3n\",\"image\":{\"@type\":\"ImageObject\",\"inLanguage\":\"ca\",\"@id\":\"https:\\\/\\\/secure.gravatar.com\\\/avatar\\\/f771d896c203ad8b3382d7905cfcce5a5c9b008b84b3cd9114e9b9f4cb63f789?s=96&d=mm&r=g\",\"url\":\"https:\\\/\\\/secure.gravatar.com\\\/avatar\\\/f771d896c203ad8b3382d7905cfcce5a5c9b008b84b3cd9114e9b9f4cb63f789?s=96&d=mm&r=g\",\"contentUrl\":\"https:\\\/\\\/secure.gravatar.com\\\/avatar\\\/f771d896c203ad8b3382d7905cfcce5a5c9b008b84b3cd9114e9b9f4cb63f789?s=96&d=mm&r=g\",\"caption\":\"Redacci\u00f3n\"},\"url\":\"https:\\\/\\\/radiolitoral.com\\\/ca\\\/author\\\/miriam-pagan\\\/\"}]}<\/script>\n<!-- \/ Yoast SEO plugin. -->","yoast_head_json":{"title":"Reiniciem fa una crida a mobilitzar-se contra la pujada dels impostos a Benissa | R\u00e0dio Litoral","description":"Reiniciem Benissa creu que encara hi ha temps per revertir l&#039;increment de l&#039;IBI i l&#039;IVTM mitjan\u00e7ant al\u00b7legacions i pressi\u00f3 social","robots":{"index":"index","follow":"follow","max-snippet":"max-snippet:-1","max-image-preview":"max-image-preview:large","max-video-preview":"max-video-preview:-1"},"canonical":"https:\/\/radiolitoral.com\/ca\/2023\/11\/reiniciem-fa-una-crida-a-mobilitzar-se-contra-la-pujada-dels-impostos-a-benissa\/","og_locale":"ca_ES","og_type":"article","og_title":"Reiniciem hace un llamamiento a movilizarse contra la subida de los impuestos en Benissa | R\u00e0dio Litoral","og_description":"Reiniciem Benissa cree que todav\u00eda hay tiempo para revertir el incremento del IBI y el IVTM mediante alegaciones y presi\u00f3n social","og_url":"https:\/\/radiolitoral.com\/ca\/2023\/11\/reiniciem-fa-una-crida-a-mobilitzar-se-contra-la-pujada-dels-impostos-a-benissa\/","og_site_name":"R\u00e0dio Litoral","article_publisher":"https:\/\/www.facebook.com\/Laradiolitoral\/","article_published_time":"2023-11-20T13:48:23+00:00","og_image":[{"width":1600,"height":1200,"url":"https:\/\/media.radiolitoral.com\/wp-content\/uploads\/2023\/11\/20144751\/Benissa.-miembros-de-la-candidatura-Reiniciem-Benissa-2023.jpg","type":"image\/jpeg"}],"author":"Redacci\u00f3n","twitter_card":"summary_large_image","twitter_misc":{"Escrit per":"Redacci\u00f3n","Temps estimat de lectura":"1 minut"},"schema":{"@context":"https:\/\/schema.org","@graph":[{"@type":"NewsArticle","@id":"https:\/\/radiolitoral.com\/2023\/11\/reiniciem-hace-un-llamamiento-a-movilizarse-contra-la-subida-de-los-impuestos-en-benissa\/#article","isPartOf":{"@id":"https:\/\/radiolitoral.com\/2023\/11\/reiniciem-hace-un-llamamiento-a-movilizarse-contra-la-subida-de-los-impuestos-en-benissa\/"},"author":{"name":"Redacci\u00f3n","@id":"https:\/\/radiolitoral.com\/#\/schema\/person\/f2b2343c49b5d721857cc1002bfdb151"},"headline":"Reiniciem hace un llamamiento a movilizarse contra la subida de los impuestos en Benissa","datePublished":"2023-11-20T13:48:23+00:00","mainEntityOfPage":{"@id":"https:\/\/radiolitoral.com\/2023\/11\/reiniciem-hace-un-llamamiento-a-movilizarse-contra-la-subida-de-los-impuestos-en-benissa\/"},"wordCount":238,"commentCount":0,"publisher":{"@id":"https:\/\/radiolitoral.com\/#organization"},"image":{"@id":"https:\/\/radiolitoral.com\/2023\/11\/reiniciem-hace-un-llamamiento-a-movilizarse-contra-la-subida-de-los-impuestos-en-benissa\/#primaryimage"},"thumbnailUrl":"https:\/\/media.radiolitoral.com\/wp-content\/uploads\/2023\/11\/20144751\/Benissa.-miembros-de-la-candidatura-Reiniciem-Benissa-2023.jpg","articleSection":["impuestos","Movilizaciones","Pol\u00edtica"],"inLanguage":"ca","potentialAction":[{"@type":"CommentAction","name":"Comment","target":["https:\/\/radiolitoral.com\/2023\/11\/reiniciem-hace-un-llamamiento-a-movilizarse-contra-la-subida-de-los-impuestos-en-benissa\/#respond"]}]},{"@type":["WebPage","ItemPage"],"@id":"https:\/\/radiolitoral.com\/2023\/11\/reiniciem-hace-un-llamamiento-a-movilizarse-contra-la-subida-de-los-impuestos-en-benissa\/","url":"https:\/\/radiolitoral.com\/2023\/11\/reiniciem-hace-un-llamamiento-a-movilizarse-contra-la-subida-de-los-impuestos-en-benissa\/","name":"Reiniciem fa una crida a mobilitzar-se contra la pujada dels impostos a Benissa | R\u00e0dio Litoral","isPartOf":{"@id":"https:\/\/radiolitoral.com\/#website"},"primaryImageOfPage":{"@id":"https:\/\/radiolitoral.com\/2023\/11\/reiniciem-hace-un-llamamiento-a-movilizarse-contra-la-subida-de-los-impuestos-en-benissa\/#primaryimage"},"image":{"@id":"https:\/\/radiolitoral.com\/2023\/11\/reiniciem-hace-un-llamamiento-a-movilizarse-contra-la-subida-de-los-impuestos-en-benissa\/#primaryimage"},"thumbnailUrl":"https:\/\/media.radiolitoral.com\/wp-content\/uploads\/2023\/11\/20144751\/Benissa.-miembros-de-la-candidatura-Reiniciem-Benissa-2023.jpg","datePublished":"2023-11-20T13:48:23+00:00","description":"Reiniciem Benissa creu que encara hi ha temps per revertir l&#039;increment de l&#039;IBI i l&#039;IVTM mitjan\u00e7ant al\u00b7legacions i pressi\u00f3 social","breadcrumb":{"@id":"https:\/\/radiolitoral.com\/2023\/11\/reiniciem-hace-un-llamamiento-a-movilizarse-contra-la-subida-de-los-impuestos-en-benissa\/#breadcrumb"},"inLanguage":"ca","potentialAction":[{"@type":"ReadAction","target":["https:\/\/radiolitoral.com\/2023\/11\/reiniciem-hace-un-llamamiento-a-movilizarse-contra-la-subida-de-los-impuestos-en-benissa\/"]}]},{"@type":"ImageObject","inLanguage":"ca","@id":"https:\/\/radiolitoral.com\/2023\/11\/reiniciem-hace-un-llamamiento-a-movilizarse-contra-la-subida-de-los-impuestos-en-benissa\/#primaryimage","url":"https:\/\/media.radiolitoral.com\/wp-content\/uploads\/2023\/11\/20144751\/Benissa.-miembros-de-la-candidatura-Reiniciem-Benissa-2023.jpg","contentUrl":"https:\/\/media.radiolitoral.com\/wp-content\/uploads\/2023\/11\/20144751\/Benissa.-miembros-de-la-candidatura-Reiniciem-Benissa-2023.jpg","width":1600,"height":1200},{"@type":"BreadcrumbList","@id":"https:\/\/radiolitoral.com\/2023\/11\/reiniciem-hace-un-llamamiento-a-movilizarse-contra-la-subida-de-los-impuestos-en-benissa\/#breadcrumb","itemListElement":[{"@type":"ListItem","position":1,"name":"Portada","item":"https:\/\/radiolitoral.com\/"},{"@type":"ListItem","position":2,"name":"Reiniciem hace un llamamiento a movilizarse contra la subida de los impuestos en Benissa"}]},{"@type":"WebSite","@id":"https:\/\/radiolitoral.com\/#website","url":"https:\/\/radiolitoral.com\/","name":"R\u00e0dio Litoral","description":"La r\u00e0dio local de la Marina Alta","publisher":{"@id":"https:\/\/radiolitoral.com\/#organization"},"alternateName":"Litoral FM","potentialAction":[{"@type":"SearchAction","target":{"@type":"EntryPoint","urlTemplate":"https:\/\/radiolitoral.com\/?s={search_term_string}"},"query-input":{"@type":"PropertyValueSpecification","valueRequired":true,"valueName":"search_term_string"}}],"inLanguage":"ca"},{"@type":"Organization","@id":"https:\/\/radiolitoral.com\/#organization","name":"R\u00e0dio Litoral","url":"https:\/\/radiolitoral.com\/","logo":{"@type":"ImageObject","inLanguage":"ca","@id":"https:\/\/radiolitoral.com\/#\/schema\/logo\/image\/","url":"https:\/\/media.radiolitoral.com\/wp-content\/uploads\/2023\/02\/24143238\/CL-V-RadioLitoral696.png","contentUrl":"https:\/\/media.radiolitoral.com\/wp-content\/uploads\/2023\/02\/24143238\/CL-V-RadioLitoral696.png","width":696,"height":696,"caption":"Radio Litoral"},"image":{"@id":"https:\/\/radiolitoral.com\/#\/schema\/logo\/image\/"},"sameAs":["https:\/\/www.facebook.com\/Laradiolitoral\/"]},{"@type":"Person","@id":"https:\/\/radiolitoral.com\/#\/schema\/person\/f2b2343c49b5d721857cc1002bfdb151","name":"Redacci\u00f3","image":{"@type":"ImageObject","inLanguage":"ca","@id":"https:\/\/secure.gravatar.com\/avatar\/f771d896c203ad8b3382d7905cfcce5a5c9b008b84b3cd9114e9b9f4cb63f789?s=96&d=mm&r=g","url":"https:\/\/secure.gravatar.com\/avatar\/f771d896c203ad8b3382d7905cfcce5a5c9b008b84b3cd9114e9b9f4cb63f789?s=96&d=mm&r=g","contentUrl":"https:\/\/secure.gravatar.com\/avatar\/f771d896c203ad8b3382d7905cfcce5a5c9b008b84b3cd9114e9b9f4cb63f789?s=96&d=mm&r=g","caption":"Redacci\u00f3n"},"url":"https:\/\/radiolitoral.com\/ca\/author\/miriam-pagan\/"}]}},"_links":{"self":[{"href":"https:\/\/radiolitoral.com\/ca\/wp-json\/wp\/v2\/posts\/5670","targetHints":{"allow":["GET"]}}],"collection":[{"href":"https:\/\/radiolitoral.com\/ca\/wp-json\/wp\/v2\/posts"}],"about":[{"href":"https:\/\/radiolitoral.com\/ca\/wp-json\/wp\/v2\/types\/post"}],"author":[{"embeddable":true,"href":"https:\/\/radiolitoral.com\/ca\/wp-json\/wp\/v2\/users\/13"}],"replies":[{"embeddable":true,"href":"https:\/\/radiolitoral.com\/ca\/wp-json\/wp\/v2\/comments?post=5670"}],"version-history":[{"count":2,"href":"https:\/\/radiolitoral.com\/ca\/wp-json\/wp\/v2\/posts\/5670\/revisions"}],"predecessor-version":[{"id":5674,"href":"https:\/\/radiolitoral.com\/ca\/wp-json\/wp\/v2\/posts\/5670\/revisions\/5674"}],"wp:featuredmedia":[{"embeddable":true,"href":"https:\/\/radiolitoral.com\/ca\/wp-json\/wp\/v2\/media\/5672"}],"wp:attachment":[{"href":"https:\/\/radiolitoral.com\/ca\/wp-json\/wp\/v2\/media?parent=5670"}],"wp:term":[{"taxonomy":"category","embeddable":true,"href":"https:\/\/radiolitoral.com\/ca\/wp-json\/wp\/v2\/categories?post=5670"},{"taxonomy":"post_tag","embeddable":true,"href":"https:\/\/radiolitoral.com\/ca\/wp-json\/wp\/v2\/tags?post=5670"}],"curies":[{"name":"wp","href":"https:\/\/api.w.org\/{rel}","templated":true}]}}