{"id":5556,"date":"2023-11-13T18:28:03","date_gmt":"2023-11-13T17:28:03","guid":{"rendered":"https:\/\/radiolitoral.com\/?p=5556"},"modified":"2023-11-13T18:28:03","modified_gmt":"2023-11-13T17:28:03","slug":"els-menors-de-benitatxell-disposaran-dun-carn-de-drets-de-la-infancia","status":"publish","type":"post","link":"https:\/\/radiolitoral.com\/ca\/2023\/11\/los-menores-de-benitatxell-dispondran-de-un-carne-de-derechos-de-la-infancia\/","title":{"rendered":"Els menors de Benitatxell disposaran d&#039;un carnet de drets de la inf\u00e0ncia"},"content":{"rendered":"<p><strong>El Poble Nou de Benitatxell <\/strong>celebra un any m\u00e9s <strong>el Dia Internacional dels Drets de la Inf\u00e0ncia <\/strong>amb una jornada plena d&#039;activitats per als menors de la localitat. Ser\u00e0 el dissabte, 18 de novembre. Per a aquesta jornada, des de la regidoria d&#039;Inf\u00e0ncia, se n&#039;ha preparat una <strong>Fira dels Drets de la Inf\u00e0ncia<\/strong>, un espai amb diferents zones que comptar\u00e0 amb professionals en el camp de l&#039;animaci\u00f3 sociocultural distribu\u00efts en diferents espais on s&#039;oferiran diferents activitats i serveis.<\/p>\n<p>L\u00b4entrada a totes les activitats \u00e9s totalment lliure i gratu\u00efta. Als nens i nenes se&#039;ls lliurar\u00e0 un <strong>carnet de Drets de la Inf\u00e0ncia<\/strong>, que aniran completant amb un segell per cada dret aconseguit al seu pas per les zones habilitades a aquest efecte. Un cop completats els buits del carnet, podran acudir a l&#039;espai per canviar-lo per una xapa dels drets elaborada per ells mateixos amb el nom.<\/p>\n<p>La Fira dels Drets de la Inf\u00e0ncia inclour\u00e0 parades de menjar, elaboraci\u00f3 d&#039;un mural, castells inflables, jocs, tallers art\u00edstics, pintacares, globofl\u00e8xia i un llarg etc\u00e8tera.<\/p>\n<p>El <strong>regidor d&#039;Inf\u00e0ncia i Educaci\u00f3, Jorge Pascual<\/strong>, ha recordat que El Poble Nou de Benitatxell va rebre el 2021 el reconeixement que ho acredita com <strong>&#039;Ciutat Amiga de la Inf\u00e0ncia&#039;<\/strong>, un distintiu que atorga UNICEF a les localitats compromeses amb el compliment dels drets dels nens, els nens i els adolescents d&#039;acord amb la Convenci\u00f3 sobre els Drets de l&#039;Infant.<\/p>\n<audio class=\"wp-audio-shortcode\" id=\"audio-5556-1\" preload=\"none\" style=\"width: 100%;\" controls=\"controls\"><source type=\"audio\/mpeg\" src=\"https:\/\/media.radiolitoral.com\/wp-content\/uploads\/2023\/11\/13182049\/Jorge-Pascual.mp3?_=1\" \/><a href=\"https:\/\/media.radiolitoral.com\/wp-content\/uploads\/2023\/11\/13182049\/Jorge-Pascual.mp3\">https:\/\/media.radiolitoral.com\/wp-content\/uploads\/2023\/11\/13182049\/Jorge-Pascual.mp3<\/a><\/audio>\n<p><strong>\u00a0<\/strong><\/p>","protected":false},"excerpt":{"rendered":"<p>El Poble Nou de Benitatxell celebra un a\u00f1o m\u00e1s el D\u00eda Internacional de los Derechos de la Infancia con una jornada repleta de actividades para los menores de la localidad. Ser\u00e1 el s\u00e1bado, 18 de noviembre. Para esa jornada, desde la concejal\u00eda de Infancia, se ha preparado una Feria de los Derechos de la Infancia, [&#8230;]<\/p>\n<p><a class=\"btn btn-secondary understrap-read-more-link\" href=\"https:\/\/radiolitoral.com\/ca\/2023\/11\/los-menores-de-benitatxell-dispondran-de-un-carne-de-derechos-de-la-infancia\/\">Continua llegint&#8230;<span class=\"screen-reader-text\"> from Los menores de Benitatxell dispondr\u00e1n de un carn\u00e9 de Derechos de la Infancia<\/span><\/a><\/p>\n","protected":false},"author":13,"featured_media":5558,"comment_status":"open","ping_status":"closed","sticky":false,"template":"","format":"standard","meta":{"_acf_changed":false,"inline_featured_image":false,"footnotes":""},"categories":[130,852,60],"tags":[214],"class_list":["post-5556","post","type-post","status-publish","format-standard","has-post-thumbnail","hentry","category-educacion","category-infancia","category-ocio","tag-infancia","cobertura-poble-nou-de-benitatxell"],"acf":[],"yoast_head":"<!-- This site is optimized with the Yoast SEO plugin v27.5 - https:\/\/yoast.com\/product\/yoast-seo-wordpress\/ -->\n<title>Los menores de Benitatxell dispondr\u00e1n de un carn\u00e9 de Derechos de la Infancia | R\u00e0dio Litoral<\/title>\n<meta name=\"description\" content=\"Benitatxell organiza una jornada l\u00fadica para conmemorar el D\u00eda Internacional de los Derechos de la Infancia\" \/>\n<meta name=\"robots\" content=\"index, follow, max-snippet:-1, max-image-preview:large, max-video-preview:-1\" \/>\n<link rel=\"canonical\" href=\"https:\/\/radiolitoral.com\/ca\/2023\/11\/els-menors-de-benitatxell-disposaran-dun-carn-de-drets-de-la-infancia\/\" \/>\n<meta property=\"og:locale\" content=\"ca_ES\" \/>\n<meta property=\"og:type\" content=\"article\" \/>\n<meta property=\"og:title\" content=\"Los menores de Benitatxell dispondr\u00e1n de un carn\u00e9 de Derechos de la Infancia | R\u00e0dio Litoral\" \/>\n<meta property=\"og:description\" content=\"Benitatxell organiza una jornada l\u00fadica para conmemorar el D\u00eda Internacional de los Derechos de la Infancia\" \/>\n<meta property=\"og:url\" content=\"https:\/\/radiolitoral.com\/ca\/2023\/11\/els-menors-de-benitatxell-disposaran-dun-carn-de-drets-de-la-infancia\/\" \/>\n<meta property=\"og:site_name\" content=\"R\u00e0dio Litoral\" \/>\n<meta property=\"article:publisher\" content=\"https:\/\/www.facebook.com\/Laradiolitoral\/\" \/>\n<meta property=\"article:published_time\" content=\"2023-11-13T17:28:03+00:00\" \/>\n<meta property=\"og:image\" content=\"https:\/\/media.radiolitoral.com\/wp-content\/uploads\/2023\/11\/13182735\/Jorge-Pascual-Infancia-scaled.jpg\" \/>\n\t<meta property=\"og:image:width\" content=\"2560\" \/>\n\t<meta property=\"og:image:height\" content=\"1920\" \/>\n\t<meta property=\"og:image:type\" content=\"image\/jpeg\" \/>\n<meta name=\"author\" content=\"Redacci\u00f3n\" \/>\n<meta name=\"twitter:card\" content=\"summary_large_image\" \/>\n<meta name=\"twitter:label1\" content=\"Escrit per\" \/>\n\t<meta name=\"twitter:data1\" content=\"Redacci\u00f3n\" \/>\n\t<meta name=\"twitter:label2\" content=\"Temps estimat de lectura\" \/>\n\t<meta name=\"twitter:data2\" content=\"2 minuts\" \/>\n<script type=\"application\/ld+json\" class=\"yoast-schema-graph\">{\"@context\":\"https:\\\/\\\/schema.org\",\"@graph\":[{\"@type\":\"NewsArticle\",\"@id\":\"https:\\\/\\\/radiolitoral.com\\\/2023\\\/11\\\/los-menores-de-benitatxell-dispondran-de-un-carne-de-derechos-de-la-infancia\\\/#article\",\"isPartOf\":{\"@id\":\"https:\\\/\\\/radiolitoral.com\\\/2023\\\/11\\\/los-menores-de-benitatxell-dispondran-de-un-carne-de-derechos-de-la-infancia\\\/\"},\"author\":{\"name\":\"Redacci\u00f3n\",\"@id\":\"https:\\\/\\\/radiolitoral.com\\\/#\\\/schema\\\/person\\\/f2b2343c49b5d721857cc1002bfdb151\"},\"headline\":\"Los menores de Benitatxell dispondr\u00e1n de un carn\u00e9 de Derechos de la Infancia\",\"datePublished\":\"2023-11-13T17:28:03+00:00\",\"mainEntityOfPage\":{\"@id\":\"https:\\\/\\\/radiolitoral.com\\\/2023\\\/11\\\/los-menores-de-benitatxell-dispondran-de-un-carne-de-derechos-de-la-infancia\\\/\"},\"wordCount\":287,\"commentCount\":0,\"publisher\":{\"@id\":\"https:\\\/\\\/radiolitoral.com\\\/#organization\"},\"image\":{\"@id\":\"https:\\\/\\\/radiolitoral.com\\\/2023\\\/11\\\/los-menores-de-benitatxell-dispondran-de-un-carne-de-derechos-de-la-infancia\\\/#primaryimage\"},\"thumbnailUrl\":\"https:\\\/\\\/media.radiolitoral.com\\\/wp-content\\\/uploads\\\/2023\\\/11\\\/13182735\\\/Jorge-Pascual-Infancia-scaled.jpg\",\"keywords\":[\"infancia\"],\"articleSection\":[\"Educaci\u00f3n\",\"Infancia\",\"Ocio\"],\"inLanguage\":\"ca\",\"potentialAction\":[{\"@type\":\"CommentAction\",\"name\":\"Comment\",\"target\":[\"https:\\\/\\\/radiolitoral.com\\\/2023\\\/11\\\/los-menores-de-benitatxell-dispondran-de-un-carne-de-derechos-de-la-infancia\\\/#respond\"]}]},{\"@type\":[\"WebPage\",\"ItemPage\"],\"@id\":\"https:\\\/\\\/radiolitoral.com\\\/2023\\\/11\\\/los-menores-de-benitatxell-dispondran-de-un-carne-de-derechos-de-la-infancia\\\/\",\"url\":\"https:\\\/\\\/radiolitoral.com\\\/2023\\\/11\\\/los-menores-de-benitatxell-dispondran-de-un-carne-de-derechos-de-la-infancia\\\/\",\"name\":\"Los menores de Benitatxell dispondr\u00e1n de un carn\u00e9 de Derechos de la Infancia | R\u00e0dio Litoral\",\"isPartOf\":{\"@id\":\"https:\\\/\\\/radiolitoral.com\\\/#website\"},\"primaryImageOfPage\":{\"@id\":\"https:\\\/\\\/radiolitoral.com\\\/2023\\\/11\\\/los-menores-de-benitatxell-dispondran-de-un-carne-de-derechos-de-la-infancia\\\/#primaryimage\"},\"image\":{\"@id\":\"https:\\\/\\\/radiolitoral.com\\\/2023\\\/11\\\/los-menores-de-benitatxell-dispondran-de-un-carne-de-derechos-de-la-infancia\\\/#primaryimage\"},\"thumbnailUrl\":\"https:\\\/\\\/media.radiolitoral.com\\\/wp-content\\\/uploads\\\/2023\\\/11\\\/13182735\\\/Jorge-Pascual-Infancia-scaled.jpg\",\"datePublished\":\"2023-11-13T17:28:03+00:00\",\"description\":\"Benitatxell organiza una jornada l\u00fadica para conmemorar el D\u00eda Internacional de los Derechos de la Infancia\",\"breadcrumb\":{\"@id\":\"https:\\\/\\\/radiolitoral.com\\\/2023\\\/11\\\/los-menores-de-benitatxell-dispondran-de-un-carne-de-derechos-de-la-infancia\\\/#breadcrumb\"},\"inLanguage\":\"ca\",\"potentialAction\":[{\"@type\":\"ReadAction\",\"target\":[\"https:\\\/\\\/radiolitoral.com\\\/2023\\\/11\\\/los-menores-de-benitatxell-dispondran-de-un-carne-de-derechos-de-la-infancia\\\/\"]}]},{\"@type\":\"ImageObject\",\"inLanguage\":\"ca\",\"@id\":\"https:\\\/\\\/radiolitoral.com\\\/2023\\\/11\\\/los-menores-de-benitatxell-dispondran-de-un-carne-de-derechos-de-la-infancia\\\/#primaryimage\",\"url\":\"https:\\\/\\\/media.radiolitoral.com\\\/wp-content\\\/uploads\\\/2023\\\/11\\\/13182735\\\/Jorge-Pascual-Infancia-scaled.jpg\",\"contentUrl\":\"https:\\\/\\\/media.radiolitoral.com\\\/wp-content\\\/uploads\\\/2023\\\/11\\\/13182735\\\/Jorge-Pascual-Infancia-scaled.jpg\",\"width\":2560,\"height\":1920},{\"@type\":\"BreadcrumbList\",\"@id\":\"https:\\\/\\\/radiolitoral.com\\\/2023\\\/11\\\/los-menores-de-benitatxell-dispondran-de-un-carne-de-derechos-de-la-infancia\\\/#breadcrumb\",\"itemListElement\":[{\"@type\":\"ListItem\",\"position\":1,\"name\":\"Portada\",\"item\":\"https:\\\/\\\/radiolitoral.com\\\/\"},{\"@type\":\"ListItem\",\"position\":2,\"name\":\"Los menores de Benitatxell dispondr\u00e1n de un carn\u00e9 de Derechos de la Infancia\"}]},{\"@type\":\"WebSite\",\"@id\":\"https:\\\/\\\/radiolitoral.com\\\/#website\",\"url\":\"https:\\\/\\\/radiolitoral.com\\\/\",\"name\":\"Radio Litoral\",\"description\":\"La radio local de la Marina Alta\",\"publisher\":{\"@id\":\"https:\\\/\\\/radiolitoral.com\\\/#organization\"},\"alternateName\":\"Litoral FM\",\"potentialAction\":[{\"@type\":\"SearchAction\",\"target\":{\"@type\":\"EntryPoint\",\"urlTemplate\":\"https:\\\/\\\/radiolitoral.com\\\/?s={search_term_string}\"},\"query-input\":{\"@type\":\"PropertyValueSpecification\",\"valueRequired\":true,\"valueName\":\"search_term_string\"}}],\"inLanguage\":\"ca\"},{\"@type\":\"Organization\",\"@id\":\"https:\\\/\\\/radiolitoral.com\\\/#organization\",\"name\":\"Radio Litoral\",\"url\":\"https:\\\/\\\/radiolitoral.com\\\/\",\"logo\":{\"@type\":\"ImageObject\",\"inLanguage\":\"ca\",\"@id\":\"https:\\\/\\\/radiolitoral.com\\\/#\\\/schema\\\/logo\\\/image\\\/\",\"url\":\"https:\\\/\\\/media.radiolitoral.com\\\/wp-content\\\/uploads\\\/2023\\\/02\\\/24143238\\\/CL-V-RadioLitoral696.png\",\"contentUrl\":\"https:\\\/\\\/media.radiolitoral.com\\\/wp-content\\\/uploads\\\/2023\\\/02\\\/24143238\\\/CL-V-RadioLitoral696.png\",\"width\":696,\"height\":696,\"caption\":\"Radio Litoral\"},\"image\":{\"@id\":\"https:\\\/\\\/radiolitoral.com\\\/#\\\/schema\\\/logo\\\/image\\\/\"},\"sameAs\":[\"https:\\\/\\\/www.facebook.com\\\/Laradiolitoral\\\/\"]},{\"@type\":\"Person\",\"@id\":\"https:\\\/\\\/radiolitoral.com\\\/#\\\/schema\\\/person\\\/f2b2343c49b5d721857cc1002bfdb151\",\"name\":\"Redacci\u00f3n\",\"image\":{\"@type\":\"ImageObject\",\"inLanguage\":\"ca\",\"@id\":\"https:\\\/\\\/secure.gravatar.com\\\/avatar\\\/f771d896c203ad8b3382d7905cfcce5a5c9b008b84b3cd9114e9b9f4cb63f789?s=96&d=mm&r=g\",\"url\":\"https:\\\/\\\/secure.gravatar.com\\\/avatar\\\/f771d896c203ad8b3382d7905cfcce5a5c9b008b84b3cd9114e9b9f4cb63f789?s=96&d=mm&r=g\",\"contentUrl\":\"https:\\\/\\\/secure.gravatar.com\\\/avatar\\\/f771d896c203ad8b3382d7905cfcce5a5c9b008b84b3cd9114e9b9f4cb63f789?s=96&d=mm&r=g\",\"caption\":\"Redacci\u00f3n\"},\"url\":\"https:\\\/\\\/radiolitoral.com\\\/ca\\\/author\\\/miriam-pagan\\\/\"}]}<\/script>\n<!-- \/ Yoast SEO plugin. -->","yoast_head_json":{"title":"Els menors de Benitatxell disposaran d&#039;un carnet de drets de la inf\u00e0ncia | R\u00e0dio Litoral","description":"Benitatxell organitza una jornada l\u00fadica per commemorar el Dia Internacional dels Drets dels Infants","robots":{"index":"index","follow":"follow","max-snippet":"max-snippet:-1","max-image-preview":"max-image-preview:large","max-video-preview":"max-video-preview:-1"},"canonical":"https:\/\/radiolitoral.com\/ca\/2023\/11\/els-menors-de-benitatxell-disposaran-dun-carn-de-drets-de-la-infancia\/","og_locale":"ca_ES","og_type":"article","og_title":"Los menores de Benitatxell dispondr\u00e1n de un carn\u00e9 de Derechos de la Infancia | R\u00e0dio Litoral","og_description":"Benitatxell organiza una jornada l\u00fadica para conmemorar el D\u00eda Internacional de los Derechos de la Infancia","og_url":"https:\/\/radiolitoral.com\/ca\/2023\/11\/els-menors-de-benitatxell-disposaran-dun-carn-de-drets-de-la-infancia\/","og_site_name":"R\u00e0dio Litoral","article_publisher":"https:\/\/www.facebook.com\/Laradiolitoral\/","article_published_time":"2023-11-13T17:28:03+00:00","og_image":[{"width":2560,"height":1920,"url":"https:\/\/media.radiolitoral.com\/wp-content\/uploads\/2023\/11\/13182735\/Jorge-Pascual-Infancia-scaled.jpg","type":"image\/jpeg"}],"author":"Redacci\u00f3n","twitter_card":"summary_large_image","twitter_misc":{"Escrit per":"Redacci\u00f3n","Temps estimat de lectura":"2 minuts"},"schema":{"@context":"https:\/\/schema.org","@graph":[{"@type":"NewsArticle","@id":"https:\/\/radiolitoral.com\/2023\/11\/los-menores-de-benitatxell-dispondran-de-un-carne-de-derechos-de-la-infancia\/#article","isPartOf":{"@id":"https:\/\/radiolitoral.com\/2023\/11\/los-menores-de-benitatxell-dispondran-de-un-carne-de-derechos-de-la-infancia\/"},"author":{"name":"Redacci\u00f3n","@id":"https:\/\/radiolitoral.com\/#\/schema\/person\/f2b2343c49b5d721857cc1002bfdb151"},"headline":"Los menores de Benitatxell dispondr\u00e1n de un carn\u00e9 de Derechos de la Infancia","datePublished":"2023-11-13T17:28:03+00:00","mainEntityOfPage":{"@id":"https:\/\/radiolitoral.com\/2023\/11\/los-menores-de-benitatxell-dispondran-de-un-carne-de-derechos-de-la-infancia\/"},"wordCount":287,"commentCount":0,"publisher":{"@id":"https:\/\/radiolitoral.com\/#organization"},"image":{"@id":"https:\/\/radiolitoral.com\/2023\/11\/los-menores-de-benitatxell-dispondran-de-un-carne-de-derechos-de-la-infancia\/#primaryimage"},"thumbnailUrl":"https:\/\/media.radiolitoral.com\/wp-content\/uploads\/2023\/11\/13182735\/Jorge-Pascual-Infancia-scaled.jpg","keywords":["infancia"],"articleSection":["Educaci\u00f3n","Infancia","Ocio"],"inLanguage":"ca","potentialAction":[{"@type":"CommentAction","name":"Comment","target":["https:\/\/radiolitoral.com\/2023\/11\/los-menores-de-benitatxell-dispondran-de-un-carne-de-derechos-de-la-infancia\/#respond"]}]},{"@type":["WebPage","ItemPage"],"@id":"https:\/\/radiolitoral.com\/2023\/11\/los-menores-de-benitatxell-dispondran-de-un-carne-de-derechos-de-la-infancia\/","url":"https:\/\/radiolitoral.com\/2023\/11\/los-menores-de-benitatxell-dispondran-de-un-carne-de-derechos-de-la-infancia\/","name":"Els menors de Benitatxell disposaran d&#039;un carnet de drets de la inf\u00e0ncia | R\u00e0dio Litoral","isPartOf":{"@id":"https:\/\/radiolitoral.com\/#website"},"primaryImageOfPage":{"@id":"https:\/\/radiolitoral.com\/2023\/11\/los-menores-de-benitatxell-dispondran-de-un-carne-de-derechos-de-la-infancia\/#primaryimage"},"image":{"@id":"https:\/\/radiolitoral.com\/2023\/11\/los-menores-de-benitatxell-dispondran-de-un-carne-de-derechos-de-la-infancia\/#primaryimage"},"thumbnailUrl":"https:\/\/media.radiolitoral.com\/wp-content\/uploads\/2023\/11\/13182735\/Jorge-Pascual-Infancia-scaled.jpg","datePublished":"2023-11-13T17:28:03+00:00","description":"Benitatxell organitza una jornada l\u00fadica per commemorar el Dia Internacional dels Drets dels Infants","breadcrumb":{"@id":"https:\/\/radiolitoral.com\/2023\/11\/los-menores-de-benitatxell-dispondran-de-un-carne-de-derechos-de-la-infancia\/#breadcrumb"},"inLanguage":"ca","potentialAction":[{"@type":"ReadAction","target":["https:\/\/radiolitoral.com\/2023\/11\/los-menores-de-benitatxell-dispondran-de-un-carne-de-derechos-de-la-infancia\/"]}]},{"@type":"ImageObject","inLanguage":"ca","@id":"https:\/\/radiolitoral.com\/2023\/11\/los-menores-de-benitatxell-dispondran-de-un-carne-de-derechos-de-la-infancia\/#primaryimage","url":"https:\/\/media.radiolitoral.com\/wp-content\/uploads\/2023\/11\/13182735\/Jorge-Pascual-Infancia-scaled.jpg","contentUrl":"https:\/\/media.radiolitoral.com\/wp-content\/uploads\/2023\/11\/13182735\/Jorge-Pascual-Infancia-scaled.jpg","width":2560,"height":1920},{"@type":"BreadcrumbList","@id":"https:\/\/radiolitoral.com\/2023\/11\/los-menores-de-benitatxell-dispondran-de-un-carne-de-derechos-de-la-infancia\/#breadcrumb","itemListElement":[{"@type":"ListItem","position":1,"name":"Portada","item":"https:\/\/radiolitoral.com\/"},{"@type":"ListItem","position":2,"name":"Los menores de Benitatxell dispondr\u00e1n de un carn\u00e9 de Derechos de la Infancia"}]},{"@type":"WebSite","@id":"https:\/\/radiolitoral.com\/#website","url":"https:\/\/radiolitoral.com\/","name":"R\u00e0dio Litoral","description":"La r\u00e0dio local de la Marina Alta","publisher":{"@id":"https:\/\/radiolitoral.com\/#organization"},"alternateName":"Litoral FM","potentialAction":[{"@type":"SearchAction","target":{"@type":"EntryPoint","urlTemplate":"https:\/\/radiolitoral.com\/?s={search_term_string}"},"query-input":{"@type":"PropertyValueSpecification","valueRequired":true,"valueName":"search_term_string"}}],"inLanguage":"ca"},{"@type":"Organization","@id":"https:\/\/radiolitoral.com\/#organization","name":"R\u00e0dio Litoral","url":"https:\/\/radiolitoral.com\/","logo":{"@type":"ImageObject","inLanguage":"ca","@id":"https:\/\/radiolitoral.com\/#\/schema\/logo\/image\/","url":"https:\/\/media.radiolitoral.com\/wp-content\/uploads\/2023\/02\/24143238\/CL-V-RadioLitoral696.png","contentUrl":"https:\/\/media.radiolitoral.com\/wp-content\/uploads\/2023\/02\/24143238\/CL-V-RadioLitoral696.png","width":696,"height":696,"caption":"Radio Litoral"},"image":{"@id":"https:\/\/radiolitoral.com\/#\/schema\/logo\/image\/"},"sameAs":["https:\/\/www.facebook.com\/Laradiolitoral\/"]},{"@type":"Person","@id":"https:\/\/radiolitoral.com\/#\/schema\/person\/f2b2343c49b5d721857cc1002bfdb151","name":"Redacci\u00f3","image":{"@type":"ImageObject","inLanguage":"ca","@id":"https:\/\/secure.gravatar.com\/avatar\/f771d896c203ad8b3382d7905cfcce5a5c9b008b84b3cd9114e9b9f4cb63f789?s=96&d=mm&r=g","url":"https:\/\/secure.gravatar.com\/avatar\/f771d896c203ad8b3382d7905cfcce5a5c9b008b84b3cd9114e9b9f4cb63f789?s=96&d=mm&r=g","contentUrl":"https:\/\/secure.gravatar.com\/avatar\/f771d896c203ad8b3382d7905cfcce5a5c9b008b84b3cd9114e9b9f4cb63f789?s=96&d=mm&r=g","caption":"Redacci\u00f3n"},"url":"https:\/\/radiolitoral.com\/ca\/author\/miriam-pagan\/"}]}},"_links":{"self":[{"href":"https:\/\/radiolitoral.com\/ca\/wp-json\/wp\/v2\/posts\/5556","targetHints":{"allow":["GET"]}}],"collection":[{"href":"https:\/\/radiolitoral.com\/ca\/wp-json\/wp\/v2\/posts"}],"about":[{"href":"https:\/\/radiolitoral.com\/ca\/wp-json\/wp\/v2\/types\/post"}],"author":[{"embeddable":true,"href":"https:\/\/radiolitoral.com\/ca\/wp-json\/wp\/v2\/users\/13"}],"replies":[{"embeddable":true,"href":"https:\/\/radiolitoral.com\/ca\/wp-json\/wp\/v2\/comments?post=5556"}],"version-history":[{"count":2,"href":"https:\/\/radiolitoral.com\/ca\/wp-json\/wp\/v2\/posts\/5556\/revisions"}],"predecessor-version":[{"id":5560,"href":"https:\/\/radiolitoral.com\/ca\/wp-json\/wp\/v2\/posts\/5556\/revisions\/5560"}],"wp:featuredmedia":[{"embeddable":true,"href":"https:\/\/radiolitoral.com\/ca\/wp-json\/wp\/v2\/media\/5558"}],"wp:attachment":[{"href":"https:\/\/radiolitoral.com\/ca\/wp-json\/wp\/v2\/media?parent=5556"}],"wp:term":[{"taxonomy":"category","embeddable":true,"href":"https:\/\/radiolitoral.com\/ca\/wp-json\/wp\/v2\/categories?post=5556"},{"taxonomy":"post_tag","embeddable":true,"href":"https:\/\/radiolitoral.com\/ca\/wp-json\/wp\/v2\/tags?post=5556"}],"curies":[{"name":"wp","href":"https:\/\/api.w.org\/{rel}","templated":true}]}}