{"id":5518,"date":"2023-11-10T13:57:59","date_gmt":"2023-11-10T12:57:59","guid":{"rendered":"https:\/\/radiolitoral.com\/?p=5518"},"modified":"2023-11-10T13:57:59","modified_gmt":"2023-11-10T12:57:59","slug":"sanitat-avanca-la-data-de-reversio-del-dsd-sera-l1-de-febrer","status":"publish","type":"post","link":"https:\/\/radiolitoral.com\/ca\/2023\/11\/sanidad-avanza-la-fecha-de-reversion-del-dsd-sera-el-1-de-febrero\/","title":{"rendered":"Sanitat avan\u00e7a la data de reversi\u00f3 del DSD, ser\u00e0 l&#039;1 de febrer"},"content":{"rendered":"<p>La <strong>Conselleria de Sanitat<\/strong> ha anunciat que assumir\u00e0 la gesti\u00f3 directa del <strong>Departament de Salut de D\u00e9nia<\/strong> -DSD- a partir del <strong>1 de febrer de 2024<\/strong>. D&#039;aquesta manera s&#039;avan\u00e7a la darrera data anunciada pel govern valenci\u00e0, que ha dit que calia esperar fins al 30 d&#039;abril per recuperar la gesti\u00f3 sanit\u00e0ria a la Marina Alta.<\/p>\n<p>L?anunci es va con\u00e8ixer ahir, 9 de novembre. Decisi\u00f3 que la Conselleria argumenta atenent les conclusions dels grups de treball constitu\u00efts per gestionar la transici\u00f3 del DSD cap a la gesti\u00f3 p\u00fablica, els quals asseguren que no caldr\u00e0 endarrerir els terminis.<\/p>\n<p>Aquest anunci l&#039;ha donat a con\u00e8ixer el <strong>Comit\u00e8 d&#039;Empresa de l&#039;Hospital de D\u00e9nia<\/strong>, des d&#039;on es confia a mantenir aviat els contactes necessaris amb la Conselleria, i poder desvetllar dubtes i oferir als treballadors m\u00e9s informaci\u00f3 sobre aix\u00f2.<\/p>","protected":false},"excerpt":{"rendered":"<p>La Conselleria de Sanidad ha anunciado que asumir\u00e1 la gesti\u00f3n directa del Departamento de Salud de D\u00e9nia -DSD- a partir del 1 de febrero de 2024. De esta forma se avanza la \u00faltima fecha anunciada por el gobierno valenciano, que dijo que era necesario esperar hasta el 30 de abril para recuperar la gesti\u00f3n sanitaria [&#8230;]<\/p>\n<p><a class=\"btn btn-secondary understrap-read-more-link\" href=\"https:\/\/radiolitoral.com\/ca\/2023\/11\/sanidad-avanza-la-fecha-de-reversion-del-dsd-sera-el-1-de-febrero\/\">Continua llegint&#8230;<span class=\"screen-reader-text\"> from Sanidad avanza la fecha de reversi\u00f3n del DSD, ser\u00e1 el 1 de febrero<\/span><\/a><\/p>\n","protected":false},"author":13,"featured_media":5519,"comment_status":"open","ping_status":"closed","sticky":false,"template":"","format":"standard","meta":{"_acf_changed":false,"inline_featured_image":false,"footnotes":""},"categories":[13,380],"tags":[],"class_list":["post-5518","post","type-post","status-publish","format-standard","has-post-thumbnail","hentry","category-politica","category-sanidad","cobertura-marina-alta"],"acf":[],"yoast_head":"<!-- This site is optimized with the Yoast SEO plugin v27.5 - https:\/\/yoast.com\/product\/yoast-seo-wordpress\/ -->\n<title>Sanidad avanza la fecha de reversi\u00f3n del DSD, ser\u00e1 el 1 de febrero | R\u00e0dio Litoral<\/title>\n<meta name=\"description\" content=\"La Conselleria de Sanidad avanza la fecha de reversi\u00f3n del Departamento de Salud de D\u00e9nia para el 1 de febrero\" \/>\n<meta name=\"robots\" content=\"index, follow, max-snippet:-1, max-image-preview:large, max-video-preview:-1\" \/>\n<link rel=\"canonical\" href=\"https:\/\/radiolitoral.com\/ca\/2023\/11\/sanitat-avanca-la-data-de-reversio-del-dsd-sera-l1-de-febrer\/\" \/>\n<meta property=\"og:locale\" content=\"ca_ES\" \/>\n<meta property=\"og:type\" content=\"article\" \/>\n<meta property=\"og:title\" content=\"Sanidad avanza la fecha de reversi\u00f3n del DSD, ser\u00e1 el 1 de febrero | R\u00e0dio Litoral\" \/>\n<meta property=\"og:description\" content=\"La Conselleria de Sanidad avanza la fecha de reversi\u00f3n del Departamento de Salud de D\u00e9nia para el 1 de febrero\" \/>\n<meta property=\"og:url\" content=\"https:\/\/radiolitoral.com\/ca\/2023\/11\/sanitat-avanca-la-data-de-reversio-del-dsd-sera-l1-de-febrer\/\" \/>\n<meta property=\"og:site_name\" content=\"R\u00e0dio Litoral\" \/>\n<meta property=\"article:publisher\" content=\"https:\/\/www.facebook.com\/Laradiolitoral\/\" \/>\n<meta property=\"article:published_time\" content=\"2023-11-10T12:57:59+00:00\" \/>\n<meta property=\"og:image\" content=\"https:\/\/media.radiolitoral.com\/wp-content\/uploads\/2023\/11\/10135730\/Hospital-Comarcal-Marina-Salud-en-Denia.jpg\" \/>\n\t<meta property=\"og:image:width\" content=\"1024\" \/>\n\t<meta property=\"og:image:height\" content=\"768\" \/>\n\t<meta property=\"og:image:type\" content=\"image\/jpeg\" \/>\n<meta name=\"author\" content=\"Redacci\u00f3n\" \/>\n<meta name=\"twitter:card\" content=\"summary_large_image\" \/>\n<meta name=\"twitter:label1\" content=\"Escrit per\" \/>\n\t<meta name=\"twitter:data1\" content=\"Redacci\u00f3n\" \/>\n\t<meta name=\"twitter:label2\" content=\"Temps estimat de lectura\" \/>\n\t<meta name=\"twitter:data2\" content=\"1 minut\" \/>\n<script type=\"application\/ld+json\" class=\"yoast-schema-graph\">{\"@context\":\"https:\\\/\\\/schema.org\",\"@graph\":[{\"@type\":\"NewsArticle\",\"@id\":\"https:\\\/\\\/radiolitoral.com\\\/2023\\\/11\\\/sanidad-avanza-la-fecha-de-reversion-del-dsd-sera-el-1-de-febrero\\\/#article\",\"isPartOf\":{\"@id\":\"https:\\\/\\\/radiolitoral.com\\\/2023\\\/11\\\/sanidad-avanza-la-fecha-de-reversion-del-dsd-sera-el-1-de-febrero\\\/\"},\"author\":{\"name\":\"Redacci\u00f3n\",\"@id\":\"https:\\\/\\\/radiolitoral.com\\\/#\\\/schema\\\/person\\\/f2b2343c49b5d721857cc1002bfdb151\"},\"headline\":\"Sanidad avanza la fecha de reversi\u00f3n del DSD, ser\u00e1 el 1 de febrero\",\"datePublished\":\"2023-11-10T12:57:59+00:00\",\"mainEntityOfPage\":{\"@id\":\"https:\\\/\\\/radiolitoral.com\\\/2023\\\/11\\\/sanidad-avanza-la-fecha-de-reversion-del-dsd-sera-el-1-de-febrero\\\/\"},\"wordCount\":163,\"commentCount\":0,\"publisher\":{\"@id\":\"https:\\\/\\\/radiolitoral.com\\\/#organization\"},\"image\":{\"@id\":\"https:\\\/\\\/radiolitoral.com\\\/2023\\\/11\\\/sanidad-avanza-la-fecha-de-reversion-del-dsd-sera-el-1-de-febrero\\\/#primaryimage\"},\"thumbnailUrl\":\"https:\\\/\\\/media.radiolitoral.com\\\/wp-content\\\/uploads\\\/2023\\\/11\\\/10135730\\\/Hospital-Comarcal-Marina-Salud-en-Denia.jpg\",\"articleSection\":[\"Pol\u00edtica\",\"Sanidad\"],\"inLanguage\":\"ca\",\"potentialAction\":[{\"@type\":\"CommentAction\",\"name\":\"Comment\",\"target\":[\"https:\\\/\\\/radiolitoral.com\\\/2023\\\/11\\\/sanidad-avanza-la-fecha-de-reversion-del-dsd-sera-el-1-de-febrero\\\/#respond\"]}]},{\"@type\":[\"WebPage\",\"ItemPage\"],\"@id\":\"https:\\\/\\\/radiolitoral.com\\\/2023\\\/11\\\/sanidad-avanza-la-fecha-de-reversion-del-dsd-sera-el-1-de-febrero\\\/\",\"url\":\"https:\\\/\\\/radiolitoral.com\\\/2023\\\/11\\\/sanidad-avanza-la-fecha-de-reversion-del-dsd-sera-el-1-de-febrero\\\/\",\"name\":\"Sanidad avanza la fecha de reversi\u00f3n del DSD, ser\u00e1 el 1 de febrero | R\u00e0dio Litoral\",\"isPartOf\":{\"@id\":\"https:\\\/\\\/radiolitoral.com\\\/#website\"},\"primaryImageOfPage\":{\"@id\":\"https:\\\/\\\/radiolitoral.com\\\/2023\\\/11\\\/sanidad-avanza-la-fecha-de-reversion-del-dsd-sera-el-1-de-febrero\\\/#primaryimage\"},\"image\":{\"@id\":\"https:\\\/\\\/radiolitoral.com\\\/2023\\\/11\\\/sanidad-avanza-la-fecha-de-reversion-del-dsd-sera-el-1-de-febrero\\\/#primaryimage\"},\"thumbnailUrl\":\"https:\\\/\\\/media.radiolitoral.com\\\/wp-content\\\/uploads\\\/2023\\\/11\\\/10135730\\\/Hospital-Comarcal-Marina-Salud-en-Denia.jpg\",\"datePublished\":\"2023-11-10T12:57:59+00:00\",\"description\":\"La Conselleria de Sanidad avanza la fecha de reversi\u00f3n del Departamento de Salud de D\u00e9nia para el 1 de febrero\",\"breadcrumb\":{\"@id\":\"https:\\\/\\\/radiolitoral.com\\\/2023\\\/11\\\/sanidad-avanza-la-fecha-de-reversion-del-dsd-sera-el-1-de-febrero\\\/#breadcrumb\"},\"inLanguage\":\"ca\",\"potentialAction\":[{\"@type\":\"ReadAction\",\"target\":[\"https:\\\/\\\/radiolitoral.com\\\/2023\\\/11\\\/sanidad-avanza-la-fecha-de-reversion-del-dsd-sera-el-1-de-febrero\\\/\"]}]},{\"@type\":\"ImageObject\",\"inLanguage\":\"ca\",\"@id\":\"https:\\\/\\\/radiolitoral.com\\\/2023\\\/11\\\/sanidad-avanza-la-fecha-de-reversion-del-dsd-sera-el-1-de-febrero\\\/#primaryimage\",\"url\":\"https:\\\/\\\/media.radiolitoral.com\\\/wp-content\\\/uploads\\\/2023\\\/11\\\/10135730\\\/Hospital-Comarcal-Marina-Salud-en-Denia.jpg\",\"contentUrl\":\"https:\\\/\\\/media.radiolitoral.com\\\/wp-content\\\/uploads\\\/2023\\\/11\\\/10135730\\\/Hospital-Comarcal-Marina-Salud-en-Denia.jpg\",\"width\":1024,\"height\":768},{\"@type\":\"BreadcrumbList\",\"@id\":\"https:\\\/\\\/radiolitoral.com\\\/2023\\\/11\\\/sanidad-avanza-la-fecha-de-reversion-del-dsd-sera-el-1-de-febrero\\\/#breadcrumb\",\"itemListElement\":[{\"@type\":\"ListItem\",\"position\":1,\"name\":\"Portada\",\"item\":\"https:\\\/\\\/radiolitoral.com\\\/\"},{\"@type\":\"ListItem\",\"position\":2,\"name\":\"Sanidad avanza la fecha de reversi\u00f3n del DSD, ser\u00e1 el 1 de febrero\"}]},{\"@type\":\"WebSite\",\"@id\":\"https:\\\/\\\/radiolitoral.com\\\/#website\",\"url\":\"https:\\\/\\\/radiolitoral.com\\\/\",\"name\":\"Radio Litoral\",\"description\":\"La radio local de la Marina Alta\",\"publisher\":{\"@id\":\"https:\\\/\\\/radiolitoral.com\\\/#organization\"},\"alternateName\":\"Litoral FM\",\"potentialAction\":[{\"@type\":\"SearchAction\",\"target\":{\"@type\":\"EntryPoint\",\"urlTemplate\":\"https:\\\/\\\/radiolitoral.com\\\/?s={search_term_string}\"},\"query-input\":{\"@type\":\"PropertyValueSpecification\",\"valueRequired\":true,\"valueName\":\"search_term_string\"}}],\"inLanguage\":\"ca\"},{\"@type\":\"Organization\",\"@id\":\"https:\\\/\\\/radiolitoral.com\\\/#organization\",\"name\":\"Radio Litoral\",\"url\":\"https:\\\/\\\/radiolitoral.com\\\/\",\"logo\":{\"@type\":\"ImageObject\",\"inLanguage\":\"ca\",\"@id\":\"https:\\\/\\\/radiolitoral.com\\\/#\\\/schema\\\/logo\\\/image\\\/\",\"url\":\"https:\\\/\\\/media.radiolitoral.com\\\/wp-content\\\/uploads\\\/2023\\\/02\\\/24143238\\\/CL-V-RadioLitoral696.png\",\"contentUrl\":\"https:\\\/\\\/media.radiolitoral.com\\\/wp-content\\\/uploads\\\/2023\\\/02\\\/24143238\\\/CL-V-RadioLitoral696.png\",\"width\":696,\"height\":696,\"caption\":\"Radio Litoral\"},\"image\":{\"@id\":\"https:\\\/\\\/radiolitoral.com\\\/#\\\/schema\\\/logo\\\/image\\\/\"},\"sameAs\":[\"https:\\\/\\\/www.facebook.com\\\/Laradiolitoral\\\/\"]},{\"@type\":\"Person\",\"@id\":\"https:\\\/\\\/radiolitoral.com\\\/#\\\/schema\\\/person\\\/f2b2343c49b5d721857cc1002bfdb151\",\"name\":\"Redacci\u00f3n\",\"image\":{\"@type\":\"ImageObject\",\"inLanguage\":\"ca\",\"@id\":\"https:\\\/\\\/secure.gravatar.com\\\/avatar\\\/f771d896c203ad8b3382d7905cfcce5a5c9b008b84b3cd9114e9b9f4cb63f789?s=96&d=mm&r=g\",\"url\":\"https:\\\/\\\/secure.gravatar.com\\\/avatar\\\/f771d896c203ad8b3382d7905cfcce5a5c9b008b84b3cd9114e9b9f4cb63f789?s=96&d=mm&r=g\",\"contentUrl\":\"https:\\\/\\\/secure.gravatar.com\\\/avatar\\\/f771d896c203ad8b3382d7905cfcce5a5c9b008b84b3cd9114e9b9f4cb63f789?s=96&d=mm&r=g\",\"caption\":\"Redacci\u00f3n\"},\"url\":\"https:\\\/\\\/radiolitoral.com\\\/ca\\\/author\\\/miriam-pagan\\\/\"}]}<\/script>\n<!-- \/ Yoast SEO plugin. -->","yoast_head_json":{"title":"Sanitat avan\u00e7a la data de reversi\u00f3 del DSD, ser\u00e0 l&#039;1 de febrer R\u00e0dio Litoral","description":"La Conselleria de Sanitat avan\u00e7a la data de reversi\u00f3 del Departament de Salut de D\u00e9nia per a l&#039;1 de febrer","robots":{"index":"index","follow":"follow","max-snippet":"max-snippet:-1","max-image-preview":"max-image-preview:large","max-video-preview":"max-video-preview:-1"},"canonical":"https:\/\/radiolitoral.com\/ca\/2023\/11\/sanitat-avanca-la-data-de-reversio-del-dsd-sera-l1-de-febrer\/","og_locale":"ca_ES","og_type":"article","og_title":"Sanidad avanza la fecha de reversi\u00f3n del DSD, ser\u00e1 el 1 de febrero | R\u00e0dio Litoral","og_description":"La Conselleria de Sanidad avanza la fecha de reversi\u00f3n del Departamento de Salud de D\u00e9nia para el 1 de febrero","og_url":"https:\/\/radiolitoral.com\/ca\/2023\/11\/sanitat-avanca-la-data-de-reversio-del-dsd-sera-l1-de-febrer\/","og_site_name":"R\u00e0dio Litoral","article_publisher":"https:\/\/www.facebook.com\/Laradiolitoral\/","article_published_time":"2023-11-10T12:57:59+00:00","og_image":[{"width":1024,"height":768,"url":"https:\/\/media.radiolitoral.com\/wp-content\/uploads\/2023\/11\/10135730\/Hospital-Comarcal-Marina-Salud-en-Denia.jpg","type":"image\/jpeg"}],"author":"Redacci\u00f3n","twitter_card":"summary_large_image","twitter_misc":{"Escrit per":"Redacci\u00f3n","Temps estimat de lectura":"1 minut"},"schema":{"@context":"https:\/\/schema.org","@graph":[{"@type":"NewsArticle","@id":"https:\/\/radiolitoral.com\/2023\/11\/sanidad-avanza-la-fecha-de-reversion-del-dsd-sera-el-1-de-febrero\/#article","isPartOf":{"@id":"https:\/\/radiolitoral.com\/2023\/11\/sanidad-avanza-la-fecha-de-reversion-del-dsd-sera-el-1-de-febrero\/"},"author":{"name":"Redacci\u00f3n","@id":"https:\/\/radiolitoral.com\/#\/schema\/person\/f2b2343c49b5d721857cc1002bfdb151"},"headline":"Sanidad avanza la fecha de reversi\u00f3n del DSD, ser\u00e1 el 1 de febrero","datePublished":"2023-11-10T12:57:59+00:00","mainEntityOfPage":{"@id":"https:\/\/radiolitoral.com\/2023\/11\/sanidad-avanza-la-fecha-de-reversion-del-dsd-sera-el-1-de-febrero\/"},"wordCount":163,"commentCount":0,"publisher":{"@id":"https:\/\/radiolitoral.com\/#organization"},"image":{"@id":"https:\/\/radiolitoral.com\/2023\/11\/sanidad-avanza-la-fecha-de-reversion-del-dsd-sera-el-1-de-febrero\/#primaryimage"},"thumbnailUrl":"https:\/\/media.radiolitoral.com\/wp-content\/uploads\/2023\/11\/10135730\/Hospital-Comarcal-Marina-Salud-en-Denia.jpg","articleSection":["Pol\u00edtica","Sanidad"],"inLanguage":"ca","potentialAction":[{"@type":"CommentAction","name":"Comment","target":["https:\/\/radiolitoral.com\/2023\/11\/sanidad-avanza-la-fecha-de-reversion-del-dsd-sera-el-1-de-febrero\/#respond"]}]},{"@type":["WebPage","ItemPage"],"@id":"https:\/\/radiolitoral.com\/2023\/11\/sanidad-avanza-la-fecha-de-reversion-del-dsd-sera-el-1-de-febrero\/","url":"https:\/\/radiolitoral.com\/2023\/11\/sanidad-avanza-la-fecha-de-reversion-del-dsd-sera-el-1-de-febrero\/","name":"Sanitat avan\u00e7a la data de reversi\u00f3 del DSD, ser\u00e0 l&#039;1 de febrer R\u00e0dio Litoral","isPartOf":{"@id":"https:\/\/radiolitoral.com\/#website"},"primaryImageOfPage":{"@id":"https:\/\/radiolitoral.com\/2023\/11\/sanidad-avanza-la-fecha-de-reversion-del-dsd-sera-el-1-de-febrero\/#primaryimage"},"image":{"@id":"https:\/\/radiolitoral.com\/2023\/11\/sanidad-avanza-la-fecha-de-reversion-del-dsd-sera-el-1-de-febrero\/#primaryimage"},"thumbnailUrl":"https:\/\/media.radiolitoral.com\/wp-content\/uploads\/2023\/11\/10135730\/Hospital-Comarcal-Marina-Salud-en-Denia.jpg","datePublished":"2023-11-10T12:57:59+00:00","description":"La Conselleria de Sanitat avan\u00e7a la data de reversi\u00f3 del Departament de Salut de D\u00e9nia per a l&#039;1 de febrer","breadcrumb":{"@id":"https:\/\/radiolitoral.com\/2023\/11\/sanidad-avanza-la-fecha-de-reversion-del-dsd-sera-el-1-de-febrero\/#breadcrumb"},"inLanguage":"ca","potentialAction":[{"@type":"ReadAction","target":["https:\/\/radiolitoral.com\/2023\/11\/sanidad-avanza-la-fecha-de-reversion-del-dsd-sera-el-1-de-febrero\/"]}]},{"@type":"ImageObject","inLanguage":"ca","@id":"https:\/\/radiolitoral.com\/2023\/11\/sanidad-avanza-la-fecha-de-reversion-del-dsd-sera-el-1-de-febrero\/#primaryimage","url":"https:\/\/media.radiolitoral.com\/wp-content\/uploads\/2023\/11\/10135730\/Hospital-Comarcal-Marina-Salud-en-Denia.jpg","contentUrl":"https:\/\/media.radiolitoral.com\/wp-content\/uploads\/2023\/11\/10135730\/Hospital-Comarcal-Marina-Salud-en-Denia.jpg","width":1024,"height":768},{"@type":"BreadcrumbList","@id":"https:\/\/radiolitoral.com\/2023\/11\/sanidad-avanza-la-fecha-de-reversion-del-dsd-sera-el-1-de-febrero\/#breadcrumb","itemListElement":[{"@type":"ListItem","position":1,"name":"Portada","item":"https:\/\/radiolitoral.com\/"},{"@type":"ListItem","position":2,"name":"Sanidad avanza la fecha de reversi\u00f3n del DSD, ser\u00e1 el 1 de febrero"}]},{"@type":"WebSite","@id":"https:\/\/radiolitoral.com\/#website","url":"https:\/\/radiolitoral.com\/","name":"R\u00e0dio Litoral","description":"La r\u00e0dio local de la Marina Alta","publisher":{"@id":"https:\/\/radiolitoral.com\/#organization"},"alternateName":"Litoral FM","potentialAction":[{"@type":"SearchAction","target":{"@type":"EntryPoint","urlTemplate":"https:\/\/radiolitoral.com\/?s={search_term_string}"},"query-input":{"@type":"PropertyValueSpecification","valueRequired":true,"valueName":"search_term_string"}}],"inLanguage":"ca"},{"@type":"Organization","@id":"https:\/\/radiolitoral.com\/#organization","name":"R\u00e0dio Litoral","url":"https:\/\/radiolitoral.com\/","logo":{"@type":"ImageObject","inLanguage":"ca","@id":"https:\/\/radiolitoral.com\/#\/schema\/logo\/image\/","url":"https:\/\/media.radiolitoral.com\/wp-content\/uploads\/2023\/02\/24143238\/CL-V-RadioLitoral696.png","contentUrl":"https:\/\/media.radiolitoral.com\/wp-content\/uploads\/2023\/02\/24143238\/CL-V-RadioLitoral696.png","width":696,"height":696,"caption":"Radio Litoral"},"image":{"@id":"https:\/\/radiolitoral.com\/#\/schema\/logo\/image\/"},"sameAs":["https:\/\/www.facebook.com\/Laradiolitoral\/"]},{"@type":"Person","@id":"https:\/\/radiolitoral.com\/#\/schema\/person\/f2b2343c49b5d721857cc1002bfdb151","name":"Redacci\u00f3","image":{"@type":"ImageObject","inLanguage":"ca","@id":"https:\/\/secure.gravatar.com\/avatar\/f771d896c203ad8b3382d7905cfcce5a5c9b008b84b3cd9114e9b9f4cb63f789?s=96&d=mm&r=g","url":"https:\/\/secure.gravatar.com\/avatar\/f771d896c203ad8b3382d7905cfcce5a5c9b008b84b3cd9114e9b9f4cb63f789?s=96&d=mm&r=g","contentUrl":"https:\/\/secure.gravatar.com\/avatar\/f771d896c203ad8b3382d7905cfcce5a5c9b008b84b3cd9114e9b9f4cb63f789?s=96&d=mm&r=g","caption":"Redacci\u00f3n"},"url":"https:\/\/radiolitoral.com\/ca\/author\/miriam-pagan\/"}]}},"_links":{"self":[{"href":"https:\/\/radiolitoral.com\/ca\/wp-json\/wp\/v2\/posts\/5518","targetHints":{"allow":["GET"]}}],"collection":[{"href":"https:\/\/radiolitoral.com\/ca\/wp-json\/wp\/v2\/posts"}],"about":[{"href":"https:\/\/radiolitoral.com\/ca\/wp-json\/wp\/v2\/types\/post"}],"author":[{"embeddable":true,"href":"https:\/\/radiolitoral.com\/ca\/wp-json\/wp\/v2\/users\/13"}],"replies":[{"embeddable":true,"href":"https:\/\/radiolitoral.com\/ca\/wp-json\/wp\/v2\/comments?post=5518"}],"version-history":[{"count":2,"href":"https:\/\/radiolitoral.com\/ca\/wp-json\/wp\/v2\/posts\/5518\/revisions"}],"predecessor-version":[{"id":5521,"href":"https:\/\/radiolitoral.com\/ca\/wp-json\/wp\/v2\/posts\/5518\/revisions\/5521"}],"wp:featuredmedia":[{"embeddable":true,"href":"https:\/\/radiolitoral.com\/ca\/wp-json\/wp\/v2\/media\/5519"}],"wp:attachment":[{"href":"https:\/\/radiolitoral.com\/ca\/wp-json\/wp\/v2\/media?parent=5518"}],"wp:term":[{"taxonomy":"category","embeddable":true,"href":"https:\/\/radiolitoral.com\/ca\/wp-json\/wp\/v2\/categories?post=5518"},{"taxonomy":"post_tag","embeddable":true,"href":"https:\/\/radiolitoral.com\/ca\/wp-json\/wp\/v2\/tags?post=5518"}],"curies":[{"name":"wp","href":"https:\/\/api.w.org\/{rel}","templated":true}]}}