{"id":548,"date":"2023-01-26T11:29:32","date_gmt":"2023-01-26T10:29:32","guid":{"rendered":"https:\/\/radiolitoral.com\/?p=548"},"modified":"2023-01-26T11:29:32","modified_gmt":"2023-01-26T10:29:32","slug":"calp-treu-a-licitacion-el-servei-de-cinema-a-lauditori-de-la-casa-de-cultura","status":"publish","type":"post","link":"https:\/\/radiolitoral.com\/ca\/2023\/01\/calp-saca-a-licitacion-el-servicio-de-cine-en-el-auditorio-de-la-casa-de-cultura\/","title":{"rendered":"Calp treu a licitaci\u00f3 el servei de cinema a l&#039;Auditori de la Casa de Cultura"},"content":{"rendered":"<p>La regidoria de <strong>Cultura<\/strong> a l&#039;Ajuntament de <strong>Calp<\/strong> ha tret a licitaci\u00f3 el servei de <strong>projeccions cinematogr\u00e0fiques<\/strong> a l&#039;Auditori de la Casa de Cultura Jaume Pastor i Fluix\u00e0. Com ha explicat la regidora de l&#039;\u00e0rea, Pilar Cabrera, a trav\u00e9s d&#039;aquest servei es pret\u00e9n tornar a posar en marxa la projecci\u00f3 de cinema comercial i cinema d&#039;autor durant els caps de setmana a la localitat amb la finalitat d&#039;oferir una alternativa d&#039;oci a la ciutadania i pal\u00b7liar l&#039;abs\u00e8ncia de sales de cinema al municipi.<\/p>\n<p>El valor estimat del contracte \u00e9s de 8.000 euros amb un termini de vig\u00e8ncia de tres anys i de pr\u00f2rroga d&#039;un any. Les empreses interessades tenen fins al 31 de gener per presentar les ofertes.<\/p>\n<p>Cal recordar que l&#039;Auditori de la Casa de Cultura va reobrir el mes de novembre passat les portes despr\u00e9s d&#039;haver estat d&#039;obres per a la instal\u00b7laci\u00f3 d&#039;un sistema de renovaci\u00f3 de l&#039;aire per complir les exig\u00e8ncies sanit\u00e0ries relatives a la ventilaci\u00f3 d&#039;espais p\u00fablics. A poc a poc, aquestes instal\u00b7lacions, renovades i modernitzades, van reprenent la seva activitat i oferta cultural.<\/p>\n<p>L&#039;edil de Cultura tamb\u00e9 ha informat de la finalitzaci\u00f3 de les obres a la <strong>Sala d&#039;Assaigs<\/strong> de la Casa de Cultura Jaume Pastor i Fluix\u00e0 i de la breu posada en marxa.<\/p>\n<audio class=\"wp-audio-shortcode\" id=\"audio-548-1\" preload=\"none\" style=\"width: 100%;\" controls=\"controls\"><source type=\"audio\/mpeg\" src=\"https:\/\/media.radiolitoral.com\/wp-content\/uploads\/2023\/01\/24143245\/Pilar-Cabrera.mp3?_=1\" \/><a href=\"https:\/\/media.radiolitoral.com\/wp-content\/uploads\/2023\/01\/24143245\/Pilar-Cabrera.mp3\">https:\/\/media.radiolitoral.com\/wp-content\/uploads\/2023\/01\/24143245\/Pilar-Cabrera.mp3<\/a><\/audio>\n<p>&nbsp;<\/p>","protected":false},"excerpt":{"rendered":"<p>La concejal\u00eda de Cultura en el Ayuntamiento de Calp ha sacado a licitaci\u00f3n el servicio de proyecciones cinematogr\u00e1ficas en el Auditorio de la Casa de Cultura Jaume Pastor i Fluix\u00e0. Como ha explicado la concejala del \u00e1rea, Pilar Cabrera, a trav\u00e9s de este servicio se pretende poner en marcha de nuevo la proyecci\u00f3n de cine [&#8230;]<\/p>\n<p><a class=\"btn btn-secondary understrap-read-more-link\" href=\"https:\/\/radiolitoral.com\/ca\/2023\/01\/calp-saca-a-licitacion-el-servicio-de-cine-en-el-auditorio-de-la-casa-de-cultura\/\">Continua llegint&#8230;<span class=\"screen-reader-text\"> from Calp saca a licitaci\u00f3n el servicio de cine en el Auditorio de la Casa de Cultura<\/span><\/a><\/p>\n","protected":false},"author":13,"featured_media":550,"comment_status":"open","ping_status":"closed","sticky":false,"template":"","format":"standard","meta":{"_acf_changed":false,"inline_featured_image":false,"footnotes":""},"categories":[55],"tags":[57,56,58,59],"class_list":["post-548","post","type-post","status-publish","format-standard","has-post-thumbnail","hentry","category-cultura","tag-casa-cultura","tag-cine","tag-licitaciones","tag-servicios-publicos","cobertura-calp"],"acf":[],"yoast_head":"<!-- This site is optimized with the Yoast SEO plugin v27.5 - https:\/\/yoast.com\/product\/yoast-seo-wordpress\/ -->\n<title>Calp saca a licitaci\u00f3n el servicio de cine en el Auditorio de la Casa de Cultura | R\u00e0dio Litoral<\/title>\n<meta name=\"description\" content=\"Pilar Cabrera, concejala de Cultura, anuncia tambi\u00e9n la reapertura de la Sala de Ensayos\" \/>\n<meta name=\"robots\" content=\"index, follow, max-snippet:-1, max-image-preview:large, max-video-preview:-1\" \/>\n<link rel=\"canonical\" href=\"https:\/\/radiolitoral.com\/ca\/2023\/01\/calp-treu-a-licitacion-el-servei-de-cinema-a-lauditori-de-la-casa-de-cultura\/\" \/>\n<meta property=\"og:locale\" content=\"ca_ES\" \/>\n<meta property=\"og:type\" content=\"article\" \/>\n<meta property=\"og:title\" content=\"Calp saca a licitaci\u00f3n el servicio de cine en el Auditorio de la Casa de Cultura | R\u00e0dio Litoral\" \/>\n<meta property=\"og:description\" content=\"Pilar Cabrera, concejala de Cultura, anuncia tambi\u00e9n la reapertura de la Sala de Ensayos\" \/>\n<meta property=\"og:url\" content=\"https:\/\/radiolitoral.com\/ca\/2023\/01\/calp-treu-a-licitacion-el-servei-de-cinema-a-lauditori-de-la-casa-de-cultura\/\" \/>\n<meta property=\"og:site_name\" content=\"R\u00e0dio Litoral\" \/>\n<meta property=\"article:publisher\" content=\"https:\/\/www.facebook.com\/Laradiolitoral\/\" \/>\n<meta property=\"article:published_time\" content=\"2023-01-26T10:29:32+00:00\" \/>\n<meta property=\"og:image\" content=\"https:\/\/s3.eu-west-2.wasabisys.com\/radiolitoral.com\/wp-content\/uploads\/2023\/01\/26112810\/Calp.-Auditorio-Casa-Cultura-Calp-1.jpg\" \/>\n\t<meta property=\"og:image:width\" content=\"2048\" \/>\n\t<meta property=\"og:image:height\" content=\"1365\" \/>\n\t<meta property=\"og:image:type\" content=\"image\/jpeg\" \/>\n<meta name=\"author\" content=\"Redacci\u00f3n\" \/>\n<meta name=\"twitter:card\" content=\"summary_large_image\" \/>\n<meta name=\"twitter:label1\" content=\"Escrit per\" \/>\n\t<meta name=\"twitter:data1\" content=\"Redacci\u00f3n\" \/>\n\t<meta name=\"twitter:label2\" content=\"Temps estimat de lectura\" \/>\n\t<meta name=\"twitter:data2\" content=\"1 minut\" \/>\n<script type=\"application\/ld+json\" class=\"yoast-schema-graph\">{\"@context\":\"https:\\\/\\\/schema.org\",\"@graph\":[{\"@type\":\"NewsArticle\",\"@id\":\"https:\\\/\\\/radiolitoral.com\\\/2023\\\/01\\\/calp-saca-a-licitacion-el-servicio-de-cine-en-el-auditorio-de-la-casa-de-cultura\\\/#article\",\"isPartOf\":{\"@id\":\"https:\\\/\\\/radiolitoral.com\\\/2023\\\/01\\\/calp-saca-a-licitacion-el-servicio-de-cine-en-el-auditorio-de-la-casa-de-cultura\\\/\"},\"author\":{\"name\":\"Redacci\u00f3n\",\"@id\":\"https:\\\/\\\/radiolitoral.com\\\/#\\\/schema\\\/person\\\/f2b2343c49b5d721857cc1002bfdb151\"},\"headline\":\"Calp saca a licitaci\u00f3n el servicio de cine en el Auditorio de la Casa de Cultura\",\"datePublished\":\"2023-01-26T10:29:32+00:00\",\"mainEntityOfPage\":{\"@id\":\"https:\\\/\\\/radiolitoral.com\\\/2023\\\/01\\\/calp-saca-a-licitacion-el-servicio-de-cine-en-el-auditorio-de-la-casa-de-cultura\\\/\"},\"wordCount\":265,\"commentCount\":0,\"publisher\":{\"@id\":\"https:\\\/\\\/radiolitoral.com\\\/#organization\"},\"image\":{\"@id\":\"https:\\\/\\\/radiolitoral.com\\\/2023\\\/01\\\/calp-saca-a-licitacion-el-servicio-de-cine-en-el-auditorio-de-la-casa-de-cultura\\\/#primaryimage\"},\"thumbnailUrl\":\"https:\\\/\\\/media.radiolitoral.com\\\/wp-content\\\/uploads\\\/2023\\\/01\\\/24143245\\\/Calp.-Auditorio-Casa-Cultura-Calp-1.jpg\",\"keywords\":[\"Casa Cultura\",\"Cine\",\"Licitaciones\",\"Servicios p\u00fablicos\"],\"articleSection\":[\"Cultura\"],\"inLanguage\":\"ca\",\"potentialAction\":[{\"@type\":\"CommentAction\",\"name\":\"Comment\",\"target\":[\"https:\\\/\\\/radiolitoral.com\\\/2023\\\/01\\\/calp-saca-a-licitacion-el-servicio-de-cine-en-el-auditorio-de-la-casa-de-cultura\\\/#respond\"]}]},{\"@type\":[\"WebPage\",\"ItemPage\"],\"@id\":\"https:\\\/\\\/radiolitoral.com\\\/2023\\\/01\\\/calp-saca-a-licitacion-el-servicio-de-cine-en-el-auditorio-de-la-casa-de-cultura\\\/\",\"url\":\"https:\\\/\\\/radiolitoral.com\\\/2023\\\/01\\\/calp-saca-a-licitacion-el-servicio-de-cine-en-el-auditorio-de-la-casa-de-cultura\\\/\",\"name\":\"Calp saca a licitaci\u00f3n el servicio de cine en el Auditorio de la Casa de Cultura | R\u00e0dio Litoral\",\"isPartOf\":{\"@id\":\"https:\\\/\\\/radiolitoral.com\\\/#website\"},\"primaryImageOfPage\":{\"@id\":\"https:\\\/\\\/radiolitoral.com\\\/2023\\\/01\\\/calp-saca-a-licitacion-el-servicio-de-cine-en-el-auditorio-de-la-casa-de-cultura\\\/#primaryimage\"},\"image\":{\"@id\":\"https:\\\/\\\/radiolitoral.com\\\/2023\\\/01\\\/calp-saca-a-licitacion-el-servicio-de-cine-en-el-auditorio-de-la-casa-de-cultura\\\/#primaryimage\"},\"thumbnailUrl\":\"https:\\\/\\\/media.radiolitoral.com\\\/wp-content\\\/uploads\\\/2023\\\/01\\\/24143245\\\/Calp.-Auditorio-Casa-Cultura-Calp-1.jpg\",\"datePublished\":\"2023-01-26T10:29:32+00:00\",\"description\":\"Pilar Cabrera, concejala de Cultura, anuncia tambi\u00e9n la reapertura de la Sala de Ensayos\",\"breadcrumb\":{\"@id\":\"https:\\\/\\\/radiolitoral.com\\\/2023\\\/01\\\/calp-saca-a-licitacion-el-servicio-de-cine-en-el-auditorio-de-la-casa-de-cultura\\\/#breadcrumb\"},\"inLanguage\":\"ca\",\"potentialAction\":[{\"@type\":\"ReadAction\",\"target\":[\"https:\\\/\\\/radiolitoral.com\\\/2023\\\/01\\\/calp-saca-a-licitacion-el-servicio-de-cine-en-el-auditorio-de-la-casa-de-cultura\\\/\"]}]},{\"@type\":\"ImageObject\",\"inLanguage\":\"ca\",\"@id\":\"https:\\\/\\\/radiolitoral.com\\\/2023\\\/01\\\/calp-saca-a-licitacion-el-servicio-de-cine-en-el-auditorio-de-la-casa-de-cultura\\\/#primaryimage\",\"url\":\"https:\\\/\\\/media.radiolitoral.com\\\/wp-content\\\/uploads\\\/2023\\\/01\\\/24143245\\\/Calp.-Auditorio-Casa-Cultura-Calp-1.jpg\",\"contentUrl\":\"https:\\\/\\\/media.radiolitoral.com\\\/wp-content\\\/uploads\\\/2023\\\/01\\\/24143245\\\/Calp.-Auditorio-Casa-Cultura-Calp-1.jpg\",\"width\":2048,\"height\":1365},{\"@type\":\"BreadcrumbList\",\"@id\":\"https:\\\/\\\/radiolitoral.com\\\/2023\\\/01\\\/calp-saca-a-licitacion-el-servicio-de-cine-en-el-auditorio-de-la-casa-de-cultura\\\/#breadcrumb\",\"itemListElement\":[{\"@type\":\"ListItem\",\"position\":1,\"name\":\"Portada\",\"item\":\"https:\\\/\\\/radiolitoral.com\\\/\"},{\"@type\":\"ListItem\",\"position\":2,\"name\":\"Calp saca a licitaci\u00f3n el servicio de cine en el Auditorio de la Casa de Cultura\"}]},{\"@type\":\"WebSite\",\"@id\":\"https:\\\/\\\/radiolitoral.com\\\/#website\",\"url\":\"https:\\\/\\\/radiolitoral.com\\\/\",\"name\":\"Radio Litoral\",\"description\":\"La radio local de la Marina Alta\",\"publisher\":{\"@id\":\"https:\\\/\\\/radiolitoral.com\\\/#organization\"},\"alternateName\":\"Litoral FM\",\"potentialAction\":[{\"@type\":\"SearchAction\",\"target\":{\"@type\":\"EntryPoint\",\"urlTemplate\":\"https:\\\/\\\/radiolitoral.com\\\/?s={search_term_string}\"},\"query-input\":{\"@type\":\"PropertyValueSpecification\",\"valueRequired\":true,\"valueName\":\"search_term_string\"}}],\"inLanguage\":\"ca\"},{\"@type\":\"Organization\",\"@id\":\"https:\\\/\\\/radiolitoral.com\\\/#organization\",\"name\":\"Radio Litoral\",\"url\":\"https:\\\/\\\/radiolitoral.com\\\/\",\"logo\":{\"@type\":\"ImageObject\",\"inLanguage\":\"ca\",\"@id\":\"https:\\\/\\\/radiolitoral.com\\\/#\\\/schema\\\/logo\\\/image\\\/\",\"url\":\"https:\\\/\\\/media.radiolitoral.com\\\/wp-content\\\/uploads\\\/2023\\\/02\\\/24143238\\\/CL-V-RadioLitoral696.png\",\"contentUrl\":\"https:\\\/\\\/media.radiolitoral.com\\\/wp-content\\\/uploads\\\/2023\\\/02\\\/24143238\\\/CL-V-RadioLitoral696.png\",\"width\":696,\"height\":696,\"caption\":\"Radio Litoral\"},\"image\":{\"@id\":\"https:\\\/\\\/radiolitoral.com\\\/#\\\/schema\\\/logo\\\/image\\\/\"},\"sameAs\":[\"https:\\\/\\\/www.facebook.com\\\/Laradiolitoral\\\/\"]},{\"@type\":\"Person\",\"@id\":\"https:\\\/\\\/radiolitoral.com\\\/#\\\/schema\\\/person\\\/f2b2343c49b5d721857cc1002bfdb151\",\"name\":\"Redacci\u00f3n\",\"image\":{\"@type\":\"ImageObject\",\"inLanguage\":\"ca\",\"@id\":\"https:\\\/\\\/secure.gravatar.com\\\/avatar\\\/f771d896c203ad8b3382d7905cfcce5a5c9b008b84b3cd9114e9b9f4cb63f789?s=96&d=mm&r=g\",\"url\":\"https:\\\/\\\/secure.gravatar.com\\\/avatar\\\/f771d896c203ad8b3382d7905cfcce5a5c9b008b84b3cd9114e9b9f4cb63f789?s=96&d=mm&r=g\",\"contentUrl\":\"https:\\\/\\\/secure.gravatar.com\\\/avatar\\\/f771d896c203ad8b3382d7905cfcce5a5c9b008b84b3cd9114e9b9f4cb63f789?s=96&d=mm&r=g\",\"caption\":\"Redacci\u00f3n\"},\"url\":\"https:\\\/\\\/radiolitoral.com\\\/ca\\\/author\\\/miriam-pagan\\\/\"}]}<\/script>\n<!-- \/ Yoast SEO plugin. -->","yoast_head_json":{"title":"Calp treu a licitaci\u00f3 el servei de cinema a l&#039;Auditori de la Casa de Cultura | R\u00e0dio Litoral","description":"Pilar Cabrera, regidora de Cultura, anuncia tamb\u00e9 la reobertura de la Sala d&#039;Assaigs","robots":{"index":"index","follow":"follow","max-snippet":"max-snippet:-1","max-image-preview":"max-image-preview:large","max-video-preview":"max-video-preview:-1"},"canonical":"https:\/\/radiolitoral.com\/ca\/2023\/01\/calp-treu-a-licitacion-el-servei-de-cinema-a-lauditori-de-la-casa-de-cultura\/","og_locale":"ca_ES","og_type":"article","og_title":"Calp saca a licitaci\u00f3n el servicio de cine en el Auditorio de la Casa de Cultura | R\u00e0dio Litoral","og_description":"Pilar Cabrera, concejala de Cultura, anuncia tambi\u00e9n la reapertura de la Sala de Ensayos","og_url":"https:\/\/radiolitoral.com\/ca\/2023\/01\/calp-treu-a-licitacion-el-servei-de-cinema-a-lauditori-de-la-casa-de-cultura\/","og_site_name":"R\u00e0dio Litoral","article_publisher":"https:\/\/www.facebook.com\/Laradiolitoral\/","article_published_time":"2023-01-26T10:29:32+00:00","og_image":[{"width":2048,"height":1365,"url":"https:\/\/s3.eu-west-2.wasabisys.com\/radiolitoral.com\/wp-content\/uploads\/2023\/01\/26112810\/Calp.-Auditorio-Casa-Cultura-Calp-1.jpg","type":"image\/jpeg"}],"author":"Redacci\u00f3n","twitter_card":"summary_large_image","twitter_misc":{"Escrit per":"Redacci\u00f3n","Temps estimat de lectura":"1 minut"},"schema":{"@context":"https:\/\/schema.org","@graph":[{"@type":"NewsArticle","@id":"https:\/\/radiolitoral.com\/2023\/01\/calp-saca-a-licitacion-el-servicio-de-cine-en-el-auditorio-de-la-casa-de-cultura\/#article","isPartOf":{"@id":"https:\/\/radiolitoral.com\/2023\/01\/calp-saca-a-licitacion-el-servicio-de-cine-en-el-auditorio-de-la-casa-de-cultura\/"},"author":{"name":"Redacci\u00f3n","@id":"https:\/\/radiolitoral.com\/#\/schema\/person\/f2b2343c49b5d721857cc1002bfdb151"},"headline":"Calp saca a licitaci\u00f3n el servicio de cine en el Auditorio de la Casa de Cultura","datePublished":"2023-01-26T10:29:32+00:00","mainEntityOfPage":{"@id":"https:\/\/radiolitoral.com\/2023\/01\/calp-saca-a-licitacion-el-servicio-de-cine-en-el-auditorio-de-la-casa-de-cultura\/"},"wordCount":265,"commentCount":0,"publisher":{"@id":"https:\/\/radiolitoral.com\/#organization"},"image":{"@id":"https:\/\/radiolitoral.com\/2023\/01\/calp-saca-a-licitacion-el-servicio-de-cine-en-el-auditorio-de-la-casa-de-cultura\/#primaryimage"},"thumbnailUrl":"https:\/\/media.radiolitoral.com\/wp-content\/uploads\/2023\/01\/24143245\/Calp.-Auditorio-Casa-Cultura-Calp-1.jpg","keywords":["Casa Cultura","Cine","Licitaciones","Servicios p\u00fablicos"],"articleSection":["Cultura"],"inLanguage":"ca","potentialAction":[{"@type":"CommentAction","name":"Comment","target":["https:\/\/radiolitoral.com\/2023\/01\/calp-saca-a-licitacion-el-servicio-de-cine-en-el-auditorio-de-la-casa-de-cultura\/#respond"]}]},{"@type":["WebPage","ItemPage"],"@id":"https:\/\/radiolitoral.com\/2023\/01\/calp-saca-a-licitacion-el-servicio-de-cine-en-el-auditorio-de-la-casa-de-cultura\/","url":"https:\/\/radiolitoral.com\/2023\/01\/calp-saca-a-licitacion-el-servicio-de-cine-en-el-auditorio-de-la-casa-de-cultura\/","name":"Calp treu a licitaci\u00f3 el servei de cinema a l&#039;Auditori de la Casa de Cultura | R\u00e0dio Litoral","isPartOf":{"@id":"https:\/\/radiolitoral.com\/#website"},"primaryImageOfPage":{"@id":"https:\/\/radiolitoral.com\/2023\/01\/calp-saca-a-licitacion-el-servicio-de-cine-en-el-auditorio-de-la-casa-de-cultura\/#primaryimage"},"image":{"@id":"https:\/\/radiolitoral.com\/2023\/01\/calp-saca-a-licitacion-el-servicio-de-cine-en-el-auditorio-de-la-casa-de-cultura\/#primaryimage"},"thumbnailUrl":"https:\/\/media.radiolitoral.com\/wp-content\/uploads\/2023\/01\/24143245\/Calp.-Auditorio-Casa-Cultura-Calp-1.jpg","datePublished":"2023-01-26T10:29:32+00:00","description":"Pilar Cabrera, regidora de Cultura, anuncia tamb\u00e9 la reobertura de la Sala d&#039;Assaigs","breadcrumb":{"@id":"https:\/\/radiolitoral.com\/2023\/01\/calp-saca-a-licitacion-el-servicio-de-cine-en-el-auditorio-de-la-casa-de-cultura\/#breadcrumb"},"inLanguage":"ca","potentialAction":[{"@type":"ReadAction","target":["https:\/\/radiolitoral.com\/2023\/01\/calp-saca-a-licitacion-el-servicio-de-cine-en-el-auditorio-de-la-casa-de-cultura\/"]}]},{"@type":"ImageObject","inLanguage":"ca","@id":"https:\/\/radiolitoral.com\/2023\/01\/calp-saca-a-licitacion-el-servicio-de-cine-en-el-auditorio-de-la-casa-de-cultura\/#primaryimage","url":"https:\/\/media.radiolitoral.com\/wp-content\/uploads\/2023\/01\/24143245\/Calp.-Auditorio-Casa-Cultura-Calp-1.jpg","contentUrl":"https:\/\/media.radiolitoral.com\/wp-content\/uploads\/2023\/01\/24143245\/Calp.-Auditorio-Casa-Cultura-Calp-1.jpg","width":2048,"height":1365},{"@type":"BreadcrumbList","@id":"https:\/\/radiolitoral.com\/2023\/01\/calp-saca-a-licitacion-el-servicio-de-cine-en-el-auditorio-de-la-casa-de-cultura\/#breadcrumb","itemListElement":[{"@type":"ListItem","position":1,"name":"Portada","item":"https:\/\/radiolitoral.com\/"},{"@type":"ListItem","position":2,"name":"Calp saca a licitaci\u00f3n el servicio de cine en el Auditorio de la Casa de Cultura"}]},{"@type":"WebSite","@id":"https:\/\/radiolitoral.com\/#website","url":"https:\/\/radiolitoral.com\/","name":"R\u00e0dio Litoral","description":"La r\u00e0dio local de la Marina Alta","publisher":{"@id":"https:\/\/radiolitoral.com\/#organization"},"alternateName":"Litoral FM","potentialAction":[{"@type":"SearchAction","target":{"@type":"EntryPoint","urlTemplate":"https:\/\/radiolitoral.com\/?s={search_term_string}"},"query-input":{"@type":"PropertyValueSpecification","valueRequired":true,"valueName":"search_term_string"}}],"inLanguage":"ca"},{"@type":"Organization","@id":"https:\/\/radiolitoral.com\/#organization","name":"R\u00e0dio Litoral","url":"https:\/\/radiolitoral.com\/","logo":{"@type":"ImageObject","inLanguage":"ca","@id":"https:\/\/radiolitoral.com\/#\/schema\/logo\/image\/","url":"https:\/\/media.radiolitoral.com\/wp-content\/uploads\/2023\/02\/24143238\/CL-V-RadioLitoral696.png","contentUrl":"https:\/\/media.radiolitoral.com\/wp-content\/uploads\/2023\/02\/24143238\/CL-V-RadioLitoral696.png","width":696,"height":696,"caption":"Radio Litoral"},"image":{"@id":"https:\/\/radiolitoral.com\/#\/schema\/logo\/image\/"},"sameAs":["https:\/\/www.facebook.com\/Laradiolitoral\/"]},{"@type":"Person","@id":"https:\/\/radiolitoral.com\/#\/schema\/person\/f2b2343c49b5d721857cc1002bfdb151","name":"Redacci\u00f3","image":{"@type":"ImageObject","inLanguage":"ca","@id":"https:\/\/secure.gravatar.com\/avatar\/f771d896c203ad8b3382d7905cfcce5a5c9b008b84b3cd9114e9b9f4cb63f789?s=96&d=mm&r=g","url":"https:\/\/secure.gravatar.com\/avatar\/f771d896c203ad8b3382d7905cfcce5a5c9b008b84b3cd9114e9b9f4cb63f789?s=96&d=mm&r=g","contentUrl":"https:\/\/secure.gravatar.com\/avatar\/f771d896c203ad8b3382d7905cfcce5a5c9b008b84b3cd9114e9b9f4cb63f789?s=96&d=mm&r=g","caption":"Redacci\u00f3n"},"url":"https:\/\/radiolitoral.com\/ca\/author\/miriam-pagan\/"}]}},"_links":{"self":[{"href":"https:\/\/radiolitoral.com\/ca\/wp-json\/wp\/v2\/posts\/548","targetHints":{"allow":["GET"]}}],"collection":[{"href":"https:\/\/radiolitoral.com\/ca\/wp-json\/wp\/v2\/posts"}],"about":[{"href":"https:\/\/radiolitoral.com\/ca\/wp-json\/wp\/v2\/types\/post"}],"author":[{"embeddable":true,"href":"https:\/\/radiolitoral.com\/ca\/wp-json\/wp\/v2\/users\/13"}],"replies":[{"embeddable":true,"href":"https:\/\/radiolitoral.com\/ca\/wp-json\/wp\/v2\/comments?post=548"}],"version-history":[{"count":2,"href":"https:\/\/radiolitoral.com\/ca\/wp-json\/wp\/v2\/posts\/548\/revisions"}],"predecessor-version":[{"id":552,"href":"https:\/\/radiolitoral.com\/ca\/wp-json\/wp\/v2\/posts\/548\/revisions\/552"}],"wp:featuredmedia":[{"embeddable":true,"href":"https:\/\/radiolitoral.com\/ca\/wp-json\/wp\/v2\/media\/550"}],"wp:attachment":[{"href":"https:\/\/radiolitoral.com\/ca\/wp-json\/wp\/v2\/media?parent=548"}],"wp:term":[{"taxonomy":"category","embeddable":true,"href":"https:\/\/radiolitoral.com\/ca\/wp-json\/wp\/v2\/categories?post=548"},{"taxonomy":"post_tag","embeddable":true,"href":"https:\/\/radiolitoral.com\/ca\/wp-json\/wp\/v2\/tags?post=548"}],"curies":[{"name":"wp","href":"https:\/\/api.w.org\/{rel}","templated":true}]}}