{"id":5467,"date":"2023-11-08T19:54:32","date_gmt":"2023-11-08T18:54:32","guid":{"rendered":"https:\/\/radiolitoral.com\/?p=5467"},"modified":"2023-11-08T19:54:32","modified_gmt":"2023-11-08T18:54:32","slug":"el-cedma-i-la-uned-signen-un-conveni-de-col%c2%b7laboracio","status":"publish","type":"post","link":"https:\/\/radiolitoral.com\/ca\/2023\/11\/el-cedma-y-la-uned-firman-un-convenio-de-colaboracion\/","title":{"rendered":"El CEDMA i la UNED signen un conveni de col\u00b7laboraci\u00f3"},"content":{"rendered":"<p>El<strong> Cercle Empresarial de la Marina Alta, CEDMA,<\/strong> i la <strong>UNED a D\u00e9nia<\/strong> han signat un \u00abAcord Espec\u00edfic de Col\u00b7laboraci\u00f3\u00bb per tal de promoure la cooperaci\u00f3 i el desenvolupament d&#039;activitats d&#039;inter\u00e8s per a ambdues institucions en el marc dels Objectius de Desenvolupament Sostenible (ODS) inclosos a l&#039;Agenda 2023.<\/p>\n<p>Entre els objectius d\u201faquest acord, podem destacar la intenci\u00f3 de desenvolupar un programa d\u201factivitats que benefici\u00efn les empreses associades a CEDMA ia l\u201festudiantat de la UNED. Crear un clima de col\u00b7laboraci\u00f3 i confian\u00e7a m\u00fatua que permeti aprofundir la relaci\u00f3 entre les dues entitats i amb els col\u00b7lectius que representen. Aix\u00ed com desenvolupar sin\u00e8rgies entre el m\u00f3n acad\u00e8mic i el professional.<\/p>\n<p>Tant la <strong>directora d&#039;UNED D\u00e9nia, Raquel Mart\u00ed,<\/strong> com el <strong>president de CEDMA, Benito Mestre,<\/strong> han manifestat el seu inter\u00e8s a potenciar aquesta col\u00b7laboraci\u00f3, i en aquest sentit, \u00abl&#039;acord signat suposa una gran oportunitat per a <strong>apropar la Universitat al teixit empresarial i les empreses al m\u00f3n universitari<\/strong>\u00ab.<\/p>\n<p>La primera de les activitats programades en el marc d&#039;aquest conveni \u00e9s el Cicle de Confer\u00e8ncies Universitat, Empresa i Agenda 2030, s&#039;iniciar\u00e0 el proper 15 de novembre i s&#039;impartir\u00e0 presencialment al Centre UNED D\u00e9nia i en l\u00ednia.<\/p>","protected":false},"excerpt":{"rendered":"<p>El Cercle Empresarial de la Marina Alta, CEDMA, y la UNED en D\u00e9nia han firmado un \u00abAcuerdo Espec\u00edfico de Colaboraci\u00f3n\u00bb con el fin de promover la cooperaci\u00f3n y el desarrollo de actividades de inter\u00e9s para ambas instituciones en el marco de los Objetivos de Desarrollo Sostenible (ODS) incluidos en la Agenda 2023. Entre los objetivos [&#8230;]<\/p>\n<p><a class=\"btn btn-secondary understrap-read-more-link\" href=\"https:\/\/radiolitoral.com\/ca\/2023\/11\/el-cedma-y-la-uned-firman-un-convenio-de-colaboracion\/\">Continua llegint&#8230;<span class=\"screen-reader-text\"> from El CEDMA y la UNED firman un convenio de colaboraci\u00f3n<\/span><\/a><\/p>\n","protected":false},"author":13,"featured_media":5468,"comment_status":"open","ping_status":"closed","sticky":false,"template":"","format":"standard","meta":{"_acf_changed":false,"inline_featured_image":false,"footnotes":""},"categories":[130],"tags":[849,850],"class_list":["post-5467","post","type-post","status-publish","format-standard","has-post-thumbnail","hentry","category-educacion","tag-empresas","tag-formacion","cobertura-marina-alta"],"acf":[],"yoast_head":"<!-- This site is optimized with the Yoast SEO plugin v27.5 - https:\/\/yoast.com\/product\/yoast-seo-wordpress\/ -->\n<title>El CEDMA y la UNED firman un convenio de colaboraci\u00f3n | R\u00e0dio Litoral<\/title>\n<meta name=\"description\" content=\"Los representantes del Cercle Empresarial de la Marina Alta y la UNED en D\u00e9nia firman un convenio de colaboraci\u00f3n\" \/>\n<meta name=\"robots\" content=\"index, follow, max-snippet:-1, max-image-preview:large, max-video-preview:-1\" \/>\n<link rel=\"canonical\" href=\"https:\/\/radiolitoral.com\/ca\/2023\/11\/el-cedma-i-la-uned-signen-un-conveni-de-col\u00b7laboracio\/\" \/>\n<meta property=\"og:locale\" content=\"ca_ES\" \/>\n<meta property=\"og:type\" content=\"article\" \/>\n<meta property=\"og:title\" content=\"El CEDMA y la UNED firman un convenio de colaboraci\u00f3n | R\u00e0dio Litoral\" \/>\n<meta property=\"og:description\" content=\"Los representantes del Cercle Empresarial de la Marina Alta y la UNED en D\u00e9nia firman un convenio de colaboraci\u00f3n\" \/>\n<meta property=\"og:url\" content=\"https:\/\/radiolitoral.com\/ca\/2023\/11\/el-cedma-i-la-uned-signen-un-conveni-de-col\u00b7laboracio\/\" \/>\n<meta property=\"og:site_name\" content=\"R\u00e0dio Litoral\" \/>\n<meta property=\"article:publisher\" content=\"https:\/\/www.facebook.com\/Laradiolitoral\/\" \/>\n<meta property=\"article:published_time\" content=\"2023-11-08T18:54:32+00:00\" \/>\n<meta property=\"og:image\" content=\"https:\/\/media.radiolitoral.com\/wp-content\/uploads\/2023\/11\/08194520\/Convenio-UNED-y-CEDMA-scaled.jpg\" \/>\n\t<meta property=\"og:image:width\" content=\"2560\" \/>\n\t<meta property=\"og:image:height\" content=\"1707\" \/>\n\t<meta property=\"og:image:type\" content=\"image\/jpeg\" \/>\n<meta name=\"author\" content=\"Redacci\u00f3n\" \/>\n<meta name=\"twitter:card\" content=\"summary_large_image\" \/>\n<meta name=\"twitter:label1\" content=\"Escrit per\" \/>\n\t<meta name=\"twitter:data1\" content=\"Redacci\u00f3n\" \/>\n\t<meta name=\"twitter:label2\" content=\"Temps estimat de lectura\" \/>\n\t<meta name=\"twitter:data2\" content=\"1 minut\" \/>\n<script type=\"application\/ld+json\" class=\"yoast-schema-graph\">{\"@context\":\"https:\\\/\\\/schema.org\",\"@graph\":[{\"@type\":\"NewsArticle\",\"@id\":\"https:\\\/\\\/radiolitoral.com\\\/2023\\\/11\\\/el-cedma-y-la-uned-firman-un-convenio-de-colaboracion\\\/#article\",\"isPartOf\":{\"@id\":\"https:\\\/\\\/radiolitoral.com\\\/2023\\\/11\\\/el-cedma-y-la-uned-firman-un-convenio-de-colaboracion\\\/\"},\"author\":{\"name\":\"Redacci\u00f3n\",\"@id\":\"https:\\\/\\\/radiolitoral.com\\\/#\\\/schema\\\/person\\\/f2b2343c49b5d721857cc1002bfdb151\"},\"headline\":\"El CEDMA y la UNED firman un convenio de colaboraci\u00f3n\",\"datePublished\":\"2023-11-08T18:54:32+00:00\",\"mainEntityOfPage\":{\"@id\":\"https:\\\/\\\/radiolitoral.com\\\/2023\\\/11\\\/el-cedma-y-la-uned-firman-un-convenio-de-colaboracion\\\/\"},\"wordCount\":224,\"commentCount\":0,\"publisher\":{\"@id\":\"https:\\\/\\\/radiolitoral.com\\\/#organization\"},\"image\":{\"@id\":\"https:\\\/\\\/radiolitoral.com\\\/2023\\\/11\\\/el-cedma-y-la-uned-firman-un-convenio-de-colaboracion\\\/#primaryimage\"},\"thumbnailUrl\":\"https:\\\/\\\/media.radiolitoral.com\\\/wp-content\\\/uploads\\\/2023\\\/11\\\/08194520\\\/Convenio-UNED-y-CEDMA-scaled.jpg\",\"keywords\":[\"Empresas\",\"Formaci\u00f3n\"],\"articleSection\":[\"Educaci\u00f3n\"],\"inLanguage\":\"ca\",\"potentialAction\":[{\"@type\":\"CommentAction\",\"name\":\"Comment\",\"target\":[\"https:\\\/\\\/radiolitoral.com\\\/2023\\\/11\\\/el-cedma-y-la-uned-firman-un-convenio-de-colaboracion\\\/#respond\"]}]},{\"@type\":[\"WebPage\",\"ItemPage\"],\"@id\":\"https:\\\/\\\/radiolitoral.com\\\/2023\\\/11\\\/el-cedma-y-la-uned-firman-un-convenio-de-colaboracion\\\/\",\"url\":\"https:\\\/\\\/radiolitoral.com\\\/2023\\\/11\\\/el-cedma-y-la-uned-firman-un-convenio-de-colaboracion\\\/\",\"name\":\"El CEDMA y la UNED firman un convenio de colaboraci\u00f3n | R\u00e0dio Litoral\",\"isPartOf\":{\"@id\":\"https:\\\/\\\/radiolitoral.com\\\/#website\"},\"primaryImageOfPage\":{\"@id\":\"https:\\\/\\\/radiolitoral.com\\\/2023\\\/11\\\/el-cedma-y-la-uned-firman-un-convenio-de-colaboracion\\\/#primaryimage\"},\"image\":{\"@id\":\"https:\\\/\\\/radiolitoral.com\\\/2023\\\/11\\\/el-cedma-y-la-uned-firman-un-convenio-de-colaboracion\\\/#primaryimage\"},\"thumbnailUrl\":\"https:\\\/\\\/media.radiolitoral.com\\\/wp-content\\\/uploads\\\/2023\\\/11\\\/08194520\\\/Convenio-UNED-y-CEDMA-scaled.jpg\",\"datePublished\":\"2023-11-08T18:54:32+00:00\",\"description\":\"Los representantes del Cercle Empresarial de la Marina Alta y la UNED en D\u00e9nia firman un convenio de colaboraci\u00f3n\",\"breadcrumb\":{\"@id\":\"https:\\\/\\\/radiolitoral.com\\\/2023\\\/11\\\/el-cedma-y-la-uned-firman-un-convenio-de-colaboracion\\\/#breadcrumb\"},\"inLanguage\":\"ca\",\"potentialAction\":[{\"@type\":\"ReadAction\",\"target\":[\"https:\\\/\\\/radiolitoral.com\\\/2023\\\/11\\\/el-cedma-y-la-uned-firman-un-convenio-de-colaboracion\\\/\"]}]},{\"@type\":\"ImageObject\",\"inLanguage\":\"ca\",\"@id\":\"https:\\\/\\\/radiolitoral.com\\\/2023\\\/11\\\/el-cedma-y-la-uned-firman-un-convenio-de-colaboracion\\\/#primaryimage\",\"url\":\"https:\\\/\\\/media.radiolitoral.com\\\/wp-content\\\/uploads\\\/2023\\\/11\\\/08194520\\\/Convenio-UNED-y-CEDMA-scaled.jpg\",\"contentUrl\":\"https:\\\/\\\/media.radiolitoral.com\\\/wp-content\\\/uploads\\\/2023\\\/11\\\/08194520\\\/Convenio-UNED-y-CEDMA-scaled.jpg\",\"width\":2560,\"height\":1707},{\"@type\":\"BreadcrumbList\",\"@id\":\"https:\\\/\\\/radiolitoral.com\\\/2023\\\/11\\\/el-cedma-y-la-uned-firman-un-convenio-de-colaboracion\\\/#breadcrumb\",\"itemListElement\":[{\"@type\":\"ListItem\",\"position\":1,\"name\":\"Portada\",\"item\":\"https:\\\/\\\/radiolitoral.com\\\/\"},{\"@type\":\"ListItem\",\"position\":2,\"name\":\"El CEDMA y la UNED firman un convenio de colaboraci\u00f3n\"}]},{\"@type\":\"WebSite\",\"@id\":\"https:\\\/\\\/radiolitoral.com\\\/#website\",\"url\":\"https:\\\/\\\/radiolitoral.com\\\/\",\"name\":\"Radio Litoral\",\"description\":\"La radio local de la Marina Alta\",\"publisher\":{\"@id\":\"https:\\\/\\\/radiolitoral.com\\\/#organization\"},\"alternateName\":\"Litoral FM\",\"potentialAction\":[{\"@type\":\"SearchAction\",\"target\":{\"@type\":\"EntryPoint\",\"urlTemplate\":\"https:\\\/\\\/radiolitoral.com\\\/?s={search_term_string}\"},\"query-input\":{\"@type\":\"PropertyValueSpecification\",\"valueRequired\":true,\"valueName\":\"search_term_string\"}}],\"inLanguage\":\"ca\"},{\"@type\":\"Organization\",\"@id\":\"https:\\\/\\\/radiolitoral.com\\\/#organization\",\"name\":\"Radio Litoral\",\"url\":\"https:\\\/\\\/radiolitoral.com\\\/\",\"logo\":{\"@type\":\"ImageObject\",\"inLanguage\":\"ca\",\"@id\":\"https:\\\/\\\/radiolitoral.com\\\/#\\\/schema\\\/logo\\\/image\\\/\",\"url\":\"https:\\\/\\\/media.radiolitoral.com\\\/wp-content\\\/uploads\\\/2023\\\/02\\\/24143238\\\/CL-V-RadioLitoral696.png\",\"contentUrl\":\"https:\\\/\\\/media.radiolitoral.com\\\/wp-content\\\/uploads\\\/2023\\\/02\\\/24143238\\\/CL-V-RadioLitoral696.png\",\"width\":696,\"height\":696,\"caption\":\"Radio Litoral\"},\"image\":{\"@id\":\"https:\\\/\\\/radiolitoral.com\\\/#\\\/schema\\\/logo\\\/image\\\/\"},\"sameAs\":[\"https:\\\/\\\/www.facebook.com\\\/Laradiolitoral\\\/\"]},{\"@type\":\"Person\",\"@id\":\"https:\\\/\\\/radiolitoral.com\\\/#\\\/schema\\\/person\\\/f2b2343c49b5d721857cc1002bfdb151\",\"name\":\"Redacci\u00f3n\",\"image\":{\"@type\":\"ImageObject\",\"inLanguage\":\"ca\",\"@id\":\"https:\\\/\\\/secure.gravatar.com\\\/avatar\\\/f771d896c203ad8b3382d7905cfcce5a5c9b008b84b3cd9114e9b9f4cb63f789?s=96&d=mm&r=g\",\"url\":\"https:\\\/\\\/secure.gravatar.com\\\/avatar\\\/f771d896c203ad8b3382d7905cfcce5a5c9b008b84b3cd9114e9b9f4cb63f789?s=96&d=mm&r=g\",\"contentUrl\":\"https:\\\/\\\/secure.gravatar.com\\\/avatar\\\/f771d896c203ad8b3382d7905cfcce5a5c9b008b84b3cd9114e9b9f4cb63f789?s=96&d=mm&r=g\",\"caption\":\"Redacci\u00f3n\"},\"url\":\"https:\\\/\\\/radiolitoral.com\\\/ca\\\/author\\\/miriam-pagan\\\/\"}]}<\/script>\n<!-- \/ Yoast SEO plugin. -->","yoast_head_json":{"title":"El CEDMA i la UNED signen un conveni de col\u00b7laboraci\u00f3 | R\u00e0dio Litoral","description":"Els representants del Cercle Empresarial de la Marina Alta i la UNED a D\u00e9nia signen un conveni de col\u00b7laboraci\u00f3","robots":{"index":"index","follow":"follow","max-snippet":"max-snippet:-1","max-image-preview":"max-image-preview:large","max-video-preview":"max-video-preview:-1"},"canonical":"https:\/\/radiolitoral.com\/ca\/2023\/11\/el-cedma-i-la-uned-signen-un-conveni-de-col\u00b7laboracio\/","og_locale":"ca_ES","og_type":"article","og_title":"El CEDMA y la UNED firman un convenio de colaboraci\u00f3n | R\u00e0dio Litoral","og_description":"Los representantes del Cercle Empresarial de la Marina Alta y la UNED en D\u00e9nia firman un convenio de colaboraci\u00f3n","og_url":"https:\/\/radiolitoral.com\/ca\/2023\/11\/el-cedma-i-la-uned-signen-un-conveni-de-col\u00b7laboracio\/","og_site_name":"R\u00e0dio Litoral","article_publisher":"https:\/\/www.facebook.com\/Laradiolitoral\/","article_published_time":"2023-11-08T18:54:32+00:00","og_image":[{"width":2560,"height":1707,"url":"https:\/\/media.radiolitoral.com\/wp-content\/uploads\/2023\/11\/08194520\/Convenio-UNED-y-CEDMA-scaled.jpg","type":"image\/jpeg"}],"author":"Redacci\u00f3n","twitter_card":"summary_large_image","twitter_misc":{"Escrit per":"Redacci\u00f3n","Temps estimat de lectura":"1 minut"},"schema":{"@context":"https:\/\/schema.org","@graph":[{"@type":"NewsArticle","@id":"https:\/\/radiolitoral.com\/2023\/11\/el-cedma-y-la-uned-firman-un-convenio-de-colaboracion\/#article","isPartOf":{"@id":"https:\/\/radiolitoral.com\/2023\/11\/el-cedma-y-la-uned-firman-un-convenio-de-colaboracion\/"},"author":{"name":"Redacci\u00f3n","@id":"https:\/\/radiolitoral.com\/#\/schema\/person\/f2b2343c49b5d721857cc1002bfdb151"},"headline":"El CEDMA y la UNED firman un convenio de colaboraci\u00f3n","datePublished":"2023-11-08T18:54:32+00:00","mainEntityOfPage":{"@id":"https:\/\/radiolitoral.com\/2023\/11\/el-cedma-y-la-uned-firman-un-convenio-de-colaboracion\/"},"wordCount":224,"commentCount":0,"publisher":{"@id":"https:\/\/radiolitoral.com\/#organization"},"image":{"@id":"https:\/\/radiolitoral.com\/2023\/11\/el-cedma-y-la-uned-firman-un-convenio-de-colaboracion\/#primaryimage"},"thumbnailUrl":"https:\/\/media.radiolitoral.com\/wp-content\/uploads\/2023\/11\/08194520\/Convenio-UNED-y-CEDMA-scaled.jpg","keywords":["Empresas","Formaci\u00f3n"],"articleSection":["Educaci\u00f3n"],"inLanguage":"ca","potentialAction":[{"@type":"CommentAction","name":"Comment","target":["https:\/\/radiolitoral.com\/2023\/11\/el-cedma-y-la-uned-firman-un-convenio-de-colaboracion\/#respond"]}]},{"@type":["WebPage","ItemPage"],"@id":"https:\/\/radiolitoral.com\/2023\/11\/el-cedma-y-la-uned-firman-un-convenio-de-colaboracion\/","url":"https:\/\/radiolitoral.com\/2023\/11\/el-cedma-y-la-uned-firman-un-convenio-de-colaboracion\/","name":"El CEDMA i la UNED signen un conveni de col\u00b7laboraci\u00f3 | R\u00e0dio Litoral","isPartOf":{"@id":"https:\/\/radiolitoral.com\/#website"},"primaryImageOfPage":{"@id":"https:\/\/radiolitoral.com\/2023\/11\/el-cedma-y-la-uned-firman-un-convenio-de-colaboracion\/#primaryimage"},"image":{"@id":"https:\/\/radiolitoral.com\/2023\/11\/el-cedma-y-la-uned-firman-un-convenio-de-colaboracion\/#primaryimage"},"thumbnailUrl":"https:\/\/media.radiolitoral.com\/wp-content\/uploads\/2023\/11\/08194520\/Convenio-UNED-y-CEDMA-scaled.jpg","datePublished":"2023-11-08T18:54:32+00:00","description":"Els representants del Cercle Empresarial de la Marina Alta i la UNED a D\u00e9nia signen un conveni de col\u00b7laboraci\u00f3","breadcrumb":{"@id":"https:\/\/radiolitoral.com\/2023\/11\/el-cedma-y-la-uned-firman-un-convenio-de-colaboracion\/#breadcrumb"},"inLanguage":"ca","potentialAction":[{"@type":"ReadAction","target":["https:\/\/radiolitoral.com\/2023\/11\/el-cedma-y-la-uned-firman-un-convenio-de-colaboracion\/"]}]},{"@type":"ImageObject","inLanguage":"ca","@id":"https:\/\/radiolitoral.com\/2023\/11\/el-cedma-y-la-uned-firman-un-convenio-de-colaboracion\/#primaryimage","url":"https:\/\/media.radiolitoral.com\/wp-content\/uploads\/2023\/11\/08194520\/Convenio-UNED-y-CEDMA-scaled.jpg","contentUrl":"https:\/\/media.radiolitoral.com\/wp-content\/uploads\/2023\/11\/08194520\/Convenio-UNED-y-CEDMA-scaled.jpg","width":2560,"height":1707},{"@type":"BreadcrumbList","@id":"https:\/\/radiolitoral.com\/2023\/11\/el-cedma-y-la-uned-firman-un-convenio-de-colaboracion\/#breadcrumb","itemListElement":[{"@type":"ListItem","position":1,"name":"Portada","item":"https:\/\/radiolitoral.com\/"},{"@type":"ListItem","position":2,"name":"El CEDMA y la UNED firman un convenio de colaboraci\u00f3n"}]},{"@type":"WebSite","@id":"https:\/\/radiolitoral.com\/#website","url":"https:\/\/radiolitoral.com\/","name":"R\u00e0dio Litoral","description":"La r\u00e0dio local de la Marina Alta","publisher":{"@id":"https:\/\/radiolitoral.com\/#organization"},"alternateName":"Litoral FM","potentialAction":[{"@type":"SearchAction","target":{"@type":"EntryPoint","urlTemplate":"https:\/\/radiolitoral.com\/?s={search_term_string}"},"query-input":{"@type":"PropertyValueSpecification","valueRequired":true,"valueName":"search_term_string"}}],"inLanguage":"ca"},{"@type":"Organization","@id":"https:\/\/radiolitoral.com\/#organization","name":"R\u00e0dio Litoral","url":"https:\/\/radiolitoral.com\/","logo":{"@type":"ImageObject","inLanguage":"ca","@id":"https:\/\/radiolitoral.com\/#\/schema\/logo\/image\/","url":"https:\/\/media.radiolitoral.com\/wp-content\/uploads\/2023\/02\/24143238\/CL-V-RadioLitoral696.png","contentUrl":"https:\/\/media.radiolitoral.com\/wp-content\/uploads\/2023\/02\/24143238\/CL-V-RadioLitoral696.png","width":696,"height":696,"caption":"Radio Litoral"},"image":{"@id":"https:\/\/radiolitoral.com\/#\/schema\/logo\/image\/"},"sameAs":["https:\/\/www.facebook.com\/Laradiolitoral\/"]},{"@type":"Person","@id":"https:\/\/radiolitoral.com\/#\/schema\/person\/f2b2343c49b5d721857cc1002bfdb151","name":"Redacci\u00f3","image":{"@type":"ImageObject","inLanguage":"ca","@id":"https:\/\/secure.gravatar.com\/avatar\/f771d896c203ad8b3382d7905cfcce5a5c9b008b84b3cd9114e9b9f4cb63f789?s=96&d=mm&r=g","url":"https:\/\/secure.gravatar.com\/avatar\/f771d896c203ad8b3382d7905cfcce5a5c9b008b84b3cd9114e9b9f4cb63f789?s=96&d=mm&r=g","contentUrl":"https:\/\/secure.gravatar.com\/avatar\/f771d896c203ad8b3382d7905cfcce5a5c9b008b84b3cd9114e9b9f4cb63f789?s=96&d=mm&r=g","caption":"Redacci\u00f3n"},"url":"https:\/\/radiolitoral.com\/ca\/author\/miriam-pagan\/"}]}},"_links":{"self":[{"href":"https:\/\/radiolitoral.com\/ca\/wp-json\/wp\/v2\/posts\/5467","targetHints":{"allow":["GET"]}}],"collection":[{"href":"https:\/\/radiolitoral.com\/ca\/wp-json\/wp\/v2\/posts"}],"about":[{"href":"https:\/\/radiolitoral.com\/ca\/wp-json\/wp\/v2\/types\/post"}],"author":[{"embeddable":true,"href":"https:\/\/radiolitoral.com\/ca\/wp-json\/wp\/v2\/users\/13"}],"replies":[{"embeddable":true,"href":"https:\/\/radiolitoral.com\/ca\/wp-json\/wp\/v2\/comments?post=5467"}],"version-history":[{"count":3,"href":"https:\/\/radiolitoral.com\/ca\/wp-json\/wp\/v2\/posts\/5467\/revisions"}],"predecessor-version":[{"id":5471,"href":"https:\/\/radiolitoral.com\/ca\/wp-json\/wp\/v2\/posts\/5467\/revisions\/5471"}],"wp:featuredmedia":[{"embeddable":true,"href":"https:\/\/radiolitoral.com\/ca\/wp-json\/wp\/v2\/media\/5468"}],"wp:attachment":[{"href":"https:\/\/radiolitoral.com\/ca\/wp-json\/wp\/v2\/media?parent=5467"}],"wp:term":[{"taxonomy":"category","embeddable":true,"href":"https:\/\/radiolitoral.com\/ca\/wp-json\/wp\/v2\/categories?post=5467"},{"taxonomy":"post_tag","embeddable":true,"href":"https:\/\/radiolitoral.com\/ca\/wp-json\/wp\/v2\/tags?post=5467"}],"curies":[{"name":"wp","href":"https:\/\/api.w.org\/{rel}","templated":true}]}}