{"id":5417,"date":"2023-11-06T19:25:41","date_gmt":"2023-11-06T18:25:41","guid":{"rendered":"https:\/\/radiolitoral.com\/?p=5417"},"modified":"2023-11-06T19:25:41","modified_gmt":"2023-11-06T18:25:41","slug":"teulada-recorda-als-menors-que-la-violencia-masclista-deixa-orfes-amb-motiu-del-25e","status":"publish","type":"post","link":"https:\/\/radiolitoral.com\/ca\/2023\/11\/teulada-recuerda-a-los-menores-que-la-violencia-machista-deja-huerfanos-con-motivo-del-25n\/","title":{"rendered":"Teulada recorda als menors que la viol\u00e8ncia masclista deixa orfes amb motiu del 25N"},"content":{"rendered":"<p>Aquest mes de novembre t\u00e9 un dia clau que cal recordar: el <strong>25N, Dia Internacional de l&#039;Eliminaci\u00f3 de la Viol\u00e8ncia contra la Dona<\/strong>. Una data que recorden els Ajuntaments del sud de la Marina Alta amb els programes d&#039;actes respectius. Activitats diverses que es prolongaran durant tot aquest mes, amb les quals <strong>denunciar la viol\u00e8ncia<\/strong> que s&#039;exerceix sobre les dones simplement pel fet de ser-ho, <strong>donar suport a les v\u00edctimes<\/strong> i <strong>conscienciar<\/strong> a la poblaci\u00f3 davant aquesta xacra social.<\/p>\n<p>A <strong>Teulada<\/strong>, la <strong>regidoria d&#039;Igualtat<\/strong>, en col\u00b7laboraci\u00f3 amb diferents associacions i entitats locals, ha presentat la seva programaci\u00f3, que porta per lema <strong>&quot;L&#039;ombra d&#039;una mare que ja no hi \u00e9s&quot;<\/strong>. Amb aquest esl\u00f2gan que pret\u00e9n recordar la gran quantitat de nens i nenes que han quedat sense la figura materna a causa de la viol\u00e8ncia de g\u00e8nere.<\/p>\n<p>La programaci\u00f3 es desenvolupar\u00e0 <strong>del 10 al 30 de novembre<\/strong>, i inclou entre altres propostes, escenificacions teatrals, la projecci\u00f3 de curts sobre viol\u00e8ncia de g\u00e8nere, la promoci\u00f3 de lectures sobre igualtat, la il\u00b7luminaci\u00f3 violeta d&#039;edificis p\u00fablics, tallers i taules debat, i la tradicional concentraci\u00f3 i lectura del manifest reivindicatiu per al rebuig de la viol\u00e8ncia envers les dones.<\/p>\n<p>Aix\u00ed ens ho ha explicat<strong> Rosana Caselles, regidora d&#039;Igualtat<\/strong> a l&#039;Ajuntament de Teulada.<\/p>\n<audio class=\"wp-audio-shortcode\" id=\"audio-5417-1\" preload=\"none\" style=\"width: 100%;\" controls=\"controls\"><source type=\"audio\/mpeg\" src=\"https:\/\/media.radiolitoral.com\/wp-content\/uploads\/2023\/11\/06192030\/Rosana-Caselles.mp3?_=1\" \/><a href=\"https:\/\/media.radiolitoral.com\/wp-content\/uploads\/2023\/11\/06192030\/Rosana-Caselles.mp3\">https:\/\/media.radiolitoral.com\/wp-content\/uploads\/2023\/11\/06192030\/Rosana-Caselles.mp3<\/a><\/audio>\n<p>&nbsp;<\/p>\n<p><strong>Programa 25N<\/strong><\/p>\n<p>Divendres 10 de novembre<\/p>\n<p>Obra de teatre &#039;Crido ja&#039;, obra original de M\u00aa Jos\u00e9 Pedro, dirigida per Rosa Catal\u00e1n. Obra en castell\u00e0, per a tots els p\u00fablics. Entrada gratu\u00efta, fins a completar aforament. Al sal\u00f3 d&#039;actes Tina Bru de l&#039;Espai La Senieta de Moraira a les 20.30 h.<\/p>\n<p>Divendres 17 de novembre<\/p>\n<p>Projecci\u00f3 de curts sobre viol\u00e8ncia de g\u00e8nere a la sala d&#039;actes de Teulada a les 19.30 h.<\/p>\n<p>Dilluns 20 de novembre<\/p>\n<p>Club de lectura &#039;Hist\u00f2ria d&#039;una mestra&#039; a l&#039;Ag\u00e8ncia de Lectura de l&#039;Edifici Espai La Senieta de Moraira a les 19.00 h.<\/p>\n<p>Estand de llibres sobre igualtat i viol\u00e8ncia de g\u00e8nere durant el mes de novembre a la biblioteca de Teulada ia l&#039;Ag\u00e8ncia de Lectura de Moraira.<\/p>\n<p>Del 20 al 26 de novembre<\/p>\n<p>Il\u00b7luminaci\u00f3 violeta a edificis p\u00fablics.<\/p>\n<p>Difusi\u00f3 del v\u00eddeo de la campanya contra la Viol\u00e8ncia de G\u00e8nere.<\/p>\n<p>Dijous 23 de novembre<\/p>\n<p>Tallers interactiu impartit per \u00c0ngels Oliver: &#039;Com es construeix la viol\u00e8ncia de g\u00e8nere. Factors associats a la viol\u00e8ncia en les relacions personals\u201d. Organitzat per l&#039;Associaci\u00f3 Mestresses de Casa de Moraira. Aules 1 i 2 de l&#039;edifici Espai La Senieta de Moraira. De 18:00 a 20:00 h.<\/p>\n<p>Representaci\u00f3 i f\u00f2rum\/col\u00b7loqui adre\u00e7ada a l&#039;alumnat de l&#039;IES Teulada. Obra teatral &#039;CRASH PUM ZAS \u00d1AM GUAU&#039;, a c\u00e0rrec de la companyia EseOeS Teatro. A l&#039;Auditori Teulada Moraira. Dues sessions al mat\u00ed.<\/p>\n<p>Divendres 24 de novembre<\/p>\n<p>Lectura del manifest per part de la regidora d&#039;Igualtat, Rosana Caselles, i de l&#039;IES Teulada. Acte simb\u00f2lic a c\u00e0rrec de lalumnat de lIES Teulada. A les 12.00 ha la Pla\u00e7a de la Constituci\u00f3, davant de l&#039;Ajuntament.<\/p>\n<p>Dissabte 25 de novembre<\/p>\n<p>Punt Violeta a la discom\u00f2bil de Santa Catalina.<\/p>","protected":false},"excerpt":{"rendered":"<p>Este mes de noviembre tiene un d\u00eda clave que es necesario recordar: el 25N, D\u00eda Internacional de la Eliminaci\u00f3n de la Violencia contra la Mujer. Una fecha que recuerdan los Ayuntamientos del sur de la Marina Alta con sus respectivos programas de actos. Actividades diversas que se prolongar\u00e1n durante todo este mes, con las que [&#8230;]<\/p>\n<p><a class=\"btn btn-secondary understrap-read-more-link\" href=\"https:\/\/radiolitoral.com\/ca\/2023\/11\/teulada-recuerda-a-los-menores-que-la-violencia-machista-deja-huerfanos-con-motivo-del-25n\/\">Continua llegint&#8230;<span class=\"screen-reader-text\"> from Teulada recuerda a los menores que la violencia machista deja hu\u00e9rfanos con motivo del 25N<\/span><\/a><\/p>\n","protected":false},"author":13,"featured_media":5419,"comment_status":"open","ping_status":"closed","sticky":false,"template":"","format":"standard","meta":{"_acf_changed":false,"inline_featured_image":false,"footnotes":""},"categories":[114,46],"tags":[],"class_list":["post-5417","post","type-post","status-publish","format-standard","has-post-thumbnail","hentry","category-igualdad","category-sociedad","cobertura-teulada-moraira"],"acf":[],"yoast_head":"<!-- This site is optimized with the Yoast SEO plugin v27.5 - https:\/\/yoast.com\/product\/yoast-seo-wordpress\/ -->\n<title>Teulada recuerda a los menores que la violencia machista deja hu\u00e9rfanos con motivo del 25N | R\u00e0dio Litoral<\/title>\n<meta name=\"description\" content=\"Teulada recuerda a los menores que se quedan hu\u00e9rfanos v\u00edctimas de la violencia machista con motivo del 25N\" \/>\n<meta name=\"robots\" content=\"index, follow, max-snippet:-1, max-image-preview:large, max-video-preview:-1\" \/>\n<link rel=\"canonical\" href=\"https:\/\/radiolitoral.com\/ca\/2023\/11\/teulada-recorda-als-menors-que-la-violencia-masclista-deixa-orfes-amb-motiu-del-25e\/\" \/>\n<meta property=\"og:locale\" content=\"ca_ES\" \/>\n<meta property=\"og:type\" content=\"article\" \/>\n<meta property=\"og:title\" content=\"Teulada recuerda a los menores que la violencia machista deja hu\u00e9rfanos con motivo del 25N | R\u00e0dio Litoral\" \/>\n<meta property=\"og:description\" content=\"Teulada recuerda a los menores que se quedan hu\u00e9rfanos v\u00edctimas de la violencia machista con motivo del 25N\" \/>\n<meta property=\"og:url\" content=\"https:\/\/radiolitoral.com\/ca\/2023\/11\/teulada-recorda-als-menors-que-la-violencia-masclista-deixa-orfes-amb-motiu-del-25e\/\" \/>\n<meta property=\"og:site_name\" content=\"R\u00e0dio Litoral\" \/>\n<meta property=\"article:publisher\" content=\"https:\/\/www.facebook.com\/Laradiolitoral\/\" \/>\n<meta property=\"article:published_time\" content=\"2023-11-06T18:25:41+00:00\" \/>\n<meta property=\"og:image\" content=\"https:\/\/media.radiolitoral.com\/wp-content\/uploads\/2023\/11\/06192400\/Teulada.-Acto-25N-contra-la-violencia-de-genero-1.jpeg\" \/>\n\t<meta property=\"og:image:width\" content=\"1024\" \/>\n\t<meta property=\"og:image:height\" content=\"768\" \/>\n\t<meta property=\"og:image:type\" content=\"image\/jpeg\" \/>\n<meta name=\"author\" content=\"Redacci\u00f3n\" \/>\n<meta name=\"twitter:card\" content=\"summary_large_image\" \/>\n<meta name=\"twitter:label1\" content=\"Escrit per\" \/>\n\t<meta name=\"twitter:data1\" content=\"Redacci\u00f3n\" \/>\n\t<meta name=\"twitter:label2\" content=\"Temps estimat de lectura\" \/>\n\t<meta name=\"twitter:data2\" content=\"3 minuts\" \/>\n<script type=\"application\/ld+json\" class=\"yoast-schema-graph\">{\"@context\":\"https:\\\/\\\/schema.org\",\"@graph\":[{\"@type\":\"NewsArticle\",\"@id\":\"https:\\\/\\\/radiolitoral.com\\\/2023\\\/11\\\/teulada-recuerda-a-los-menores-que-la-violencia-machista-deja-huerfanos-con-motivo-del-25n\\\/#article\",\"isPartOf\":{\"@id\":\"https:\\\/\\\/radiolitoral.com\\\/2023\\\/11\\\/teulada-recuerda-a-los-menores-que-la-violencia-machista-deja-huerfanos-con-motivo-del-25n\\\/\"},\"author\":{\"name\":\"Redacci\u00f3n\",\"@id\":\"https:\\\/\\\/radiolitoral.com\\\/#\\\/schema\\\/person\\\/f2b2343c49b5d721857cc1002bfdb151\"},\"headline\":\"Teulada recuerda a los menores que la violencia machista deja hu\u00e9rfanos con motivo del 25N\",\"datePublished\":\"2023-11-06T18:25:41+00:00\",\"mainEntityOfPage\":{\"@id\":\"https:\\\/\\\/radiolitoral.com\\\/2023\\\/11\\\/teulada-recuerda-a-los-menores-que-la-violencia-machista-deja-huerfanos-con-motivo-del-25n\\\/\"},\"wordCount\":554,\"commentCount\":0,\"publisher\":{\"@id\":\"https:\\\/\\\/radiolitoral.com\\\/#organization\"},\"image\":{\"@id\":\"https:\\\/\\\/radiolitoral.com\\\/2023\\\/11\\\/teulada-recuerda-a-los-menores-que-la-violencia-machista-deja-huerfanos-con-motivo-del-25n\\\/#primaryimage\"},\"thumbnailUrl\":\"https:\\\/\\\/media.radiolitoral.com\\\/wp-content\\\/uploads\\\/2023\\\/11\\\/06192400\\\/Teulada.-Acto-25N-contra-la-violencia-de-genero-1.jpeg\",\"articleSection\":[\"Igualdad\",\"Sociedad\"],\"inLanguage\":\"ca\",\"potentialAction\":[{\"@type\":\"CommentAction\",\"name\":\"Comment\",\"target\":[\"https:\\\/\\\/radiolitoral.com\\\/2023\\\/11\\\/teulada-recuerda-a-los-menores-que-la-violencia-machista-deja-huerfanos-con-motivo-del-25n\\\/#respond\"]}]},{\"@type\":[\"WebPage\",\"ItemPage\"],\"@id\":\"https:\\\/\\\/radiolitoral.com\\\/2023\\\/11\\\/teulada-recuerda-a-los-menores-que-la-violencia-machista-deja-huerfanos-con-motivo-del-25n\\\/\",\"url\":\"https:\\\/\\\/radiolitoral.com\\\/2023\\\/11\\\/teulada-recuerda-a-los-menores-que-la-violencia-machista-deja-huerfanos-con-motivo-del-25n\\\/\",\"name\":\"Teulada recuerda a los menores que la violencia machista deja hu\u00e9rfanos con motivo del 25N | R\u00e0dio Litoral\",\"isPartOf\":{\"@id\":\"https:\\\/\\\/radiolitoral.com\\\/#website\"},\"primaryImageOfPage\":{\"@id\":\"https:\\\/\\\/radiolitoral.com\\\/2023\\\/11\\\/teulada-recuerda-a-los-menores-que-la-violencia-machista-deja-huerfanos-con-motivo-del-25n\\\/#primaryimage\"},\"image\":{\"@id\":\"https:\\\/\\\/radiolitoral.com\\\/2023\\\/11\\\/teulada-recuerda-a-los-menores-que-la-violencia-machista-deja-huerfanos-con-motivo-del-25n\\\/#primaryimage\"},\"thumbnailUrl\":\"https:\\\/\\\/media.radiolitoral.com\\\/wp-content\\\/uploads\\\/2023\\\/11\\\/06192400\\\/Teulada.-Acto-25N-contra-la-violencia-de-genero-1.jpeg\",\"datePublished\":\"2023-11-06T18:25:41+00:00\",\"description\":\"Teulada recuerda a los menores que se quedan hu\u00e9rfanos v\u00edctimas de la violencia machista con motivo del 25N\",\"breadcrumb\":{\"@id\":\"https:\\\/\\\/radiolitoral.com\\\/2023\\\/11\\\/teulada-recuerda-a-los-menores-que-la-violencia-machista-deja-huerfanos-con-motivo-del-25n\\\/#breadcrumb\"},\"inLanguage\":\"ca\",\"potentialAction\":[{\"@type\":\"ReadAction\",\"target\":[\"https:\\\/\\\/radiolitoral.com\\\/2023\\\/11\\\/teulada-recuerda-a-los-menores-que-la-violencia-machista-deja-huerfanos-con-motivo-del-25n\\\/\"]}]},{\"@type\":\"ImageObject\",\"inLanguage\":\"ca\",\"@id\":\"https:\\\/\\\/radiolitoral.com\\\/2023\\\/11\\\/teulada-recuerda-a-los-menores-que-la-violencia-machista-deja-huerfanos-con-motivo-del-25n\\\/#primaryimage\",\"url\":\"https:\\\/\\\/media.radiolitoral.com\\\/wp-content\\\/uploads\\\/2023\\\/11\\\/06192400\\\/Teulada.-Acto-25N-contra-la-violencia-de-genero-1.jpeg\",\"contentUrl\":\"https:\\\/\\\/media.radiolitoral.com\\\/wp-content\\\/uploads\\\/2023\\\/11\\\/06192400\\\/Teulada.-Acto-25N-contra-la-violencia-de-genero-1.jpeg\",\"width\":1024,\"height\":768},{\"@type\":\"BreadcrumbList\",\"@id\":\"https:\\\/\\\/radiolitoral.com\\\/2023\\\/11\\\/teulada-recuerda-a-los-menores-que-la-violencia-machista-deja-huerfanos-con-motivo-del-25n\\\/#breadcrumb\",\"itemListElement\":[{\"@type\":\"ListItem\",\"position\":1,\"name\":\"Portada\",\"item\":\"https:\\\/\\\/radiolitoral.com\\\/\"},{\"@type\":\"ListItem\",\"position\":2,\"name\":\"Teulada recuerda a los menores que la violencia machista deja hu\u00e9rfanos con motivo del 25N\"}]},{\"@type\":\"WebSite\",\"@id\":\"https:\\\/\\\/radiolitoral.com\\\/#website\",\"url\":\"https:\\\/\\\/radiolitoral.com\\\/\",\"name\":\"Radio Litoral\",\"description\":\"La radio local de la Marina Alta\",\"publisher\":{\"@id\":\"https:\\\/\\\/radiolitoral.com\\\/#organization\"},\"alternateName\":\"Litoral FM\",\"potentialAction\":[{\"@type\":\"SearchAction\",\"target\":{\"@type\":\"EntryPoint\",\"urlTemplate\":\"https:\\\/\\\/radiolitoral.com\\\/?s={search_term_string}\"},\"query-input\":{\"@type\":\"PropertyValueSpecification\",\"valueRequired\":true,\"valueName\":\"search_term_string\"}}],\"inLanguage\":\"ca\"},{\"@type\":\"Organization\",\"@id\":\"https:\\\/\\\/radiolitoral.com\\\/#organization\",\"name\":\"Radio Litoral\",\"url\":\"https:\\\/\\\/radiolitoral.com\\\/\",\"logo\":{\"@type\":\"ImageObject\",\"inLanguage\":\"ca\",\"@id\":\"https:\\\/\\\/radiolitoral.com\\\/#\\\/schema\\\/logo\\\/image\\\/\",\"url\":\"https:\\\/\\\/media.radiolitoral.com\\\/wp-content\\\/uploads\\\/2023\\\/02\\\/24143238\\\/CL-V-RadioLitoral696.png\",\"contentUrl\":\"https:\\\/\\\/media.radiolitoral.com\\\/wp-content\\\/uploads\\\/2023\\\/02\\\/24143238\\\/CL-V-RadioLitoral696.png\",\"width\":696,\"height\":696,\"caption\":\"Radio Litoral\"},\"image\":{\"@id\":\"https:\\\/\\\/radiolitoral.com\\\/#\\\/schema\\\/logo\\\/image\\\/\"},\"sameAs\":[\"https:\\\/\\\/www.facebook.com\\\/Laradiolitoral\\\/\"]},{\"@type\":\"Person\",\"@id\":\"https:\\\/\\\/radiolitoral.com\\\/#\\\/schema\\\/person\\\/f2b2343c49b5d721857cc1002bfdb151\",\"name\":\"Redacci\u00f3n\",\"image\":{\"@type\":\"ImageObject\",\"inLanguage\":\"ca\",\"@id\":\"https:\\\/\\\/secure.gravatar.com\\\/avatar\\\/f771d896c203ad8b3382d7905cfcce5a5c9b008b84b3cd9114e9b9f4cb63f789?s=96&d=mm&r=g\",\"url\":\"https:\\\/\\\/secure.gravatar.com\\\/avatar\\\/f771d896c203ad8b3382d7905cfcce5a5c9b008b84b3cd9114e9b9f4cb63f789?s=96&d=mm&r=g\",\"contentUrl\":\"https:\\\/\\\/secure.gravatar.com\\\/avatar\\\/f771d896c203ad8b3382d7905cfcce5a5c9b008b84b3cd9114e9b9f4cb63f789?s=96&d=mm&r=g\",\"caption\":\"Redacci\u00f3n\"},\"url\":\"https:\\\/\\\/radiolitoral.com\\\/ca\\\/author\\\/miriam-pagan\\\/\"}]}<\/script>\n<!-- \/ Yoast SEO plugin. -->","yoast_head_json":{"title":"Teulada recorda els menors que la viol\u00e8ncia masclista deixa orfes amb motiu del 25N | R\u00e0dio Litoral","description":"Teulada recorda als menors que es queden orfes v\u00edctimes de la viol\u00e8ncia masclista amb motiu del 25N","robots":{"index":"index","follow":"follow","max-snippet":"max-snippet:-1","max-image-preview":"max-image-preview:large","max-video-preview":"max-video-preview:-1"},"canonical":"https:\/\/radiolitoral.com\/ca\/2023\/11\/teulada-recorda-als-menors-que-la-violencia-masclista-deixa-orfes-amb-motiu-del-25e\/","og_locale":"ca_ES","og_type":"article","og_title":"Teulada recuerda a los menores que la violencia machista deja hu\u00e9rfanos con motivo del 25N | R\u00e0dio Litoral","og_description":"Teulada recuerda a los menores que se quedan hu\u00e9rfanos v\u00edctimas de la violencia machista con motivo del 25N","og_url":"https:\/\/radiolitoral.com\/ca\/2023\/11\/teulada-recorda-als-menors-que-la-violencia-masclista-deixa-orfes-amb-motiu-del-25e\/","og_site_name":"R\u00e0dio Litoral","article_publisher":"https:\/\/www.facebook.com\/Laradiolitoral\/","article_published_time":"2023-11-06T18:25:41+00:00","og_image":[{"width":1024,"height":768,"url":"https:\/\/media.radiolitoral.com\/wp-content\/uploads\/2023\/11\/06192400\/Teulada.-Acto-25N-contra-la-violencia-de-genero-1.jpeg","type":"image\/jpeg"}],"author":"Redacci\u00f3n","twitter_card":"summary_large_image","twitter_misc":{"Escrit per":"Redacci\u00f3n","Temps estimat de lectura":"3 minuts"},"schema":{"@context":"https:\/\/schema.org","@graph":[{"@type":"NewsArticle","@id":"https:\/\/radiolitoral.com\/2023\/11\/teulada-recuerda-a-los-menores-que-la-violencia-machista-deja-huerfanos-con-motivo-del-25n\/#article","isPartOf":{"@id":"https:\/\/radiolitoral.com\/2023\/11\/teulada-recuerda-a-los-menores-que-la-violencia-machista-deja-huerfanos-con-motivo-del-25n\/"},"author":{"name":"Redacci\u00f3n","@id":"https:\/\/radiolitoral.com\/#\/schema\/person\/f2b2343c49b5d721857cc1002bfdb151"},"headline":"Teulada recuerda a los menores que la violencia machista deja hu\u00e9rfanos con motivo del 25N","datePublished":"2023-11-06T18:25:41+00:00","mainEntityOfPage":{"@id":"https:\/\/radiolitoral.com\/2023\/11\/teulada-recuerda-a-los-menores-que-la-violencia-machista-deja-huerfanos-con-motivo-del-25n\/"},"wordCount":554,"commentCount":0,"publisher":{"@id":"https:\/\/radiolitoral.com\/#organization"},"image":{"@id":"https:\/\/radiolitoral.com\/2023\/11\/teulada-recuerda-a-los-menores-que-la-violencia-machista-deja-huerfanos-con-motivo-del-25n\/#primaryimage"},"thumbnailUrl":"https:\/\/media.radiolitoral.com\/wp-content\/uploads\/2023\/11\/06192400\/Teulada.-Acto-25N-contra-la-violencia-de-genero-1.jpeg","articleSection":["Igualdad","Sociedad"],"inLanguage":"ca","potentialAction":[{"@type":"CommentAction","name":"Comment","target":["https:\/\/radiolitoral.com\/2023\/11\/teulada-recuerda-a-los-menores-que-la-violencia-machista-deja-huerfanos-con-motivo-del-25n\/#respond"]}]},{"@type":["WebPage","ItemPage"],"@id":"https:\/\/radiolitoral.com\/2023\/11\/teulada-recuerda-a-los-menores-que-la-violencia-machista-deja-huerfanos-con-motivo-del-25n\/","url":"https:\/\/radiolitoral.com\/2023\/11\/teulada-recuerda-a-los-menores-que-la-violencia-machista-deja-huerfanos-con-motivo-del-25n\/","name":"Teulada recorda els menors que la viol\u00e8ncia masclista deixa orfes amb motiu del 25N | R\u00e0dio Litoral","isPartOf":{"@id":"https:\/\/radiolitoral.com\/#website"},"primaryImageOfPage":{"@id":"https:\/\/radiolitoral.com\/2023\/11\/teulada-recuerda-a-los-menores-que-la-violencia-machista-deja-huerfanos-con-motivo-del-25n\/#primaryimage"},"image":{"@id":"https:\/\/radiolitoral.com\/2023\/11\/teulada-recuerda-a-los-menores-que-la-violencia-machista-deja-huerfanos-con-motivo-del-25n\/#primaryimage"},"thumbnailUrl":"https:\/\/media.radiolitoral.com\/wp-content\/uploads\/2023\/11\/06192400\/Teulada.-Acto-25N-contra-la-violencia-de-genero-1.jpeg","datePublished":"2023-11-06T18:25:41+00:00","description":"Teulada recorda als menors que es queden orfes v\u00edctimes de la viol\u00e8ncia masclista amb motiu del 25N","breadcrumb":{"@id":"https:\/\/radiolitoral.com\/2023\/11\/teulada-recuerda-a-los-menores-que-la-violencia-machista-deja-huerfanos-con-motivo-del-25n\/#breadcrumb"},"inLanguage":"ca","potentialAction":[{"@type":"ReadAction","target":["https:\/\/radiolitoral.com\/2023\/11\/teulada-recuerda-a-los-menores-que-la-violencia-machista-deja-huerfanos-con-motivo-del-25n\/"]}]},{"@type":"ImageObject","inLanguage":"ca","@id":"https:\/\/radiolitoral.com\/2023\/11\/teulada-recuerda-a-los-menores-que-la-violencia-machista-deja-huerfanos-con-motivo-del-25n\/#primaryimage","url":"https:\/\/media.radiolitoral.com\/wp-content\/uploads\/2023\/11\/06192400\/Teulada.-Acto-25N-contra-la-violencia-de-genero-1.jpeg","contentUrl":"https:\/\/media.radiolitoral.com\/wp-content\/uploads\/2023\/11\/06192400\/Teulada.-Acto-25N-contra-la-violencia-de-genero-1.jpeg","width":1024,"height":768},{"@type":"BreadcrumbList","@id":"https:\/\/radiolitoral.com\/2023\/11\/teulada-recuerda-a-los-menores-que-la-violencia-machista-deja-huerfanos-con-motivo-del-25n\/#breadcrumb","itemListElement":[{"@type":"ListItem","position":1,"name":"Portada","item":"https:\/\/radiolitoral.com\/"},{"@type":"ListItem","position":2,"name":"Teulada recuerda a los menores que la violencia machista deja hu\u00e9rfanos con motivo del 25N"}]},{"@type":"WebSite","@id":"https:\/\/radiolitoral.com\/#website","url":"https:\/\/radiolitoral.com\/","name":"R\u00e0dio Litoral","description":"La r\u00e0dio local de la Marina Alta","publisher":{"@id":"https:\/\/radiolitoral.com\/#organization"},"alternateName":"Litoral FM","potentialAction":[{"@type":"SearchAction","target":{"@type":"EntryPoint","urlTemplate":"https:\/\/radiolitoral.com\/?s={search_term_string}"},"query-input":{"@type":"PropertyValueSpecification","valueRequired":true,"valueName":"search_term_string"}}],"inLanguage":"ca"},{"@type":"Organization","@id":"https:\/\/radiolitoral.com\/#organization","name":"R\u00e0dio Litoral","url":"https:\/\/radiolitoral.com\/","logo":{"@type":"ImageObject","inLanguage":"ca","@id":"https:\/\/radiolitoral.com\/#\/schema\/logo\/image\/","url":"https:\/\/media.radiolitoral.com\/wp-content\/uploads\/2023\/02\/24143238\/CL-V-RadioLitoral696.png","contentUrl":"https:\/\/media.radiolitoral.com\/wp-content\/uploads\/2023\/02\/24143238\/CL-V-RadioLitoral696.png","width":696,"height":696,"caption":"Radio Litoral"},"image":{"@id":"https:\/\/radiolitoral.com\/#\/schema\/logo\/image\/"},"sameAs":["https:\/\/www.facebook.com\/Laradiolitoral\/"]},{"@type":"Person","@id":"https:\/\/radiolitoral.com\/#\/schema\/person\/f2b2343c49b5d721857cc1002bfdb151","name":"Redacci\u00f3","image":{"@type":"ImageObject","inLanguage":"ca","@id":"https:\/\/secure.gravatar.com\/avatar\/f771d896c203ad8b3382d7905cfcce5a5c9b008b84b3cd9114e9b9f4cb63f789?s=96&d=mm&r=g","url":"https:\/\/secure.gravatar.com\/avatar\/f771d896c203ad8b3382d7905cfcce5a5c9b008b84b3cd9114e9b9f4cb63f789?s=96&d=mm&r=g","contentUrl":"https:\/\/secure.gravatar.com\/avatar\/f771d896c203ad8b3382d7905cfcce5a5c9b008b84b3cd9114e9b9f4cb63f789?s=96&d=mm&r=g","caption":"Redacci\u00f3n"},"url":"https:\/\/radiolitoral.com\/ca\/author\/miriam-pagan\/"}]}},"_links":{"self":[{"href":"https:\/\/radiolitoral.com\/ca\/wp-json\/wp\/v2\/posts\/5417","targetHints":{"allow":["GET"]}}],"collection":[{"href":"https:\/\/radiolitoral.com\/ca\/wp-json\/wp\/v2\/posts"}],"about":[{"href":"https:\/\/radiolitoral.com\/ca\/wp-json\/wp\/v2\/types\/post"}],"author":[{"embeddable":true,"href":"https:\/\/radiolitoral.com\/ca\/wp-json\/wp\/v2\/users\/13"}],"replies":[{"embeddable":true,"href":"https:\/\/radiolitoral.com\/ca\/wp-json\/wp\/v2\/comments?post=5417"}],"version-history":[{"count":3,"href":"https:\/\/radiolitoral.com\/ca\/wp-json\/wp\/v2\/posts\/5417\/revisions"}],"predecessor-version":[{"id":5422,"href":"https:\/\/radiolitoral.com\/ca\/wp-json\/wp\/v2\/posts\/5417\/revisions\/5422"}],"wp:featuredmedia":[{"embeddable":true,"href":"https:\/\/radiolitoral.com\/ca\/wp-json\/wp\/v2\/media\/5419"}],"wp:attachment":[{"href":"https:\/\/radiolitoral.com\/ca\/wp-json\/wp\/v2\/media?parent=5417"}],"wp:term":[{"taxonomy":"category","embeddable":true,"href":"https:\/\/radiolitoral.com\/ca\/wp-json\/wp\/v2\/categories?post=5417"},{"taxonomy":"post_tag","embeddable":true,"href":"https:\/\/radiolitoral.com\/ca\/wp-json\/wp\/v2\/tags?post=5417"}],"curies":[{"name":"wp","href":"https:\/\/api.w.org\/{rel}","templated":true}]}}