{"id":5397,"date":"2023-11-06T13:54:34","date_gmt":"2023-11-06T12:54:34","guid":{"rendered":"https:\/\/radiolitoral.com\/?p=5397"},"modified":"2023-11-06T13:54:34","modified_gmt":"2023-11-06T12:54:34","slug":"el-ministeri-licita-obres-complementaries-a-la-variant-de-benissa","status":"publish","type":"post","link":"https:\/\/radiolitoral.com\/ca\/2023\/11\/el-ministerio-licita-obras-complementarias-en-la-variante-de-benissa\/","title":{"rendered":"El Ministeri licita obres complement\u00e0ries a la variant de Benissa"},"content":{"rendered":"<p>El <strong>Ministeri de Transports, Mobilitat i Agenda Urbana (Mitma)<\/strong> ha licitat per un import de <strong>23 milions<\/strong> d&#039;euros (IVA incl\u00f2s) els treballs complementaris de l&#039;obra per a la <strong>terminaci\u00f3 de la Variant de Benissa<\/strong> a la carretera N-332. Aix\u00ed ho han fet p\u00fablic des del mateix Ministeri. Els nous treballs potenciaran el nivell de servei, milloraran la seguretat vi\u00e0ria i, a m\u00e9s, inclouen uns 2 km de vies de vianants i ciclistes, en l\u00ednia amb l&#039;Estrat\u00e8gia Estatal per la Bicicleta.<\/p>\n<p>Uns treballs que afectaran l&#039;entorn del nou enlla\u00e7 nord de Benissa i el tram adjacent de la N-332 a l&#039;al\u00e7ada del <strong>pol\u00edgon industrial La Pedrera<\/strong>. En aquest sentit, cal apuntar que el projecte preveu executar un enlla\u00e7 d&#039;acc\u00e9s a aquest pol\u00edgon industrial, eliminant la intersecci\u00f3 existent, amb la conseg\u00fcent millora de les condicions de seguretat vi\u00e0ria segons remarquen fonts ministerials.<\/p>\n<p>Cal recordar que aquesta inversi\u00f3 <strong>se suma als 38 milions d&#039;euros<\/strong> que des del Govern Estatal ja s?han invertit en el projecte de la variant de Benissa. Una infraestructura vi\u00e0ria que va entrar en servei el juliol del 2022.<\/p>\n<p>Des del Ministeri remarquen que la variant de Benissa ha perm\u00e8s segregar el tr\u00e0nsit local del de llarg recorregut i ha aconseguit tamb\u00e9 potenciar la connectivitat amb l&#039;autopista AP-7, lliure de peatge des de l&#039;1 de gener del 2020.<\/p>\n<p>Fonts ministerials avancen que pr\u00f2ximament es publicar\u00e0 al Butllet\u00ed Oficial de l&#039;Estat el corresponent anunci.<\/p>\n<p>Aix\u00ed ho ha exposat el <strong>Subdelegat del Govern, Carlos S\u00e1nchez.<\/strong><\/p>\n<audio class=\"wp-audio-shortcode\" id=\"audio-5397-1\" preload=\"none\" style=\"width: 100%;\" controls=\"controls\"><source type=\"audio\/mpeg\" src=\"https:\/\/media.radiolitoral.com\/wp-content\/uploads\/2023\/11\/06135012\/Carlos-Sanchez.mp3?_=1\" \/><a href=\"https:\/\/media.radiolitoral.com\/wp-content\/uploads\/2023\/11\/06135012\/Carlos-Sanchez.mp3\">https:\/\/media.radiolitoral.com\/wp-content\/uploads\/2023\/11\/06135012\/Carlos-Sanchez.mp3<\/a><\/audio>","protected":false},"excerpt":{"rendered":"<p>El Ministerio de Transportes, Movilidad y Agenda Urbana (Mitma) ha licitado por un importe de 23 millones de euros (IVA incluido) los trabajos complementarios de la obra para la terminaci\u00f3n de la Variante de Benissa en la carretera N-332. As\u00ed lo han hecho p\u00fablico desde el propio Ministerio. Los nuevos trabajos potenciar\u00e1n el nivel de [&#8230;]<\/p>\n<p><a class=\"btn btn-secondary understrap-read-more-link\" href=\"https:\/\/radiolitoral.com\/ca\/2023\/11\/el-ministerio-licita-obras-complementarias-en-la-variante-de-benissa\/\">Continua llegint&#8230;<span class=\"screen-reader-text\"> from El Ministerio licita obras complementarias en la variante de Benissa<\/span><\/a><\/p>\n","protected":false},"author":21,"featured_media":5399,"comment_status":"open","ping_status":"closed","sticky":false,"template":"","format":"standard","meta":{"_acf_changed":false,"inline_featured_image":false,"footnotes":""},"categories":[100],"tags":[847],"class_list":["post-5397","post","type-post","status-publish","format-standard","has-post-thumbnail","hentry","category-obras","tag-infraestructuras","cobertura-benissa","cobertura-marina-alta"],"acf":[],"yoast_head":"<!-- This site is optimized with the Yoast SEO plugin v27.5 - https:\/\/yoast.com\/product\/yoast-seo-wordpress\/ -->\n<title>El Ministerio licita obras complementarias en la variante de Benissa | R\u00e0dio Litoral<\/title>\n<meta name=\"description\" content=\"El Ministerio licita obras complementarias al proyecto de la variante de Benissa por un importe de 23 millones\" \/>\n<meta name=\"robots\" content=\"index, follow, max-snippet:-1, max-image-preview:large, max-video-preview:-1\" \/>\n<link rel=\"canonical\" href=\"https:\/\/radiolitoral.com\/ca\/2023\/11\/el-ministeri-licita-obres-complementaries-a-la-variant-de-benissa\/\" \/>\n<meta property=\"og:locale\" content=\"ca_ES\" \/>\n<meta property=\"og:type\" content=\"article\" \/>\n<meta property=\"og:title\" content=\"El Ministerio licita obras complementarias en la variante de Benissa | R\u00e0dio Litoral\" \/>\n<meta property=\"og:description\" content=\"El Ministerio licita obras complementarias al proyecto de la variante de Benissa por un importe de 23 millones\" \/>\n<meta property=\"og:url\" content=\"https:\/\/radiolitoral.com\/ca\/2023\/11\/el-ministeri-licita-obres-complementaries-a-la-variant-de-benissa\/\" \/>\n<meta property=\"og:site_name\" content=\"R\u00e0dio Litoral\" \/>\n<meta property=\"article:publisher\" content=\"https:\/\/www.facebook.com\/Laradiolitoral\/\" \/>\n<meta property=\"article:published_time\" content=\"2023-11-06T12:54:34+00:00\" \/>\n<meta property=\"og:image\" content=\"https:\/\/media.radiolitoral.com\/wp-content\/uploads\/2023\/11\/06135249\/Variante-de-Benissa-Mitma-scaled.jpg\" \/>\n\t<meta property=\"og:image:width\" content=\"2560\" \/>\n\t<meta property=\"og:image:height\" content=\"1920\" \/>\n\t<meta property=\"og:image:type\" content=\"image\/jpeg\" \/>\n<meta name=\"author\" content=\"Mel Pescuezo\" \/>\n<meta name=\"twitter:card\" content=\"summary_large_image\" \/>\n<meta name=\"twitter:label1\" content=\"Escrit per\" \/>\n\t<meta name=\"twitter:data1\" content=\"Mel Pescuezo\" \/>\n\t<meta name=\"twitter:label2\" content=\"Temps estimat de lectura\" \/>\n\t<meta name=\"twitter:data2\" content=\"2 minuts\" \/>\n<script type=\"application\/ld+json\" class=\"yoast-schema-graph\">{\"@context\":\"https:\\\/\\\/schema.org\",\"@graph\":[{\"@type\":\"NewsArticle\",\"@id\":\"https:\\\/\\\/radiolitoral.com\\\/2023\\\/11\\\/el-ministerio-licita-obras-complementarias-en-la-variante-de-benissa\\\/#article\",\"isPartOf\":{\"@id\":\"https:\\\/\\\/radiolitoral.com\\\/2023\\\/11\\\/el-ministerio-licita-obras-complementarias-en-la-variante-de-benissa\\\/\"},\"author\":{\"name\":\"Mel Pescuezo\",\"@id\":\"https:\\\/\\\/radiolitoral.com\\\/#\\\/schema\\\/person\\\/aad4f72efa404f85b68e832d24cac059\"},\"headline\":\"El Ministerio licita obras complementarias en la variante de Benissa\",\"datePublished\":\"2023-11-06T12:54:34+00:00\",\"mainEntityOfPage\":{\"@id\":\"https:\\\/\\\/radiolitoral.com\\\/2023\\\/11\\\/el-ministerio-licita-obras-complementarias-en-la-variante-de-benissa\\\/\"},\"wordCount\":281,\"commentCount\":0,\"publisher\":{\"@id\":\"https:\\\/\\\/radiolitoral.com\\\/#organization\"},\"image\":{\"@id\":\"https:\\\/\\\/radiolitoral.com\\\/2023\\\/11\\\/el-ministerio-licita-obras-complementarias-en-la-variante-de-benissa\\\/#primaryimage\"},\"thumbnailUrl\":\"https:\\\/\\\/media.radiolitoral.com\\\/wp-content\\\/uploads\\\/2023\\\/11\\\/06135249\\\/Variante-de-Benissa-Mitma-scaled.jpg\",\"keywords\":[\"Infraestructuras\"],\"articleSection\":[\"Obras\"],\"inLanguage\":\"ca\",\"potentialAction\":[{\"@type\":\"CommentAction\",\"name\":\"Comment\",\"target\":[\"https:\\\/\\\/radiolitoral.com\\\/2023\\\/11\\\/el-ministerio-licita-obras-complementarias-en-la-variante-de-benissa\\\/#respond\"]}]},{\"@type\":[\"WebPage\",\"ItemPage\"],\"@id\":\"https:\\\/\\\/radiolitoral.com\\\/2023\\\/11\\\/el-ministerio-licita-obras-complementarias-en-la-variante-de-benissa\\\/\",\"url\":\"https:\\\/\\\/radiolitoral.com\\\/2023\\\/11\\\/el-ministerio-licita-obras-complementarias-en-la-variante-de-benissa\\\/\",\"name\":\"El Ministerio licita obras complementarias en la variante de Benissa | R\u00e0dio Litoral\",\"isPartOf\":{\"@id\":\"https:\\\/\\\/radiolitoral.com\\\/#website\"},\"primaryImageOfPage\":{\"@id\":\"https:\\\/\\\/radiolitoral.com\\\/2023\\\/11\\\/el-ministerio-licita-obras-complementarias-en-la-variante-de-benissa\\\/#primaryimage\"},\"image\":{\"@id\":\"https:\\\/\\\/radiolitoral.com\\\/2023\\\/11\\\/el-ministerio-licita-obras-complementarias-en-la-variante-de-benissa\\\/#primaryimage\"},\"thumbnailUrl\":\"https:\\\/\\\/media.radiolitoral.com\\\/wp-content\\\/uploads\\\/2023\\\/11\\\/06135249\\\/Variante-de-Benissa-Mitma-scaled.jpg\",\"datePublished\":\"2023-11-06T12:54:34+00:00\",\"description\":\"El Ministerio licita obras complementarias al proyecto de la variante de Benissa por un importe de 23 millones\",\"breadcrumb\":{\"@id\":\"https:\\\/\\\/radiolitoral.com\\\/2023\\\/11\\\/el-ministerio-licita-obras-complementarias-en-la-variante-de-benissa\\\/#breadcrumb\"},\"inLanguage\":\"ca\",\"potentialAction\":[{\"@type\":\"ReadAction\",\"target\":[\"https:\\\/\\\/radiolitoral.com\\\/2023\\\/11\\\/el-ministerio-licita-obras-complementarias-en-la-variante-de-benissa\\\/\"]}]},{\"@type\":\"ImageObject\",\"inLanguage\":\"ca\",\"@id\":\"https:\\\/\\\/radiolitoral.com\\\/2023\\\/11\\\/el-ministerio-licita-obras-complementarias-en-la-variante-de-benissa\\\/#primaryimage\",\"url\":\"https:\\\/\\\/media.radiolitoral.com\\\/wp-content\\\/uploads\\\/2023\\\/11\\\/06135249\\\/Variante-de-Benissa-Mitma-scaled.jpg\",\"contentUrl\":\"https:\\\/\\\/media.radiolitoral.com\\\/wp-content\\\/uploads\\\/2023\\\/11\\\/06135249\\\/Variante-de-Benissa-Mitma-scaled.jpg\",\"width\":2560,\"height\":1920},{\"@type\":\"BreadcrumbList\",\"@id\":\"https:\\\/\\\/radiolitoral.com\\\/2023\\\/11\\\/el-ministerio-licita-obras-complementarias-en-la-variante-de-benissa\\\/#breadcrumb\",\"itemListElement\":[{\"@type\":\"ListItem\",\"position\":1,\"name\":\"Portada\",\"item\":\"https:\\\/\\\/radiolitoral.com\\\/\"},{\"@type\":\"ListItem\",\"position\":2,\"name\":\"El Ministerio licita obras complementarias en la variante de Benissa\"}]},{\"@type\":\"WebSite\",\"@id\":\"https:\\\/\\\/radiolitoral.com\\\/#website\",\"url\":\"https:\\\/\\\/radiolitoral.com\\\/\",\"name\":\"Radio Litoral\",\"description\":\"La radio local de la Marina Alta\",\"publisher\":{\"@id\":\"https:\\\/\\\/radiolitoral.com\\\/#organization\"},\"alternateName\":\"Litoral FM\",\"potentialAction\":[{\"@type\":\"SearchAction\",\"target\":{\"@type\":\"EntryPoint\",\"urlTemplate\":\"https:\\\/\\\/radiolitoral.com\\\/?s={search_term_string}\"},\"query-input\":{\"@type\":\"PropertyValueSpecification\",\"valueRequired\":true,\"valueName\":\"search_term_string\"}}],\"inLanguage\":\"ca\"},{\"@type\":\"Organization\",\"@id\":\"https:\\\/\\\/radiolitoral.com\\\/#organization\",\"name\":\"Radio Litoral\",\"url\":\"https:\\\/\\\/radiolitoral.com\\\/\",\"logo\":{\"@type\":\"ImageObject\",\"inLanguage\":\"ca\",\"@id\":\"https:\\\/\\\/radiolitoral.com\\\/#\\\/schema\\\/logo\\\/image\\\/\",\"url\":\"https:\\\/\\\/media.radiolitoral.com\\\/wp-content\\\/uploads\\\/2023\\\/02\\\/24143238\\\/CL-V-RadioLitoral696.png\",\"contentUrl\":\"https:\\\/\\\/media.radiolitoral.com\\\/wp-content\\\/uploads\\\/2023\\\/02\\\/24143238\\\/CL-V-RadioLitoral696.png\",\"width\":696,\"height\":696,\"caption\":\"Radio Litoral\"},\"image\":{\"@id\":\"https:\\\/\\\/radiolitoral.com\\\/#\\\/schema\\\/logo\\\/image\\\/\"},\"sameAs\":[\"https:\\\/\\\/www.facebook.com\\\/Laradiolitoral\\\/\"]},{\"@type\":\"Person\",\"@id\":\"https:\\\/\\\/radiolitoral.com\\\/#\\\/schema\\\/person\\\/aad4f72efa404f85b68e832d24cac059\",\"name\":\"Mel Pescuezo\",\"image\":{\"@type\":\"ImageObject\",\"inLanguage\":\"ca\",\"@id\":\"https:\\\/\\\/secure.gravatar.com\\\/avatar\\\/993975ae489c70cb0dd9bfa9413a082f0bd276582dac13661af7b33f161e7eea?s=96&d=mm&r=g\",\"url\":\"https:\\\/\\\/secure.gravatar.com\\\/avatar\\\/993975ae489c70cb0dd9bfa9413a082f0bd276582dac13661af7b33f161e7eea?s=96&d=mm&r=g\",\"contentUrl\":\"https:\\\/\\\/secure.gravatar.com\\\/avatar\\\/993975ae489c70cb0dd9bfa9413a082f0bd276582dac13661af7b33f161e7eea?s=96&d=mm&r=g\",\"caption\":\"Mel Pescuezo\"},\"url\":\"https:\\\/\\\/radiolitoral.com\\\/ca\\\/author\\\/serviciospararadios\\\/\"}]}<\/script>\n<!-- \/ Yoast SEO plugin. -->","yoast_head_json":{"title":"El Ministeri licita obres complement\u00e0ries a la variant de Benissa | R\u00e0dio Litoral","description":"El Ministeri licita obres complement\u00e0ries al projecte de la variant de Benissa per un import de 23 milions","robots":{"index":"index","follow":"follow","max-snippet":"max-snippet:-1","max-image-preview":"max-image-preview:large","max-video-preview":"max-video-preview:-1"},"canonical":"https:\/\/radiolitoral.com\/ca\/2023\/11\/el-ministeri-licita-obres-complementaries-a-la-variant-de-benissa\/","og_locale":"ca_ES","og_type":"article","og_title":"El Ministerio licita obras complementarias en la variante de Benissa | R\u00e0dio Litoral","og_description":"El Ministerio licita obras complementarias al proyecto de la variante de Benissa por un importe de 23 millones","og_url":"https:\/\/radiolitoral.com\/ca\/2023\/11\/el-ministeri-licita-obres-complementaries-a-la-variant-de-benissa\/","og_site_name":"R\u00e0dio Litoral","article_publisher":"https:\/\/www.facebook.com\/Laradiolitoral\/","article_published_time":"2023-11-06T12:54:34+00:00","og_image":[{"width":2560,"height":1920,"url":"https:\/\/media.radiolitoral.com\/wp-content\/uploads\/2023\/11\/06135249\/Variante-de-Benissa-Mitma-scaled.jpg","type":"image\/jpeg"}],"author":"Mel Pescuezo","twitter_card":"summary_large_image","twitter_misc":{"Escrit per":"Mel Pescuezo","Temps estimat de lectura":"2 minuts"},"schema":{"@context":"https:\/\/schema.org","@graph":[{"@type":"NewsArticle","@id":"https:\/\/radiolitoral.com\/2023\/11\/el-ministerio-licita-obras-complementarias-en-la-variante-de-benissa\/#article","isPartOf":{"@id":"https:\/\/radiolitoral.com\/2023\/11\/el-ministerio-licita-obras-complementarias-en-la-variante-de-benissa\/"},"author":{"name":"Mel Pescuezo","@id":"https:\/\/radiolitoral.com\/#\/schema\/person\/aad4f72efa404f85b68e832d24cac059"},"headline":"El Ministerio licita obras complementarias en la variante de Benissa","datePublished":"2023-11-06T12:54:34+00:00","mainEntityOfPage":{"@id":"https:\/\/radiolitoral.com\/2023\/11\/el-ministerio-licita-obras-complementarias-en-la-variante-de-benissa\/"},"wordCount":281,"commentCount":0,"publisher":{"@id":"https:\/\/radiolitoral.com\/#organization"},"image":{"@id":"https:\/\/radiolitoral.com\/2023\/11\/el-ministerio-licita-obras-complementarias-en-la-variante-de-benissa\/#primaryimage"},"thumbnailUrl":"https:\/\/media.radiolitoral.com\/wp-content\/uploads\/2023\/11\/06135249\/Variante-de-Benissa-Mitma-scaled.jpg","keywords":["Infraestructuras"],"articleSection":["Obras"],"inLanguage":"ca","potentialAction":[{"@type":"CommentAction","name":"Comment","target":["https:\/\/radiolitoral.com\/2023\/11\/el-ministerio-licita-obras-complementarias-en-la-variante-de-benissa\/#respond"]}]},{"@type":["WebPage","ItemPage"],"@id":"https:\/\/radiolitoral.com\/2023\/11\/el-ministerio-licita-obras-complementarias-en-la-variante-de-benissa\/","url":"https:\/\/radiolitoral.com\/2023\/11\/el-ministerio-licita-obras-complementarias-en-la-variante-de-benissa\/","name":"El Ministeri licita obres complement\u00e0ries a la variant de Benissa | R\u00e0dio Litoral","isPartOf":{"@id":"https:\/\/radiolitoral.com\/#website"},"primaryImageOfPage":{"@id":"https:\/\/radiolitoral.com\/2023\/11\/el-ministerio-licita-obras-complementarias-en-la-variante-de-benissa\/#primaryimage"},"image":{"@id":"https:\/\/radiolitoral.com\/2023\/11\/el-ministerio-licita-obras-complementarias-en-la-variante-de-benissa\/#primaryimage"},"thumbnailUrl":"https:\/\/media.radiolitoral.com\/wp-content\/uploads\/2023\/11\/06135249\/Variante-de-Benissa-Mitma-scaled.jpg","datePublished":"2023-11-06T12:54:34+00:00","description":"El Ministeri licita obres complement\u00e0ries al projecte de la variant de Benissa per un import de 23 milions","breadcrumb":{"@id":"https:\/\/radiolitoral.com\/2023\/11\/el-ministerio-licita-obras-complementarias-en-la-variante-de-benissa\/#breadcrumb"},"inLanguage":"ca","potentialAction":[{"@type":"ReadAction","target":["https:\/\/radiolitoral.com\/2023\/11\/el-ministerio-licita-obras-complementarias-en-la-variante-de-benissa\/"]}]},{"@type":"ImageObject","inLanguage":"ca","@id":"https:\/\/radiolitoral.com\/2023\/11\/el-ministerio-licita-obras-complementarias-en-la-variante-de-benissa\/#primaryimage","url":"https:\/\/media.radiolitoral.com\/wp-content\/uploads\/2023\/11\/06135249\/Variante-de-Benissa-Mitma-scaled.jpg","contentUrl":"https:\/\/media.radiolitoral.com\/wp-content\/uploads\/2023\/11\/06135249\/Variante-de-Benissa-Mitma-scaled.jpg","width":2560,"height":1920},{"@type":"BreadcrumbList","@id":"https:\/\/radiolitoral.com\/2023\/11\/el-ministerio-licita-obras-complementarias-en-la-variante-de-benissa\/#breadcrumb","itemListElement":[{"@type":"ListItem","position":1,"name":"Portada","item":"https:\/\/radiolitoral.com\/"},{"@type":"ListItem","position":2,"name":"El Ministerio licita obras complementarias en la variante de Benissa"}]},{"@type":"WebSite","@id":"https:\/\/radiolitoral.com\/#website","url":"https:\/\/radiolitoral.com\/","name":"R\u00e0dio Litoral","description":"La r\u00e0dio local de la Marina Alta","publisher":{"@id":"https:\/\/radiolitoral.com\/#organization"},"alternateName":"Litoral FM","potentialAction":[{"@type":"SearchAction","target":{"@type":"EntryPoint","urlTemplate":"https:\/\/radiolitoral.com\/?s={search_term_string}"},"query-input":{"@type":"PropertyValueSpecification","valueRequired":true,"valueName":"search_term_string"}}],"inLanguage":"ca"},{"@type":"Organization","@id":"https:\/\/radiolitoral.com\/#organization","name":"R\u00e0dio Litoral","url":"https:\/\/radiolitoral.com\/","logo":{"@type":"ImageObject","inLanguage":"ca","@id":"https:\/\/radiolitoral.com\/#\/schema\/logo\/image\/","url":"https:\/\/media.radiolitoral.com\/wp-content\/uploads\/2023\/02\/24143238\/CL-V-RadioLitoral696.png","contentUrl":"https:\/\/media.radiolitoral.com\/wp-content\/uploads\/2023\/02\/24143238\/CL-V-RadioLitoral696.png","width":696,"height":696,"caption":"Radio Litoral"},"image":{"@id":"https:\/\/radiolitoral.com\/#\/schema\/logo\/image\/"},"sameAs":["https:\/\/www.facebook.com\/Laradiolitoral\/"]},{"@type":"Person","@id":"https:\/\/radiolitoral.com\/#\/schema\/person\/aad4f72efa404f85b68e832d24cac059","name":"Mel Pescuezo","image":{"@type":"ImageObject","inLanguage":"ca","@id":"https:\/\/secure.gravatar.com\/avatar\/993975ae489c70cb0dd9bfa9413a082f0bd276582dac13661af7b33f161e7eea?s=96&d=mm&r=g","url":"https:\/\/secure.gravatar.com\/avatar\/993975ae489c70cb0dd9bfa9413a082f0bd276582dac13661af7b33f161e7eea?s=96&d=mm&r=g","contentUrl":"https:\/\/secure.gravatar.com\/avatar\/993975ae489c70cb0dd9bfa9413a082f0bd276582dac13661af7b33f161e7eea?s=96&d=mm&r=g","caption":"Mel Pescuezo"},"url":"https:\/\/radiolitoral.com\/ca\/author\/serviciospararadios\/"}]}},"_links":{"self":[{"href":"https:\/\/radiolitoral.com\/ca\/wp-json\/wp\/v2\/posts\/5397","targetHints":{"allow":["GET"]}}],"collection":[{"href":"https:\/\/radiolitoral.com\/ca\/wp-json\/wp\/v2\/posts"}],"about":[{"href":"https:\/\/radiolitoral.com\/ca\/wp-json\/wp\/v2\/types\/post"}],"author":[{"embeddable":true,"href":"https:\/\/radiolitoral.com\/ca\/wp-json\/wp\/v2\/users\/21"}],"replies":[{"embeddable":true,"href":"https:\/\/radiolitoral.com\/ca\/wp-json\/wp\/v2\/comments?post=5397"}],"version-history":[{"count":3,"href":"https:\/\/radiolitoral.com\/ca\/wp-json\/wp\/v2\/posts\/5397\/revisions"}],"predecessor-version":[{"id":5402,"href":"https:\/\/radiolitoral.com\/ca\/wp-json\/wp\/v2\/posts\/5397\/revisions\/5402"}],"wp:featuredmedia":[{"embeddable":true,"href":"https:\/\/radiolitoral.com\/ca\/wp-json\/wp\/v2\/media\/5399"}],"wp:attachment":[{"href":"https:\/\/radiolitoral.com\/ca\/wp-json\/wp\/v2\/media?parent=5397"}],"wp:term":[{"taxonomy":"category","embeddable":true,"href":"https:\/\/radiolitoral.com\/ca\/wp-json\/wp\/v2\/categories?post=5397"},{"taxonomy":"post_tag","embeddable":true,"href":"https:\/\/radiolitoral.com\/ca\/wp-json\/wp\/v2\/tags?post=5397"}],"curies":[{"name":"wp","href":"https:\/\/api.w.org\/{rel}","templated":true}]}}