{"id":5375,"date":"2023-11-03T14:38:45","date_gmt":"2023-11-03T13:38:45","guid":{"rendered":"https:\/\/radiolitoral.com\/?p=5375"},"modified":"2023-11-03T14:38:45","modified_gmt":"2023-11-03T13:38:45","slug":"calp-organitza-les-jornades-de-proteccio-de-la-salut","status":"publish","type":"post","link":"https:\/\/radiolitoral.com\/ca\/2023\/11\/calp-organiza-las-i-jornadas-de-proteccion-de-la-salud\/","title":{"rendered":"Calp organitza les I Jornades de Protecci\u00f3 de la Salut"},"content":{"rendered":"<p>L&#039;Ajuntament de Calp i el Departament de Salut de D\u00e9nia celebraran la propera setmana les <strong>I Jornades de Protecci\u00f3 de la Salut<\/strong>. Una convocat\u00f2ria prevista <strong>del 6 al 8 de novembre<\/strong>, de la qual participaran professionals de la salut per abordar les claus per millorar la prevenci\u00f3 davant de malalties i desenvolupar h\u00e0bits saludables.<\/p>\n<p>Fonts municipals han avan\u00e7at que en aquesta trobada participaran les associacions amb seu a la localitat com Alacant per a la Lluita contra el C\u00e0ncer, la Creu Roja, Dones per la Igualtat, i l&#039;associaci\u00f3 de malalts de Fibromi\u00e0lgia i Fatiga Cr\u00f2nica. En aquestes Jornades s&#039;abordaran temes d&#039;inter\u00e8s general com ara el tabaquisme, el c\u00e0ncer, l&#039;envelliment o les malalties espec\u00edfiques que afecten les dones.<\/p>\n<p>El punt de trobada ser\u00e0 la Casa de la Cultura Jaume Pastor i Fluix\u00e0. Unes Jornades obertes a tots els ciutadans, com ens ha explicat la regidora responsable, Itziar Doval. L\u00b4edil ha destacat que amb aquesta proposta es pret\u00e9n arribar a la poblaci\u00f3 per aconseguir una vida m\u00e9s saludable, alhora que ha remarcat la important implicaci\u00f3 del personal sanitari del Centre de Salut de Calp per dur a terme el programa d\u00b4aquestes Jornades.<\/p>\n<audio class=\"wp-audio-shortcode\" id=\"audio-5375-1\" preload=\"none\" style=\"width: 100%;\" controls=\"controls\"><source type=\"audio\/mpeg\" src=\"https:\/\/media.radiolitoral.com\/wp-content\/uploads\/2023\/11\/03143542\/Itziar-Doval.mp3?_=1\" \/><a href=\"https:\/\/media.radiolitoral.com\/wp-content\/uploads\/2023\/11\/03143542\/Itziar-Doval.mp3\">https:\/\/media.radiolitoral.com\/wp-content\/uploads\/2023\/11\/03143542\/Itziar-Doval.mp3<\/a><\/audio>","protected":false},"excerpt":{"rendered":"<p>El Ayuntamiento de Calp y el Departamento de Salud de D\u00e9nia celebrar\u00e1n la pr\u00f3xima semana las I Jornadas de Protecci\u00f3n de la Salud. Una convocatoria prevista del 6 al 8 de noviembre, de la que participar\u00e1n profesionales de la salud para abordar las claves para mejorar la prevenci\u00f3n frente enfermedades y desarrollar h\u00e1bitos saludables. Fuentes [&#8230;]<\/p>\n<p><a class=\"btn btn-secondary understrap-read-more-link\" href=\"https:\/\/radiolitoral.com\/ca\/2023\/11\/calp-organiza-las-i-jornadas-de-proteccion-de-la-salud\/\">Continua llegint&#8230;<span class=\"screen-reader-text\"> from Calp organiza las I Jornadas de Protecci\u00f3n de la Salud<\/span><\/a><\/p>\n","protected":false},"author":13,"featured_media":5377,"comment_status":"open","ping_status":"closed","sticky":false,"template":"","format":"standard","meta":{"_acf_changed":false,"inline_featured_image":false,"footnotes":""},"categories":[818,380],"tags":[845,714],"class_list":["post-5375","post","type-post","status-publish","format-standard","has-post-thumbnail","hentry","category-bienestar","category-sanidad","tag-jornadas","tag-salud","cobertura-calp"],"acf":[],"yoast_head":"<!-- This site is optimized with the Yoast SEO plugin v27.5 - https:\/\/yoast.com\/product\/yoast-seo-wordpress\/ -->\n<title>Calp organiza las I Jornadas de Protecci\u00f3n de la Salud | R\u00e0dio Litoral<\/title>\n<meta name=\"description\" content=\"Calp organiza las Primeras Jornadas de Protecci\u00f3n de la Salud dirigidas a la ciudadan\u00eda para desarrollas buenos h\u00e1bitos\" \/>\n<meta name=\"robots\" content=\"index, follow, max-snippet:-1, max-image-preview:large, max-video-preview:-1\" \/>\n<link rel=\"canonical\" href=\"https:\/\/radiolitoral.com\/ca\/2023\/11\/calp-organitza-les-jornades-de-proteccio-de-la-salut\/\" \/>\n<meta property=\"og:locale\" content=\"ca_ES\" \/>\n<meta property=\"og:type\" content=\"article\" \/>\n<meta property=\"og:title\" content=\"Calp organiza las I Jornadas de Protecci\u00f3n de la Salud | R\u00e0dio Litoral\" \/>\n<meta property=\"og:description\" content=\"Calp organiza las Primeras Jornadas de Protecci\u00f3n de la Salud dirigidas a la ciudadan\u00eda para desarrollas buenos h\u00e1bitos\" \/>\n<meta property=\"og:url\" content=\"https:\/\/radiolitoral.com\/ca\/2023\/11\/calp-organitza-les-jornades-de-proteccio-de-la-salut\/\" \/>\n<meta property=\"og:site_name\" content=\"R\u00e0dio Litoral\" \/>\n<meta property=\"article:publisher\" content=\"https:\/\/www.facebook.com\/Laradiolitoral\/\" \/>\n<meta property=\"article:published_time\" content=\"2023-11-03T13:38:45+00:00\" \/>\n<meta property=\"og:image\" content=\"https:\/\/media.radiolitoral.com\/wp-content\/uploads\/2023\/11\/03143759\/Cartel-Jornada-Salud.jpg\" \/>\n\t<meta property=\"og:image:width\" content=\"1241\" \/>\n\t<meta property=\"og:image:height\" content=\"1754\" \/>\n\t<meta property=\"og:image:type\" content=\"image\/jpeg\" \/>\n<meta name=\"author\" content=\"Redacci\u00f3n\" \/>\n<meta name=\"twitter:card\" content=\"summary_large_image\" \/>\n<meta name=\"twitter:label1\" content=\"Escrit per\" \/>\n\t<meta name=\"twitter:data1\" content=\"Redacci\u00f3n\" \/>\n\t<meta name=\"twitter:label2\" content=\"Temps estimat de lectura\" \/>\n\t<meta name=\"twitter:data2\" content=\"1 minut\" \/>\n<script type=\"application\/ld+json\" class=\"yoast-schema-graph\">{\"@context\":\"https:\\\/\\\/schema.org\",\"@graph\":[{\"@type\":\"NewsArticle\",\"@id\":\"https:\\\/\\\/radiolitoral.com\\\/2023\\\/11\\\/calp-organiza-las-i-jornadas-de-proteccion-de-la-salud\\\/#article\",\"isPartOf\":{\"@id\":\"https:\\\/\\\/radiolitoral.com\\\/2023\\\/11\\\/calp-organiza-las-i-jornadas-de-proteccion-de-la-salud\\\/\"},\"author\":{\"name\":\"Redacci\u00f3n\",\"@id\":\"https:\\\/\\\/radiolitoral.com\\\/#\\\/schema\\\/person\\\/f2b2343c49b5d721857cc1002bfdb151\"},\"headline\":\"Calp organiza las I Jornadas de Protecci\u00f3n de la Salud\",\"datePublished\":\"2023-11-03T13:38:45+00:00\",\"mainEntityOfPage\":{\"@id\":\"https:\\\/\\\/radiolitoral.com\\\/2023\\\/11\\\/calp-organiza-las-i-jornadas-de-proteccion-de-la-salud\\\/\"},\"wordCount\":230,\"commentCount\":0,\"publisher\":{\"@id\":\"https:\\\/\\\/radiolitoral.com\\\/#organization\"},\"image\":{\"@id\":\"https:\\\/\\\/radiolitoral.com\\\/2023\\\/11\\\/calp-organiza-las-i-jornadas-de-proteccion-de-la-salud\\\/#primaryimage\"},\"thumbnailUrl\":\"https:\\\/\\\/media.radiolitoral.com\\\/wp-content\\\/uploads\\\/2023\\\/11\\\/03143759\\\/Cartel-Jornada-Salud.jpg\",\"keywords\":[\"Jornadas\",\"Salud\"],\"articleSection\":[\"Bienestar\",\"Sanidad\"],\"inLanguage\":\"ca\",\"potentialAction\":[{\"@type\":\"CommentAction\",\"name\":\"Comment\",\"target\":[\"https:\\\/\\\/radiolitoral.com\\\/2023\\\/11\\\/calp-organiza-las-i-jornadas-de-proteccion-de-la-salud\\\/#respond\"]}]},{\"@type\":[\"WebPage\",\"ItemPage\"],\"@id\":\"https:\\\/\\\/radiolitoral.com\\\/2023\\\/11\\\/calp-organiza-las-i-jornadas-de-proteccion-de-la-salud\\\/\",\"url\":\"https:\\\/\\\/radiolitoral.com\\\/2023\\\/11\\\/calp-organiza-las-i-jornadas-de-proteccion-de-la-salud\\\/\",\"name\":\"Calp organiza las I Jornadas de Protecci\u00f3n de la Salud | R\u00e0dio Litoral\",\"isPartOf\":{\"@id\":\"https:\\\/\\\/radiolitoral.com\\\/#website\"},\"primaryImageOfPage\":{\"@id\":\"https:\\\/\\\/radiolitoral.com\\\/2023\\\/11\\\/calp-organiza-las-i-jornadas-de-proteccion-de-la-salud\\\/#primaryimage\"},\"image\":{\"@id\":\"https:\\\/\\\/radiolitoral.com\\\/2023\\\/11\\\/calp-organiza-las-i-jornadas-de-proteccion-de-la-salud\\\/#primaryimage\"},\"thumbnailUrl\":\"https:\\\/\\\/media.radiolitoral.com\\\/wp-content\\\/uploads\\\/2023\\\/11\\\/03143759\\\/Cartel-Jornada-Salud.jpg\",\"datePublished\":\"2023-11-03T13:38:45+00:00\",\"description\":\"Calp organiza las Primeras Jornadas de Protecci\u00f3n de la Salud dirigidas a la ciudadan\u00eda para desarrollas buenos h\u00e1bitos\",\"breadcrumb\":{\"@id\":\"https:\\\/\\\/radiolitoral.com\\\/2023\\\/11\\\/calp-organiza-las-i-jornadas-de-proteccion-de-la-salud\\\/#breadcrumb\"},\"inLanguage\":\"ca\",\"potentialAction\":[{\"@type\":\"ReadAction\",\"target\":[\"https:\\\/\\\/radiolitoral.com\\\/2023\\\/11\\\/calp-organiza-las-i-jornadas-de-proteccion-de-la-salud\\\/\"]}]},{\"@type\":\"ImageObject\",\"inLanguage\":\"ca\",\"@id\":\"https:\\\/\\\/radiolitoral.com\\\/2023\\\/11\\\/calp-organiza-las-i-jornadas-de-proteccion-de-la-salud\\\/#primaryimage\",\"url\":\"https:\\\/\\\/media.radiolitoral.com\\\/wp-content\\\/uploads\\\/2023\\\/11\\\/03143759\\\/Cartel-Jornada-Salud.jpg\",\"contentUrl\":\"https:\\\/\\\/media.radiolitoral.com\\\/wp-content\\\/uploads\\\/2023\\\/11\\\/03143759\\\/Cartel-Jornada-Salud.jpg\",\"width\":1241,\"height\":1754},{\"@type\":\"BreadcrumbList\",\"@id\":\"https:\\\/\\\/radiolitoral.com\\\/2023\\\/11\\\/calp-organiza-las-i-jornadas-de-proteccion-de-la-salud\\\/#breadcrumb\",\"itemListElement\":[{\"@type\":\"ListItem\",\"position\":1,\"name\":\"Portada\",\"item\":\"https:\\\/\\\/radiolitoral.com\\\/\"},{\"@type\":\"ListItem\",\"position\":2,\"name\":\"Calp organiza las I Jornadas de Protecci\u00f3n de la Salud\"}]},{\"@type\":\"WebSite\",\"@id\":\"https:\\\/\\\/radiolitoral.com\\\/#website\",\"url\":\"https:\\\/\\\/radiolitoral.com\\\/\",\"name\":\"Radio Litoral\",\"description\":\"La radio local de la Marina Alta\",\"publisher\":{\"@id\":\"https:\\\/\\\/radiolitoral.com\\\/#organization\"},\"alternateName\":\"Litoral FM\",\"potentialAction\":[{\"@type\":\"SearchAction\",\"target\":{\"@type\":\"EntryPoint\",\"urlTemplate\":\"https:\\\/\\\/radiolitoral.com\\\/?s={search_term_string}\"},\"query-input\":{\"@type\":\"PropertyValueSpecification\",\"valueRequired\":true,\"valueName\":\"search_term_string\"}}],\"inLanguage\":\"ca\"},{\"@type\":\"Organization\",\"@id\":\"https:\\\/\\\/radiolitoral.com\\\/#organization\",\"name\":\"Radio Litoral\",\"url\":\"https:\\\/\\\/radiolitoral.com\\\/\",\"logo\":{\"@type\":\"ImageObject\",\"inLanguage\":\"ca\",\"@id\":\"https:\\\/\\\/radiolitoral.com\\\/#\\\/schema\\\/logo\\\/image\\\/\",\"url\":\"https:\\\/\\\/media.radiolitoral.com\\\/wp-content\\\/uploads\\\/2023\\\/02\\\/24143238\\\/CL-V-RadioLitoral696.png\",\"contentUrl\":\"https:\\\/\\\/media.radiolitoral.com\\\/wp-content\\\/uploads\\\/2023\\\/02\\\/24143238\\\/CL-V-RadioLitoral696.png\",\"width\":696,\"height\":696,\"caption\":\"Radio Litoral\"},\"image\":{\"@id\":\"https:\\\/\\\/radiolitoral.com\\\/#\\\/schema\\\/logo\\\/image\\\/\"},\"sameAs\":[\"https:\\\/\\\/www.facebook.com\\\/Laradiolitoral\\\/\"]},{\"@type\":\"Person\",\"@id\":\"https:\\\/\\\/radiolitoral.com\\\/#\\\/schema\\\/person\\\/f2b2343c49b5d721857cc1002bfdb151\",\"name\":\"Redacci\u00f3n\",\"image\":{\"@type\":\"ImageObject\",\"inLanguage\":\"ca\",\"@id\":\"https:\\\/\\\/secure.gravatar.com\\\/avatar\\\/f771d896c203ad8b3382d7905cfcce5a5c9b008b84b3cd9114e9b9f4cb63f789?s=96&d=mm&r=g\",\"url\":\"https:\\\/\\\/secure.gravatar.com\\\/avatar\\\/f771d896c203ad8b3382d7905cfcce5a5c9b008b84b3cd9114e9b9f4cb63f789?s=96&d=mm&r=g\",\"contentUrl\":\"https:\\\/\\\/secure.gravatar.com\\\/avatar\\\/f771d896c203ad8b3382d7905cfcce5a5c9b008b84b3cd9114e9b9f4cb63f789?s=96&d=mm&r=g\",\"caption\":\"Redacci\u00f3n\"},\"url\":\"https:\\\/\\\/radiolitoral.com\\\/ca\\\/author\\\/miriam-pagan\\\/\"}]}<\/script>\n<!-- \/ Yoast SEO plugin. -->","yoast_head_json":{"title":"Calp organitza les I Jornades de Protecci\u00f3 de la Salut | R\u00e0dio Litoral","description":"Calp organitza les Primeres Jornades de Protecci\u00f3 de la Salut adre\u00e7ades a la ciutadania per a desenvolupes bons h\u00e0bits","robots":{"index":"index","follow":"follow","max-snippet":"max-snippet:-1","max-image-preview":"max-image-preview:large","max-video-preview":"max-video-preview:-1"},"canonical":"https:\/\/radiolitoral.com\/ca\/2023\/11\/calp-organitza-les-jornades-de-proteccio-de-la-salut\/","og_locale":"ca_ES","og_type":"article","og_title":"Calp organiza las I Jornadas de Protecci\u00f3n de la Salud | R\u00e0dio Litoral","og_description":"Calp organiza las Primeras Jornadas de Protecci\u00f3n de la Salud dirigidas a la ciudadan\u00eda para desarrollas buenos h\u00e1bitos","og_url":"https:\/\/radiolitoral.com\/ca\/2023\/11\/calp-organitza-les-jornades-de-proteccio-de-la-salut\/","og_site_name":"R\u00e0dio Litoral","article_publisher":"https:\/\/www.facebook.com\/Laradiolitoral\/","article_published_time":"2023-11-03T13:38:45+00:00","og_image":[{"width":1241,"height":1754,"url":"https:\/\/media.radiolitoral.com\/wp-content\/uploads\/2023\/11\/03143759\/Cartel-Jornada-Salud.jpg","type":"image\/jpeg"}],"author":"Redacci\u00f3n","twitter_card":"summary_large_image","twitter_misc":{"Escrit per":"Redacci\u00f3n","Temps estimat de lectura":"1 minut"},"schema":{"@context":"https:\/\/schema.org","@graph":[{"@type":"NewsArticle","@id":"https:\/\/radiolitoral.com\/2023\/11\/calp-organiza-las-i-jornadas-de-proteccion-de-la-salud\/#article","isPartOf":{"@id":"https:\/\/radiolitoral.com\/2023\/11\/calp-organiza-las-i-jornadas-de-proteccion-de-la-salud\/"},"author":{"name":"Redacci\u00f3n","@id":"https:\/\/radiolitoral.com\/#\/schema\/person\/f2b2343c49b5d721857cc1002bfdb151"},"headline":"Calp organiza las I Jornadas de Protecci\u00f3n de la Salud","datePublished":"2023-11-03T13:38:45+00:00","mainEntityOfPage":{"@id":"https:\/\/radiolitoral.com\/2023\/11\/calp-organiza-las-i-jornadas-de-proteccion-de-la-salud\/"},"wordCount":230,"commentCount":0,"publisher":{"@id":"https:\/\/radiolitoral.com\/#organization"},"image":{"@id":"https:\/\/radiolitoral.com\/2023\/11\/calp-organiza-las-i-jornadas-de-proteccion-de-la-salud\/#primaryimage"},"thumbnailUrl":"https:\/\/media.radiolitoral.com\/wp-content\/uploads\/2023\/11\/03143759\/Cartel-Jornada-Salud.jpg","keywords":["Jornadas","Salud"],"articleSection":["Bienestar","Sanidad"],"inLanguage":"ca","potentialAction":[{"@type":"CommentAction","name":"Comment","target":["https:\/\/radiolitoral.com\/2023\/11\/calp-organiza-las-i-jornadas-de-proteccion-de-la-salud\/#respond"]}]},{"@type":["WebPage","ItemPage"],"@id":"https:\/\/radiolitoral.com\/2023\/11\/calp-organiza-las-i-jornadas-de-proteccion-de-la-salud\/","url":"https:\/\/radiolitoral.com\/2023\/11\/calp-organiza-las-i-jornadas-de-proteccion-de-la-salud\/","name":"Calp organitza les I Jornades de Protecci\u00f3 de la Salut | R\u00e0dio Litoral","isPartOf":{"@id":"https:\/\/radiolitoral.com\/#website"},"primaryImageOfPage":{"@id":"https:\/\/radiolitoral.com\/2023\/11\/calp-organiza-las-i-jornadas-de-proteccion-de-la-salud\/#primaryimage"},"image":{"@id":"https:\/\/radiolitoral.com\/2023\/11\/calp-organiza-las-i-jornadas-de-proteccion-de-la-salud\/#primaryimage"},"thumbnailUrl":"https:\/\/media.radiolitoral.com\/wp-content\/uploads\/2023\/11\/03143759\/Cartel-Jornada-Salud.jpg","datePublished":"2023-11-03T13:38:45+00:00","description":"Calp organitza les Primeres Jornades de Protecci\u00f3 de la Salut adre\u00e7ades a la ciutadania per a desenvolupes bons h\u00e0bits","breadcrumb":{"@id":"https:\/\/radiolitoral.com\/2023\/11\/calp-organiza-las-i-jornadas-de-proteccion-de-la-salud\/#breadcrumb"},"inLanguage":"ca","potentialAction":[{"@type":"ReadAction","target":["https:\/\/radiolitoral.com\/2023\/11\/calp-organiza-las-i-jornadas-de-proteccion-de-la-salud\/"]}]},{"@type":"ImageObject","inLanguage":"ca","@id":"https:\/\/radiolitoral.com\/2023\/11\/calp-organiza-las-i-jornadas-de-proteccion-de-la-salud\/#primaryimage","url":"https:\/\/media.radiolitoral.com\/wp-content\/uploads\/2023\/11\/03143759\/Cartel-Jornada-Salud.jpg","contentUrl":"https:\/\/media.radiolitoral.com\/wp-content\/uploads\/2023\/11\/03143759\/Cartel-Jornada-Salud.jpg","width":1241,"height":1754},{"@type":"BreadcrumbList","@id":"https:\/\/radiolitoral.com\/2023\/11\/calp-organiza-las-i-jornadas-de-proteccion-de-la-salud\/#breadcrumb","itemListElement":[{"@type":"ListItem","position":1,"name":"Portada","item":"https:\/\/radiolitoral.com\/"},{"@type":"ListItem","position":2,"name":"Calp organiza las I Jornadas de Protecci\u00f3n de la Salud"}]},{"@type":"WebSite","@id":"https:\/\/radiolitoral.com\/#website","url":"https:\/\/radiolitoral.com\/","name":"R\u00e0dio Litoral","description":"La r\u00e0dio local de la Marina Alta","publisher":{"@id":"https:\/\/radiolitoral.com\/#organization"},"alternateName":"Litoral FM","potentialAction":[{"@type":"SearchAction","target":{"@type":"EntryPoint","urlTemplate":"https:\/\/radiolitoral.com\/?s={search_term_string}"},"query-input":{"@type":"PropertyValueSpecification","valueRequired":true,"valueName":"search_term_string"}}],"inLanguage":"ca"},{"@type":"Organization","@id":"https:\/\/radiolitoral.com\/#organization","name":"R\u00e0dio Litoral","url":"https:\/\/radiolitoral.com\/","logo":{"@type":"ImageObject","inLanguage":"ca","@id":"https:\/\/radiolitoral.com\/#\/schema\/logo\/image\/","url":"https:\/\/media.radiolitoral.com\/wp-content\/uploads\/2023\/02\/24143238\/CL-V-RadioLitoral696.png","contentUrl":"https:\/\/media.radiolitoral.com\/wp-content\/uploads\/2023\/02\/24143238\/CL-V-RadioLitoral696.png","width":696,"height":696,"caption":"Radio Litoral"},"image":{"@id":"https:\/\/radiolitoral.com\/#\/schema\/logo\/image\/"},"sameAs":["https:\/\/www.facebook.com\/Laradiolitoral\/"]},{"@type":"Person","@id":"https:\/\/radiolitoral.com\/#\/schema\/person\/f2b2343c49b5d721857cc1002bfdb151","name":"Redacci\u00f3","image":{"@type":"ImageObject","inLanguage":"ca","@id":"https:\/\/secure.gravatar.com\/avatar\/f771d896c203ad8b3382d7905cfcce5a5c9b008b84b3cd9114e9b9f4cb63f789?s=96&d=mm&r=g","url":"https:\/\/secure.gravatar.com\/avatar\/f771d896c203ad8b3382d7905cfcce5a5c9b008b84b3cd9114e9b9f4cb63f789?s=96&d=mm&r=g","contentUrl":"https:\/\/secure.gravatar.com\/avatar\/f771d896c203ad8b3382d7905cfcce5a5c9b008b84b3cd9114e9b9f4cb63f789?s=96&d=mm&r=g","caption":"Redacci\u00f3n"},"url":"https:\/\/radiolitoral.com\/ca\/author\/miriam-pagan\/"}]}},"_links":{"self":[{"href":"https:\/\/radiolitoral.com\/ca\/wp-json\/wp\/v2\/posts\/5375","targetHints":{"allow":["GET"]}}],"collection":[{"href":"https:\/\/radiolitoral.com\/ca\/wp-json\/wp\/v2\/posts"}],"about":[{"href":"https:\/\/radiolitoral.com\/ca\/wp-json\/wp\/v2\/types\/post"}],"author":[{"embeddable":true,"href":"https:\/\/radiolitoral.com\/ca\/wp-json\/wp\/v2\/users\/13"}],"replies":[{"embeddable":true,"href":"https:\/\/radiolitoral.com\/ca\/wp-json\/wp\/v2\/comments?post=5375"}],"version-history":[{"count":2,"href":"https:\/\/radiolitoral.com\/ca\/wp-json\/wp\/v2\/posts\/5375\/revisions"}],"predecessor-version":[{"id":5379,"href":"https:\/\/radiolitoral.com\/ca\/wp-json\/wp\/v2\/posts\/5375\/revisions\/5379"}],"wp:featuredmedia":[{"embeddable":true,"href":"https:\/\/radiolitoral.com\/ca\/wp-json\/wp\/v2\/media\/5377"}],"wp:attachment":[{"href":"https:\/\/radiolitoral.com\/ca\/wp-json\/wp\/v2\/media?parent=5375"}],"wp:term":[{"taxonomy":"category","embeddable":true,"href":"https:\/\/radiolitoral.com\/ca\/wp-json\/wp\/v2\/categories?post=5375"},{"taxonomy":"post_tag","embeddable":true,"href":"https:\/\/radiolitoral.com\/ca\/wp-json\/wp\/v2\/tags?post=5375"}],"curies":[{"name":"wp","href":"https:\/\/api.w.org\/{rel}","templated":true}]}}