{"id":5356,"date":"2023-11-02T17:58:48","date_gmt":"2023-11-02T16:58:48","guid":{"rendered":"https:\/\/radiolitoral.com\/?p=5356"},"modified":"2023-11-02T17:58:48","modified_gmt":"2023-11-02T16:58:48","slug":"tornen-les-pel%c2%b7licules-destrena-a-lauditori-de-calp","status":"publish","type":"post","link":"https:\/\/radiolitoral.com\/ca\/2023\/11\/vuelven-las-peliculas-de-estreno-en-el-auditorio-de-calp\/","title":{"rendered":"Tornen les pel\u00b7l\u00edcules d&#039;estrena a l&#039;Auditori de Calp"},"content":{"rendered":"<p>L&#039;Ajuntament de <strong>Calp<\/strong> ha adjudicat a l&#039;empresari Carlos Morat\u00f3 Versluys la gesti\u00f3 del <strong>servei de cinema<\/strong> a l&#039;Auditori municipal. D&#039;aquesta manera, la ciutadania calpina podr\u00e0 tornar a gaudir d&#039;estrenes cinematogr\u00e0fiques recents ja que es tracta de l&#039;\u00fanica sala de cinema que hi ha al municipi.<\/p>\n<p>El cinema torna a la Casa de Cultura de Calp despr\u00e9s de tres anys sense aquest servei. L&#039;anterior contracte va finalitzar en plena pand\u00e8mia i el servei es va veure postergat primer per les obres d&#039;instal\u00b7laci\u00f3 del sistema de renovaci\u00f3 de l&#039;aire a l&#039;auditori i en segon lloc despr\u00e9s d&#039;haver quedat deserta la licitaci\u00f3 diverses vegades.<\/p>\n<p>L&#039;empresa adjudicat\u00e0ria tamb\u00e9 oferir\u00e0 la <strong>retransmissi\u00f3 en directe d&#039;espectacles d&#039;\u00f2pera i ballet de la Royal Opera House de Londres<\/strong>, uns esdeveniments que ja s&#039;oferien a l&#039;anterior licitaci\u00f3 amb gran acollida per part del p\u00fablic. A m\u00e9s, es programaran cicles de cinema i pel\u00b7l\u00edcules en versi\u00f3 original subtitulades. L&#039;empresa celebrar\u00e0 tamb\u00e9 la campanya nacional de <strong>\u201cLa festa del cinema\u201d<\/strong>, dirigida a la poblaci\u00f3 jove.<\/p>\n<p>El nou servei, que s&#039;espera que es posi en marxa les properes setmanes, t\u00e9 una durada de tres anys amb possibilitat de pr\u00f2rroga per a un quart any. Les entrades del cinema, segons estipula el contracte, tindran un preu que no podr\u00e0 excedir els 5 euros.<\/p>\n<p>El <strong>regidor responsable, Guillermo Sendra<\/strong>, ha fet p\u00fablica aquesta not\u00edcia, mostrant-ne la satisfacci\u00f3 i destacant que amb aquest servei s&#039;amplien les possibilitats d&#039;oci cultural a Calp.<\/p>\n<audio class=\"wp-audio-shortcode\" id=\"audio-5356-1\" preload=\"none\" style=\"width: 100%;\" controls=\"controls\"><source type=\"audio\/mpeg\" src=\"https:\/\/media.radiolitoral.com\/wp-content\/uploads\/2023\/11\/02175442\/Guillermo-Sendra-cine.mp3?_=1\" \/><a href=\"https:\/\/media.radiolitoral.com\/wp-content\/uploads\/2023\/11\/02175442\/Guillermo-Sendra-cine.mp3\">https:\/\/media.radiolitoral.com\/wp-content\/uploads\/2023\/11\/02175442\/Guillermo-Sendra-cine.mp3<\/a><\/audio>","protected":false},"excerpt":{"rendered":"<p>El Ayuntamiento de Calp ha adjudicado al empresario Carlos Morat\u00f3 Versluys la gesti\u00f3n del servicio de cine en el Auditorio municipal. De esta forma, la ciudadan\u00eda calpina podr\u00e1 volver a disfrutar de estrenos cinematogr\u00e1ficos recientes ya que se trata de la \u00fanica sala de cine que existe en el municipio. Vuelve as\u00ed el cine a [&#8230;]<\/p>\n<p><a class=\"btn btn-secondary understrap-read-more-link\" href=\"https:\/\/radiolitoral.com\/ca\/2023\/11\/vuelven-las-peliculas-de-estreno-en-el-auditorio-de-calp\/\">Continua llegint&#8230;<span class=\"screen-reader-text\"> from Vuelven las pel\u00edculas de estreno en el Auditorio de Calp<\/span><\/a><\/p>\n","protected":false},"author":21,"featured_media":5358,"comment_status":"open","ping_status":"closed","sticky":false,"template":"","format":"standard","meta":{"_acf_changed":false,"inline_featured_image":false,"footnotes":""},"categories":[628,55,60],"tags":[],"class_list":["post-5356","post","type-post","status-publish","format-standard","has-post-thumbnail","hentry","category-cine","category-cultura","category-ocio","cobertura-calp"],"acf":[],"yoast_head":"<!-- This site is optimized with the Yoast SEO plugin v27.5 - https:\/\/yoast.com\/product\/yoast-seo-wordpress\/ -->\n<title>Vuelven las pel\u00edculas de estreno en el Auditorio de Calp | R\u00e0dio Litoral<\/title>\n<meta name=\"description\" content=\"Vuelve el servicio de cine, con pel\u00edculas de estreno y retransmisiones de \u00f3pera, al Auditorio de la Casa de Cultura de Calp\" \/>\n<meta name=\"robots\" content=\"index, follow, max-snippet:-1, max-image-preview:large, max-video-preview:-1\" \/>\n<link rel=\"canonical\" href=\"https:\/\/radiolitoral.com\/ca\/2023\/11\/tornen-les-pel\u00b7licules-destrena-a-lauditori-de-calp\/\" \/>\n<meta property=\"og:locale\" content=\"ca_ES\" \/>\n<meta property=\"og:type\" content=\"article\" \/>\n<meta property=\"og:title\" content=\"Vuelven las pel\u00edculas de estreno en el Auditorio de Calp | R\u00e0dio Litoral\" \/>\n<meta property=\"og:description\" content=\"Vuelve el servicio de cine, con pel\u00edculas de estreno y retransmisiones de \u00f3pera, al Auditorio de la Casa de Cultura de Calp\" \/>\n<meta property=\"og:url\" content=\"https:\/\/radiolitoral.com\/ca\/2023\/11\/tornen-les-pel\u00b7licules-destrena-a-lauditori-de-calp\/\" \/>\n<meta property=\"og:site_name\" content=\"R\u00e0dio Litoral\" \/>\n<meta property=\"article:publisher\" content=\"https:\/\/www.facebook.com\/Laradiolitoral\/\" \/>\n<meta property=\"article:published_time\" content=\"2023-11-02T16:58:48+00:00\" \/>\n<meta property=\"og:image\" content=\"https:\/\/media.radiolitoral.com\/wp-content\/uploads\/2023\/11\/02175700\/Auditori-Cine-Calp-scaled.jpg\" \/>\n\t<meta property=\"og:image:width\" content=\"2560\" \/>\n\t<meta property=\"og:image:height\" content=\"1928\" \/>\n\t<meta property=\"og:image:type\" content=\"image\/jpeg\" \/>\n<meta name=\"author\" content=\"Mel Pescuezo\" \/>\n<meta name=\"twitter:card\" content=\"summary_large_image\" \/>\n<meta name=\"twitter:label1\" content=\"Escrit per\" \/>\n\t<meta name=\"twitter:data1\" content=\"Mel Pescuezo\" \/>\n\t<meta name=\"twitter:label2\" content=\"Temps estimat de lectura\" \/>\n\t<meta name=\"twitter:data2\" content=\"2 minuts\" \/>\n<script type=\"application\/ld+json\" class=\"yoast-schema-graph\">{\"@context\":\"https:\\\/\\\/schema.org\",\"@graph\":[{\"@type\":\"NewsArticle\",\"@id\":\"https:\\\/\\\/radiolitoral.com\\\/2023\\\/11\\\/vuelven-las-peliculas-de-estreno-en-el-auditorio-de-calp\\\/#article\",\"isPartOf\":{\"@id\":\"https:\\\/\\\/radiolitoral.com\\\/2023\\\/11\\\/vuelven-las-peliculas-de-estreno-en-el-auditorio-de-calp\\\/\"},\"author\":{\"name\":\"Mel Pescuezo\",\"@id\":\"https:\\\/\\\/radiolitoral.com\\\/#\\\/schema\\\/person\\\/aad4f72efa404f85b68e832d24cac059\"},\"headline\":\"Vuelven las pel\u00edculas de estreno en el Auditorio de Calp\",\"datePublished\":\"2023-11-02T16:58:48+00:00\",\"mainEntityOfPage\":{\"@id\":\"https:\\\/\\\/radiolitoral.com\\\/2023\\\/11\\\/vuelven-las-peliculas-de-estreno-en-el-auditorio-de-calp\\\/\"},\"wordCount\":301,\"commentCount\":0,\"publisher\":{\"@id\":\"https:\\\/\\\/radiolitoral.com\\\/#organization\"},\"image\":{\"@id\":\"https:\\\/\\\/radiolitoral.com\\\/2023\\\/11\\\/vuelven-las-peliculas-de-estreno-en-el-auditorio-de-calp\\\/#primaryimage\"},\"thumbnailUrl\":\"https:\\\/\\\/media.radiolitoral.com\\\/wp-content\\\/uploads\\\/2023\\\/11\\\/02175700\\\/Auditori-Cine-Calp-scaled.jpg\",\"articleSection\":[\"Cine\",\"Cultura\",\"Ocio\"],\"inLanguage\":\"ca\",\"potentialAction\":[{\"@type\":\"CommentAction\",\"name\":\"Comment\",\"target\":[\"https:\\\/\\\/radiolitoral.com\\\/2023\\\/11\\\/vuelven-las-peliculas-de-estreno-en-el-auditorio-de-calp\\\/#respond\"]}]},{\"@type\":[\"WebPage\",\"ItemPage\"],\"@id\":\"https:\\\/\\\/radiolitoral.com\\\/2023\\\/11\\\/vuelven-las-peliculas-de-estreno-en-el-auditorio-de-calp\\\/\",\"url\":\"https:\\\/\\\/radiolitoral.com\\\/2023\\\/11\\\/vuelven-las-peliculas-de-estreno-en-el-auditorio-de-calp\\\/\",\"name\":\"Vuelven las pel\u00edculas de estreno en el Auditorio de Calp | R\u00e0dio Litoral\",\"isPartOf\":{\"@id\":\"https:\\\/\\\/radiolitoral.com\\\/#website\"},\"primaryImageOfPage\":{\"@id\":\"https:\\\/\\\/radiolitoral.com\\\/2023\\\/11\\\/vuelven-las-peliculas-de-estreno-en-el-auditorio-de-calp\\\/#primaryimage\"},\"image\":{\"@id\":\"https:\\\/\\\/radiolitoral.com\\\/2023\\\/11\\\/vuelven-las-peliculas-de-estreno-en-el-auditorio-de-calp\\\/#primaryimage\"},\"thumbnailUrl\":\"https:\\\/\\\/media.radiolitoral.com\\\/wp-content\\\/uploads\\\/2023\\\/11\\\/02175700\\\/Auditori-Cine-Calp-scaled.jpg\",\"datePublished\":\"2023-11-02T16:58:48+00:00\",\"description\":\"Vuelve el servicio de cine, con pel\u00edculas de estreno y retransmisiones de \u00f3pera, al Auditorio de la Casa de Cultura de Calp\",\"breadcrumb\":{\"@id\":\"https:\\\/\\\/radiolitoral.com\\\/2023\\\/11\\\/vuelven-las-peliculas-de-estreno-en-el-auditorio-de-calp\\\/#breadcrumb\"},\"inLanguage\":\"ca\",\"potentialAction\":[{\"@type\":\"ReadAction\",\"target\":[\"https:\\\/\\\/radiolitoral.com\\\/2023\\\/11\\\/vuelven-las-peliculas-de-estreno-en-el-auditorio-de-calp\\\/\"]}]},{\"@type\":\"ImageObject\",\"inLanguage\":\"ca\",\"@id\":\"https:\\\/\\\/radiolitoral.com\\\/2023\\\/11\\\/vuelven-las-peliculas-de-estreno-en-el-auditorio-de-calp\\\/#primaryimage\",\"url\":\"https:\\\/\\\/media.radiolitoral.com\\\/wp-content\\\/uploads\\\/2023\\\/11\\\/02175700\\\/Auditori-Cine-Calp-scaled.jpg\",\"contentUrl\":\"https:\\\/\\\/media.radiolitoral.com\\\/wp-content\\\/uploads\\\/2023\\\/11\\\/02175700\\\/Auditori-Cine-Calp-scaled.jpg\",\"width\":2560,\"height\":1928},{\"@type\":\"BreadcrumbList\",\"@id\":\"https:\\\/\\\/radiolitoral.com\\\/2023\\\/11\\\/vuelven-las-peliculas-de-estreno-en-el-auditorio-de-calp\\\/#breadcrumb\",\"itemListElement\":[{\"@type\":\"ListItem\",\"position\":1,\"name\":\"Portada\",\"item\":\"https:\\\/\\\/radiolitoral.com\\\/\"},{\"@type\":\"ListItem\",\"position\":2,\"name\":\"Vuelven las pel\u00edculas de estreno en el Auditorio de Calp\"}]},{\"@type\":\"WebSite\",\"@id\":\"https:\\\/\\\/radiolitoral.com\\\/#website\",\"url\":\"https:\\\/\\\/radiolitoral.com\\\/\",\"name\":\"Radio Litoral\",\"description\":\"La radio local de la Marina Alta\",\"publisher\":{\"@id\":\"https:\\\/\\\/radiolitoral.com\\\/#organization\"},\"alternateName\":\"Litoral FM\",\"potentialAction\":[{\"@type\":\"SearchAction\",\"target\":{\"@type\":\"EntryPoint\",\"urlTemplate\":\"https:\\\/\\\/radiolitoral.com\\\/?s={search_term_string}\"},\"query-input\":{\"@type\":\"PropertyValueSpecification\",\"valueRequired\":true,\"valueName\":\"search_term_string\"}}],\"inLanguage\":\"ca\"},{\"@type\":\"Organization\",\"@id\":\"https:\\\/\\\/radiolitoral.com\\\/#organization\",\"name\":\"Radio Litoral\",\"url\":\"https:\\\/\\\/radiolitoral.com\\\/\",\"logo\":{\"@type\":\"ImageObject\",\"inLanguage\":\"ca\",\"@id\":\"https:\\\/\\\/radiolitoral.com\\\/#\\\/schema\\\/logo\\\/image\\\/\",\"url\":\"https:\\\/\\\/media.radiolitoral.com\\\/wp-content\\\/uploads\\\/2023\\\/02\\\/24143238\\\/CL-V-RadioLitoral696.png\",\"contentUrl\":\"https:\\\/\\\/media.radiolitoral.com\\\/wp-content\\\/uploads\\\/2023\\\/02\\\/24143238\\\/CL-V-RadioLitoral696.png\",\"width\":696,\"height\":696,\"caption\":\"Radio Litoral\"},\"image\":{\"@id\":\"https:\\\/\\\/radiolitoral.com\\\/#\\\/schema\\\/logo\\\/image\\\/\"},\"sameAs\":[\"https:\\\/\\\/www.facebook.com\\\/Laradiolitoral\\\/\"]},{\"@type\":\"Person\",\"@id\":\"https:\\\/\\\/radiolitoral.com\\\/#\\\/schema\\\/person\\\/aad4f72efa404f85b68e832d24cac059\",\"name\":\"Mel Pescuezo\",\"image\":{\"@type\":\"ImageObject\",\"inLanguage\":\"ca\",\"@id\":\"https:\\\/\\\/secure.gravatar.com\\\/avatar\\\/993975ae489c70cb0dd9bfa9413a082f0bd276582dac13661af7b33f161e7eea?s=96&d=mm&r=g\",\"url\":\"https:\\\/\\\/secure.gravatar.com\\\/avatar\\\/993975ae489c70cb0dd9bfa9413a082f0bd276582dac13661af7b33f161e7eea?s=96&d=mm&r=g\",\"contentUrl\":\"https:\\\/\\\/secure.gravatar.com\\\/avatar\\\/993975ae489c70cb0dd9bfa9413a082f0bd276582dac13661af7b33f161e7eea?s=96&d=mm&r=g\",\"caption\":\"Mel Pescuezo\"},\"url\":\"https:\\\/\\\/radiolitoral.com\\\/ca\\\/author\\\/serviciospararadios\\\/\"}]}<\/script>\n<!-- \/ Yoast SEO plugin. -->","yoast_head_json":{"title":"Tornen les pel\u00b7l\u00edcules d&#039;estrena a l&#039;Auditori de Calp | R\u00e0dio Litoral","description":"Torna el servei de cinema, amb pel\u00b7l\u00edcules d&#039;estrena i retransmissions d&#039;\u00f2pera, a l&#039;Auditori de Casa de Cultura de Calp","robots":{"index":"index","follow":"follow","max-snippet":"max-snippet:-1","max-image-preview":"max-image-preview:large","max-video-preview":"max-video-preview:-1"},"canonical":"https:\/\/radiolitoral.com\/ca\/2023\/11\/tornen-les-pel\u00b7licules-destrena-a-lauditori-de-calp\/","og_locale":"ca_ES","og_type":"article","og_title":"Vuelven las pel\u00edculas de estreno en el Auditorio de Calp | R\u00e0dio Litoral","og_description":"Vuelve el servicio de cine, con pel\u00edculas de estreno y retransmisiones de \u00f3pera, al Auditorio de la Casa de Cultura de Calp","og_url":"https:\/\/radiolitoral.com\/ca\/2023\/11\/tornen-les-pel\u00b7licules-destrena-a-lauditori-de-calp\/","og_site_name":"R\u00e0dio Litoral","article_publisher":"https:\/\/www.facebook.com\/Laradiolitoral\/","article_published_time":"2023-11-02T16:58:48+00:00","og_image":[{"width":2560,"height":1928,"url":"https:\/\/media.radiolitoral.com\/wp-content\/uploads\/2023\/11\/02175700\/Auditori-Cine-Calp-scaled.jpg","type":"image\/jpeg"}],"author":"Mel Pescuezo","twitter_card":"summary_large_image","twitter_misc":{"Escrit per":"Mel Pescuezo","Temps estimat de lectura":"2 minuts"},"schema":{"@context":"https:\/\/schema.org","@graph":[{"@type":"NewsArticle","@id":"https:\/\/radiolitoral.com\/2023\/11\/vuelven-las-peliculas-de-estreno-en-el-auditorio-de-calp\/#article","isPartOf":{"@id":"https:\/\/radiolitoral.com\/2023\/11\/vuelven-las-peliculas-de-estreno-en-el-auditorio-de-calp\/"},"author":{"name":"Mel Pescuezo","@id":"https:\/\/radiolitoral.com\/#\/schema\/person\/aad4f72efa404f85b68e832d24cac059"},"headline":"Vuelven las pel\u00edculas de estreno en el Auditorio de Calp","datePublished":"2023-11-02T16:58:48+00:00","mainEntityOfPage":{"@id":"https:\/\/radiolitoral.com\/2023\/11\/vuelven-las-peliculas-de-estreno-en-el-auditorio-de-calp\/"},"wordCount":301,"commentCount":0,"publisher":{"@id":"https:\/\/radiolitoral.com\/#organization"},"image":{"@id":"https:\/\/radiolitoral.com\/2023\/11\/vuelven-las-peliculas-de-estreno-en-el-auditorio-de-calp\/#primaryimage"},"thumbnailUrl":"https:\/\/media.radiolitoral.com\/wp-content\/uploads\/2023\/11\/02175700\/Auditori-Cine-Calp-scaled.jpg","articleSection":["Cine","Cultura","Ocio"],"inLanguage":"ca","potentialAction":[{"@type":"CommentAction","name":"Comment","target":["https:\/\/radiolitoral.com\/2023\/11\/vuelven-las-peliculas-de-estreno-en-el-auditorio-de-calp\/#respond"]}]},{"@type":["WebPage","ItemPage"],"@id":"https:\/\/radiolitoral.com\/2023\/11\/vuelven-las-peliculas-de-estreno-en-el-auditorio-de-calp\/","url":"https:\/\/radiolitoral.com\/2023\/11\/vuelven-las-peliculas-de-estreno-en-el-auditorio-de-calp\/","name":"Tornen les pel\u00b7l\u00edcules d&#039;estrena a l&#039;Auditori de Calp | R\u00e0dio Litoral","isPartOf":{"@id":"https:\/\/radiolitoral.com\/#website"},"primaryImageOfPage":{"@id":"https:\/\/radiolitoral.com\/2023\/11\/vuelven-las-peliculas-de-estreno-en-el-auditorio-de-calp\/#primaryimage"},"image":{"@id":"https:\/\/radiolitoral.com\/2023\/11\/vuelven-las-peliculas-de-estreno-en-el-auditorio-de-calp\/#primaryimage"},"thumbnailUrl":"https:\/\/media.radiolitoral.com\/wp-content\/uploads\/2023\/11\/02175700\/Auditori-Cine-Calp-scaled.jpg","datePublished":"2023-11-02T16:58:48+00:00","description":"Torna el servei de cinema, amb pel\u00b7l\u00edcules d&#039;estrena i retransmissions d&#039;\u00f2pera, a l&#039;Auditori de Casa de Cultura de Calp","breadcrumb":{"@id":"https:\/\/radiolitoral.com\/2023\/11\/vuelven-las-peliculas-de-estreno-en-el-auditorio-de-calp\/#breadcrumb"},"inLanguage":"ca","potentialAction":[{"@type":"ReadAction","target":["https:\/\/radiolitoral.com\/2023\/11\/vuelven-las-peliculas-de-estreno-en-el-auditorio-de-calp\/"]}]},{"@type":"ImageObject","inLanguage":"ca","@id":"https:\/\/radiolitoral.com\/2023\/11\/vuelven-las-peliculas-de-estreno-en-el-auditorio-de-calp\/#primaryimage","url":"https:\/\/media.radiolitoral.com\/wp-content\/uploads\/2023\/11\/02175700\/Auditori-Cine-Calp-scaled.jpg","contentUrl":"https:\/\/media.radiolitoral.com\/wp-content\/uploads\/2023\/11\/02175700\/Auditori-Cine-Calp-scaled.jpg","width":2560,"height":1928},{"@type":"BreadcrumbList","@id":"https:\/\/radiolitoral.com\/2023\/11\/vuelven-las-peliculas-de-estreno-en-el-auditorio-de-calp\/#breadcrumb","itemListElement":[{"@type":"ListItem","position":1,"name":"Portada","item":"https:\/\/radiolitoral.com\/"},{"@type":"ListItem","position":2,"name":"Vuelven las pel\u00edculas de estreno en el Auditorio de Calp"}]},{"@type":"WebSite","@id":"https:\/\/radiolitoral.com\/#website","url":"https:\/\/radiolitoral.com\/","name":"R\u00e0dio Litoral","description":"La r\u00e0dio local de la Marina Alta","publisher":{"@id":"https:\/\/radiolitoral.com\/#organization"},"alternateName":"Litoral FM","potentialAction":[{"@type":"SearchAction","target":{"@type":"EntryPoint","urlTemplate":"https:\/\/radiolitoral.com\/?s={search_term_string}"},"query-input":{"@type":"PropertyValueSpecification","valueRequired":true,"valueName":"search_term_string"}}],"inLanguage":"ca"},{"@type":"Organization","@id":"https:\/\/radiolitoral.com\/#organization","name":"R\u00e0dio Litoral","url":"https:\/\/radiolitoral.com\/","logo":{"@type":"ImageObject","inLanguage":"ca","@id":"https:\/\/radiolitoral.com\/#\/schema\/logo\/image\/","url":"https:\/\/media.radiolitoral.com\/wp-content\/uploads\/2023\/02\/24143238\/CL-V-RadioLitoral696.png","contentUrl":"https:\/\/media.radiolitoral.com\/wp-content\/uploads\/2023\/02\/24143238\/CL-V-RadioLitoral696.png","width":696,"height":696,"caption":"Radio Litoral"},"image":{"@id":"https:\/\/radiolitoral.com\/#\/schema\/logo\/image\/"},"sameAs":["https:\/\/www.facebook.com\/Laradiolitoral\/"]},{"@type":"Person","@id":"https:\/\/radiolitoral.com\/#\/schema\/person\/aad4f72efa404f85b68e832d24cac059","name":"Mel Pescuezo","image":{"@type":"ImageObject","inLanguage":"ca","@id":"https:\/\/secure.gravatar.com\/avatar\/993975ae489c70cb0dd9bfa9413a082f0bd276582dac13661af7b33f161e7eea?s=96&d=mm&r=g","url":"https:\/\/secure.gravatar.com\/avatar\/993975ae489c70cb0dd9bfa9413a082f0bd276582dac13661af7b33f161e7eea?s=96&d=mm&r=g","contentUrl":"https:\/\/secure.gravatar.com\/avatar\/993975ae489c70cb0dd9bfa9413a082f0bd276582dac13661af7b33f161e7eea?s=96&d=mm&r=g","caption":"Mel Pescuezo"},"url":"https:\/\/radiolitoral.com\/ca\/author\/serviciospararadios\/"}]}},"_links":{"self":[{"href":"https:\/\/radiolitoral.com\/ca\/wp-json\/wp\/v2\/posts\/5356","targetHints":{"allow":["GET"]}}],"collection":[{"href":"https:\/\/radiolitoral.com\/ca\/wp-json\/wp\/v2\/posts"}],"about":[{"href":"https:\/\/radiolitoral.com\/ca\/wp-json\/wp\/v2\/types\/post"}],"author":[{"embeddable":true,"href":"https:\/\/radiolitoral.com\/ca\/wp-json\/wp\/v2\/users\/21"}],"replies":[{"embeddable":true,"href":"https:\/\/radiolitoral.com\/ca\/wp-json\/wp\/v2\/comments?post=5356"}],"version-history":[{"count":3,"href":"https:\/\/radiolitoral.com\/ca\/wp-json\/wp\/v2\/posts\/5356\/revisions"}],"predecessor-version":[{"id":5361,"href":"https:\/\/radiolitoral.com\/ca\/wp-json\/wp\/v2\/posts\/5356\/revisions\/5361"}],"wp:featuredmedia":[{"embeddable":true,"href":"https:\/\/radiolitoral.com\/ca\/wp-json\/wp\/v2\/media\/5358"}],"wp:attachment":[{"href":"https:\/\/radiolitoral.com\/ca\/wp-json\/wp\/v2\/media?parent=5356"}],"wp:term":[{"taxonomy":"category","embeddable":true,"href":"https:\/\/radiolitoral.com\/ca\/wp-json\/wp\/v2\/categories?post=5356"},{"taxonomy":"post_tag","embeddable":true,"href":"https:\/\/radiolitoral.com\/ca\/wp-json\/wp\/v2\/tags?post=5356"}],"curies":[{"name":"wp","href":"https:\/\/api.w.org\/{rel}","templated":true}]}}