{"id":5341,"date":"2023-11-02T17:09:07","date_gmt":"2023-11-02T16:09:07","guid":{"rendered":"https:\/\/radiolitoral.com\/?p=5341"},"modified":"2023-11-02T17:32:23","modified_gmt":"2023-11-02T16:32:23","slug":"perez-llorca-la-reversio-de-lhospital-de-denia-es-fara-des-de-la-responsabilitat-i-no-des-de-criteris-ideologics","status":"publish","type":"post","link":"https:\/\/radiolitoral.com\/ca\/2023\/11\/perez-llorca-la-reversion-del-hospital-de-denia-se-hara-desde-la-responsabilidad-y-no-desde-criterios-ideologicos\/","title":{"rendered":"P\u00e9rez Llorca &quot;la reversi\u00f3 de l&#039;Hospital de D\u00e9nia es far\u00e0 des de la responsabilitat i no des de criteris ideol\u00f2gics&quot;"},"content":{"rendered":"<p>El <strong>secretari general del PPCV, Juanfran P\u00e9rez Llorca,<\/strong> ha visitat la comarca aquesta setmana, on ha mantingut una trobada amb responsables populars, militants i simpatitzants del partit a la Marina Alta. La reuni\u00f3 ha tingut lloc a la seu dels populars de D\u00e9nia, i entre els presents hi havia la portaveu del PP a la capital comarcal, Pepa Font, i el coordinador comarcal Arturo Poquet, tamb\u00e9 alcalde de Benissa.<\/p>\n<p>P\u00e9rez Llorca, ha parlat del <strong>departament de Salut<\/strong> i ha assegurat que &quot;la reversi\u00f3 de l\u00b4Hospital de D\u00e9nia es far\u00e0 b\u00e9 perqu\u00e8 s\u00b4est\u00e0 fent des de la responsabilitat i no des de criteris ideol\u00f2gics&quot;. El l\u00edder popular ha posat com a exemple la reversi\u00f3 d&#039;aquesta \u00e0rea de salut, que t\u00e9 com a bases \u201ccriteris t\u00e8cnics i objectius que ha donat una auditoria\u201d.<\/p>\n<audio class=\"wp-audio-shortcode\" id=\"audio-5341-1\" preload=\"none\" style=\"width: 100%;\" controls=\"controls\"><source type=\"audio\/mpeg\" src=\"https:\/\/media.radiolitoral.com\/wp-content\/uploads\/2023\/11\/02170134\/Juan-Fran-Perez-Llorca.mp3?_=1\" \/><a href=\"https:\/\/media.radiolitoral.com\/wp-content\/uploads\/2023\/11\/02170134\/Juan-Fran-Perez-Llorca.mp3\">https:\/\/media.radiolitoral.com\/wp-content\/uploads\/2023\/11\/02170134\/Juan-Fran-Perez-Llorca.mp3<\/a><\/audio>\n<p>&nbsp;<\/p>\n<p>Pel que fa als <strong>pressupostos de la Generalitat Valenciana<\/strong> per al proper any, P\u00e9rez Llorca ha assegurat que \u201cs&#039;acaben d&#039;aprovar els pressupostos de la realitat, que no diuen mentides i que no fan falses promeses perqu\u00e8 no tenen partides imagin\u00e0ries\u201d. S\u00f3n uns comptes, ha afegit, que per primera vegada \u201cdemostren que es pot governar en coalici\u00f3 sense discutir\u201d.<\/p>","protected":false},"excerpt":{"rendered":"<p>El secretario general del PPCV, Juanfran P\u00e9rez Llorca, ha visitado la comarca esta semana, donde ha mantenido un encuentro con responsables populares, militantes y simpatizantes del partido en la Marina Alta. La reuni\u00f3n ha tenido lugar en la sede de los populares de D\u00e9nia, y entre los presentes estaba la portavoz del PP en la [&#8230;]<\/p>\n<p><a class=\"btn btn-secondary understrap-read-more-link\" href=\"https:\/\/radiolitoral.com\/ca\/2023\/11\/perez-llorca-la-reversion-del-hospital-de-denia-se-hara-desde-la-responsabilidad-y-no-desde-criterios-ideologicos\/\">Continua llegint&#8230;<span class=\"screen-reader-text\"> from P\u00e9rez Llorca \u00abla reversi\u00f3n del Hospital de D\u00e9nia se har\u00e1 desde la responsabilidad y no desde criterios ideol\u00f3gicos\u00bb<\/span><\/a><\/p>\n","protected":false},"author":21,"featured_media":5343,"comment_status":"open","ping_status":"closed","sticky":false,"template":"","format":"standard","meta":{"_acf_changed":false,"inline_featured_image":false,"footnotes":""},"categories":[13,380],"tags":[],"class_list":["post-5341","post","type-post","status-publish","format-standard","has-post-thumbnail","hentry","category-politica","category-sanidad","cobertura-benissa","cobertura-denia","cobertura-marina-alta"],"acf":[],"yoast_head":"<!-- This site is optimized with the Yoast SEO plugin v27.5 - https:\/\/yoast.com\/product\/yoast-seo-wordpress\/ -->\n<title>P\u00e9rez Llorca &quot;la reversi\u00f3n del Hospital de D\u00e9nia se har\u00e1 desde la responsabilidad y no desde criterios ideol\u00f3gicos&quot; | R\u00e0dio Litoral<\/title>\n<meta name=\"description\" content=\"El secretario general de los populares valencianos defiende el proceso a seguir para la reversi\u00f3n del Hospital de D\u00e9nia\" \/>\n<meta name=\"robots\" content=\"index, follow, max-snippet:-1, max-image-preview:large, max-video-preview:-1\" \/>\n<link rel=\"canonical\" href=\"https:\/\/radiolitoral.com\/ca\/2023\/11\/perez-llorca-la-reversio-de-lhospital-de-denia-es-fara-des-de-la-responsabilitat-i-no-des-de-criteris-ideologics\/\" \/>\n<meta property=\"og:locale\" content=\"ca_ES\" \/>\n<meta property=\"og:type\" content=\"article\" \/>\n<meta property=\"og:title\" content=\"P\u00e9rez Llorca &quot;la reversi\u00f3n del Hospital de D\u00e9nia se har\u00e1 desde la responsabilidad y no desde criterios ideol\u00f3gicos&quot; | R\u00e0dio Litoral\" \/>\n<meta property=\"og:description\" content=\"El secretario general de los populares valencianos defiende el proceso a seguir para la reversi\u00f3n del Hospital de D\u00e9nia\" \/>\n<meta property=\"og:url\" content=\"https:\/\/radiolitoral.com\/ca\/2023\/11\/perez-llorca-la-reversio-de-lhospital-de-denia-es-fara-des-de-la-responsabilitat-i-no-des-de-criteris-ideologics\/\" \/>\n<meta property=\"og:site_name\" content=\"R\u00e0dio Litoral\" \/>\n<meta property=\"article:publisher\" content=\"https:\/\/www.facebook.com\/Laradiolitoral\/\" \/>\n<meta property=\"article:published_time\" content=\"2023-11-02T16:09:07+00:00\" \/>\n<meta property=\"article:modified_time\" content=\"2023-11-02T16:32:23+00:00\" \/>\n<meta property=\"og:image\" content=\"https:\/\/media.radiolitoral.com\/wp-content\/uploads\/2023\/11\/02170547\/Perez-LLorca-en-Denia-e1698942730203.jpeg\" \/>\n\t<meta property=\"og:image:width\" content=\"1197\" \/>\n\t<meta property=\"og:image:height\" content=\"1056\" \/>\n\t<meta property=\"og:image:type\" content=\"image\/jpeg\" \/>\n<meta name=\"author\" content=\"Mel Pescuezo\" \/>\n<meta name=\"twitter:card\" content=\"summary_large_image\" \/>\n<meta name=\"twitter:label1\" content=\"Escrit per\" \/>\n\t<meta name=\"twitter:data1\" content=\"Mel Pescuezo\" \/>\n\t<meta name=\"twitter:label2\" content=\"Temps estimat de lectura\" \/>\n\t<meta name=\"twitter:data2\" content=\"1 minut\" \/>\n<script type=\"application\/ld+json\" class=\"yoast-schema-graph\">{\"@context\":\"https:\\\/\\\/schema.org\",\"@graph\":[{\"@type\":\"NewsArticle\",\"@id\":\"https:\\\/\\\/radiolitoral.com\\\/2023\\\/11\\\/perez-llorca-la-reversion-del-hospital-de-denia-se-hara-desde-la-responsabilidad-y-no-desde-criterios-ideologicos\\\/#article\",\"isPartOf\":{\"@id\":\"https:\\\/\\\/radiolitoral.com\\\/2023\\\/11\\\/perez-llorca-la-reversion-del-hospital-de-denia-se-hara-desde-la-responsabilidad-y-no-desde-criterios-ideologicos\\\/\"},\"author\":{\"name\":\"Mel Pescuezo\",\"@id\":\"https:\\\/\\\/radiolitoral.com\\\/#\\\/schema\\\/person\\\/aad4f72efa404f85b68e832d24cac059\"},\"headline\":\"P\u00e9rez Llorca \u00abla reversi\u00f3n del Hospital de D\u00e9nia se har\u00e1 desde la responsabilidad y no desde criterios ideol\u00f3gicos\u00bb\",\"datePublished\":\"2023-11-02T16:09:07+00:00\",\"dateModified\":\"2023-11-02T16:32:23+00:00\",\"mainEntityOfPage\":{\"@id\":\"https:\\\/\\\/radiolitoral.com\\\/2023\\\/11\\\/perez-llorca-la-reversion-del-hospital-de-denia-se-hara-desde-la-responsabilidad-y-no-desde-criterios-ideologicos\\\/\"},\"wordCount\":238,\"commentCount\":0,\"publisher\":{\"@id\":\"https:\\\/\\\/radiolitoral.com\\\/#organization\"},\"image\":{\"@id\":\"https:\\\/\\\/radiolitoral.com\\\/2023\\\/11\\\/perez-llorca-la-reversion-del-hospital-de-denia-se-hara-desde-la-responsabilidad-y-no-desde-criterios-ideologicos\\\/#primaryimage\"},\"thumbnailUrl\":\"https:\\\/\\\/media.radiolitoral.com\\\/wp-content\\\/uploads\\\/2023\\\/11\\\/02170547\\\/Perez-LLorca-en-Denia-e1698942730203.jpeg\",\"articleSection\":[\"Pol\u00edtica\",\"Sanidad\"],\"inLanguage\":\"ca\",\"potentialAction\":[{\"@type\":\"CommentAction\",\"name\":\"Comment\",\"target\":[\"https:\\\/\\\/radiolitoral.com\\\/2023\\\/11\\\/perez-llorca-la-reversion-del-hospital-de-denia-se-hara-desde-la-responsabilidad-y-no-desde-criterios-ideologicos\\\/#respond\"]}]},{\"@type\":[\"WebPage\",\"ItemPage\"],\"@id\":\"https:\\\/\\\/radiolitoral.com\\\/2023\\\/11\\\/perez-llorca-la-reversion-del-hospital-de-denia-se-hara-desde-la-responsabilidad-y-no-desde-criterios-ideologicos\\\/\",\"url\":\"https:\\\/\\\/radiolitoral.com\\\/2023\\\/11\\\/perez-llorca-la-reversion-del-hospital-de-denia-se-hara-desde-la-responsabilidad-y-no-desde-criterios-ideologicos\\\/\",\"name\":\"P\u00e9rez Llorca \\\"la reversi\u00f3n del Hospital de D\u00e9nia se har\u00e1 desde la responsabilidad y no desde criterios ideol\u00f3gicos\\\" | R\u00e0dio Litoral\",\"isPartOf\":{\"@id\":\"https:\\\/\\\/radiolitoral.com\\\/#website\"},\"primaryImageOfPage\":{\"@id\":\"https:\\\/\\\/radiolitoral.com\\\/2023\\\/11\\\/perez-llorca-la-reversion-del-hospital-de-denia-se-hara-desde-la-responsabilidad-y-no-desde-criterios-ideologicos\\\/#primaryimage\"},\"image\":{\"@id\":\"https:\\\/\\\/radiolitoral.com\\\/2023\\\/11\\\/perez-llorca-la-reversion-del-hospital-de-denia-se-hara-desde-la-responsabilidad-y-no-desde-criterios-ideologicos\\\/#primaryimage\"},\"thumbnailUrl\":\"https:\\\/\\\/media.radiolitoral.com\\\/wp-content\\\/uploads\\\/2023\\\/11\\\/02170547\\\/Perez-LLorca-en-Denia-e1698942730203.jpeg\",\"datePublished\":\"2023-11-02T16:09:07+00:00\",\"dateModified\":\"2023-11-02T16:32:23+00:00\",\"description\":\"El secretario general de los populares valencianos defiende el proceso a seguir para la reversi\u00f3n del Hospital de D\u00e9nia\",\"breadcrumb\":{\"@id\":\"https:\\\/\\\/radiolitoral.com\\\/2023\\\/11\\\/perez-llorca-la-reversion-del-hospital-de-denia-se-hara-desde-la-responsabilidad-y-no-desde-criterios-ideologicos\\\/#breadcrumb\"},\"inLanguage\":\"ca\",\"potentialAction\":[{\"@type\":\"ReadAction\",\"target\":[\"https:\\\/\\\/radiolitoral.com\\\/2023\\\/11\\\/perez-llorca-la-reversion-del-hospital-de-denia-se-hara-desde-la-responsabilidad-y-no-desde-criterios-ideologicos\\\/\"]}]},{\"@type\":\"ImageObject\",\"inLanguage\":\"ca\",\"@id\":\"https:\\\/\\\/radiolitoral.com\\\/2023\\\/11\\\/perez-llorca-la-reversion-del-hospital-de-denia-se-hara-desde-la-responsabilidad-y-no-desde-criterios-ideologicos\\\/#primaryimage\",\"url\":\"https:\\\/\\\/media.radiolitoral.com\\\/wp-content\\\/uploads\\\/2023\\\/11\\\/02170547\\\/Perez-LLorca-en-Denia-e1698942730203.jpeg\",\"contentUrl\":\"https:\\\/\\\/media.radiolitoral.com\\\/wp-content\\\/uploads\\\/2023\\\/11\\\/02170547\\\/Perez-LLorca-en-Denia-e1698942730203.jpeg\",\"width\":1197,\"height\":1056},{\"@type\":\"BreadcrumbList\",\"@id\":\"https:\\\/\\\/radiolitoral.com\\\/2023\\\/11\\\/perez-llorca-la-reversion-del-hospital-de-denia-se-hara-desde-la-responsabilidad-y-no-desde-criterios-ideologicos\\\/#breadcrumb\",\"itemListElement\":[{\"@type\":\"ListItem\",\"position\":1,\"name\":\"Portada\",\"item\":\"https:\\\/\\\/radiolitoral.com\\\/\"},{\"@type\":\"ListItem\",\"position\":2,\"name\":\"P\u00e9rez Llorca \u00abla reversi\u00f3n del Hospital de D\u00e9nia se har\u00e1 desde la responsabilidad y no desde criterios ideol\u00f3gicos\u00bb\"}]},{\"@type\":\"WebSite\",\"@id\":\"https:\\\/\\\/radiolitoral.com\\\/#website\",\"url\":\"https:\\\/\\\/radiolitoral.com\\\/\",\"name\":\"Radio Litoral\",\"description\":\"La radio local de la Marina Alta\",\"publisher\":{\"@id\":\"https:\\\/\\\/radiolitoral.com\\\/#organization\"},\"alternateName\":\"Litoral FM\",\"potentialAction\":[{\"@type\":\"SearchAction\",\"target\":{\"@type\":\"EntryPoint\",\"urlTemplate\":\"https:\\\/\\\/radiolitoral.com\\\/?s={search_term_string}\"},\"query-input\":{\"@type\":\"PropertyValueSpecification\",\"valueRequired\":true,\"valueName\":\"search_term_string\"}}],\"inLanguage\":\"ca\"},{\"@type\":\"Organization\",\"@id\":\"https:\\\/\\\/radiolitoral.com\\\/#organization\",\"name\":\"Radio Litoral\",\"url\":\"https:\\\/\\\/radiolitoral.com\\\/\",\"logo\":{\"@type\":\"ImageObject\",\"inLanguage\":\"ca\",\"@id\":\"https:\\\/\\\/radiolitoral.com\\\/#\\\/schema\\\/logo\\\/image\\\/\",\"url\":\"https:\\\/\\\/media.radiolitoral.com\\\/wp-content\\\/uploads\\\/2023\\\/02\\\/24143238\\\/CL-V-RadioLitoral696.png\",\"contentUrl\":\"https:\\\/\\\/media.radiolitoral.com\\\/wp-content\\\/uploads\\\/2023\\\/02\\\/24143238\\\/CL-V-RadioLitoral696.png\",\"width\":696,\"height\":696,\"caption\":\"Radio Litoral\"},\"image\":{\"@id\":\"https:\\\/\\\/radiolitoral.com\\\/#\\\/schema\\\/logo\\\/image\\\/\"},\"sameAs\":[\"https:\\\/\\\/www.facebook.com\\\/Laradiolitoral\\\/\"]},{\"@type\":\"Person\",\"@id\":\"https:\\\/\\\/radiolitoral.com\\\/#\\\/schema\\\/person\\\/aad4f72efa404f85b68e832d24cac059\",\"name\":\"Mel Pescuezo\",\"image\":{\"@type\":\"ImageObject\",\"inLanguage\":\"ca\",\"@id\":\"https:\\\/\\\/secure.gravatar.com\\\/avatar\\\/993975ae489c70cb0dd9bfa9413a082f0bd276582dac13661af7b33f161e7eea?s=96&d=mm&r=g\",\"url\":\"https:\\\/\\\/secure.gravatar.com\\\/avatar\\\/993975ae489c70cb0dd9bfa9413a082f0bd276582dac13661af7b33f161e7eea?s=96&d=mm&r=g\",\"contentUrl\":\"https:\\\/\\\/secure.gravatar.com\\\/avatar\\\/993975ae489c70cb0dd9bfa9413a082f0bd276582dac13661af7b33f161e7eea?s=96&d=mm&r=g\",\"caption\":\"Mel Pescuezo\"},\"url\":\"https:\\\/\\\/radiolitoral.com\\\/ca\\\/author\\\/serviciospararadios\\\/\"}]}<\/script>\n<!-- \/ Yoast SEO plugin. -->","yoast_head_json":{"title":"P\u00e9rez Llorca &quot;la reversi\u00f3 de l&#039;Hospital de D\u00e9nia es far\u00e0 des de la responsabilitat i no pas des de criteris ideol\u00f2gics&quot; | R\u00e0dio Litoral","description":"El secretari general dels populars valencians defensa el proc\u00e9s que cal seguir per a la reversi\u00f3 de l&#039;Hospital de D\u00e9nia","robots":{"index":"index","follow":"follow","max-snippet":"max-snippet:-1","max-image-preview":"max-image-preview:large","max-video-preview":"max-video-preview:-1"},"canonical":"https:\/\/radiolitoral.com\/ca\/2023\/11\/perez-llorca-la-reversio-de-lhospital-de-denia-es-fara-des-de-la-responsabilitat-i-no-des-de-criteris-ideologics\/","og_locale":"ca_ES","og_type":"article","og_title":"P\u00e9rez Llorca \"la reversi\u00f3n del Hospital de D\u00e9nia se har\u00e1 desde la responsabilidad y no desde criterios ideol\u00f3gicos\" | R\u00e0dio Litoral","og_description":"El secretario general de los populares valencianos defiende el proceso a seguir para la reversi\u00f3n del Hospital de D\u00e9nia","og_url":"https:\/\/radiolitoral.com\/ca\/2023\/11\/perez-llorca-la-reversio-de-lhospital-de-denia-es-fara-des-de-la-responsabilitat-i-no-des-de-criteris-ideologics\/","og_site_name":"R\u00e0dio Litoral","article_publisher":"https:\/\/www.facebook.com\/Laradiolitoral\/","article_published_time":"2023-11-02T16:09:07+00:00","article_modified_time":"2023-11-02T16:32:23+00:00","og_image":[{"width":1197,"height":1056,"url":"https:\/\/media.radiolitoral.com\/wp-content\/uploads\/2023\/11\/02170547\/Perez-LLorca-en-Denia-e1698942730203.jpeg","type":"image\/jpeg"}],"author":"Mel Pescuezo","twitter_card":"summary_large_image","twitter_misc":{"Escrit per":"Mel Pescuezo","Temps estimat de lectura":"1 minut"},"schema":{"@context":"https:\/\/schema.org","@graph":[{"@type":"NewsArticle","@id":"https:\/\/radiolitoral.com\/2023\/11\/perez-llorca-la-reversion-del-hospital-de-denia-se-hara-desde-la-responsabilidad-y-no-desde-criterios-ideologicos\/#article","isPartOf":{"@id":"https:\/\/radiolitoral.com\/2023\/11\/perez-llorca-la-reversion-del-hospital-de-denia-se-hara-desde-la-responsabilidad-y-no-desde-criterios-ideologicos\/"},"author":{"name":"Mel Pescuezo","@id":"https:\/\/radiolitoral.com\/#\/schema\/person\/aad4f72efa404f85b68e832d24cac059"},"headline":"P\u00e9rez Llorca \u00abla reversi\u00f3n del Hospital de D\u00e9nia se har\u00e1 desde la responsabilidad y no desde criterios ideol\u00f3gicos\u00bb","datePublished":"2023-11-02T16:09:07+00:00","dateModified":"2023-11-02T16:32:23+00:00","mainEntityOfPage":{"@id":"https:\/\/radiolitoral.com\/2023\/11\/perez-llorca-la-reversion-del-hospital-de-denia-se-hara-desde-la-responsabilidad-y-no-desde-criterios-ideologicos\/"},"wordCount":238,"commentCount":0,"publisher":{"@id":"https:\/\/radiolitoral.com\/#organization"},"image":{"@id":"https:\/\/radiolitoral.com\/2023\/11\/perez-llorca-la-reversion-del-hospital-de-denia-se-hara-desde-la-responsabilidad-y-no-desde-criterios-ideologicos\/#primaryimage"},"thumbnailUrl":"https:\/\/media.radiolitoral.com\/wp-content\/uploads\/2023\/11\/02170547\/Perez-LLorca-en-Denia-e1698942730203.jpeg","articleSection":["Pol\u00edtica","Sanidad"],"inLanguage":"ca","potentialAction":[{"@type":"CommentAction","name":"Comment","target":["https:\/\/radiolitoral.com\/2023\/11\/perez-llorca-la-reversion-del-hospital-de-denia-se-hara-desde-la-responsabilidad-y-no-desde-criterios-ideologicos\/#respond"]}]},{"@type":["WebPage","ItemPage"],"@id":"https:\/\/radiolitoral.com\/2023\/11\/perez-llorca-la-reversion-del-hospital-de-denia-se-hara-desde-la-responsabilidad-y-no-desde-criterios-ideologicos\/","url":"https:\/\/radiolitoral.com\/2023\/11\/perez-llorca-la-reversion-del-hospital-de-denia-se-hara-desde-la-responsabilidad-y-no-desde-criterios-ideologicos\/","name":"P\u00e9rez Llorca &quot;la reversi\u00f3 de l&#039;Hospital de D\u00e9nia es far\u00e0 des de la responsabilitat i no pas des de criteris ideol\u00f2gics&quot; | R\u00e0dio Litoral","isPartOf":{"@id":"https:\/\/radiolitoral.com\/#website"},"primaryImageOfPage":{"@id":"https:\/\/radiolitoral.com\/2023\/11\/perez-llorca-la-reversion-del-hospital-de-denia-se-hara-desde-la-responsabilidad-y-no-desde-criterios-ideologicos\/#primaryimage"},"image":{"@id":"https:\/\/radiolitoral.com\/2023\/11\/perez-llorca-la-reversion-del-hospital-de-denia-se-hara-desde-la-responsabilidad-y-no-desde-criterios-ideologicos\/#primaryimage"},"thumbnailUrl":"https:\/\/media.radiolitoral.com\/wp-content\/uploads\/2023\/11\/02170547\/Perez-LLorca-en-Denia-e1698942730203.jpeg","datePublished":"2023-11-02T16:09:07+00:00","dateModified":"2023-11-02T16:32:23+00:00","description":"El secretari general dels populars valencians defensa el proc\u00e9s que cal seguir per a la reversi\u00f3 de l&#039;Hospital de D\u00e9nia","breadcrumb":{"@id":"https:\/\/radiolitoral.com\/2023\/11\/perez-llorca-la-reversion-del-hospital-de-denia-se-hara-desde-la-responsabilidad-y-no-desde-criterios-ideologicos\/#breadcrumb"},"inLanguage":"ca","potentialAction":[{"@type":"ReadAction","target":["https:\/\/radiolitoral.com\/2023\/11\/perez-llorca-la-reversion-del-hospital-de-denia-se-hara-desde-la-responsabilidad-y-no-desde-criterios-ideologicos\/"]}]},{"@type":"ImageObject","inLanguage":"ca","@id":"https:\/\/radiolitoral.com\/2023\/11\/perez-llorca-la-reversion-del-hospital-de-denia-se-hara-desde-la-responsabilidad-y-no-desde-criterios-ideologicos\/#primaryimage","url":"https:\/\/media.radiolitoral.com\/wp-content\/uploads\/2023\/11\/02170547\/Perez-LLorca-en-Denia-e1698942730203.jpeg","contentUrl":"https:\/\/media.radiolitoral.com\/wp-content\/uploads\/2023\/11\/02170547\/Perez-LLorca-en-Denia-e1698942730203.jpeg","width":1197,"height":1056},{"@type":"BreadcrumbList","@id":"https:\/\/radiolitoral.com\/2023\/11\/perez-llorca-la-reversion-del-hospital-de-denia-se-hara-desde-la-responsabilidad-y-no-desde-criterios-ideologicos\/#breadcrumb","itemListElement":[{"@type":"ListItem","position":1,"name":"Portada","item":"https:\/\/radiolitoral.com\/"},{"@type":"ListItem","position":2,"name":"P\u00e9rez Llorca \u00abla reversi\u00f3n del Hospital de D\u00e9nia se har\u00e1 desde la responsabilidad y no desde criterios ideol\u00f3gicos\u00bb"}]},{"@type":"WebSite","@id":"https:\/\/radiolitoral.com\/#website","url":"https:\/\/radiolitoral.com\/","name":"R\u00e0dio Litoral","description":"La r\u00e0dio local de la Marina Alta","publisher":{"@id":"https:\/\/radiolitoral.com\/#organization"},"alternateName":"Litoral FM","potentialAction":[{"@type":"SearchAction","target":{"@type":"EntryPoint","urlTemplate":"https:\/\/radiolitoral.com\/?s={search_term_string}"},"query-input":{"@type":"PropertyValueSpecification","valueRequired":true,"valueName":"search_term_string"}}],"inLanguage":"ca"},{"@type":"Organization","@id":"https:\/\/radiolitoral.com\/#organization","name":"R\u00e0dio Litoral","url":"https:\/\/radiolitoral.com\/","logo":{"@type":"ImageObject","inLanguage":"ca","@id":"https:\/\/radiolitoral.com\/#\/schema\/logo\/image\/","url":"https:\/\/media.radiolitoral.com\/wp-content\/uploads\/2023\/02\/24143238\/CL-V-RadioLitoral696.png","contentUrl":"https:\/\/media.radiolitoral.com\/wp-content\/uploads\/2023\/02\/24143238\/CL-V-RadioLitoral696.png","width":696,"height":696,"caption":"Radio Litoral"},"image":{"@id":"https:\/\/radiolitoral.com\/#\/schema\/logo\/image\/"},"sameAs":["https:\/\/www.facebook.com\/Laradiolitoral\/"]},{"@type":"Person","@id":"https:\/\/radiolitoral.com\/#\/schema\/person\/aad4f72efa404f85b68e832d24cac059","name":"Mel Pescuezo","image":{"@type":"ImageObject","inLanguage":"ca","@id":"https:\/\/secure.gravatar.com\/avatar\/993975ae489c70cb0dd9bfa9413a082f0bd276582dac13661af7b33f161e7eea?s=96&d=mm&r=g","url":"https:\/\/secure.gravatar.com\/avatar\/993975ae489c70cb0dd9bfa9413a082f0bd276582dac13661af7b33f161e7eea?s=96&d=mm&r=g","contentUrl":"https:\/\/secure.gravatar.com\/avatar\/993975ae489c70cb0dd9bfa9413a082f0bd276582dac13661af7b33f161e7eea?s=96&d=mm&r=g","caption":"Mel Pescuezo"},"url":"https:\/\/radiolitoral.com\/ca\/author\/serviciospararadios\/"}]}},"_links":{"self":[{"href":"https:\/\/radiolitoral.com\/ca\/wp-json\/wp\/v2\/posts\/5341","targetHints":{"allow":["GET"]}}],"collection":[{"href":"https:\/\/radiolitoral.com\/ca\/wp-json\/wp\/v2\/posts"}],"about":[{"href":"https:\/\/radiolitoral.com\/ca\/wp-json\/wp\/v2\/types\/post"}],"author":[{"embeddable":true,"href":"https:\/\/radiolitoral.com\/ca\/wp-json\/wp\/v2\/users\/21"}],"replies":[{"embeddable":true,"href":"https:\/\/radiolitoral.com\/ca\/wp-json\/wp\/v2\/comments?post=5341"}],"version-history":[{"count":3,"href":"https:\/\/radiolitoral.com\/ca\/wp-json\/wp\/v2\/posts\/5341\/revisions"}],"predecessor-version":[{"id":5345,"href":"https:\/\/radiolitoral.com\/ca\/wp-json\/wp\/v2\/posts\/5341\/revisions\/5345"}],"wp:featuredmedia":[{"embeddable":true,"href":"https:\/\/radiolitoral.com\/ca\/wp-json\/wp\/v2\/media\/5343"}],"wp:attachment":[{"href":"https:\/\/radiolitoral.com\/ca\/wp-json\/wp\/v2\/media?parent=5341"}],"wp:term":[{"taxonomy":"category","embeddable":true,"href":"https:\/\/radiolitoral.com\/ca\/wp-json\/wp\/v2\/categories?post=5341"},{"taxonomy":"post_tag","embeddable":true,"href":"https:\/\/radiolitoral.com\/ca\/wp-json\/wp\/v2\/tags?post=5341"}],"curies":[{"name":"wp","href":"https:\/\/api.w.org\/{rel}","templated":true}]}}