{"id":5296,"date":"2023-09-27T20:32:09","date_gmt":"2023-09-27T18:32:09","guid":{"rendered":"https:\/\/radiolitoral.com\/?p=5296"},"modified":"2023-09-27T20:41:28","modified_gmt":"2023-09-27T18:41:28","slug":"benitatxell-fa-una-crida-a-la-participacio-del-forum-jove","status":"publish","type":"post","link":"https:\/\/radiolitoral.com\/ca\/2023\/09\/benitatxell-hace-una-llamada-a-la-participacion-del-foro-joven\/","title":{"rendered":"Benitatxell fa una crida a la participaci\u00f3 del F\u00f2rum Jove"},"content":{"rendered":"<p>D&#039;un temps en\u00e7\u00e0, els responsables pol\u00edtics s&#039;han adonat de la necessitat de facilitar als joves la possibilitat que expressin la seva opini\u00f3 i aportin les seves propostes. En aquest cam\u00ed hi ha el Poble Nou de Benitatxell, on l&#039;Ajuntament ha organitzat el primer F\u00f2rum Jove, amb tarda inclosa, per posar a debat les necessitats de la joventut del municipi.<\/p>\n<p>La cita \u00e9s aquest divendres, 29 de setembre. Un punt de trobada en qu\u00e8 els ve\u00efns amb menor edat podran expressar les seves inquietuds i necessitats, per obrir un debat del que interessa a la joventut del municipi.<\/p>\n<p>Aquest \u00e9s el primer F\u00f2rum Jove, promogut des de la regidoria de Joventut, que permetr\u00e0 generar un debat enriquidor i obrir la possibilitat destudiar tots els assumptes sorgits.<\/p>\n<p>El f\u00f2rum, adre\u00e7at a joves d&#039;entre 18 i 30 anys, tindr\u00e0 lloc a les 18.30 ha la pla\u00e7a del Mercat. Despr\u00e9s del col\u00b7loqui, la jornada continuar\u00e0 amb una tarda. Hi haur\u00e0 m\u00fasica a c\u00e0rrec del duet musical Oxigen i un aperitiu per a les persones assistents.<\/p>\n<p>Mayte Rold\u00e0n \u00e9s la regidora de joventut:<\/p>\n<audio class=\"wp-audio-shortcode\" id=\"audio-5296-1\" preload=\"none\" style=\"width: 100%;\" controls=\"controls\"><source type=\"audio\/mpeg\" src=\"https:\/\/media.radiolitoral.com\/wp-content\/uploads\/2023\/09\/27202856\/Mayte-Roldan-1.mp3?_=1\" \/><a href=\"https:\/\/media.radiolitoral.com\/wp-content\/uploads\/2023\/09\/27202856\/Mayte-Roldan-1.mp3\">https:\/\/media.radiolitoral.com\/wp-content\/uploads\/2023\/09\/27202856\/Mayte-Roldan-1.mp3<\/a><\/audio>\n<p>&nbsp;<\/p>\n<p>&nbsp;<\/p>\n<p>Tall<\/p>","protected":false},"excerpt":{"rendered":"<p>De un tiempo a esta parte, los responsables pol\u00edticos se han dado cuenta de la necesidad de facilitar a los j\u00f3venes la posibilidad de que expresen su opini\u00f3n y aporten sus propuestas. En este camino est\u00e1 El Poble Nou de Benitatxell, donde el Ayuntamiento ha organizado el primer Foro Joven, con tardeo incluido, para poner [&#8230;]<\/p>\n<p><a class=\"btn btn-secondary understrap-read-more-link\" href=\"https:\/\/radiolitoral.com\/ca\/2023\/09\/benitatxell-hace-una-llamada-a-la-participacion-del-foro-joven\/\">Continua llegint&#8230;<span class=\"screen-reader-text\"> from Benitatxell hace una llamada a la participaci\u00f3n del Foro Joven<\/span><\/a><\/p>\n","protected":false},"author":21,"featured_media":2001,"comment_status":"open","ping_status":"closed","sticky":false,"template":"","format":"standard","meta":{"_acf_changed":false,"inline_featured_image":false,"footnotes":""},"categories":[46],"tags":[184,842],"class_list":["post-5296","post","type-post","status-publish","format-standard","has-post-thumbnail","hentry","category-sociedad","tag-benitatxell","tag-foro-joven","cobertura-poble-nou-de-benitatxell"],"acf":[],"yoast_head":"<!-- This site is optimized with the Yoast SEO plugin v27.5 - https:\/\/yoast.com\/product\/yoast-seo-wordpress\/ -->\n<title>Benitatxell hace una llamada a la participaci\u00f3n del Foro Joven | R\u00e0dio Litoral<\/title>\n<meta name=\"robots\" content=\"index, follow, max-snippet:-1, max-image-preview:large, max-video-preview:-1\" \/>\n<link rel=\"canonical\" href=\"https:\/\/radiolitoral.com\/ca\/2023\/09\/benitatxell-fa-una-crida-a-la-participacio-del-forum-jove\/\" \/>\n<meta property=\"og:locale\" content=\"ca_ES\" \/>\n<meta property=\"og:type\" content=\"article\" \/>\n<meta property=\"og:title\" content=\"Benitatxell hace una llamada a la participaci\u00f3n del Foro Joven | R\u00e0dio Litoral\" \/>\n<meta property=\"og:url\" content=\"https:\/\/radiolitoral.com\/ca\/2023\/09\/benitatxell-fa-una-crida-a-la-participacio-del-forum-jove\/\" \/>\n<meta property=\"og:site_name\" content=\"R\u00e0dio Litoral\" \/>\n<meta property=\"article:publisher\" content=\"https:\/\/www.facebook.com\/Laradiolitoral\/\" \/>\n<meta property=\"article:published_time\" content=\"2023-09-27T18:32:09+00:00\" \/>\n<meta property=\"article:modified_time\" content=\"2023-09-27T18:41:28+00:00\" \/>\n<meta property=\"og:image\" content=\"https:\/\/media.radiolitoral.com\/wp-content\/uploads\/2023\/04\/05155151\/El_Poble_Nou-scaled.jpg\" \/>\n\t<meta property=\"og:image:width\" content=\"2560\" \/>\n\t<meta property=\"og:image:height\" content=\"1661\" \/>\n\t<meta property=\"og:image:type\" content=\"image\/jpeg\" \/>\n<meta name=\"author\" content=\"Mel Pescuezo\" \/>\n<meta name=\"twitter:card\" content=\"summary_large_image\" \/>\n<meta name=\"twitter:label1\" content=\"Escrit per\" \/>\n\t<meta name=\"twitter:data1\" content=\"Mel Pescuezo\" \/>\n\t<meta name=\"twitter:label2\" content=\"Temps estimat de lectura\" \/>\n\t<meta name=\"twitter:data2\" content=\"1 minut\" \/>\n<script type=\"application\/ld+json\" class=\"yoast-schema-graph\">{\"@context\":\"https:\\\/\\\/schema.org\",\"@graph\":[{\"@type\":\"NewsArticle\",\"@id\":\"https:\\\/\\\/radiolitoral.com\\\/2023\\\/09\\\/benitatxell-hace-una-llamada-a-la-participacion-del-foro-joven\\\/#article\",\"isPartOf\":{\"@id\":\"https:\\\/\\\/radiolitoral.com\\\/2023\\\/09\\\/benitatxell-hace-una-llamada-a-la-participacion-del-foro-joven\\\/\"},\"author\":{\"name\":\"Mel Pescuezo\",\"@id\":\"https:\\\/\\\/radiolitoral.com\\\/#\\\/schema\\\/person\\\/aad4f72efa404f85b68e832d24cac059\"},\"headline\":\"Benitatxell hace una llamada a la participaci\u00f3n del Foro Joven\",\"datePublished\":\"2023-09-27T18:32:09+00:00\",\"dateModified\":\"2023-09-27T18:41:28+00:00\",\"mainEntityOfPage\":{\"@id\":\"https:\\\/\\\/radiolitoral.com\\\/2023\\\/09\\\/benitatxell-hace-una-llamada-a-la-participacion-del-foro-joven\\\/\"},\"wordCount\":215,\"commentCount\":0,\"publisher\":{\"@id\":\"https:\\\/\\\/radiolitoral.com\\\/#organization\"},\"image\":{\"@id\":\"https:\\\/\\\/radiolitoral.com\\\/2023\\\/09\\\/benitatxell-hace-una-llamada-a-la-participacion-del-foro-joven\\\/#primaryimage\"},\"thumbnailUrl\":\"https:\\\/\\\/media.radiolitoral.com\\\/wp-content\\\/uploads\\\/2023\\\/04\\\/05155151\\\/El_Poble_Nou-scaled.jpg\",\"keywords\":[\"Benitatxell\",\"foro joven\"],\"articleSection\":[\"Sociedad\"],\"inLanguage\":\"ca\",\"potentialAction\":[{\"@type\":\"CommentAction\",\"name\":\"Comment\",\"target\":[\"https:\\\/\\\/radiolitoral.com\\\/2023\\\/09\\\/benitatxell-hace-una-llamada-a-la-participacion-del-foro-joven\\\/#respond\"]}]},{\"@type\":[\"WebPage\",\"ItemPage\"],\"@id\":\"https:\\\/\\\/radiolitoral.com\\\/2023\\\/09\\\/benitatxell-hace-una-llamada-a-la-participacion-del-foro-joven\\\/\",\"url\":\"https:\\\/\\\/radiolitoral.com\\\/2023\\\/09\\\/benitatxell-hace-una-llamada-a-la-participacion-del-foro-joven\\\/\",\"name\":\"Benitatxell hace una llamada a la participaci\u00f3n del Foro Joven | R\u00e0dio Litoral\",\"isPartOf\":{\"@id\":\"https:\\\/\\\/radiolitoral.com\\\/#website\"},\"primaryImageOfPage\":{\"@id\":\"https:\\\/\\\/radiolitoral.com\\\/2023\\\/09\\\/benitatxell-hace-una-llamada-a-la-participacion-del-foro-joven\\\/#primaryimage\"},\"image\":{\"@id\":\"https:\\\/\\\/radiolitoral.com\\\/2023\\\/09\\\/benitatxell-hace-una-llamada-a-la-participacion-del-foro-joven\\\/#primaryimage\"},\"thumbnailUrl\":\"https:\\\/\\\/media.radiolitoral.com\\\/wp-content\\\/uploads\\\/2023\\\/04\\\/05155151\\\/El_Poble_Nou-scaled.jpg\",\"datePublished\":\"2023-09-27T18:32:09+00:00\",\"dateModified\":\"2023-09-27T18:41:28+00:00\",\"breadcrumb\":{\"@id\":\"https:\\\/\\\/radiolitoral.com\\\/2023\\\/09\\\/benitatxell-hace-una-llamada-a-la-participacion-del-foro-joven\\\/#breadcrumb\"},\"inLanguage\":\"ca\",\"potentialAction\":[{\"@type\":\"ReadAction\",\"target\":[\"https:\\\/\\\/radiolitoral.com\\\/2023\\\/09\\\/benitatxell-hace-una-llamada-a-la-participacion-del-foro-joven\\\/\"]}]},{\"@type\":\"ImageObject\",\"inLanguage\":\"ca\",\"@id\":\"https:\\\/\\\/radiolitoral.com\\\/2023\\\/09\\\/benitatxell-hace-una-llamada-a-la-participacion-del-foro-joven\\\/#primaryimage\",\"url\":\"https:\\\/\\\/media.radiolitoral.com\\\/wp-content\\\/uploads\\\/2023\\\/04\\\/05155151\\\/El_Poble_Nou-scaled.jpg\",\"contentUrl\":\"https:\\\/\\\/media.radiolitoral.com\\\/wp-content\\\/uploads\\\/2023\\\/04\\\/05155151\\\/El_Poble_Nou-scaled.jpg\",\"width\":2560,\"height\":1661},{\"@type\":\"BreadcrumbList\",\"@id\":\"https:\\\/\\\/radiolitoral.com\\\/2023\\\/09\\\/benitatxell-hace-una-llamada-a-la-participacion-del-foro-joven\\\/#breadcrumb\",\"itemListElement\":[{\"@type\":\"ListItem\",\"position\":1,\"name\":\"Portada\",\"item\":\"https:\\\/\\\/radiolitoral.com\\\/\"},{\"@type\":\"ListItem\",\"position\":2,\"name\":\"Benitatxell hace una llamada a la participaci\u00f3n del Foro Joven\"}]},{\"@type\":\"WebSite\",\"@id\":\"https:\\\/\\\/radiolitoral.com\\\/#website\",\"url\":\"https:\\\/\\\/radiolitoral.com\\\/\",\"name\":\"Radio Litoral\",\"description\":\"La radio local de la Marina Alta\",\"publisher\":{\"@id\":\"https:\\\/\\\/radiolitoral.com\\\/#organization\"},\"alternateName\":\"Litoral FM\",\"potentialAction\":[{\"@type\":\"SearchAction\",\"target\":{\"@type\":\"EntryPoint\",\"urlTemplate\":\"https:\\\/\\\/radiolitoral.com\\\/?s={search_term_string}\"},\"query-input\":{\"@type\":\"PropertyValueSpecification\",\"valueRequired\":true,\"valueName\":\"search_term_string\"}}],\"inLanguage\":\"ca\"},{\"@type\":\"Organization\",\"@id\":\"https:\\\/\\\/radiolitoral.com\\\/#organization\",\"name\":\"Radio Litoral\",\"url\":\"https:\\\/\\\/radiolitoral.com\\\/\",\"logo\":{\"@type\":\"ImageObject\",\"inLanguage\":\"ca\",\"@id\":\"https:\\\/\\\/radiolitoral.com\\\/#\\\/schema\\\/logo\\\/image\\\/\",\"url\":\"https:\\\/\\\/media.radiolitoral.com\\\/wp-content\\\/uploads\\\/2023\\\/02\\\/24143238\\\/CL-V-RadioLitoral696.png\",\"contentUrl\":\"https:\\\/\\\/media.radiolitoral.com\\\/wp-content\\\/uploads\\\/2023\\\/02\\\/24143238\\\/CL-V-RadioLitoral696.png\",\"width\":696,\"height\":696,\"caption\":\"Radio Litoral\"},\"image\":{\"@id\":\"https:\\\/\\\/radiolitoral.com\\\/#\\\/schema\\\/logo\\\/image\\\/\"},\"sameAs\":[\"https:\\\/\\\/www.facebook.com\\\/Laradiolitoral\\\/\"]},{\"@type\":\"Person\",\"@id\":\"https:\\\/\\\/radiolitoral.com\\\/#\\\/schema\\\/person\\\/aad4f72efa404f85b68e832d24cac059\",\"name\":\"Mel Pescuezo\",\"image\":{\"@type\":\"ImageObject\",\"inLanguage\":\"ca\",\"@id\":\"https:\\\/\\\/secure.gravatar.com\\\/avatar\\\/993975ae489c70cb0dd9bfa9413a082f0bd276582dac13661af7b33f161e7eea?s=96&d=mm&r=g\",\"url\":\"https:\\\/\\\/secure.gravatar.com\\\/avatar\\\/993975ae489c70cb0dd9bfa9413a082f0bd276582dac13661af7b33f161e7eea?s=96&d=mm&r=g\",\"contentUrl\":\"https:\\\/\\\/secure.gravatar.com\\\/avatar\\\/993975ae489c70cb0dd9bfa9413a082f0bd276582dac13661af7b33f161e7eea?s=96&d=mm&r=g\",\"caption\":\"Mel Pescuezo\"},\"url\":\"https:\\\/\\\/radiolitoral.com\\\/ca\\\/author\\\/serviciospararadios\\\/\"}]}<\/script>\n<!-- \/ Yoast SEO plugin. -->","yoast_head_json":{"title":"Benitatxell fa una crida a la participaci\u00f3 del F\u00f2rum Jove | R\u00e0dio Litoral","robots":{"index":"index","follow":"follow","max-snippet":"max-snippet:-1","max-image-preview":"max-image-preview:large","max-video-preview":"max-video-preview:-1"},"canonical":"https:\/\/radiolitoral.com\/ca\/2023\/09\/benitatxell-fa-una-crida-a-la-participacio-del-forum-jove\/","og_locale":"ca_ES","og_type":"article","og_title":"Benitatxell hace una llamada a la participaci\u00f3n del Foro Joven | R\u00e0dio Litoral","og_url":"https:\/\/radiolitoral.com\/ca\/2023\/09\/benitatxell-fa-una-crida-a-la-participacio-del-forum-jove\/","og_site_name":"R\u00e0dio Litoral","article_publisher":"https:\/\/www.facebook.com\/Laradiolitoral\/","article_published_time":"2023-09-27T18:32:09+00:00","article_modified_time":"2023-09-27T18:41:28+00:00","og_image":[{"width":2560,"height":1661,"url":"https:\/\/media.radiolitoral.com\/wp-content\/uploads\/2023\/04\/05155151\/El_Poble_Nou-scaled.jpg","type":"image\/jpeg"}],"author":"Mel Pescuezo","twitter_card":"summary_large_image","twitter_misc":{"Escrit per":"Mel Pescuezo","Temps estimat de lectura":"1 minut"},"schema":{"@context":"https:\/\/schema.org","@graph":[{"@type":"NewsArticle","@id":"https:\/\/radiolitoral.com\/2023\/09\/benitatxell-hace-una-llamada-a-la-participacion-del-foro-joven\/#article","isPartOf":{"@id":"https:\/\/radiolitoral.com\/2023\/09\/benitatxell-hace-una-llamada-a-la-participacion-del-foro-joven\/"},"author":{"name":"Mel Pescuezo","@id":"https:\/\/radiolitoral.com\/#\/schema\/person\/aad4f72efa404f85b68e832d24cac059"},"headline":"Benitatxell hace una llamada a la participaci\u00f3n del Foro Joven","datePublished":"2023-09-27T18:32:09+00:00","dateModified":"2023-09-27T18:41:28+00:00","mainEntityOfPage":{"@id":"https:\/\/radiolitoral.com\/2023\/09\/benitatxell-hace-una-llamada-a-la-participacion-del-foro-joven\/"},"wordCount":215,"commentCount":0,"publisher":{"@id":"https:\/\/radiolitoral.com\/#organization"},"image":{"@id":"https:\/\/radiolitoral.com\/2023\/09\/benitatxell-hace-una-llamada-a-la-participacion-del-foro-joven\/#primaryimage"},"thumbnailUrl":"https:\/\/media.radiolitoral.com\/wp-content\/uploads\/2023\/04\/05155151\/El_Poble_Nou-scaled.jpg","keywords":["Benitatxell","foro joven"],"articleSection":["Sociedad"],"inLanguage":"ca","potentialAction":[{"@type":"CommentAction","name":"Comment","target":["https:\/\/radiolitoral.com\/2023\/09\/benitatxell-hace-una-llamada-a-la-participacion-del-foro-joven\/#respond"]}]},{"@type":["WebPage","ItemPage"],"@id":"https:\/\/radiolitoral.com\/2023\/09\/benitatxell-hace-una-llamada-a-la-participacion-del-foro-joven\/","url":"https:\/\/radiolitoral.com\/2023\/09\/benitatxell-hace-una-llamada-a-la-participacion-del-foro-joven\/","name":"Benitatxell fa una crida a la participaci\u00f3 del F\u00f2rum Jove | R\u00e0dio Litoral","isPartOf":{"@id":"https:\/\/radiolitoral.com\/#website"},"primaryImageOfPage":{"@id":"https:\/\/radiolitoral.com\/2023\/09\/benitatxell-hace-una-llamada-a-la-participacion-del-foro-joven\/#primaryimage"},"image":{"@id":"https:\/\/radiolitoral.com\/2023\/09\/benitatxell-hace-una-llamada-a-la-participacion-del-foro-joven\/#primaryimage"},"thumbnailUrl":"https:\/\/media.radiolitoral.com\/wp-content\/uploads\/2023\/04\/05155151\/El_Poble_Nou-scaled.jpg","datePublished":"2023-09-27T18:32:09+00:00","dateModified":"2023-09-27T18:41:28+00:00","breadcrumb":{"@id":"https:\/\/radiolitoral.com\/2023\/09\/benitatxell-hace-una-llamada-a-la-participacion-del-foro-joven\/#breadcrumb"},"inLanguage":"ca","potentialAction":[{"@type":"ReadAction","target":["https:\/\/radiolitoral.com\/2023\/09\/benitatxell-hace-una-llamada-a-la-participacion-del-foro-joven\/"]}]},{"@type":"ImageObject","inLanguage":"ca","@id":"https:\/\/radiolitoral.com\/2023\/09\/benitatxell-hace-una-llamada-a-la-participacion-del-foro-joven\/#primaryimage","url":"https:\/\/media.radiolitoral.com\/wp-content\/uploads\/2023\/04\/05155151\/El_Poble_Nou-scaled.jpg","contentUrl":"https:\/\/media.radiolitoral.com\/wp-content\/uploads\/2023\/04\/05155151\/El_Poble_Nou-scaled.jpg","width":2560,"height":1661},{"@type":"BreadcrumbList","@id":"https:\/\/radiolitoral.com\/2023\/09\/benitatxell-hace-una-llamada-a-la-participacion-del-foro-joven\/#breadcrumb","itemListElement":[{"@type":"ListItem","position":1,"name":"Portada","item":"https:\/\/radiolitoral.com\/"},{"@type":"ListItem","position":2,"name":"Benitatxell hace una llamada a la participaci\u00f3n del Foro Joven"}]},{"@type":"WebSite","@id":"https:\/\/radiolitoral.com\/#website","url":"https:\/\/radiolitoral.com\/","name":"R\u00e0dio Litoral","description":"La r\u00e0dio local de la Marina Alta","publisher":{"@id":"https:\/\/radiolitoral.com\/#organization"},"alternateName":"Litoral FM","potentialAction":[{"@type":"SearchAction","target":{"@type":"EntryPoint","urlTemplate":"https:\/\/radiolitoral.com\/?s={search_term_string}"},"query-input":{"@type":"PropertyValueSpecification","valueRequired":true,"valueName":"search_term_string"}}],"inLanguage":"ca"},{"@type":"Organization","@id":"https:\/\/radiolitoral.com\/#organization","name":"R\u00e0dio Litoral","url":"https:\/\/radiolitoral.com\/","logo":{"@type":"ImageObject","inLanguage":"ca","@id":"https:\/\/radiolitoral.com\/#\/schema\/logo\/image\/","url":"https:\/\/media.radiolitoral.com\/wp-content\/uploads\/2023\/02\/24143238\/CL-V-RadioLitoral696.png","contentUrl":"https:\/\/media.radiolitoral.com\/wp-content\/uploads\/2023\/02\/24143238\/CL-V-RadioLitoral696.png","width":696,"height":696,"caption":"Radio Litoral"},"image":{"@id":"https:\/\/radiolitoral.com\/#\/schema\/logo\/image\/"},"sameAs":["https:\/\/www.facebook.com\/Laradiolitoral\/"]},{"@type":"Person","@id":"https:\/\/radiolitoral.com\/#\/schema\/person\/aad4f72efa404f85b68e832d24cac059","name":"Mel Pescuezo","image":{"@type":"ImageObject","inLanguage":"ca","@id":"https:\/\/secure.gravatar.com\/avatar\/993975ae489c70cb0dd9bfa9413a082f0bd276582dac13661af7b33f161e7eea?s=96&d=mm&r=g","url":"https:\/\/secure.gravatar.com\/avatar\/993975ae489c70cb0dd9bfa9413a082f0bd276582dac13661af7b33f161e7eea?s=96&d=mm&r=g","contentUrl":"https:\/\/secure.gravatar.com\/avatar\/993975ae489c70cb0dd9bfa9413a082f0bd276582dac13661af7b33f161e7eea?s=96&d=mm&r=g","caption":"Mel Pescuezo"},"url":"https:\/\/radiolitoral.com\/ca\/author\/serviciospararadios\/"}]}},"_links":{"self":[{"href":"https:\/\/radiolitoral.com\/ca\/wp-json\/wp\/v2\/posts\/5296","targetHints":{"allow":["GET"]}}],"collection":[{"href":"https:\/\/radiolitoral.com\/ca\/wp-json\/wp\/v2\/posts"}],"about":[{"href":"https:\/\/radiolitoral.com\/ca\/wp-json\/wp\/v2\/types\/post"}],"author":[{"embeddable":true,"href":"https:\/\/radiolitoral.com\/ca\/wp-json\/wp\/v2\/users\/21"}],"replies":[{"embeddable":true,"href":"https:\/\/radiolitoral.com\/ca\/wp-json\/wp\/v2\/comments?post=5296"}],"version-history":[{"count":1,"href":"https:\/\/radiolitoral.com\/ca\/wp-json\/wp\/v2\/posts\/5296\/revisions"}],"predecessor-version":[{"id":5298,"href":"https:\/\/radiolitoral.com\/ca\/wp-json\/wp\/v2\/posts\/5296\/revisions\/5298"}],"wp:featuredmedia":[{"embeddable":true,"href":"https:\/\/radiolitoral.com\/ca\/wp-json\/wp\/v2\/media\/2001"}],"wp:attachment":[{"href":"https:\/\/radiolitoral.com\/ca\/wp-json\/wp\/v2\/media?parent=5296"}],"wp:term":[{"taxonomy":"category","embeddable":true,"href":"https:\/\/radiolitoral.com\/ca\/wp-json\/wp\/v2\/categories?post=5296"},{"taxonomy":"post_tag","embeddable":true,"href":"https:\/\/radiolitoral.com\/ca\/wp-json\/wp\/v2\/tags?post=5296"}],"curies":[{"name":"wp","href":"https:\/\/api.w.org\/{rel}","templated":true}]}}