{"id":5288,"date":"2023-09-27T20:23:45","date_gmt":"2023-09-27T18:23:45","guid":{"rendered":"https:\/\/radiolitoral.com\/?p=5288"},"modified":"2023-09-27T20:25:13","modified_gmt":"2023-09-27T18:25:13","slug":"calp-i-benissa-acorden-reclamar-conjuntament-la-neteja-del-barranc-del-quisi","status":"publish","type":"post","link":"https:\/\/radiolitoral.com\/ca\/2023\/09\/calp-y-benissa-acuerdan-reclamar-conjuntamente-la-limpieza-del-barranco-del-quisi\/","title":{"rendered":"Calp i Benissa acorden reclamar conjuntament la neteja del barranc del Quisi"},"content":{"rendered":"<p>L?alcalde de Benissa, Arturo Poquert, s?ha reunit amb l?alcaldessa de Calp, Ana Sala, il?edil de Medi Ambient en aquest ajuntament, Pere Moll, per abordar els problemes derivats de l?acumulaci\u00f3 de canyes a la Barranc del Quisi. Una zona que comparteixen tots dos municipis. Aquest \u00e9s un problema cada vegada m\u00e9s gran, segons indiquen els regidors, at\u00e8s el seu impacte en els episodis de fortes trombes de pluja.<\/p>\n<p>Ja l&#039;any passat els dos mun\u00edcips van remetre conjuntament un escrit a la Confederaci\u00f3 Hidrogr\u00e0fica del X\u00faquer per sol\u00b7licitar que es realitzin les obres necess\u00e0ries per millorar i garantir la seguretat a la cru\u00eflla entre els dos municipis pel Barranc del Quisi, just on l&#039;any passat va morir un agent de la Policia Local de Calp. Arturo Poquet \u00e9s l?alcalde de Benissa.<\/p>\n<audio class=\"wp-audio-shortcode\" id=\"audio-5288-1\" preload=\"none\" style=\"width: 100%;\" controls=\"controls\"><source type=\"audio\/mpeg\" src=\"https:\/\/media.radiolitoral.com\/wp-content\/uploads\/2023\/09\/27202258\/Arturo-Poquet-1.mp3?_=1\" \/><a href=\"https:\/\/media.radiolitoral.com\/wp-content\/uploads\/2023\/09\/27202258\/Arturo-Poquet-1.mp3\">https:\/\/media.radiolitoral.com\/wp-content\/uploads\/2023\/09\/27202258\/Arturo-Poquet-1.mp3<\/a><\/audio>\n<p>A m\u00e9s, ja l&#039;any passat, els dos ajuntaments van instal\u00b7lar una s\u00e8rie de senyals de perill per gual amb aigua i es van comprometre a instal\u00b7lar tanques en tots dos sentits en cas de preemerg\u00e8ncia per pluges. Amb aquesta reuni\u00f3 es reafirma el comprom\u00eds dels dos municipis per mantenir en condicions el Barranc del Quisi, com indica el regidor calp\u00ed Pere Moll.<\/p>\n<audio class=\"wp-audio-shortcode\" id=\"audio-5288-2\" preload=\"none\" style=\"width: 100%;\" controls=\"controls\"><source type=\"audio\/mpeg\" src=\"https:\/\/media.radiolitoral.com\/wp-content\/uploads\/2023\/09\/27202316\/Pere-Moll.mp3?_=2\" \/><a href=\"https:\/\/media.radiolitoral.com\/wp-content\/uploads\/2023\/09\/27202316\/Pere-Moll.mp3\">https:\/\/media.radiolitoral.com\/wp-content\/uploads\/2023\/09\/27202316\/Pere-Moll.mp3<\/a><\/audio>\n<p>Ara tant Sala com Poquet demanen la neteja del barranc de canyes invasores i van m\u00e9s enll\u00e0 ja que es comprometen a treballar per la renaturalitzaci\u00f3 del barranc amb esp\u00e8cies vegetals aut\u00f2ctones i convertir el barranc en una via verda entre les dues poblacions que permeti rutes de senderisme i bicicleta.<\/p>\n<audio class=\"wp-audio-shortcode\" id=\"audio-5288-3\" preload=\"none\" style=\"width: 100%;\" controls=\"controls\"><source type=\"audio\/mpeg\" src=\"https:\/\/media.radiolitoral.com\/wp-content\/uploads\/2023\/09\/27202338\/Arturo-Poquet-2.mp3?_=3\" \/><a href=\"https:\/\/media.radiolitoral.com\/wp-content\/uploads\/2023\/09\/27202338\/Arturo-Poquet-2.mp3\">https:\/\/media.radiolitoral.com\/wp-content\/uploads\/2023\/09\/27202338\/Arturo-Poquet-2.mp3<\/a><\/audio>\n<p>&nbsp;<\/p>","protected":false},"excerpt":{"rendered":"<p>El alcalde de Benissa, Arturo Poquert, se ha reunido con la alcaldesa de Calp, Ana Sala, y el edil de Medio Ambiente en este ayuntamiento, Pere Moll, para abordar los problemas derivados de la acumulaci\u00f3n de ca\u00f1as en la Barranco del Quisi. Una zona que comparten ambos municipios. Este es un problema cada vez mayor, [&#8230;]<\/p>\n<p><a class=\"btn btn-secondary understrap-read-more-link\" href=\"https:\/\/radiolitoral.com\/ca\/2023\/09\/calp-y-benissa-acuerdan-reclamar-conjuntamente-la-limpieza-del-barranco-del-quisi\/\">Continua llegint&#8230;<span class=\"screen-reader-text\"> from Calp y Benissa acuerdan reclamar conjuntamente la limpieza del barranco del Quisi<\/span><\/a><\/p>\n","protected":false},"author":21,"featured_media":5293,"comment_status":"open","ping_status":"closed","sticky":false,"template":"","format":"standard","meta":{"_acf_changed":false,"inline_featured_image":false,"footnotes":""},"categories":[100],"tags":[841,126,122],"class_list":["post-5288","post","type-post","status-publish","format-standard","has-post-thumbnail","hentry","category-obras","tag-barran-quisi","tag-benissa","tag-calp","cobertura-benissa","cobertura-calp"],"acf":[],"yoast_head":"<!-- This site is optimized with the Yoast SEO plugin v27.5 - https:\/\/yoast.com\/product\/yoast-seo-wordpress\/ -->\n<title>Calp y Benissa acuerdan reclamar conjuntamente la limpieza del barranco del Quisi | R\u00e0dio Litoral<\/title>\n<meta name=\"robots\" content=\"index, follow, max-snippet:-1, max-image-preview:large, max-video-preview:-1\" \/>\n<link rel=\"canonical\" href=\"https:\/\/radiolitoral.com\/ca\/2023\/09\/calp-i-benissa-acorden-reclamar-conjuntament-la-neteja-del-barranc-del-quisi\/\" \/>\n<meta property=\"og:locale\" content=\"ca_ES\" \/>\n<meta property=\"og:type\" content=\"article\" \/>\n<meta property=\"og:title\" content=\"Calp y Benissa acuerdan reclamar conjuntamente la limpieza del barranco del Quisi | R\u00e0dio Litoral\" \/>\n<meta property=\"og:url\" content=\"https:\/\/radiolitoral.com\/ca\/2023\/09\/calp-i-benissa-acorden-reclamar-conjuntament-la-neteja-del-barranc-del-quisi\/\" \/>\n<meta property=\"og:site_name\" content=\"R\u00e0dio Litoral\" \/>\n<meta property=\"article:publisher\" content=\"https:\/\/www.facebook.com\/Laradiolitoral\/\" \/>\n<meta property=\"article:published_time\" content=\"2023-09-27T18:23:45+00:00\" \/>\n<meta property=\"article:modified_time\" content=\"2023-09-27T18:25:13+00:00\" \/>\n<meta property=\"og:image\" content=\"https:\/\/media.radiolitoral.com\/wp-content\/uploads\/2023\/09\/27202450\/f0809100-1c97-4b30-acfc-7d099f86fd1b.jpg\" \/>\n\t<meta property=\"og:image:width\" content=\"1600\" \/>\n\t<meta property=\"og:image:height\" content=\"1200\" \/>\n\t<meta property=\"og:image:type\" content=\"image\/jpeg\" \/>\n<meta name=\"author\" content=\"Mel Pescuezo\" \/>\n<meta name=\"twitter:card\" content=\"summary_large_image\" \/>\n<meta name=\"twitter:label1\" content=\"Escrit per\" \/>\n\t<meta name=\"twitter:data1\" content=\"Mel Pescuezo\" \/>\n\t<meta name=\"twitter:label2\" content=\"Temps estimat de lectura\" \/>\n\t<meta name=\"twitter:data2\" content=\"2 minuts\" \/>\n<script type=\"application\/ld+json\" class=\"yoast-schema-graph\">{\"@context\":\"https:\\\/\\\/schema.org\",\"@graph\":[{\"@type\":\"NewsArticle\",\"@id\":\"https:\\\/\\\/radiolitoral.com\\\/2023\\\/09\\\/calp-y-benissa-acuerdan-reclamar-conjuntamente-la-limpieza-del-barranco-del-quisi\\\/#article\",\"isPartOf\":{\"@id\":\"https:\\\/\\\/radiolitoral.com\\\/2023\\\/09\\\/calp-y-benissa-acuerdan-reclamar-conjuntamente-la-limpieza-del-barranco-del-quisi\\\/\"},\"author\":{\"name\":\"Mel Pescuezo\",\"@id\":\"https:\\\/\\\/radiolitoral.com\\\/#\\\/schema\\\/person\\\/aad4f72efa404f85b68e832d24cac059\"},\"headline\":\"Calp y Benissa acuerdan reclamar conjuntamente la limpieza del barranco del Quisi\",\"datePublished\":\"2023-09-27T18:23:45+00:00\",\"dateModified\":\"2023-09-27T18:25:13+00:00\",\"mainEntityOfPage\":{\"@id\":\"https:\\\/\\\/radiolitoral.com\\\/2023\\\/09\\\/calp-y-benissa-acuerdan-reclamar-conjuntamente-la-limpieza-del-barranco-del-quisi\\\/\"},\"wordCount\":302,\"commentCount\":0,\"publisher\":{\"@id\":\"https:\\\/\\\/radiolitoral.com\\\/#organization\"},\"image\":{\"@id\":\"https:\\\/\\\/radiolitoral.com\\\/2023\\\/09\\\/calp-y-benissa-acuerdan-reclamar-conjuntamente-la-limpieza-del-barranco-del-quisi\\\/#primaryimage\"},\"thumbnailUrl\":\"https:\\\/\\\/media.radiolitoral.com\\\/wp-content\\\/uploads\\\/2023\\\/09\\\/27202450\\\/f0809100-1c97-4b30-acfc-7d099f86fd1b.jpg\",\"keywords\":[\"Barran Quisi\",\"Benissa\",\"Calp\"],\"articleSection\":[\"Obras\"],\"inLanguage\":\"ca\",\"potentialAction\":[{\"@type\":\"CommentAction\",\"name\":\"Comment\",\"target\":[\"https:\\\/\\\/radiolitoral.com\\\/2023\\\/09\\\/calp-y-benissa-acuerdan-reclamar-conjuntamente-la-limpieza-del-barranco-del-quisi\\\/#respond\"]}]},{\"@type\":[\"WebPage\",\"ItemPage\"],\"@id\":\"https:\\\/\\\/radiolitoral.com\\\/2023\\\/09\\\/calp-y-benissa-acuerdan-reclamar-conjuntamente-la-limpieza-del-barranco-del-quisi\\\/\",\"url\":\"https:\\\/\\\/radiolitoral.com\\\/2023\\\/09\\\/calp-y-benissa-acuerdan-reclamar-conjuntamente-la-limpieza-del-barranco-del-quisi\\\/\",\"name\":\"Calp y Benissa acuerdan reclamar conjuntamente la limpieza del barranco del Quisi | R\u00e0dio Litoral\",\"isPartOf\":{\"@id\":\"https:\\\/\\\/radiolitoral.com\\\/#website\"},\"primaryImageOfPage\":{\"@id\":\"https:\\\/\\\/radiolitoral.com\\\/2023\\\/09\\\/calp-y-benissa-acuerdan-reclamar-conjuntamente-la-limpieza-del-barranco-del-quisi\\\/#primaryimage\"},\"image\":{\"@id\":\"https:\\\/\\\/radiolitoral.com\\\/2023\\\/09\\\/calp-y-benissa-acuerdan-reclamar-conjuntamente-la-limpieza-del-barranco-del-quisi\\\/#primaryimage\"},\"thumbnailUrl\":\"https:\\\/\\\/media.radiolitoral.com\\\/wp-content\\\/uploads\\\/2023\\\/09\\\/27202450\\\/f0809100-1c97-4b30-acfc-7d099f86fd1b.jpg\",\"datePublished\":\"2023-09-27T18:23:45+00:00\",\"dateModified\":\"2023-09-27T18:25:13+00:00\",\"breadcrumb\":{\"@id\":\"https:\\\/\\\/radiolitoral.com\\\/2023\\\/09\\\/calp-y-benissa-acuerdan-reclamar-conjuntamente-la-limpieza-del-barranco-del-quisi\\\/#breadcrumb\"},\"inLanguage\":\"ca\",\"potentialAction\":[{\"@type\":\"ReadAction\",\"target\":[\"https:\\\/\\\/radiolitoral.com\\\/2023\\\/09\\\/calp-y-benissa-acuerdan-reclamar-conjuntamente-la-limpieza-del-barranco-del-quisi\\\/\"]}]},{\"@type\":\"ImageObject\",\"inLanguage\":\"ca\",\"@id\":\"https:\\\/\\\/radiolitoral.com\\\/2023\\\/09\\\/calp-y-benissa-acuerdan-reclamar-conjuntamente-la-limpieza-del-barranco-del-quisi\\\/#primaryimage\",\"url\":\"https:\\\/\\\/media.radiolitoral.com\\\/wp-content\\\/uploads\\\/2023\\\/09\\\/27202450\\\/f0809100-1c97-4b30-acfc-7d099f86fd1b.jpg\",\"contentUrl\":\"https:\\\/\\\/media.radiolitoral.com\\\/wp-content\\\/uploads\\\/2023\\\/09\\\/27202450\\\/f0809100-1c97-4b30-acfc-7d099f86fd1b.jpg\",\"width\":1600,\"height\":1200},{\"@type\":\"BreadcrumbList\",\"@id\":\"https:\\\/\\\/radiolitoral.com\\\/2023\\\/09\\\/calp-y-benissa-acuerdan-reclamar-conjuntamente-la-limpieza-del-barranco-del-quisi\\\/#breadcrumb\",\"itemListElement\":[{\"@type\":\"ListItem\",\"position\":1,\"name\":\"Portada\",\"item\":\"https:\\\/\\\/radiolitoral.com\\\/\"},{\"@type\":\"ListItem\",\"position\":2,\"name\":\"Calp y Benissa acuerdan reclamar conjuntamente la limpieza del barranco del Quisi\"}]},{\"@type\":\"WebSite\",\"@id\":\"https:\\\/\\\/radiolitoral.com\\\/#website\",\"url\":\"https:\\\/\\\/radiolitoral.com\\\/\",\"name\":\"Radio Litoral\",\"description\":\"La radio local de la Marina Alta\",\"publisher\":{\"@id\":\"https:\\\/\\\/radiolitoral.com\\\/#organization\"},\"alternateName\":\"Litoral FM\",\"potentialAction\":[{\"@type\":\"SearchAction\",\"target\":{\"@type\":\"EntryPoint\",\"urlTemplate\":\"https:\\\/\\\/radiolitoral.com\\\/?s={search_term_string}\"},\"query-input\":{\"@type\":\"PropertyValueSpecification\",\"valueRequired\":true,\"valueName\":\"search_term_string\"}}],\"inLanguage\":\"ca\"},{\"@type\":\"Organization\",\"@id\":\"https:\\\/\\\/radiolitoral.com\\\/#organization\",\"name\":\"Radio Litoral\",\"url\":\"https:\\\/\\\/radiolitoral.com\\\/\",\"logo\":{\"@type\":\"ImageObject\",\"inLanguage\":\"ca\",\"@id\":\"https:\\\/\\\/radiolitoral.com\\\/#\\\/schema\\\/logo\\\/image\\\/\",\"url\":\"https:\\\/\\\/media.radiolitoral.com\\\/wp-content\\\/uploads\\\/2023\\\/02\\\/24143238\\\/CL-V-RadioLitoral696.png\",\"contentUrl\":\"https:\\\/\\\/media.radiolitoral.com\\\/wp-content\\\/uploads\\\/2023\\\/02\\\/24143238\\\/CL-V-RadioLitoral696.png\",\"width\":696,\"height\":696,\"caption\":\"Radio Litoral\"},\"image\":{\"@id\":\"https:\\\/\\\/radiolitoral.com\\\/#\\\/schema\\\/logo\\\/image\\\/\"},\"sameAs\":[\"https:\\\/\\\/www.facebook.com\\\/Laradiolitoral\\\/\"]},{\"@type\":\"Person\",\"@id\":\"https:\\\/\\\/radiolitoral.com\\\/#\\\/schema\\\/person\\\/aad4f72efa404f85b68e832d24cac059\",\"name\":\"Mel Pescuezo\",\"image\":{\"@type\":\"ImageObject\",\"inLanguage\":\"ca\",\"@id\":\"https:\\\/\\\/secure.gravatar.com\\\/avatar\\\/993975ae489c70cb0dd9bfa9413a082f0bd276582dac13661af7b33f161e7eea?s=96&d=mm&r=g\",\"url\":\"https:\\\/\\\/secure.gravatar.com\\\/avatar\\\/993975ae489c70cb0dd9bfa9413a082f0bd276582dac13661af7b33f161e7eea?s=96&d=mm&r=g\",\"contentUrl\":\"https:\\\/\\\/secure.gravatar.com\\\/avatar\\\/993975ae489c70cb0dd9bfa9413a082f0bd276582dac13661af7b33f161e7eea?s=96&d=mm&r=g\",\"caption\":\"Mel Pescuezo\"},\"url\":\"https:\\\/\\\/radiolitoral.com\\\/ca\\\/author\\\/serviciospararadios\\\/\"}]}<\/script>\n<!-- \/ Yoast SEO plugin. -->","yoast_head_json":{"title":"Calp i Benissa acorden reclamar conjuntament la neteja del barranc del Quisi | R\u00e0dio Litoral","robots":{"index":"index","follow":"follow","max-snippet":"max-snippet:-1","max-image-preview":"max-image-preview:large","max-video-preview":"max-video-preview:-1"},"canonical":"https:\/\/radiolitoral.com\/ca\/2023\/09\/calp-i-benissa-acorden-reclamar-conjuntament-la-neteja-del-barranc-del-quisi\/","og_locale":"ca_ES","og_type":"article","og_title":"Calp y Benissa acuerdan reclamar conjuntamente la limpieza del barranco del Quisi | R\u00e0dio Litoral","og_url":"https:\/\/radiolitoral.com\/ca\/2023\/09\/calp-i-benissa-acorden-reclamar-conjuntament-la-neteja-del-barranc-del-quisi\/","og_site_name":"R\u00e0dio Litoral","article_publisher":"https:\/\/www.facebook.com\/Laradiolitoral\/","article_published_time":"2023-09-27T18:23:45+00:00","article_modified_time":"2023-09-27T18:25:13+00:00","og_image":[{"width":1600,"height":1200,"url":"https:\/\/media.radiolitoral.com\/wp-content\/uploads\/2023\/09\/27202450\/f0809100-1c97-4b30-acfc-7d099f86fd1b.jpg","type":"image\/jpeg"}],"author":"Mel Pescuezo","twitter_card":"summary_large_image","twitter_misc":{"Escrit per":"Mel Pescuezo","Temps estimat de lectura":"2 minuts"},"schema":{"@context":"https:\/\/schema.org","@graph":[{"@type":"NewsArticle","@id":"https:\/\/radiolitoral.com\/2023\/09\/calp-y-benissa-acuerdan-reclamar-conjuntamente-la-limpieza-del-barranco-del-quisi\/#article","isPartOf":{"@id":"https:\/\/radiolitoral.com\/2023\/09\/calp-y-benissa-acuerdan-reclamar-conjuntamente-la-limpieza-del-barranco-del-quisi\/"},"author":{"name":"Mel Pescuezo","@id":"https:\/\/radiolitoral.com\/#\/schema\/person\/aad4f72efa404f85b68e832d24cac059"},"headline":"Calp y Benissa acuerdan reclamar conjuntamente la limpieza del barranco del Quisi","datePublished":"2023-09-27T18:23:45+00:00","dateModified":"2023-09-27T18:25:13+00:00","mainEntityOfPage":{"@id":"https:\/\/radiolitoral.com\/2023\/09\/calp-y-benissa-acuerdan-reclamar-conjuntamente-la-limpieza-del-barranco-del-quisi\/"},"wordCount":302,"commentCount":0,"publisher":{"@id":"https:\/\/radiolitoral.com\/#organization"},"image":{"@id":"https:\/\/radiolitoral.com\/2023\/09\/calp-y-benissa-acuerdan-reclamar-conjuntamente-la-limpieza-del-barranco-del-quisi\/#primaryimage"},"thumbnailUrl":"https:\/\/media.radiolitoral.com\/wp-content\/uploads\/2023\/09\/27202450\/f0809100-1c97-4b30-acfc-7d099f86fd1b.jpg","keywords":["Barran Quisi","Benissa","Calp"],"articleSection":["Obras"],"inLanguage":"ca","potentialAction":[{"@type":"CommentAction","name":"Comment","target":["https:\/\/radiolitoral.com\/2023\/09\/calp-y-benissa-acuerdan-reclamar-conjuntamente-la-limpieza-del-barranco-del-quisi\/#respond"]}]},{"@type":["WebPage","ItemPage"],"@id":"https:\/\/radiolitoral.com\/2023\/09\/calp-y-benissa-acuerdan-reclamar-conjuntamente-la-limpieza-del-barranco-del-quisi\/","url":"https:\/\/radiolitoral.com\/2023\/09\/calp-y-benissa-acuerdan-reclamar-conjuntamente-la-limpieza-del-barranco-del-quisi\/","name":"Calp i Benissa acorden reclamar conjuntament la neteja del barranc del Quisi | R\u00e0dio Litoral","isPartOf":{"@id":"https:\/\/radiolitoral.com\/#website"},"primaryImageOfPage":{"@id":"https:\/\/radiolitoral.com\/2023\/09\/calp-y-benissa-acuerdan-reclamar-conjuntamente-la-limpieza-del-barranco-del-quisi\/#primaryimage"},"image":{"@id":"https:\/\/radiolitoral.com\/2023\/09\/calp-y-benissa-acuerdan-reclamar-conjuntamente-la-limpieza-del-barranco-del-quisi\/#primaryimage"},"thumbnailUrl":"https:\/\/media.radiolitoral.com\/wp-content\/uploads\/2023\/09\/27202450\/f0809100-1c97-4b30-acfc-7d099f86fd1b.jpg","datePublished":"2023-09-27T18:23:45+00:00","dateModified":"2023-09-27T18:25:13+00:00","breadcrumb":{"@id":"https:\/\/radiolitoral.com\/2023\/09\/calp-y-benissa-acuerdan-reclamar-conjuntamente-la-limpieza-del-barranco-del-quisi\/#breadcrumb"},"inLanguage":"ca","potentialAction":[{"@type":"ReadAction","target":["https:\/\/radiolitoral.com\/2023\/09\/calp-y-benissa-acuerdan-reclamar-conjuntamente-la-limpieza-del-barranco-del-quisi\/"]}]},{"@type":"ImageObject","inLanguage":"ca","@id":"https:\/\/radiolitoral.com\/2023\/09\/calp-y-benissa-acuerdan-reclamar-conjuntamente-la-limpieza-del-barranco-del-quisi\/#primaryimage","url":"https:\/\/media.radiolitoral.com\/wp-content\/uploads\/2023\/09\/27202450\/f0809100-1c97-4b30-acfc-7d099f86fd1b.jpg","contentUrl":"https:\/\/media.radiolitoral.com\/wp-content\/uploads\/2023\/09\/27202450\/f0809100-1c97-4b30-acfc-7d099f86fd1b.jpg","width":1600,"height":1200},{"@type":"BreadcrumbList","@id":"https:\/\/radiolitoral.com\/2023\/09\/calp-y-benissa-acuerdan-reclamar-conjuntamente-la-limpieza-del-barranco-del-quisi\/#breadcrumb","itemListElement":[{"@type":"ListItem","position":1,"name":"Portada","item":"https:\/\/radiolitoral.com\/"},{"@type":"ListItem","position":2,"name":"Calp y Benissa acuerdan reclamar conjuntamente la limpieza del barranco del Quisi"}]},{"@type":"WebSite","@id":"https:\/\/radiolitoral.com\/#website","url":"https:\/\/radiolitoral.com\/","name":"R\u00e0dio Litoral","description":"La r\u00e0dio local de la Marina Alta","publisher":{"@id":"https:\/\/radiolitoral.com\/#organization"},"alternateName":"Litoral FM","potentialAction":[{"@type":"SearchAction","target":{"@type":"EntryPoint","urlTemplate":"https:\/\/radiolitoral.com\/?s={search_term_string}"},"query-input":{"@type":"PropertyValueSpecification","valueRequired":true,"valueName":"search_term_string"}}],"inLanguage":"ca"},{"@type":"Organization","@id":"https:\/\/radiolitoral.com\/#organization","name":"R\u00e0dio Litoral","url":"https:\/\/radiolitoral.com\/","logo":{"@type":"ImageObject","inLanguage":"ca","@id":"https:\/\/radiolitoral.com\/#\/schema\/logo\/image\/","url":"https:\/\/media.radiolitoral.com\/wp-content\/uploads\/2023\/02\/24143238\/CL-V-RadioLitoral696.png","contentUrl":"https:\/\/media.radiolitoral.com\/wp-content\/uploads\/2023\/02\/24143238\/CL-V-RadioLitoral696.png","width":696,"height":696,"caption":"Radio Litoral"},"image":{"@id":"https:\/\/radiolitoral.com\/#\/schema\/logo\/image\/"},"sameAs":["https:\/\/www.facebook.com\/Laradiolitoral\/"]},{"@type":"Person","@id":"https:\/\/radiolitoral.com\/#\/schema\/person\/aad4f72efa404f85b68e832d24cac059","name":"Mel Pescuezo","image":{"@type":"ImageObject","inLanguage":"ca","@id":"https:\/\/secure.gravatar.com\/avatar\/993975ae489c70cb0dd9bfa9413a082f0bd276582dac13661af7b33f161e7eea?s=96&d=mm&r=g","url":"https:\/\/secure.gravatar.com\/avatar\/993975ae489c70cb0dd9bfa9413a082f0bd276582dac13661af7b33f161e7eea?s=96&d=mm&r=g","contentUrl":"https:\/\/secure.gravatar.com\/avatar\/993975ae489c70cb0dd9bfa9413a082f0bd276582dac13661af7b33f161e7eea?s=96&d=mm&r=g","caption":"Mel Pescuezo"},"url":"https:\/\/radiolitoral.com\/ca\/author\/serviciospararadios\/"}]}},"_links":{"self":[{"href":"https:\/\/radiolitoral.com\/ca\/wp-json\/wp\/v2\/posts\/5288","targetHints":{"allow":["GET"]}}],"collection":[{"href":"https:\/\/radiolitoral.com\/ca\/wp-json\/wp\/v2\/posts"}],"about":[{"href":"https:\/\/radiolitoral.com\/ca\/wp-json\/wp\/v2\/types\/post"}],"author":[{"embeddable":true,"href":"https:\/\/radiolitoral.com\/ca\/wp-json\/wp\/v2\/users\/21"}],"replies":[{"embeddable":true,"href":"https:\/\/radiolitoral.com\/ca\/wp-json\/wp\/v2\/comments?post=5288"}],"version-history":[{"count":1,"href":"https:\/\/radiolitoral.com\/ca\/wp-json\/wp\/v2\/posts\/5288\/revisions"}],"predecessor-version":[{"id":5292,"href":"https:\/\/radiolitoral.com\/ca\/wp-json\/wp\/v2\/posts\/5288\/revisions\/5292"}],"wp:featuredmedia":[{"embeddable":true,"href":"https:\/\/radiolitoral.com\/ca\/wp-json\/wp\/v2\/media\/5293"}],"wp:attachment":[{"href":"https:\/\/radiolitoral.com\/ca\/wp-json\/wp\/v2\/media?parent=5288"}],"wp:term":[{"taxonomy":"category","embeddable":true,"href":"https:\/\/radiolitoral.com\/ca\/wp-json\/wp\/v2\/categories?post=5288"},{"taxonomy":"post_tag","embeddable":true,"href":"https:\/\/radiolitoral.com\/ca\/wp-json\/wp\/v2\/tags?post=5288"}],"curies":[{"name":"wp","href":"https:\/\/api.w.org\/{rel}","templated":true}]}}