{"id":5278,"date":"2023-09-25T20:46:40","date_gmt":"2023-09-25T18:46:40","guid":{"rendered":"https:\/\/radiolitoral.com\/?p=5278"},"modified":"2023-09-25T20:50:14","modified_gmt":"2023-09-25T18:50:14","slug":"5278","status":"publish","type":"post","link":"https:\/\/radiolitoral.com\/ca\/2023\/09\/5278\/","title":{"rendered":"El PSPV-PSOE inicia el curs pol\u00edtic amb un sopar a Ondara"},"content":{"rendered":"<p>En clau comarcal parlem del PSPV-PSOE que ha arrencat el curs pol\u00edtic a la Marina Alta, aquest cap de setmana, a Ondara, amb un sopar del qual va participar el secretari general dels socialistes valencians, Ximo Puig. Una trobada pol\u00edtica en qu\u00e8 Puig va criticar les bases del \u201cmodel de Maz\u00f3n\u201d, qualificant-ho de \u201cPopulisme fiscal, amnistia per als rics, atac a l&#039;Estat del Benestar, retallades imminents i futures privatitzacions\u201d.<\/p>\n<p>En aquest sentit, Puig va assegurar que la Sanitat P\u00fablica \u00e9s \u00abun pilar b\u00e0sic del nostre Estat del Benestar\u00bb i que \u00abno pot estar al servei d?empreses privades\u00bb en clara al\u00b7lusi\u00f3 per la gesti\u00f3 p\u00fablica de l?Hospital de D\u00e9nia.<\/p>\n<audio class=\"wp-audio-shortcode\" id=\"audio-5278-1\" preload=\"none\" style=\"width: 100%;\" controls=\"controls\"><source type=\"audio\/mpeg\" src=\"https:\/\/media.radiolitoral.com\/wp-content\/uploads\/2023\/09\/25204450\/Ximo-Puig-1.mp3?_=1\" \/><a href=\"https:\/\/media.radiolitoral.com\/wp-content\/uploads\/2023\/09\/25204450\/Ximo-Puig-1.mp3\">https:\/\/media.radiolitoral.com\/wp-content\/uploads\/2023\/09\/25204450\/Ximo-Puig-1.mp3<\/a><\/audio>\n<p>Amb tot, Puig, va assegurar que el PSPV-PSOE \u00e9s l&#039;\u00fanica alternativa davant \u201cel Consell de la reculada en la gesti\u00f3, la conviv\u00e8ncia i la reputaci\u00f3\u201d. Una arrencada del curs pol\u00edtic que segons el l\u00edder socialista arrenca amb energia i for\u00e7a.<\/p>\n<audio class=\"wp-audio-shortcode\" id=\"audio-5278-2\" preload=\"none\" style=\"width: 100%;\" controls=\"controls\"><source type=\"audio\/mpeg\" src=\"https:\/\/media.radiolitoral.com\/wp-content\/uploads\/2023\/09\/25204511\/Ximo-Puig-2.mp3?_=2\" \/><a href=\"https:\/\/media.radiolitoral.com\/wp-content\/uploads\/2023\/09\/25204511\/Ximo-Puig-2.mp3\">https:\/\/media.radiolitoral.com\/wp-content\/uploads\/2023\/09\/25204511\/Ximo-Puig-2.mp3<\/a><\/audio>\n<p>&nbsp;<\/p>","protected":false},"excerpt":{"rendered":"<p>En clave comarcal hablamos del PSPV-PSOE que ha arrancado el curso pol\u00edtico en la Marina Alta, este fin de semana, en Ondara, con una cena de la que particip\u00f3 el secretario general de los socialistas valencianos, Ximo Puig. Un encuentro pol\u00edtico en el que Puig critic\u00f3 las bases del \u201cmodelo de Maz\u00f3n\u201d, calific\u00e1ndolo de \u201cPopulismo [&#8230;]<\/p>\n<p><a class=\"btn btn-secondary understrap-read-more-link\" href=\"https:\/\/radiolitoral.com\/ca\/2023\/09\/5278\/\">Continua llegint&#8230;<span class=\"screen-reader-text\"> from El PSPV-PSOE inicia el curso pol\u00edtico con una cena en Ondara<\/span><\/a><\/p>\n","protected":false},"author":21,"featured_media":5281,"comment_status":"open","ping_status":"closed","sticky":false,"template":"","format":"standard","meta":{"_acf_changed":false,"inline_featured_image":false,"footnotes":""},"categories":[13],"tags":[839,840],"class_list":["post-5278","post","type-post","status-publish","format-standard","has-post-thumbnail","hentry","category-politica","tag-ondara","tag-ximo-puig","cobertura-ondara"],"acf":[],"yoast_head":"<!-- This site is optimized with the Yoast SEO plugin v27.5 - https:\/\/yoast.com\/product\/yoast-seo-wordpress\/ -->\n<title>El PSPV-PSOE inicia el curso pol\u00edtico con una cena en Ondara | R\u00e0dio Litoral<\/title>\n<meta name=\"description\" content=\"Con la celebraci\u00f3n de este evento, el partido liderado por Ximo Puig muestra su apoyo a la Marina Alta\" \/>\n<meta name=\"robots\" content=\"index, follow, max-snippet:-1, max-image-preview:large, max-video-preview:-1\" \/>\n<link rel=\"canonical\" href=\"https:\/\/radiolitoral.com\/ca\/2023\/09\/5278\/\" \/>\n<meta property=\"og:locale\" content=\"ca_ES\" \/>\n<meta property=\"og:type\" content=\"article\" \/>\n<meta property=\"og:title\" content=\"El PSPV-PSOE inicia el curso pol\u00edtico con una cena en Ondara | R\u00e0dio Litoral\" \/>\n<meta property=\"og:description\" content=\"Con la celebraci\u00f3n de este evento, el partido liderado por Ximo Puig muestra su apoyo a la Marina Alta\" \/>\n<meta property=\"og:url\" content=\"https:\/\/radiolitoral.com\/ca\/2023\/09\/5278\/\" \/>\n<meta property=\"og:site_name\" content=\"R\u00e0dio Litoral\" \/>\n<meta property=\"article:publisher\" content=\"https:\/\/www.facebook.com\/Laradiolitoral\/\" \/>\n<meta property=\"article:published_time\" content=\"2023-09-25T18:46:40+00:00\" \/>\n<meta property=\"article:modified_time\" content=\"2023-09-25T18:50:14+00:00\" \/>\n<meta property=\"og:image\" content=\"https:\/\/media.radiolitoral.com\/wp-content\/uploads\/2023\/09\/25204633\/Ximo-Puig-inicio-curso-politico-PSPV-PSOE-2023-3-735x490-1.jpeg\" \/>\n\t<meta property=\"og:image:width\" content=\"735\" \/>\n\t<meta property=\"og:image:height\" content=\"490\" \/>\n\t<meta property=\"og:image:type\" content=\"image\/jpeg\" \/>\n<meta name=\"author\" content=\"Mel Pescuezo\" \/>\n<meta name=\"twitter:card\" content=\"summary_large_image\" \/>\n<meta name=\"twitter:label1\" content=\"Escrit per\" \/>\n\t<meta name=\"twitter:data1\" content=\"Mel Pescuezo\" \/>\n\t<meta name=\"twitter:label2\" content=\"Temps estimat de lectura\" \/>\n\t<meta name=\"twitter:data2\" content=\"1 minut\" \/>\n<script type=\"application\/ld+json\" class=\"yoast-schema-graph\">{\"@context\":\"https:\\\/\\\/schema.org\",\"@graph\":[{\"@type\":\"NewsArticle\",\"@id\":\"https:\\\/\\\/radiolitoral.com\\\/2023\\\/09\\\/5278\\\/#article\",\"isPartOf\":{\"@id\":\"https:\\\/\\\/radiolitoral.com\\\/2023\\\/09\\\/5278\\\/\"},\"author\":{\"name\":\"Mel Pescuezo\",\"@id\":\"https:\\\/\\\/radiolitoral.com\\\/#\\\/schema\\\/person\\\/aad4f72efa404f85b68e832d24cac059\"},\"headline\":\"El PSPV-PSOE inicia el curso pol\u00edtico con una cena en Ondara\",\"datePublished\":\"2023-09-25T18:46:40+00:00\",\"dateModified\":\"2023-09-25T18:50:14+00:00\",\"mainEntityOfPage\":{\"@id\":\"https:\\\/\\\/radiolitoral.com\\\/2023\\\/09\\\/5278\\\/\"},\"wordCount\":198,\"commentCount\":0,\"publisher\":{\"@id\":\"https:\\\/\\\/radiolitoral.com\\\/#organization\"},\"image\":{\"@id\":\"https:\\\/\\\/radiolitoral.com\\\/2023\\\/09\\\/5278\\\/#primaryimage\"},\"thumbnailUrl\":\"https:\\\/\\\/media.radiolitoral.com\\\/wp-content\\\/uploads\\\/2023\\\/09\\\/25204633\\\/Ximo-Puig-inicio-curso-politico-PSPV-PSOE-2023-3-735x490-1.jpeg\",\"keywords\":[\"Ondara\",\"Ximo Puig\"],\"articleSection\":[\"Pol\u00edtica\"],\"inLanguage\":\"ca\",\"potentialAction\":[{\"@type\":\"CommentAction\",\"name\":\"Comment\",\"target\":[\"https:\\\/\\\/radiolitoral.com\\\/2023\\\/09\\\/5278\\\/#respond\"]}]},{\"@type\":[\"WebPage\",\"ItemPage\"],\"@id\":\"https:\\\/\\\/radiolitoral.com\\\/2023\\\/09\\\/5278\\\/\",\"url\":\"https:\\\/\\\/radiolitoral.com\\\/2023\\\/09\\\/5278\\\/\",\"name\":\"El PSPV-PSOE inicia el curso pol\u00edtico con una cena en Ondara | R\u00e0dio Litoral\",\"isPartOf\":{\"@id\":\"https:\\\/\\\/radiolitoral.com\\\/#website\"},\"primaryImageOfPage\":{\"@id\":\"https:\\\/\\\/radiolitoral.com\\\/2023\\\/09\\\/5278\\\/#primaryimage\"},\"image\":{\"@id\":\"https:\\\/\\\/radiolitoral.com\\\/2023\\\/09\\\/5278\\\/#primaryimage\"},\"thumbnailUrl\":\"https:\\\/\\\/media.radiolitoral.com\\\/wp-content\\\/uploads\\\/2023\\\/09\\\/25204633\\\/Ximo-Puig-inicio-curso-politico-PSPV-PSOE-2023-3-735x490-1.jpeg\",\"datePublished\":\"2023-09-25T18:46:40+00:00\",\"dateModified\":\"2023-09-25T18:50:14+00:00\",\"description\":\"Con la celebraci\u00f3n de este evento, el partido liderado por Ximo Puig muestra su apoyo a la Marina Alta\",\"breadcrumb\":{\"@id\":\"https:\\\/\\\/radiolitoral.com\\\/2023\\\/09\\\/5278\\\/#breadcrumb\"},\"inLanguage\":\"ca\",\"potentialAction\":[{\"@type\":\"ReadAction\",\"target\":[\"https:\\\/\\\/radiolitoral.com\\\/2023\\\/09\\\/5278\\\/\"]}]},{\"@type\":\"ImageObject\",\"inLanguage\":\"ca\",\"@id\":\"https:\\\/\\\/radiolitoral.com\\\/2023\\\/09\\\/5278\\\/#primaryimage\",\"url\":\"https:\\\/\\\/media.radiolitoral.com\\\/wp-content\\\/uploads\\\/2023\\\/09\\\/25204633\\\/Ximo-Puig-inicio-curso-politico-PSPV-PSOE-2023-3-735x490-1.jpeg\",\"contentUrl\":\"https:\\\/\\\/media.radiolitoral.com\\\/wp-content\\\/uploads\\\/2023\\\/09\\\/25204633\\\/Ximo-Puig-inicio-curso-politico-PSPV-PSOE-2023-3-735x490-1.jpeg\",\"width\":735,\"height\":490},{\"@type\":\"BreadcrumbList\",\"@id\":\"https:\\\/\\\/radiolitoral.com\\\/2023\\\/09\\\/5278\\\/#breadcrumb\",\"itemListElement\":[{\"@type\":\"ListItem\",\"position\":1,\"name\":\"Portada\",\"item\":\"https:\\\/\\\/radiolitoral.com\\\/\"},{\"@type\":\"ListItem\",\"position\":2,\"name\":\"El PSPV-PSOE inicia el curso pol\u00edtico con una cena en Ondara\"}]},{\"@type\":\"WebSite\",\"@id\":\"https:\\\/\\\/radiolitoral.com\\\/#website\",\"url\":\"https:\\\/\\\/radiolitoral.com\\\/\",\"name\":\"Radio Litoral\",\"description\":\"La radio local de la Marina Alta\",\"publisher\":{\"@id\":\"https:\\\/\\\/radiolitoral.com\\\/#organization\"},\"alternateName\":\"Litoral FM\",\"potentialAction\":[{\"@type\":\"SearchAction\",\"target\":{\"@type\":\"EntryPoint\",\"urlTemplate\":\"https:\\\/\\\/radiolitoral.com\\\/?s={search_term_string}\"},\"query-input\":{\"@type\":\"PropertyValueSpecification\",\"valueRequired\":true,\"valueName\":\"search_term_string\"}}],\"inLanguage\":\"ca\"},{\"@type\":\"Organization\",\"@id\":\"https:\\\/\\\/radiolitoral.com\\\/#organization\",\"name\":\"Radio Litoral\",\"url\":\"https:\\\/\\\/radiolitoral.com\\\/\",\"logo\":{\"@type\":\"ImageObject\",\"inLanguage\":\"ca\",\"@id\":\"https:\\\/\\\/radiolitoral.com\\\/#\\\/schema\\\/logo\\\/image\\\/\",\"url\":\"https:\\\/\\\/media.radiolitoral.com\\\/wp-content\\\/uploads\\\/2023\\\/02\\\/24143238\\\/CL-V-RadioLitoral696.png\",\"contentUrl\":\"https:\\\/\\\/media.radiolitoral.com\\\/wp-content\\\/uploads\\\/2023\\\/02\\\/24143238\\\/CL-V-RadioLitoral696.png\",\"width\":696,\"height\":696,\"caption\":\"Radio Litoral\"},\"image\":{\"@id\":\"https:\\\/\\\/radiolitoral.com\\\/#\\\/schema\\\/logo\\\/image\\\/\"},\"sameAs\":[\"https:\\\/\\\/www.facebook.com\\\/Laradiolitoral\\\/\"]},{\"@type\":\"Person\",\"@id\":\"https:\\\/\\\/radiolitoral.com\\\/#\\\/schema\\\/person\\\/aad4f72efa404f85b68e832d24cac059\",\"name\":\"Mel Pescuezo\",\"image\":{\"@type\":\"ImageObject\",\"inLanguage\":\"ca\",\"@id\":\"https:\\\/\\\/secure.gravatar.com\\\/avatar\\\/993975ae489c70cb0dd9bfa9413a082f0bd276582dac13661af7b33f161e7eea?s=96&d=mm&r=g\",\"url\":\"https:\\\/\\\/secure.gravatar.com\\\/avatar\\\/993975ae489c70cb0dd9bfa9413a082f0bd276582dac13661af7b33f161e7eea?s=96&d=mm&r=g\",\"contentUrl\":\"https:\\\/\\\/secure.gravatar.com\\\/avatar\\\/993975ae489c70cb0dd9bfa9413a082f0bd276582dac13661af7b33f161e7eea?s=96&d=mm&r=g\",\"caption\":\"Mel Pescuezo\"},\"url\":\"https:\\\/\\\/radiolitoral.com\\\/ca\\\/author\\\/serviciospararadios\\\/\"}]}<\/script>\n<!-- \/ Yoast SEO plugin. -->","yoast_head_json":{"title":"El PSPV-PSOE inicia el curs pol\u00edtic amb un sopar a Ondara | R\u00e0dio Litoral","description":"Amb la celebraci\u00f3 d\u00b4aquest esdeveniment, el partit liderat per Ximo Puig mostra el seu suport a la Marina Alta","robots":{"index":"index","follow":"follow","max-snippet":"max-snippet:-1","max-image-preview":"max-image-preview:large","max-video-preview":"max-video-preview:-1"},"canonical":"https:\/\/radiolitoral.com\/ca\/2023\/09\/5278\/","og_locale":"ca_ES","og_type":"article","og_title":"El PSPV-PSOE inicia el curso pol\u00edtico con una cena en Ondara | R\u00e0dio Litoral","og_description":"Con la celebraci\u00f3n de este evento, el partido liderado por Ximo Puig muestra su apoyo a la Marina Alta","og_url":"https:\/\/radiolitoral.com\/ca\/2023\/09\/5278\/","og_site_name":"R\u00e0dio Litoral","article_publisher":"https:\/\/www.facebook.com\/Laradiolitoral\/","article_published_time":"2023-09-25T18:46:40+00:00","article_modified_time":"2023-09-25T18:50:14+00:00","og_image":[{"width":735,"height":490,"url":"https:\/\/media.radiolitoral.com\/wp-content\/uploads\/2023\/09\/25204633\/Ximo-Puig-inicio-curso-politico-PSPV-PSOE-2023-3-735x490-1.jpeg","type":"image\/jpeg"}],"author":"Mel Pescuezo","twitter_card":"summary_large_image","twitter_misc":{"Escrit per":"Mel Pescuezo","Temps estimat de lectura":"1 minut"},"schema":{"@context":"https:\/\/schema.org","@graph":[{"@type":"NewsArticle","@id":"https:\/\/radiolitoral.com\/2023\/09\/5278\/#article","isPartOf":{"@id":"https:\/\/radiolitoral.com\/2023\/09\/5278\/"},"author":{"name":"Mel Pescuezo","@id":"https:\/\/radiolitoral.com\/#\/schema\/person\/aad4f72efa404f85b68e832d24cac059"},"headline":"El PSPV-PSOE inicia el curso pol\u00edtico con una cena en Ondara","datePublished":"2023-09-25T18:46:40+00:00","dateModified":"2023-09-25T18:50:14+00:00","mainEntityOfPage":{"@id":"https:\/\/radiolitoral.com\/2023\/09\/5278\/"},"wordCount":198,"commentCount":0,"publisher":{"@id":"https:\/\/radiolitoral.com\/#organization"},"image":{"@id":"https:\/\/radiolitoral.com\/2023\/09\/5278\/#primaryimage"},"thumbnailUrl":"https:\/\/media.radiolitoral.com\/wp-content\/uploads\/2023\/09\/25204633\/Ximo-Puig-inicio-curso-politico-PSPV-PSOE-2023-3-735x490-1.jpeg","keywords":["Ondara","Ximo Puig"],"articleSection":["Pol\u00edtica"],"inLanguage":"ca","potentialAction":[{"@type":"CommentAction","name":"Comment","target":["https:\/\/radiolitoral.com\/2023\/09\/5278\/#respond"]}]},{"@type":["WebPage","ItemPage"],"@id":"https:\/\/radiolitoral.com\/2023\/09\/5278\/","url":"https:\/\/radiolitoral.com\/2023\/09\/5278\/","name":"El PSPV-PSOE inicia el curs pol\u00edtic amb un sopar a Ondara | R\u00e0dio Litoral","isPartOf":{"@id":"https:\/\/radiolitoral.com\/#website"},"primaryImageOfPage":{"@id":"https:\/\/radiolitoral.com\/2023\/09\/5278\/#primaryimage"},"image":{"@id":"https:\/\/radiolitoral.com\/2023\/09\/5278\/#primaryimage"},"thumbnailUrl":"https:\/\/media.radiolitoral.com\/wp-content\/uploads\/2023\/09\/25204633\/Ximo-Puig-inicio-curso-politico-PSPV-PSOE-2023-3-735x490-1.jpeg","datePublished":"2023-09-25T18:46:40+00:00","dateModified":"2023-09-25T18:50:14+00:00","description":"Amb la celebraci\u00f3 d\u00b4aquest esdeveniment, el partit liderat per Ximo Puig mostra el seu suport a la Marina Alta","breadcrumb":{"@id":"https:\/\/radiolitoral.com\/2023\/09\/5278\/#breadcrumb"},"inLanguage":"ca","potentialAction":[{"@type":"ReadAction","target":["https:\/\/radiolitoral.com\/2023\/09\/5278\/"]}]},{"@type":"ImageObject","inLanguage":"ca","@id":"https:\/\/radiolitoral.com\/2023\/09\/5278\/#primaryimage","url":"https:\/\/media.radiolitoral.com\/wp-content\/uploads\/2023\/09\/25204633\/Ximo-Puig-inicio-curso-politico-PSPV-PSOE-2023-3-735x490-1.jpeg","contentUrl":"https:\/\/media.radiolitoral.com\/wp-content\/uploads\/2023\/09\/25204633\/Ximo-Puig-inicio-curso-politico-PSPV-PSOE-2023-3-735x490-1.jpeg","width":735,"height":490},{"@type":"BreadcrumbList","@id":"https:\/\/radiolitoral.com\/2023\/09\/5278\/#breadcrumb","itemListElement":[{"@type":"ListItem","position":1,"name":"Portada","item":"https:\/\/radiolitoral.com\/"},{"@type":"ListItem","position":2,"name":"El PSPV-PSOE inicia el curso pol\u00edtico con una cena en Ondara"}]},{"@type":"WebSite","@id":"https:\/\/radiolitoral.com\/#website","url":"https:\/\/radiolitoral.com\/","name":"R\u00e0dio Litoral","description":"La r\u00e0dio local de la Marina Alta","publisher":{"@id":"https:\/\/radiolitoral.com\/#organization"},"alternateName":"Litoral FM","potentialAction":[{"@type":"SearchAction","target":{"@type":"EntryPoint","urlTemplate":"https:\/\/radiolitoral.com\/?s={search_term_string}"},"query-input":{"@type":"PropertyValueSpecification","valueRequired":true,"valueName":"search_term_string"}}],"inLanguage":"ca"},{"@type":"Organization","@id":"https:\/\/radiolitoral.com\/#organization","name":"R\u00e0dio Litoral","url":"https:\/\/radiolitoral.com\/","logo":{"@type":"ImageObject","inLanguage":"ca","@id":"https:\/\/radiolitoral.com\/#\/schema\/logo\/image\/","url":"https:\/\/media.radiolitoral.com\/wp-content\/uploads\/2023\/02\/24143238\/CL-V-RadioLitoral696.png","contentUrl":"https:\/\/media.radiolitoral.com\/wp-content\/uploads\/2023\/02\/24143238\/CL-V-RadioLitoral696.png","width":696,"height":696,"caption":"Radio Litoral"},"image":{"@id":"https:\/\/radiolitoral.com\/#\/schema\/logo\/image\/"},"sameAs":["https:\/\/www.facebook.com\/Laradiolitoral\/"]},{"@type":"Person","@id":"https:\/\/radiolitoral.com\/#\/schema\/person\/aad4f72efa404f85b68e832d24cac059","name":"Mel Pescuezo","image":{"@type":"ImageObject","inLanguage":"ca","@id":"https:\/\/secure.gravatar.com\/avatar\/993975ae489c70cb0dd9bfa9413a082f0bd276582dac13661af7b33f161e7eea?s=96&d=mm&r=g","url":"https:\/\/secure.gravatar.com\/avatar\/993975ae489c70cb0dd9bfa9413a082f0bd276582dac13661af7b33f161e7eea?s=96&d=mm&r=g","contentUrl":"https:\/\/secure.gravatar.com\/avatar\/993975ae489c70cb0dd9bfa9413a082f0bd276582dac13661af7b33f161e7eea?s=96&d=mm&r=g","caption":"Mel Pescuezo"},"url":"https:\/\/radiolitoral.com\/ca\/author\/serviciospararadios\/"}]}},"_links":{"self":[{"href":"https:\/\/radiolitoral.com\/ca\/wp-json\/wp\/v2\/posts\/5278","targetHints":{"allow":["GET"]}}],"collection":[{"href":"https:\/\/radiolitoral.com\/ca\/wp-json\/wp\/v2\/posts"}],"about":[{"href":"https:\/\/radiolitoral.com\/ca\/wp-json\/wp\/v2\/types\/post"}],"author":[{"embeddable":true,"href":"https:\/\/radiolitoral.com\/ca\/wp-json\/wp\/v2\/users\/21"}],"replies":[{"embeddable":true,"href":"https:\/\/radiolitoral.com\/ca\/wp-json\/wp\/v2\/comments?post=5278"}],"version-history":[{"count":2,"href":"https:\/\/radiolitoral.com\/ca\/wp-json\/wp\/v2\/posts\/5278\/revisions"}],"predecessor-version":[{"id":5283,"href":"https:\/\/radiolitoral.com\/ca\/wp-json\/wp\/v2\/posts\/5278\/revisions\/5283"}],"wp:featuredmedia":[{"embeddable":true,"href":"https:\/\/radiolitoral.com\/ca\/wp-json\/wp\/v2\/media\/5281"}],"wp:attachment":[{"href":"https:\/\/radiolitoral.com\/ca\/wp-json\/wp\/v2\/media?parent=5278"}],"wp:term":[{"taxonomy":"category","embeddable":true,"href":"https:\/\/radiolitoral.com\/ca\/wp-json\/wp\/v2\/categories?post=5278"},{"taxonomy":"post_tag","embeddable":true,"href":"https:\/\/radiolitoral.com\/ca\/wp-json\/wp\/v2\/tags?post=5278"}],"curies":[{"name":"wp","href":"https:\/\/api.w.org\/{rel}","templated":true}]}}