{"id":5273,"date":"2023-09-25T20:41:55","date_gmt":"2023-09-25T18:41:55","guid":{"rendered":"https:\/\/radiolitoral.com\/?p=5273"},"modified":"2023-09-25T20:43:40","modified_gmt":"2023-09-25T18:43:40","slug":"un-varon-mor-atrapat-al-seu-tractor-despres-de-bolcar","status":"publish","type":"post","link":"https:\/\/radiolitoral.com\/ca\/2023\/09\/un-varon-muere-atrapado-en-su-tractor-tras-volcar\/","title":{"rendered":"Un home mor atrapat al seu tractor despr\u00e9s de bolcar a Benissa"},"content":{"rendered":"<p>Un home va morir ahir, diumenge, a Benissa, despr\u00e9s de bolcar el tractor amb remolc que condu\u00efa en una zona de cultius de la localitat. L&#039;home va quedar atrapat sota el vehicle. Aix\u00ed ho han informat des del Consorci Provincial de Bombers.<\/p>\n<p>Els fets van tenir lloc a primera hora del mat\u00ed, cap a les 8, a la zona de Fanadix. Efectius dels parcs de bombers de D\u00e9nia i Benissa van participar en les tasques d&#039;excarceraci\u00f3 de la v\u00edctima, la mort de la qual va ser certificada pel metge del SAMU, despla\u00e7at fins al lloc de l&#039;accident.<\/p>","protected":false},"excerpt":{"rendered":"<p>Un hombre falleci\u00f3 ayer, domingo, en Benissa, tras volcar el tractor con remolque que conduc\u00eda en una zona de cultivos de la localidad. El hombre qued\u00f3 atrapado bajo el veh\u00edculo. As\u00ed lo han informado desde el Consorcio Provincial de Bomberos. Los hechos tuvieron lugar a primera hora de la ma\u00f1ana, sobre las 8, en la [&#8230;]<\/p>\n<p><a class=\"btn btn-secondary understrap-read-more-link\" href=\"https:\/\/radiolitoral.com\/ca\/2023\/09\/un-varon-muere-atrapado-en-su-tractor-tras-volcar\/\">Continua llegint&#8230;<span class=\"screen-reader-text\"> from Un var\u00f3n muere atrapado en su tractor tras volcar en Benissa<\/span><\/a><\/p>\n","protected":false},"author":21,"featured_media":5274,"comment_status":"open","ping_status":"closed","sticky":false,"template":"","format":"standard","meta":{"_acf_changed":false,"inline_featured_image":false,"footnotes":""},"categories":[8],"tags":[838,126],"class_list":["post-5273","post","type-post","status-publish","format-standard","has-post-thumbnail","hentry","category-sucesos","tag-accidente-tractor","tag-benissa","cobertura-benissa"],"acf":[],"yoast_head":"<!-- This site is optimized with the Yoast SEO plugin v27.5 - https:\/\/yoast.com\/product\/yoast-seo-wordpress\/ -->\n<title>Un var\u00f3n muere atrapado en su tractor tras volcar en Benissa | R\u00e0dio Litoral<\/title>\n<meta name=\"robots\" content=\"index, follow, max-snippet:-1, max-image-preview:large, max-video-preview:-1\" \/>\n<link rel=\"canonical\" href=\"https:\/\/radiolitoral.com\/ca\/2023\/09\/un-varon-mor-atrapat-al-seu-tractor-despres-de-bolcar\/\" \/>\n<meta property=\"og:locale\" content=\"ca_ES\" \/>\n<meta property=\"og:type\" content=\"article\" \/>\n<meta property=\"og:title\" content=\"Un var\u00f3n muere atrapado en su tractor tras volcar en Benissa | R\u00e0dio Litoral\" \/>\n<meta property=\"og:url\" content=\"https:\/\/radiolitoral.com\/ca\/2023\/09\/un-varon-mor-atrapat-al-seu-tractor-despres-de-bolcar\/\" \/>\n<meta property=\"og:site_name\" content=\"R\u00e0dio Litoral\" \/>\n<meta property=\"article:publisher\" content=\"https:\/\/www.facebook.com\/Laradiolitoral\/\" \/>\n<meta property=\"article:published_time\" content=\"2023-09-25T18:41:55+00:00\" \/>\n<meta property=\"article:modified_time\" content=\"2023-09-25T18:43:40+00:00\" \/>\n<meta property=\"og:image\" content=\"https:\/\/media.radiolitoral.com\/wp-content\/uploads\/2023\/09\/25204043\/ambulanc.jpg\" \/>\n\t<meta property=\"og:image:width\" content=\"1080\" \/>\n\t<meta property=\"og:image:height\" content=\"720\" \/>\n\t<meta property=\"og:image:type\" content=\"image\/jpeg\" \/>\n<meta name=\"author\" content=\"Mel Pescuezo\" \/>\n<meta name=\"twitter:card\" content=\"summary_large_image\" \/>\n<meta name=\"twitter:label1\" content=\"Escrit per\" \/>\n\t<meta name=\"twitter:data1\" content=\"Mel Pescuezo\" \/>\n\t<meta name=\"twitter:label2\" content=\"Temps estimat de lectura\" \/>\n\t<meta name=\"twitter:data2\" content=\"1 minut\" \/>\n<script type=\"application\/ld+json\" class=\"yoast-schema-graph\">{\"@context\":\"https:\\\/\\\/schema.org\",\"@graph\":[{\"@type\":\"NewsArticle\",\"@id\":\"https:\\\/\\\/radiolitoral.com\\\/2023\\\/09\\\/un-varon-muere-atrapado-en-su-tractor-tras-volcar\\\/#article\",\"isPartOf\":{\"@id\":\"https:\\\/\\\/radiolitoral.com\\\/2023\\\/09\\\/un-varon-muere-atrapado-en-su-tractor-tras-volcar\\\/\"},\"author\":{\"name\":\"Mel Pescuezo\",\"@id\":\"https:\\\/\\\/radiolitoral.com\\\/#\\\/schema\\\/person\\\/aad4f72efa404f85b68e832d24cac059\"},\"headline\":\"Un var\u00f3n muere atrapado en su tractor tras volcar en Benissa\",\"datePublished\":\"2023-09-25T18:41:55+00:00\",\"dateModified\":\"2023-09-25T18:43:40+00:00\",\"mainEntityOfPage\":{\"@id\":\"https:\\\/\\\/radiolitoral.com\\\/2023\\\/09\\\/un-varon-muere-atrapado-en-su-tractor-tras-volcar\\\/\"},\"wordCount\":111,\"commentCount\":0,\"publisher\":{\"@id\":\"https:\\\/\\\/radiolitoral.com\\\/#organization\"},\"image\":{\"@id\":\"https:\\\/\\\/radiolitoral.com\\\/2023\\\/09\\\/un-varon-muere-atrapado-en-su-tractor-tras-volcar\\\/#primaryimage\"},\"thumbnailUrl\":\"https:\\\/\\\/media.radiolitoral.com\\\/wp-content\\\/uploads\\\/2023\\\/09\\\/25204043\\\/ambulanc.jpg\",\"keywords\":[\"accidente tractor\",\"Benissa\"],\"articleSection\":[\"Sucesos\"],\"inLanguage\":\"ca\",\"potentialAction\":[{\"@type\":\"CommentAction\",\"name\":\"Comment\",\"target\":[\"https:\\\/\\\/radiolitoral.com\\\/2023\\\/09\\\/un-varon-muere-atrapado-en-su-tractor-tras-volcar\\\/#respond\"]}]},{\"@type\":[\"WebPage\",\"ItemPage\"],\"@id\":\"https:\\\/\\\/radiolitoral.com\\\/2023\\\/09\\\/un-varon-muere-atrapado-en-su-tractor-tras-volcar\\\/\",\"url\":\"https:\\\/\\\/radiolitoral.com\\\/2023\\\/09\\\/un-varon-muere-atrapado-en-su-tractor-tras-volcar\\\/\",\"name\":\"Un var\u00f3n muere atrapado en su tractor tras volcar en Benissa | R\u00e0dio Litoral\",\"isPartOf\":{\"@id\":\"https:\\\/\\\/radiolitoral.com\\\/#website\"},\"primaryImageOfPage\":{\"@id\":\"https:\\\/\\\/radiolitoral.com\\\/2023\\\/09\\\/un-varon-muere-atrapado-en-su-tractor-tras-volcar\\\/#primaryimage\"},\"image\":{\"@id\":\"https:\\\/\\\/radiolitoral.com\\\/2023\\\/09\\\/un-varon-muere-atrapado-en-su-tractor-tras-volcar\\\/#primaryimage\"},\"thumbnailUrl\":\"https:\\\/\\\/media.radiolitoral.com\\\/wp-content\\\/uploads\\\/2023\\\/09\\\/25204043\\\/ambulanc.jpg\",\"datePublished\":\"2023-09-25T18:41:55+00:00\",\"dateModified\":\"2023-09-25T18:43:40+00:00\",\"breadcrumb\":{\"@id\":\"https:\\\/\\\/radiolitoral.com\\\/2023\\\/09\\\/un-varon-muere-atrapado-en-su-tractor-tras-volcar\\\/#breadcrumb\"},\"inLanguage\":\"ca\",\"potentialAction\":[{\"@type\":\"ReadAction\",\"target\":[\"https:\\\/\\\/radiolitoral.com\\\/2023\\\/09\\\/un-varon-muere-atrapado-en-su-tractor-tras-volcar\\\/\"]}]},{\"@type\":\"ImageObject\",\"inLanguage\":\"ca\",\"@id\":\"https:\\\/\\\/radiolitoral.com\\\/2023\\\/09\\\/un-varon-muere-atrapado-en-su-tractor-tras-volcar\\\/#primaryimage\",\"url\":\"https:\\\/\\\/media.radiolitoral.com\\\/wp-content\\\/uploads\\\/2023\\\/09\\\/25204043\\\/ambulanc.jpg\",\"contentUrl\":\"https:\\\/\\\/media.radiolitoral.com\\\/wp-content\\\/uploads\\\/2023\\\/09\\\/25204043\\\/ambulanc.jpg\",\"width\":1080,\"height\":720},{\"@type\":\"BreadcrumbList\",\"@id\":\"https:\\\/\\\/radiolitoral.com\\\/2023\\\/09\\\/un-varon-muere-atrapado-en-su-tractor-tras-volcar\\\/#breadcrumb\",\"itemListElement\":[{\"@type\":\"ListItem\",\"position\":1,\"name\":\"Portada\",\"item\":\"https:\\\/\\\/radiolitoral.com\\\/\"},{\"@type\":\"ListItem\",\"position\":2,\"name\":\"Un var\u00f3n muere atrapado en su tractor tras volcar en Benissa\"}]},{\"@type\":\"WebSite\",\"@id\":\"https:\\\/\\\/radiolitoral.com\\\/#website\",\"url\":\"https:\\\/\\\/radiolitoral.com\\\/\",\"name\":\"Radio Litoral\",\"description\":\"La radio local de la Marina Alta\",\"publisher\":{\"@id\":\"https:\\\/\\\/radiolitoral.com\\\/#organization\"},\"alternateName\":\"Litoral FM\",\"potentialAction\":[{\"@type\":\"SearchAction\",\"target\":{\"@type\":\"EntryPoint\",\"urlTemplate\":\"https:\\\/\\\/radiolitoral.com\\\/?s={search_term_string}\"},\"query-input\":{\"@type\":\"PropertyValueSpecification\",\"valueRequired\":true,\"valueName\":\"search_term_string\"}}],\"inLanguage\":\"ca\"},{\"@type\":\"Organization\",\"@id\":\"https:\\\/\\\/radiolitoral.com\\\/#organization\",\"name\":\"Radio Litoral\",\"url\":\"https:\\\/\\\/radiolitoral.com\\\/\",\"logo\":{\"@type\":\"ImageObject\",\"inLanguage\":\"ca\",\"@id\":\"https:\\\/\\\/radiolitoral.com\\\/#\\\/schema\\\/logo\\\/image\\\/\",\"url\":\"https:\\\/\\\/media.radiolitoral.com\\\/wp-content\\\/uploads\\\/2023\\\/02\\\/24143238\\\/CL-V-RadioLitoral696.png\",\"contentUrl\":\"https:\\\/\\\/media.radiolitoral.com\\\/wp-content\\\/uploads\\\/2023\\\/02\\\/24143238\\\/CL-V-RadioLitoral696.png\",\"width\":696,\"height\":696,\"caption\":\"Radio Litoral\"},\"image\":{\"@id\":\"https:\\\/\\\/radiolitoral.com\\\/#\\\/schema\\\/logo\\\/image\\\/\"},\"sameAs\":[\"https:\\\/\\\/www.facebook.com\\\/Laradiolitoral\\\/\"]},{\"@type\":\"Person\",\"@id\":\"https:\\\/\\\/radiolitoral.com\\\/#\\\/schema\\\/person\\\/aad4f72efa404f85b68e832d24cac059\",\"name\":\"Mel Pescuezo\",\"image\":{\"@type\":\"ImageObject\",\"inLanguage\":\"ca\",\"@id\":\"https:\\\/\\\/secure.gravatar.com\\\/avatar\\\/993975ae489c70cb0dd9bfa9413a082f0bd276582dac13661af7b33f161e7eea?s=96&d=mm&r=g\",\"url\":\"https:\\\/\\\/secure.gravatar.com\\\/avatar\\\/993975ae489c70cb0dd9bfa9413a082f0bd276582dac13661af7b33f161e7eea?s=96&d=mm&r=g\",\"contentUrl\":\"https:\\\/\\\/secure.gravatar.com\\\/avatar\\\/993975ae489c70cb0dd9bfa9413a082f0bd276582dac13661af7b33f161e7eea?s=96&d=mm&r=g\",\"caption\":\"Mel Pescuezo\"},\"url\":\"https:\\\/\\\/radiolitoral.com\\\/ca\\\/author\\\/serviciospararadios\\\/\"}]}<\/script>\n<!-- \/ Yoast SEO plugin. -->","yoast_head_json":{"title":"Un home mor atrapat al seu tractor despr\u00e9s de bolcar a Benissa | R\u00e0dio Litoral","robots":{"index":"index","follow":"follow","max-snippet":"max-snippet:-1","max-image-preview":"max-image-preview:large","max-video-preview":"max-video-preview:-1"},"canonical":"https:\/\/radiolitoral.com\/ca\/2023\/09\/un-varon-mor-atrapat-al-seu-tractor-despres-de-bolcar\/","og_locale":"ca_ES","og_type":"article","og_title":"Un var\u00f3n muere atrapado en su tractor tras volcar en Benissa | R\u00e0dio Litoral","og_url":"https:\/\/radiolitoral.com\/ca\/2023\/09\/un-varon-mor-atrapat-al-seu-tractor-despres-de-bolcar\/","og_site_name":"R\u00e0dio Litoral","article_publisher":"https:\/\/www.facebook.com\/Laradiolitoral\/","article_published_time":"2023-09-25T18:41:55+00:00","article_modified_time":"2023-09-25T18:43:40+00:00","og_image":[{"width":1080,"height":720,"url":"https:\/\/media.radiolitoral.com\/wp-content\/uploads\/2023\/09\/25204043\/ambulanc.jpg","type":"image\/jpeg"}],"author":"Mel Pescuezo","twitter_card":"summary_large_image","twitter_misc":{"Escrit per":"Mel Pescuezo","Temps estimat de lectura":"1 minut"},"schema":{"@context":"https:\/\/schema.org","@graph":[{"@type":"NewsArticle","@id":"https:\/\/radiolitoral.com\/2023\/09\/un-varon-muere-atrapado-en-su-tractor-tras-volcar\/#article","isPartOf":{"@id":"https:\/\/radiolitoral.com\/2023\/09\/un-varon-muere-atrapado-en-su-tractor-tras-volcar\/"},"author":{"name":"Mel Pescuezo","@id":"https:\/\/radiolitoral.com\/#\/schema\/person\/aad4f72efa404f85b68e832d24cac059"},"headline":"Un var\u00f3n muere atrapado en su tractor tras volcar en Benissa","datePublished":"2023-09-25T18:41:55+00:00","dateModified":"2023-09-25T18:43:40+00:00","mainEntityOfPage":{"@id":"https:\/\/radiolitoral.com\/2023\/09\/un-varon-muere-atrapado-en-su-tractor-tras-volcar\/"},"wordCount":111,"commentCount":0,"publisher":{"@id":"https:\/\/radiolitoral.com\/#organization"},"image":{"@id":"https:\/\/radiolitoral.com\/2023\/09\/un-varon-muere-atrapado-en-su-tractor-tras-volcar\/#primaryimage"},"thumbnailUrl":"https:\/\/media.radiolitoral.com\/wp-content\/uploads\/2023\/09\/25204043\/ambulanc.jpg","keywords":["accidente tractor","Benissa"],"articleSection":["Sucesos"],"inLanguage":"ca","potentialAction":[{"@type":"CommentAction","name":"Comment","target":["https:\/\/radiolitoral.com\/2023\/09\/un-varon-muere-atrapado-en-su-tractor-tras-volcar\/#respond"]}]},{"@type":["WebPage","ItemPage"],"@id":"https:\/\/radiolitoral.com\/2023\/09\/un-varon-muere-atrapado-en-su-tractor-tras-volcar\/","url":"https:\/\/radiolitoral.com\/2023\/09\/un-varon-muere-atrapado-en-su-tractor-tras-volcar\/","name":"Un home mor atrapat al seu tractor despr\u00e9s de bolcar a Benissa | R\u00e0dio Litoral","isPartOf":{"@id":"https:\/\/radiolitoral.com\/#website"},"primaryImageOfPage":{"@id":"https:\/\/radiolitoral.com\/2023\/09\/un-varon-muere-atrapado-en-su-tractor-tras-volcar\/#primaryimage"},"image":{"@id":"https:\/\/radiolitoral.com\/2023\/09\/un-varon-muere-atrapado-en-su-tractor-tras-volcar\/#primaryimage"},"thumbnailUrl":"https:\/\/media.radiolitoral.com\/wp-content\/uploads\/2023\/09\/25204043\/ambulanc.jpg","datePublished":"2023-09-25T18:41:55+00:00","dateModified":"2023-09-25T18:43:40+00:00","breadcrumb":{"@id":"https:\/\/radiolitoral.com\/2023\/09\/un-varon-muere-atrapado-en-su-tractor-tras-volcar\/#breadcrumb"},"inLanguage":"ca","potentialAction":[{"@type":"ReadAction","target":["https:\/\/radiolitoral.com\/2023\/09\/un-varon-muere-atrapado-en-su-tractor-tras-volcar\/"]}]},{"@type":"ImageObject","inLanguage":"ca","@id":"https:\/\/radiolitoral.com\/2023\/09\/un-varon-muere-atrapado-en-su-tractor-tras-volcar\/#primaryimage","url":"https:\/\/media.radiolitoral.com\/wp-content\/uploads\/2023\/09\/25204043\/ambulanc.jpg","contentUrl":"https:\/\/media.radiolitoral.com\/wp-content\/uploads\/2023\/09\/25204043\/ambulanc.jpg","width":1080,"height":720},{"@type":"BreadcrumbList","@id":"https:\/\/radiolitoral.com\/2023\/09\/un-varon-muere-atrapado-en-su-tractor-tras-volcar\/#breadcrumb","itemListElement":[{"@type":"ListItem","position":1,"name":"Portada","item":"https:\/\/radiolitoral.com\/"},{"@type":"ListItem","position":2,"name":"Un var\u00f3n muere atrapado en su tractor tras volcar en Benissa"}]},{"@type":"WebSite","@id":"https:\/\/radiolitoral.com\/#website","url":"https:\/\/radiolitoral.com\/","name":"R\u00e0dio Litoral","description":"La r\u00e0dio local de la Marina Alta","publisher":{"@id":"https:\/\/radiolitoral.com\/#organization"},"alternateName":"Litoral FM","potentialAction":[{"@type":"SearchAction","target":{"@type":"EntryPoint","urlTemplate":"https:\/\/radiolitoral.com\/?s={search_term_string}"},"query-input":{"@type":"PropertyValueSpecification","valueRequired":true,"valueName":"search_term_string"}}],"inLanguage":"ca"},{"@type":"Organization","@id":"https:\/\/radiolitoral.com\/#organization","name":"R\u00e0dio Litoral","url":"https:\/\/radiolitoral.com\/","logo":{"@type":"ImageObject","inLanguage":"ca","@id":"https:\/\/radiolitoral.com\/#\/schema\/logo\/image\/","url":"https:\/\/media.radiolitoral.com\/wp-content\/uploads\/2023\/02\/24143238\/CL-V-RadioLitoral696.png","contentUrl":"https:\/\/media.radiolitoral.com\/wp-content\/uploads\/2023\/02\/24143238\/CL-V-RadioLitoral696.png","width":696,"height":696,"caption":"Radio Litoral"},"image":{"@id":"https:\/\/radiolitoral.com\/#\/schema\/logo\/image\/"},"sameAs":["https:\/\/www.facebook.com\/Laradiolitoral\/"]},{"@type":"Person","@id":"https:\/\/radiolitoral.com\/#\/schema\/person\/aad4f72efa404f85b68e832d24cac059","name":"Mel Pescuezo","image":{"@type":"ImageObject","inLanguage":"ca","@id":"https:\/\/secure.gravatar.com\/avatar\/993975ae489c70cb0dd9bfa9413a082f0bd276582dac13661af7b33f161e7eea?s=96&d=mm&r=g","url":"https:\/\/secure.gravatar.com\/avatar\/993975ae489c70cb0dd9bfa9413a082f0bd276582dac13661af7b33f161e7eea?s=96&d=mm&r=g","contentUrl":"https:\/\/secure.gravatar.com\/avatar\/993975ae489c70cb0dd9bfa9413a082f0bd276582dac13661af7b33f161e7eea?s=96&d=mm&r=g","caption":"Mel Pescuezo"},"url":"https:\/\/radiolitoral.com\/ca\/author\/serviciospararadios\/"}]}},"_links":{"self":[{"href":"https:\/\/radiolitoral.com\/ca\/wp-json\/wp\/v2\/posts\/5273","targetHints":{"allow":["GET"]}}],"collection":[{"href":"https:\/\/radiolitoral.com\/ca\/wp-json\/wp\/v2\/posts"}],"about":[{"href":"https:\/\/radiolitoral.com\/ca\/wp-json\/wp\/v2\/types\/post"}],"author":[{"embeddable":true,"href":"https:\/\/radiolitoral.com\/ca\/wp-json\/wp\/v2\/users\/21"}],"replies":[{"embeddable":true,"href":"https:\/\/radiolitoral.com\/ca\/wp-json\/wp\/v2\/comments?post=5273"}],"version-history":[{"count":2,"href":"https:\/\/radiolitoral.com\/ca\/wp-json\/wp\/v2\/posts\/5273\/revisions"}],"predecessor-version":[{"id":5277,"href":"https:\/\/radiolitoral.com\/ca\/wp-json\/wp\/v2\/posts\/5273\/revisions\/5277"}],"wp:featuredmedia":[{"embeddable":true,"href":"https:\/\/radiolitoral.com\/ca\/wp-json\/wp\/v2\/media\/5274"}],"wp:attachment":[{"href":"https:\/\/radiolitoral.com\/ca\/wp-json\/wp\/v2\/media?parent=5273"}],"wp:term":[{"taxonomy":"category","embeddable":true,"href":"https:\/\/radiolitoral.com\/ca\/wp-json\/wp\/v2\/categories?post=5273"},{"taxonomy":"post_tag","embeddable":true,"href":"https:\/\/radiolitoral.com\/ca\/wp-json\/wp\/v2\/tags?post=5273"}],"curies":[{"name":"wp","href":"https:\/\/api.w.org\/{rel}","templated":true}]}}