{"id":5268,"date":"2023-09-20T19:47:34","date_gmt":"2023-09-20T17:47:34","guid":{"rendered":"https:\/\/radiolitoral.com\/?p=5268"},"modified":"2023-09-20T19:52:24","modified_gmt":"2023-09-20T17:52:24","slug":"benitatxell-renova-la-totalitat-de-lenllumenat-public-amb-fons-europeus","status":"publish","type":"post","link":"https:\/\/radiolitoral.com\/ca\/2023\/09\/benitatxell-renueva-la-totalidad-del-alumbrado-publico-con-fondos-europeos\/","title":{"rendered":"Benitatxell renova la totalitat de l&#039;enllumenat p\u00fablic amb fons europeus"},"content":{"rendered":"<p>El Poble Nou de Benitatxell est\u00e0 a un pas de renovar gaireb\u00e9 al complet el seu enllumenat p\u00fablic \u2013que fins ara era molt vell i deficitari\u2013 i aconseguir alhora una efici\u00e8ncia energ\u00e8tica m\u00e9s gran. Despr\u00e9s de sol\u00b7licitar i aconseguir una subvenci\u00f3 de l&#039;Institut per a la Diversificaci\u00f3 i Estalvi de l&#039;Energia (IDAE), finalment l&#039;Ajuntament ha dut a terme el darrer pas d&#039;aquest proc\u00e9s abans d&#039;executar l&#039;actuaci\u00f3: la licitaci\u00f3 i l&#039;adjudicaci\u00f3 del projecte.<\/p>\n<p>El contracte, amb un pressupost base de licitaci\u00f3 de 627.039,45 euros (IVA incl\u00f2s), s&#039;ha adjudicat a la companyia Elecnor Serveis i Projectes SAU per un preu de 463.166,45 euros (IVA incl\u00f2s), fet que suposa una rebaixa del 26% sobre el preu inicial. A m\u00e9s, l&#039;empresa ha ofert com a millores la disminuci\u00f3 del termini d&#039;execuci\u00f3, que ha passat de 4 mesos a dues setmanes, i l&#039;ampliaci\u00f3 del termini de garantia de 5 a 10 anys.<\/p>\n<p>L&#039;actuaci\u00f3 inclou no nom\u00e9s la substituci\u00f3 de llumin\u00e0ries per altres de m\u00e9s eficients, sin\u00f3 que redueixin la contaminaci\u00f3 lum\u00ednica. Tamb\u00e9 la incorporaci\u00f3 de sistemes de telegesti\u00f3 i ladequaci\u00f3 dels quadres de comandament per complir amb la normativa vigent. S&#039;actuar\u00e0 sobre 26 dels 37 quadres de comandament que t\u00e9 el municipi i se substituiran 897 llumin\u00e0ries tradicionals per altres de tecnologia LED.<\/p>\n<p>S&#039;estima aconseguir un estalvi energ\u00e8tic del 62% respecte a la despesa actual, evitant aix\u00ed salts als quadres de llum per sobrec\u00e0rrega d&#039;energia. A m\u00e9s, aquesta actuaci\u00f3 permetr\u00e0 esmorteir l&#039;increment en la despesa de llum al consistori, que va passar de destinar 69.336 euros per pagar la factura de l&#039;enllumenat p\u00fablic el 2022 a pagar prop de 122.500 euros aquest 2023, gaireb\u00e9 el doble.<\/p>\n<p>El projecte est\u00e0 finan\u00e7at en gran part (en un 85%) amb un ajut de l&#039;IDAE per a inversions a projectes singulars locals d&#039;energia neta a municipis de repte demogr\u00e0fic (Programa DUS 5.000), que s&#039;emmarca en el Programa de Regeneraci\u00f3 i Repte Demogr\u00e0fic del Pla de Recuperaci\u00f3, Transformaci\u00f3 i Resili\u00e8ncia.<\/p>\n<p>Aquesta \u00e9s la segona actuaci\u00f3 que es dur\u00e0 a terme al municipi per reempla\u00e7ar els vells fanals per llumin\u00e0ries led. El 2022 ja es van substituir un total de 355 fanals amb una inversi\u00f3 de 149.907 euros entre l&#039;Ivace i el Consistori al 50%.<\/p>\n<p>I \u00e9s que des del 2020 \u00e9s un servei b\u00e0sic que l&#039;equip de govern s&#039;ha proposat millorar. Aquest any es va elaborar una auditoria energ\u00e8tica per con\u00e8ixer l&#039;estat de tota la instal\u00b7laci\u00f3 el\u00e8ctrica municipal i aix\u00ed poder optar a aquests ajuts, que en total sumen gaireb\u00e9 500.000 euros en subvencions per al canvi de llumin\u00e0ries i estalvi energ\u00e8tic.<\/p>","protected":false},"excerpt":{"rendered":"<p>El Poble Nou de Benitatxell est\u00e1 a un paso de renovar casi al completo su alumbrado p\u00fablico \u2212que hasta ahora era muy viejo y deficitario\u2212 y conseguir al mismo tiempo una mayor eficiencia energ\u00e9tica. Tras solicitar y conseguir una subvenci\u00f3n del Instituto para la Diversificaci\u00f3n y Ahorro de la Energ\u00eda (IDAE), al fin el Ayuntamiento [&#8230;]<\/p>\n<p><a class=\"btn btn-secondary understrap-read-more-link\" href=\"https:\/\/radiolitoral.com\/ca\/2023\/09\/benitatxell-renueva-la-totalidad-del-alumbrado-publico-con-fondos-europeos\/\">Continua llegint&#8230;<span class=\"screen-reader-text\"> from Benitatxell renueva la totalidad del alumbrado p\u00fablico con fondos europeos<\/span><\/a><\/p>\n","protected":false},"author":21,"featured_media":5269,"comment_status":"open","ping_status":"closed","sticky":false,"template":"","format":"standard","meta":{"_acf_changed":false,"inline_featured_image":false,"footnotes":""},"categories":[100],"tags":[184,835],"class_list":["post-5268","post","type-post","status-publish","format-standard","has-post-thumbnail","hentry","category-obras","tag-benitatxell","tag-obras","cobertura-poble-nou-de-benitatxell"],"acf":[],"yoast_head":"<!-- This site is optimized with the Yoast SEO plugin v27.5 - https:\/\/yoast.com\/product\/yoast-seo-wordpress\/ -->\n<title>Benitatxell renueva la totalidad del alumbrado p\u00fablico con fondos europeos | R\u00e0dio Litoral<\/title>\n<meta name=\"robots\" content=\"index, follow, max-snippet:-1, max-image-preview:large, max-video-preview:-1\" \/>\n<link rel=\"canonical\" href=\"https:\/\/radiolitoral.com\/ca\/2023\/09\/benitatxell-renova-la-totalitat-de-lenllumenat-public-amb-fons-europeus\/\" \/>\n<meta property=\"og:locale\" content=\"ca_ES\" \/>\n<meta property=\"og:type\" content=\"article\" \/>\n<meta property=\"og:title\" content=\"Benitatxell renueva la totalidad del alumbrado p\u00fablico con fondos europeos | R\u00e0dio Litoral\" \/>\n<meta property=\"og:url\" content=\"https:\/\/radiolitoral.com\/ca\/2023\/09\/benitatxell-renova-la-totalitat-de-lenllumenat-public-amb-fons-europeus\/\" \/>\n<meta property=\"og:site_name\" content=\"R\u00e0dio Litoral\" \/>\n<meta property=\"article:publisher\" content=\"https:\/\/www.facebook.com\/Laradiolitoral\/\" \/>\n<meta property=\"article:published_time\" content=\"2023-09-20T17:47:34+00:00\" \/>\n<meta property=\"article:modified_time\" content=\"2023-09-20T17:52:24+00:00\" \/>\n<meta property=\"og:image\" content=\"https:\/\/media.radiolitoral.com\/wp-content\/uploads\/2023\/09\/20194656\/llums-led.jpeg\" \/>\n\t<meta property=\"og:image:width\" content=\"900\" \/>\n\t<meta property=\"og:image:height\" content=\"661\" \/>\n\t<meta property=\"og:image:type\" content=\"image\/jpeg\" \/>\n<meta name=\"author\" content=\"Mel Pescuezo\" \/>\n<meta name=\"twitter:card\" content=\"summary_large_image\" \/>\n<meta name=\"twitter:label1\" content=\"Escrit per\" \/>\n\t<meta name=\"twitter:data1\" content=\"Mel Pescuezo\" \/>\n\t<meta name=\"twitter:label2\" content=\"Temps estimat de lectura\" \/>\n\t<meta name=\"twitter:data2\" content=\"2 minuts\" \/>\n<script type=\"application\/ld+json\" class=\"yoast-schema-graph\">{\"@context\":\"https:\\\/\\\/schema.org\",\"@graph\":[{\"@type\":\"NewsArticle\",\"@id\":\"https:\\\/\\\/radiolitoral.com\\\/2023\\\/09\\\/benitatxell-renueva-la-totalidad-del-alumbrado-publico-con-fondos-europeos\\\/#article\",\"isPartOf\":{\"@id\":\"https:\\\/\\\/radiolitoral.com\\\/2023\\\/09\\\/benitatxell-renueva-la-totalidad-del-alumbrado-publico-con-fondos-europeos\\\/\"},\"author\":{\"name\":\"Mel Pescuezo\",\"@id\":\"https:\\\/\\\/radiolitoral.com\\\/#\\\/schema\\\/person\\\/aad4f72efa404f85b68e832d24cac059\"},\"headline\":\"Benitatxell renueva la totalidad del alumbrado p\u00fablico con fondos europeos\",\"datePublished\":\"2023-09-20T17:47:34+00:00\",\"dateModified\":\"2023-09-20T17:52:24+00:00\",\"mainEntityOfPage\":{\"@id\":\"https:\\\/\\\/radiolitoral.com\\\/2023\\\/09\\\/benitatxell-renueva-la-totalidad-del-alumbrado-publico-con-fondos-europeos\\\/\"},\"wordCount\":472,\"commentCount\":0,\"publisher\":{\"@id\":\"https:\\\/\\\/radiolitoral.com\\\/#organization\"},\"image\":{\"@id\":\"https:\\\/\\\/radiolitoral.com\\\/2023\\\/09\\\/benitatxell-renueva-la-totalidad-del-alumbrado-publico-con-fondos-europeos\\\/#primaryimage\"},\"thumbnailUrl\":\"https:\\\/\\\/media.radiolitoral.com\\\/wp-content\\\/uploads\\\/2023\\\/09\\\/20194656\\\/llums-led.jpeg\",\"keywords\":[\"Benitatxell\",\"obras\"],\"articleSection\":[\"Obras\"],\"inLanguage\":\"ca\",\"potentialAction\":[{\"@type\":\"CommentAction\",\"name\":\"Comment\",\"target\":[\"https:\\\/\\\/radiolitoral.com\\\/2023\\\/09\\\/benitatxell-renueva-la-totalidad-del-alumbrado-publico-con-fondos-europeos\\\/#respond\"]}]},{\"@type\":[\"WebPage\",\"ItemPage\"],\"@id\":\"https:\\\/\\\/radiolitoral.com\\\/2023\\\/09\\\/benitatxell-renueva-la-totalidad-del-alumbrado-publico-con-fondos-europeos\\\/\",\"url\":\"https:\\\/\\\/radiolitoral.com\\\/2023\\\/09\\\/benitatxell-renueva-la-totalidad-del-alumbrado-publico-con-fondos-europeos\\\/\",\"name\":\"Benitatxell renueva la totalidad del alumbrado p\u00fablico con fondos europeos | R\u00e0dio Litoral\",\"isPartOf\":{\"@id\":\"https:\\\/\\\/radiolitoral.com\\\/#website\"},\"primaryImageOfPage\":{\"@id\":\"https:\\\/\\\/radiolitoral.com\\\/2023\\\/09\\\/benitatxell-renueva-la-totalidad-del-alumbrado-publico-con-fondos-europeos\\\/#primaryimage\"},\"image\":{\"@id\":\"https:\\\/\\\/radiolitoral.com\\\/2023\\\/09\\\/benitatxell-renueva-la-totalidad-del-alumbrado-publico-con-fondos-europeos\\\/#primaryimage\"},\"thumbnailUrl\":\"https:\\\/\\\/media.radiolitoral.com\\\/wp-content\\\/uploads\\\/2023\\\/09\\\/20194656\\\/llums-led.jpeg\",\"datePublished\":\"2023-09-20T17:47:34+00:00\",\"dateModified\":\"2023-09-20T17:52:24+00:00\",\"breadcrumb\":{\"@id\":\"https:\\\/\\\/radiolitoral.com\\\/2023\\\/09\\\/benitatxell-renueva-la-totalidad-del-alumbrado-publico-con-fondos-europeos\\\/#breadcrumb\"},\"inLanguage\":\"ca\",\"potentialAction\":[{\"@type\":\"ReadAction\",\"target\":[\"https:\\\/\\\/radiolitoral.com\\\/2023\\\/09\\\/benitatxell-renueva-la-totalidad-del-alumbrado-publico-con-fondos-europeos\\\/\"]}]},{\"@type\":\"ImageObject\",\"inLanguage\":\"ca\",\"@id\":\"https:\\\/\\\/radiolitoral.com\\\/2023\\\/09\\\/benitatxell-renueva-la-totalidad-del-alumbrado-publico-con-fondos-europeos\\\/#primaryimage\",\"url\":\"https:\\\/\\\/media.radiolitoral.com\\\/wp-content\\\/uploads\\\/2023\\\/09\\\/20194656\\\/llums-led.jpeg\",\"contentUrl\":\"https:\\\/\\\/media.radiolitoral.com\\\/wp-content\\\/uploads\\\/2023\\\/09\\\/20194656\\\/llums-led.jpeg\",\"width\":900,\"height\":661},{\"@type\":\"BreadcrumbList\",\"@id\":\"https:\\\/\\\/radiolitoral.com\\\/2023\\\/09\\\/benitatxell-renueva-la-totalidad-del-alumbrado-publico-con-fondos-europeos\\\/#breadcrumb\",\"itemListElement\":[{\"@type\":\"ListItem\",\"position\":1,\"name\":\"Portada\",\"item\":\"https:\\\/\\\/radiolitoral.com\\\/\"},{\"@type\":\"ListItem\",\"position\":2,\"name\":\"Benitatxell renueva la totalidad del alumbrado p\u00fablico con fondos europeos\"}]},{\"@type\":\"WebSite\",\"@id\":\"https:\\\/\\\/radiolitoral.com\\\/#website\",\"url\":\"https:\\\/\\\/radiolitoral.com\\\/\",\"name\":\"Radio Litoral\",\"description\":\"La radio local de la Marina Alta\",\"publisher\":{\"@id\":\"https:\\\/\\\/radiolitoral.com\\\/#organization\"},\"alternateName\":\"Litoral FM\",\"potentialAction\":[{\"@type\":\"SearchAction\",\"target\":{\"@type\":\"EntryPoint\",\"urlTemplate\":\"https:\\\/\\\/radiolitoral.com\\\/?s={search_term_string}\"},\"query-input\":{\"@type\":\"PropertyValueSpecification\",\"valueRequired\":true,\"valueName\":\"search_term_string\"}}],\"inLanguage\":\"ca\"},{\"@type\":\"Organization\",\"@id\":\"https:\\\/\\\/radiolitoral.com\\\/#organization\",\"name\":\"Radio Litoral\",\"url\":\"https:\\\/\\\/radiolitoral.com\\\/\",\"logo\":{\"@type\":\"ImageObject\",\"inLanguage\":\"ca\",\"@id\":\"https:\\\/\\\/radiolitoral.com\\\/#\\\/schema\\\/logo\\\/image\\\/\",\"url\":\"https:\\\/\\\/media.radiolitoral.com\\\/wp-content\\\/uploads\\\/2023\\\/02\\\/24143238\\\/CL-V-RadioLitoral696.png\",\"contentUrl\":\"https:\\\/\\\/media.radiolitoral.com\\\/wp-content\\\/uploads\\\/2023\\\/02\\\/24143238\\\/CL-V-RadioLitoral696.png\",\"width\":696,\"height\":696,\"caption\":\"Radio Litoral\"},\"image\":{\"@id\":\"https:\\\/\\\/radiolitoral.com\\\/#\\\/schema\\\/logo\\\/image\\\/\"},\"sameAs\":[\"https:\\\/\\\/www.facebook.com\\\/Laradiolitoral\\\/\"]},{\"@type\":\"Person\",\"@id\":\"https:\\\/\\\/radiolitoral.com\\\/#\\\/schema\\\/person\\\/aad4f72efa404f85b68e832d24cac059\",\"name\":\"Mel Pescuezo\",\"image\":{\"@type\":\"ImageObject\",\"inLanguage\":\"ca\",\"@id\":\"https:\\\/\\\/secure.gravatar.com\\\/avatar\\\/993975ae489c70cb0dd9bfa9413a082f0bd276582dac13661af7b33f161e7eea?s=96&d=mm&r=g\",\"url\":\"https:\\\/\\\/secure.gravatar.com\\\/avatar\\\/993975ae489c70cb0dd9bfa9413a082f0bd276582dac13661af7b33f161e7eea?s=96&d=mm&r=g\",\"contentUrl\":\"https:\\\/\\\/secure.gravatar.com\\\/avatar\\\/993975ae489c70cb0dd9bfa9413a082f0bd276582dac13661af7b33f161e7eea?s=96&d=mm&r=g\",\"caption\":\"Mel Pescuezo\"},\"url\":\"https:\\\/\\\/radiolitoral.com\\\/ca\\\/author\\\/serviciospararadios\\\/\"}]}<\/script>\n<!-- \/ Yoast SEO plugin. -->","yoast_head_json":{"title":"Benitatxell renova la totalitat de l&#039;enllumenat p\u00fablic amb fons europeus R\u00e0dio Litoral","robots":{"index":"index","follow":"follow","max-snippet":"max-snippet:-1","max-image-preview":"max-image-preview:large","max-video-preview":"max-video-preview:-1"},"canonical":"https:\/\/radiolitoral.com\/ca\/2023\/09\/benitatxell-renova-la-totalitat-de-lenllumenat-public-amb-fons-europeus\/","og_locale":"ca_ES","og_type":"article","og_title":"Benitatxell renueva la totalidad del alumbrado p\u00fablico con fondos europeos | R\u00e0dio Litoral","og_url":"https:\/\/radiolitoral.com\/ca\/2023\/09\/benitatxell-renova-la-totalitat-de-lenllumenat-public-amb-fons-europeus\/","og_site_name":"R\u00e0dio Litoral","article_publisher":"https:\/\/www.facebook.com\/Laradiolitoral\/","article_published_time":"2023-09-20T17:47:34+00:00","article_modified_time":"2023-09-20T17:52:24+00:00","og_image":[{"width":900,"height":661,"url":"https:\/\/media.radiolitoral.com\/wp-content\/uploads\/2023\/09\/20194656\/llums-led.jpeg","type":"image\/jpeg"}],"author":"Mel Pescuezo","twitter_card":"summary_large_image","twitter_misc":{"Escrit per":"Mel Pescuezo","Temps estimat de lectura":"2 minuts"},"schema":{"@context":"https:\/\/schema.org","@graph":[{"@type":"NewsArticle","@id":"https:\/\/radiolitoral.com\/2023\/09\/benitatxell-renueva-la-totalidad-del-alumbrado-publico-con-fondos-europeos\/#article","isPartOf":{"@id":"https:\/\/radiolitoral.com\/2023\/09\/benitatxell-renueva-la-totalidad-del-alumbrado-publico-con-fondos-europeos\/"},"author":{"name":"Mel Pescuezo","@id":"https:\/\/radiolitoral.com\/#\/schema\/person\/aad4f72efa404f85b68e832d24cac059"},"headline":"Benitatxell renueva la totalidad del alumbrado p\u00fablico con fondos europeos","datePublished":"2023-09-20T17:47:34+00:00","dateModified":"2023-09-20T17:52:24+00:00","mainEntityOfPage":{"@id":"https:\/\/radiolitoral.com\/2023\/09\/benitatxell-renueva-la-totalidad-del-alumbrado-publico-con-fondos-europeos\/"},"wordCount":472,"commentCount":0,"publisher":{"@id":"https:\/\/radiolitoral.com\/#organization"},"image":{"@id":"https:\/\/radiolitoral.com\/2023\/09\/benitatxell-renueva-la-totalidad-del-alumbrado-publico-con-fondos-europeos\/#primaryimage"},"thumbnailUrl":"https:\/\/media.radiolitoral.com\/wp-content\/uploads\/2023\/09\/20194656\/llums-led.jpeg","keywords":["Benitatxell","obras"],"articleSection":["Obras"],"inLanguage":"ca","potentialAction":[{"@type":"CommentAction","name":"Comment","target":["https:\/\/radiolitoral.com\/2023\/09\/benitatxell-renueva-la-totalidad-del-alumbrado-publico-con-fondos-europeos\/#respond"]}]},{"@type":["WebPage","ItemPage"],"@id":"https:\/\/radiolitoral.com\/2023\/09\/benitatxell-renueva-la-totalidad-del-alumbrado-publico-con-fondos-europeos\/","url":"https:\/\/radiolitoral.com\/2023\/09\/benitatxell-renueva-la-totalidad-del-alumbrado-publico-con-fondos-europeos\/","name":"Benitatxell renova la totalitat de l&#039;enllumenat p\u00fablic amb fons europeus R\u00e0dio Litoral","isPartOf":{"@id":"https:\/\/radiolitoral.com\/#website"},"primaryImageOfPage":{"@id":"https:\/\/radiolitoral.com\/2023\/09\/benitatxell-renueva-la-totalidad-del-alumbrado-publico-con-fondos-europeos\/#primaryimage"},"image":{"@id":"https:\/\/radiolitoral.com\/2023\/09\/benitatxell-renueva-la-totalidad-del-alumbrado-publico-con-fondos-europeos\/#primaryimage"},"thumbnailUrl":"https:\/\/media.radiolitoral.com\/wp-content\/uploads\/2023\/09\/20194656\/llums-led.jpeg","datePublished":"2023-09-20T17:47:34+00:00","dateModified":"2023-09-20T17:52:24+00:00","breadcrumb":{"@id":"https:\/\/radiolitoral.com\/2023\/09\/benitatxell-renueva-la-totalidad-del-alumbrado-publico-con-fondos-europeos\/#breadcrumb"},"inLanguage":"ca","potentialAction":[{"@type":"ReadAction","target":["https:\/\/radiolitoral.com\/2023\/09\/benitatxell-renueva-la-totalidad-del-alumbrado-publico-con-fondos-europeos\/"]}]},{"@type":"ImageObject","inLanguage":"ca","@id":"https:\/\/radiolitoral.com\/2023\/09\/benitatxell-renueva-la-totalidad-del-alumbrado-publico-con-fondos-europeos\/#primaryimage","url":"https:\/\/media.radiolitoral.com\/wp-content\/uploads\/2023\/09\/20194656\/llums-led.jpeg","contentUrl":"https:\/\/media.radiolitoral.com\/wp-content\/uploads\/2023\/09\/20194656\/llums-led.jpeg","width":900,"height":661},{"@type":"BreadcrumbList","@id":"https:\/\/radiolitoral.com\/2023\/09\/benitatxell-renueva-la-totalidad-del-alumbrado-publico-con-fondos-europeos\/#breadcrumb","itemListElement":[{"@type":"ListItem","position":1,"name":"Portada","item":"https:\/\/radiolitoral.com\/"},{"@type":"ListItem","position":2,"name":"Benitatxell renueva la totalidad del alumbrado p\u00fablico con fondos europeos"}]},{"@type":"WebSite","@id":"https:\/\/radiolitoral.com\/#website","url":"https:\/\/radiolitoral.com\/","name":"R\u00e0dio Litoral","description":"La r\u00e0dio local de la Marina Alta","publisher":{"@id":"https:\/\/radiolitoral.com\/#organization"},"alternateName":"Litoral FM","potentialAction":[{"@type":"SearchAction","target":{"@type":"EntryPoint","urlTemplate":"https:\/\/radiolitoral.com\/?s={search_term_string}"},"query-input":{"@type":"PropertyValueSpecification","valueRequired":true,"valueName":"search_term_string"}}],"inLanguage":"ca"},{"@type":"Organization","@id":"https:\/\/radiolitoral.com\/#organization","name":"R\u00e0dio Litoral","url":"https:\/\/radiolitoral.com\/","logo":{"@type":"ImageObject","inLanguage":"ca","@id":"https:\/\/radiolitoral.com\/#\/schema\/logo\/image\/","url":"https:\/\/media.radiolitoral.com\/wp-content\/uploads\/2023\/02\/24143238\/CL-V-RadioLitoral696.png","contentUrl":"https:\/\/media.radiolitoral.com\/wp-content\/uploads\/2023\/02\/24143238\/CL-V-RadioLitoral696.png","width":696,"height":696,"caption":"Radio Litoral"},"image":{"@id":"https:\/\/radiolitoral.com\/#\/schema\/logo\/image\/"},"sameAs":["https:\/\/www.facebook.com\/Laradiolitoral\/"]},{"@type":"Person","@id":"https:\/\/radiolitoral.com\/#\/schema\/person\/aad4f72efa404f85b68e832d24cac059","name":"Mel Pescuezo","image":{"@type":"ImageObject","inLanguage":"ca","@id":"https:\/\/secure.gravatar.com\/avatar\/993975ae489c70cb0dd9bfa9413a082f0bd276582dac13661af7b33f161e7eea?s=96&d=mm&r=g","url":"https:\/\/secure.gravatar.com\/avatar\/993975ae489c70cb0dd9bfa9413a082f0bd276582dac13661af7b33f161e7eea?s=96&d=mm&r=g","contentUrl":"https:\/\/secure.gravatar.com\/avatar\/993975ae489c70cb0dd9bfa9413a082f0bd276582dac13661af7b33f161e7eea?s=96&d=mm&r=g","caption":"Mel Pescuezo"},"url":"https:\/\/radiolitoral.com\/ca\/author\/serviciospararadios\/"}]}},"_links":{"self":[{"href":"https:\/\/radiolitoral.com\/ca\/wp-json\/wp\/v2\/posts\/5268","targetHints":{"allow":["GET"]}}],"collection":[{"href":"https:\/\/radiolitoral.com\/ca\/wp-json\/wp\/v2\/posts"}],"about":[{"href":"https:\/\/radiolitoral.com\/ca\/wp-json\/wp\/v2\/types\/post"}],"author":[{"embeddable":true,"href":"https:\/\/radiolitoral.com\/ca\/wp-json\/wp\/v2\/users\/21"}],"replies":[{"embeddable":true,"href":"https:\/\/radiolitoral.com\/ca\/wp-json\/wp\/v2\/comments?post=5268"}],"version-history":[{"count":1,"href":"https:\/\/radiolitoral.com\/ca\/wp-json\/wp\/v2\/posts\/5268\/revisions"}],"predecessor-version":[{"id":5270,"href":"https:\/\/radiolitoral.com\/ca\/wp-json\/wp\/v2\/posts\/5268\/revisions\/5270"}],"wp:featuredmedia":[{"embeddable":true,"href":"https:\/\/radiolitoral.com\/ca\/wp-json\/wp\/v2\/media\/5269"}],"wp:attachment":[{"href":"https:\/\/radiolitoral.com\/ca\/wp-json\/wp\/v2\/media?parent=5268"}],"wp:term":[{"taxonomy":"category","embeddable":true,"href":"https:\/\/radiolitoral.com\/ca\/wp-json\/wp\/v2\/categories?post=5268"},{"taxonomy":"post_tag","embeddable":true,"href":"https:\/\/radiolitoral.com\/ca\/wp-json\/wp\/v2\/tags?post=5268"}],"curies":[{"name":"wp","href":"https:\/\/api.w.org\/{rel}","templated":true}]}}