{"id":5194,"date":"2023-09-13T18:03:40","date_gmt":"2023-09-13T16:03:40","guid":{"rendered":"https:\/\/radiolitoral.com\/?p=5194"},"modified":"2023-09-13T18:05:44","modified_gmt":"2023-09-13T16:05:44","slug":"lesglesia-parroquial-de-santa-catalina-martir-de-tellada-aquesta-en-obres","status":"publish","type":"post","link":"https:\/\/radiolitoral.com\/ca\/2023\/09\/la-iglesia-parroquial-de-santa-catalina-martir-de-teulada-esta-en-obras\/","title":{"rendered":"L&#039;Esgl\u00e9sia Parroquial de Santa Caterina M\u00e0rtir de Teulada est\u00e0 en obres"},"content":{"rendered":"<p>Les obres de restauraci\u00f3 de l&#039;Esgl\u00e9sia Parroquial de Santa Caterina M\u00e0rtir de Teulada ja estan en curs, un projecte valorat en 48.397,92\u20ac, dels quals 36.298,44\u20ac s\u00f3n subvencionats per la Diputaci\u00f3 Provincial d&#039;Alacant. Aquesta actuaci\u00f3 es troba inclosa a la campanya per a la rehabilitaci\u00f3 de monuments de titularitat municipal i esgl\u00e9sies de 2022 i est\u00e0 dirigida per l&#039;arquitecte Antoni Banyuls.<\/p>\n<p>Aquestes obres es troben sota la supervisi\u00f3 de la regidoria de Cultura i el seu objectiu principal \u00e9s conservar i protegir un dels monuments m\u00e9s emblem\u00e0tics de la localitat. Una actuaci\u00f3 que es dur\u00e0 a terme amb exactitud i rigor perqu\u00e8 es tracta d&#039;un edifici declarat B\u00e9 d&#039;Inter\u00e8s Cultural (BIC)\u201d, ha assenyalat la regidora. Les actuacions a la fa\u00e7ana meridional es poden resumir en tres fases: lestudi arqueol\u00f2gic i arquitect\u00f2nic; reparacions de desperfectes; i actuacions de renovaci\u00f3 i conservaci\u00f3.<\/p>\n<p>A la primera fase, s&#039;est\u00e0 procedint a l&#039;estudi arqueol\u00f2gic de l&#039;arquitectura, per treure a la llum part de la terrassa del pas de ronda sobre la muralla de la fortalesa, cosa que permetr\u00e0 con\u00e8ixer els nexes entre els diferents dispositius de fortificaci\u00f3, com ara s\u00f3n les restes del baluard circular trobat a les excavacions arqueol\u00f2giques realitzades el 2008 a la pla\u00e7a de l&#039;Esgl\u00e9sia. Aquest estudi arqueol\u00f2gic i arquitect\u00f2nic amb inter\u00e8s cient\u00edfic permetr\u00e0 obtenir un coneixement m\u00e9s rigor\u00f3s de la f\u00e0brica, del pas de ronda sobre la muralla que facilitava l&#039;acc\u00e9s a la barbacana, el qual revertir\u00e0 en una comprensi\u00f3 m\u00e9s gran dels valors patrimonials del monument.<\/p>\n<p>En segon lloc, l\u201factuaci\u00f3 se centrar\u00e0 en la reparaci\u00f3 de la coberta de teula sobre dues de les cinc capelles de la fa\u00e7ana meridional, amb protecci\u00f3 contra la penetraci\u00f3 de l\u201faigua de pluja en aquest mur i f\u00e0briques de l\u201finterior de la nau de l\u201fesgl\u00e9sia.<\/p>\n<p>I, en tercer lloc, l&#039;eliminaci\u00f3 d&#039;un tram del revestiment continu de les f\u00e0briques p\u00e8tries de la fa\u00e7ana meridional, fet amb morter de cal\u00e7, guix i arrebossats de ciment (ara en descomposici\u00f3 i mal estat), que s&#039;ha aplicat a la fa\u00e7ana en diferents \u00e8poques; neteja i consolidaci\u00f3 dels carreus de pedra sorrenca de la portada lateral.<\/p>\n<p>Durant la visita d&#039;obres per part de l&#039;alcalde, Raul Llobell, la regidora de l&#039;\u00e0rea, Rosana Caselles i els t\u00e8cnics de l&#039;Ajuntament, es va informar de les primeres troballes arqueol\u00f2giques sota la construcci\u00f3.<\/p>\n<p>\u201cS&#039;han trobat restes d&#039;obres anteriors que podrien ser rescatades i restaurades per a la preservaci\u00f3 del patrimoni arqueol\u00f2gic i cultural del BIC. Per\u00f2 per aix\u00f2 esperarem que acabin els procediments pertinents i aix\u00ed poder estudiar quina \u00e9s la millor manera de conservar i mostrar al p\u00fablic la hist\u00f2ria d&#039;aquesta antiga fortificaci\u00f3\u201d ha declarat l&#039;alcalde.<\/p>","protected":false},"excerpt":{"rendered":"<p>Las obras de restauraci\u00f3n de la Iglesia Parroquial de Santa Catalina M\u00e1rtir de Teulada ya est\u00e1n en curso, un proyecto valorado en 48.397,92 \u20ac, de los cuales 36.298,44 \u20ac son subvencionados por la Diputaci\u00f3n Provincial de Alicante. Esta actuaci\u00f3n se encuentra incluida en la campa\u00f1a para la rehabilitaci\u00f3n de monumentos de titularidad municipal e iglesias [&#8230;]<\/p>\n<p><a class=\"btn btn-secondary understrap-read-more-link\" href=\"https:\/\/radiolitoral.com\/ca\/2023\/09\/la-iglesia-parroquial-de-santa-catalina-martir-de-teulada-esta-en-obras\/\">Continua llegint&#8230;<span class=\"screen-reader-text\"> from La Iglesia Parroquial de Santa Catalina M\u00e1rtir de Teulada est\u00e1 en obras<\/span><\/a><\/p>\n","protected":false},"author":21,"featured_media":5195,"comment_status":"open","ping_status":"closed","sticky":false,"template":"","format":"standard","meta":{"_acf_changed":false,"inline_featured_image":false,"footnotes":""},"categories":[100],"tags":[836,835,146],"class_list":["post-5194","post","type-post","status-publish","format-standard","has-post-thumbnail","hentry","category-obras","tag-iglesia-teulada","tag-obras","tag-teulada","cobertura-teulada-moraira"],"acf":[],"yoast_head":"<!-- This site is optimized with the Yoast SEO plugin v27.5 - https:\/\/yoast.com\/product\/yoast-seo-wordpress\/ -->\n<title>La Iglesia Parroquial de Santa Catalina M\u00e1rtir de Teulada est\u00e1 en obras | R\u00e0dio Litoral<\/title>\n<meta name=\"robots\" content=\"index, follow, max-snippet:-1, max-image-preview:large, max-video-preview:-1\" \/>\n<link rel=\"canonical\" href=\"https:\/\/radiolitoral.com\/ca\/2023\/09\/lesglesia-parroquial-de-santa-catalina-martir-de-tellada-aquesta-en-obres\/\" \/>\n<meta property=\"og:locale\" content=\"ca_ES\" \/>\n<meta property=\"og:type\" content=\"article\" \/>\n<meta property=\"og:title\" content=\"La Iglesia Parroquial de Santa Catalina M\u00e1rtir de Teulada est\u00e1 en obras | R\u00e0dio Litoral\" \/>\n<meta property=\"og:url\" content=\"https:\/\/radiolitoral.com\/ca\/2023\/09\/lesglesia-parroquial-de-santa-catalina-martir-de-tellada-aquesta-en-obres\/\" \/>\n<meta property=\"og:site_name\" content=\"R\u00e0dio Litoral\" \/>\n<meta property=\"article:publisher\" content=\"https:\/\/www.facebook.com\/Laradiolitoral\/\" \/>\n<meta property=\"article:published_time\" content=\"2023-09-13T16:03:40+00:00\" \/>\n<meta property=\"article:modified_time\" content=\"2023-09-13T16:05:44+00:00\" \/>\n<meta property=\"og:image\" content=\"https:\/\/media.radiolitoral.com\/wp-content\/uploads\/2023\/09\/13180014\/IMG_6200-scaled.jpg\" \/>\n\t<meta property=\"og:image:width\" content=\"2560\" \/>\n\t<meta property=\"og:image:height\" content=\"1707\" \/>\n\t<meta property=\"og:image:type\" content=\"image\/jpeg\" \/>\n<meta name=\"author\" content=\"Mel Pescuezo\" \/>\n<meta name=\"twitter:card\" content=\"summary_large_image\" \/>\n<meta name=\"twitter:label1\" content=\"Escrit per\" \/>\n\t<meta name=\"twitter:data1\" content=\"Mel Pescuezo\" \/>\n\t<meta name=\"twitter:label2\" content=\"Temps estimat de lectura\" \/>\n\t<meta name=\"twitter:data2\" content=\"3 minuts\" \/>\n<script type=\"application\/ld+json\" class=\"yoast-schema-graph\">{\"@context\":\"https:\\\/\\\/schema.org\",\"@graph\":[{\"@type\":\"NewsArticle\",\"@id\":\"https:\\\/\\\/radiolitoral.com\\\/2023\\\/09\\\/la-iglesia-parroquial-de-santa-catalina-martir-de-teulada-esta-en-obras\\\/#article\",\"isPartOf\":{\"@id\":\"https:\\\/\\\/radiolitoral.com\\\/2023\\\/09\\\/la-iglesia-parroquial-de-santa-catalina-martir-de-teulada-esta-en-obras\\\/\"},\"author\":{\"name\":\"Mel Pescuezo\",\"@id\":\"https:\\\/\\\/radiolitoral.com\\\/#\\\/schema\\\/person\\\/aad4f72efa404f85b68e832d24cac059\"},\"headline\":\"La Iglesia Parroquial de Santa Catalina M\u00e1rtir de Teulada est\u00e1 en obras\",\"datePublished\":\"2023-09-13T16:03:40+00:00\",\"dateModified\":\"2023-09-13T16:05:44+00:00\",\"mainEntityOfPage\":{\"@id\":\"https:\\\/\\\/radiolitoral.com\\\/2023\\\/09\\\/la-iglesia-parroquial-de-santa-catalina-martir-de-teulada-esta-en-obras\\\/\"},\"wordCount\":506,\"commentCount\":0,\"publisher\":{\"@id\":\"https:\\\/\\\/radiolitoral.com\\\/#organization\"},\"image\":{\"@id\":\"https:\\\/\\\/radiolitoral.com\\\/2023\\\/09\\\/la-iglesia-parroquial-de-santa-catalina-martir-de-teulada-esta-en-obras\\\/#primaryimage\"},\"thumbnailUrl\":\"https:\\\/\\\/media.radiolitoral.com\\\/wp-content\\\/uploads\\\/2023\\\/09\\\/13180014\\\/IMG_6200-scaled.jpg\",\"keywords\":[\"iglesia Teulada\",\"obras\",\"Teulada\"],\"articleSection\":[\"Obras\"],\"inLanguage\":\"ca\",\"potentialAction\":[{\"@type\":\"CommentAction\",\"name\":\"Comment\",\"target\":[\"https:\\\/\\\/radiolitoral.com\\\/2023\\\/09\\\/la-iglesia-parroquial-de-santa-catalina-martir-de-teulada-esta-en-obras\\\/#respond\"]}]},{\"@type\":[\"WebPage\",\"ItemPage\"],\"@id\":\"https:\\\/\\\/radiolitoral.com\\\/2023\\\/09\\\/la-iglesia-parroquial-de-santa-catalina-martir-de-teulada-esta-en-obras\\\/\",\"url\":\"https:\\\/\\\/radiolitoral.com\\\/2023\\\/09\\\/la-iglesia-parroquial-de-santa-catalina-martir-de-teulada-esta-en-obras\\\/\",\"name\":\"La Iglesia Parroquial de Santa Catalina M\u00e1rtir de Teulada est\u00e1 en obras | R\u00e0dio Litoral\",\"isPartOf\":{\"@id\":\"https:\\\/\\\/radiolitoral.com\\\/#website\"},\"primaryImageOfPage\":{\"@id\":\"https:\\\/\\\/radiolitoral.com\\\/2023\\\/09\\\/la-iglesia-parroquial-de-santa-catalina-martir-de-teulada-esta-en-obras\\\/#primaryimage\"},\"image\":{\"@id\":\"https:\\\/\\\/radiolitoral.com\\\/2023\\\/09\\\/la-iglesia-parroquial-de-santa-catalina-martir-de-teulada-esta-en-obras\\\/#primaryimage\"},\"thumbnailUrl\":\"https:\\\/\\\/media.radiolitoral.com\\\/wp-content\\\/uploads\\\/2023\\\/09\\\/13180014\\\/IMG_6200-scaled.jpg\",\"datePublished\":\"2023-09-13T16:03:40+00:00\",\"dateModified\":\"2023-09-13T16:05:44+00:00\",\"breadcrumb\":{\"@id\":\"https:\\\/\\\/radiolitoral.com\\\/2023\\\/09\\\/la-iglesia-parroquial-de-santa-catalina-martir-de-teulada-esta-en-obras\\\/#breadcrumb\"},\"inLanguage\":\"ca\",\"potentialAction\":[{\"@type\":\"ReadAction\",\"target\":[\"https:\\\/\\\/radiolitoral.com\\\/2023\\\/09\\\/la-iglesia-parroquial-de-santa-catalina-martir-de-teulada-esta-en-obras\\\/\"]}]},{\"@type\":\"ImageObject\",\"inLanguage\":\"ca\",\"@id\":\"https:\\\/\\\/radiolitoral.com\\\/2023\\\/09\\\/la-iglesia-parroquial-de-santa-catalina-martir-de-teulada-esta-en-obras\\\/#primaryimage\",\"url\":\"https:\\\/\\\/media.radiolitoral.com\\\/wp-content\\\/uploads\\\/2023\\\/09\\\/13180014\\\/IMG_6200-scaled.jpg\",\"contentUrl\":\"https:\\\/\\\/media.radiolitoral.com\\\/wp-content\\\/uploads\\\/2023\\\/09\\\/13180014\\\/IMG_6200-scaled.jpg\",\"width\":2560,\"height\":1707},{\"@type\":\"BreadcrumbList\",\"@id\":\"https:\\\/\\\/radiolitoral.com\\\/2023\\\/09\\\/la-iglesia-parroquial-de-santa-catalina-martir-de-teulada-esta-en-obras\\\/#breadcrumb\",\"itemListElement\":[{\"@type\":\"ListItem\",\"position\":1,\"name\":\"Portada\",\"item\":\"https:\\\/\\\/radiolitoral.com\\\/\"},{\"@type\":\"ListItem\",\"position\":2,\"name\":\"La Iglesia Parroquial de Santa Catalina M\u00e1rtir de Teulada est\u00e1 en obras\"}]},{\"@type\":\"WebSite\",\"@id\":\"https:\\\/\\\/radiolitoral.com\\\/#website\",\"url\":\"https:\\\/\\\/radiolitoral.com\\\/\",\"name\":\"Radio Litoral\",\"description\":\"La radio local de la Marina Alta\",\"publisher\":{\"@id\":\"https:\\\/\\\/radiolitoral.com\\\/#organization\"},\"alternateName\":\"Litoral FM\",\"potentialAction\":[{\"@type\":\"SearchAction\",\"target\":{\"@type\":\"EntryPoint\",\"urlTemplate\":\"https:\\\/\\\/radiolitoral.com\\\/?s={search_term_string}\"},\"query-input\":{\"@type\":\"PropertyValueSpecification\",\"valueRequired\":true,\"valueName\":\"search_term_string\"}}],\"inLanguage\":\"ca\"},{\"@type\":\"Organization\",\"@id\":\"https:\\\/\\\/radiolitoral.com\\\/#organization\",\"name\":\"Radio Litoral\",\"url\":\"https:\\\/\\\/radiolitoral.com\\\/\",\"logo\":{\"@type\":\"ImageObject\",\"inLanguage\":\"ca\",\"@id\":\"https:\\\/\\\/radiolitoral.com\\\/#\\\/schema\\\/logo\\\/image\\\/\",\"url\":\"https:\\\/\\\/media.radiolitoral.com\\\/wp-content\\\/uploads\\\/2023\\\/02\\\/24143238\\\/CL-V-RadioLitoral696.png\",\"contentUrl\":\"https:\\\/\\\/media.radiolitoral.com\\\/wp-content\\\/uploads\\\/2023\\\/02\\\/24143238\\\/CL-V-RadioLitoral696.png\",\"width\":696,\"height\":696,\"caption\":\"Radio Litoral\"},\"image\":{\"@id\":\"https:\\\/\\\/radiolitoral.com\\\/#\\\/schema\\\/logo\\\/image\\\/\"},\"sameAs\":[\"https:\\\/\\\/www.facebook.com\\\/Laradiolitoral\\\/\"]},{\"@type\":\"Person\",\"@id\":\"https:\\\/\\\/radiolitoral.com\\\/#\\\/schema\\\/person\\\/aad4f72efa404f85b68e832d24cac059\",\"name\":\"Mel Pescuezo\",\"image\":{\"@type\":\"ImageObject\",\"inLanguage\":\"ca\",\"@id\":\"https:\\\/\\\/secure.gravatar.com\\\/avatar\\\/993975ae489c70cb0dd9bfa9413a082f0bd276582dac13661af7b33f161e7eea?s=96&d=mm&r=g\",\"url\":\"https:\\\/\\\/secure.gravatar.com\\\/avatar\\\/993975ae489c70cb0dd9bfa9413a082f0bd276582dac13661af7b33f161e7eea?s=96&d=mm&r=g\",\"contentUrl\":\"https:\\\/\\\/secure.gravatar.com\\\/avatar\\\/993975ae489c70cb0dd9bfa9413a082f0bd276582dac13661af7b33f161e7eea?s=96&d=mm&r=g\",\"caption\":\"Mel Pescuezo\"},\"url\":\"https:\\\/\\\/radiolitoral.com\\\/ca\\\/author\\\/serviciospararadios\\\/\"}]}<\/script>\n<!-- \/ Yoast SEO plugin. -->","yoast_head_json":{"title":"L&#039;Esgl\u00e9sia Parroquial de Santa Caterina M\u00e0rtir de Teulada est\u00e0 en obres | R\u00e0dio Litoral","robots":{"index":"index","follow":"follow","max-snippet":"max-snippet:-1","max-image-preview":"max-image-preview:large","max-video-preview":"max-video-preview:-1"},"canonical":"https:\/\/radiolitoral.com\/ca\/2023\/09\/lesglesia-parroquial-de-santa-catalina-martir-de-tellada-aquesta-en-obres\/","og_locale":"ca_ES","og_type":"article","og_title":"La Iglesia Parroquial de Santa Catalina M\u00e1rtir de Teulada est\u00e1 en obras | R\u00e0dio Litoral","og_url":"https:\/\/radiolitoral.com\/ca\/2023\/09\/lesglesia-parroquial-de-santa-catalina-martir-de-tellada-aquesta-en-obres\/","og_site_name":"R\u00e0dio Litoral","article_publisher":"https:\/\/www.facebook.com\/Laradiolitoral\/","article_published_time":"2023-09-13T16:03:40+00:00","article_modified_time":"2023-09-13T16:05:44+00:00","og_image":[{"width":2560,"height":1707,"url":"https:\/\/media.radiolitoral.com\/wp-content\/uploads\/2023\/09\/13180014\/IMG_6200-scaled.jpg","type":"image\/jpeg"}],"author":"Mel Pescuezo","twitter_card":"summary_large_image","twitter_misc":{"Escrit per":"Mel Pescuezo","Temps estimat de lectura":"3 minuts"},"schema":{"@context":"https:\/\/schema.org","@graph":[{"@type":"NewsArticle","@id":"https:\/\/radiolitoral.com\/2023\/09\/la-iglesia-parroquial-de-santa-catalina-martir-de-teulada-esta-en-obras\/#article","isPartOf":{"@id":"https:\/\/radiolitoral.com\/2023\/09\/la-iglesia-parroquial-de-santa-catalina-martir-de-teulada-esta-en-obras\/"},"author":{"name":"Mel Pescuezo","@id":"https:\/\/radiolitoral.com\/#\/schema\/person\/aad4f72efa404f85b68e832d24cac059"},"headline":"La Iglesia Parroquial de Santa Catalina M\u00e1rtir de Teulada est\u00e1 en obras","datePublished":"2023-09-13T16:03:40+00:00","dateModified":"2023-09-13T16:05:44+00:00","mainEntityOfPage":{"@id":"https:\/\/radiolitoral.com\/2023\/09\/la-iglesia-parroquial-de-santa-catalina-martir-de-teulada-esta-en-obras\/"},"wordCount":506,"commentCount":0,"publisher":{"@id":"https:\/\/radiolitoral.com\/#organization"},"image":{"@id":"https:\/\/radiolitoral.com\/2023\/09\/la-iglesia-parroquial-de-santa-catalina-martir-de-teulada-esta-en-obras\/#primaryimage"},"thumbnailUrl":"https:\/\/media.radiolitoral.com\/wp-content\/uploads\/2023\/09\/13180014\/IMG_6200-scaled.jpg","keywords":["iglesia Teulada","obras","Teulada"],"articleSection":["Obras"],"inLanguage":"ca","potentialAction":[{"@type":"CommentAction","name":"Comment","target":["https:\/\/radiolitoral.com\/2023\/09\/la-iglesia-parroquial-de-santa-catalina-martir-de-teulada-esta-en-obras\/#respond"]}]},{"@type":["WebPage","ItemPage"],"@id":"https:\/\/radiolitoral.com\/2023\/09\/la-iglesia-parroquial-de-santa-catalina-martir-de-teulada-esta-en-obras\/","url":"https:\/\/radiolitoral.com\/2023\/09\/la-iglesia-parroquial-de-santa-catalina-martir-de-teulada-esta-en-obras\/","name":"L&#039;Esgl\u00e9sia Parroquial de Santa Caterina M\u00e0rtir de Teulada est\u00e0 en obres | R\u00e0dio Litoral","isPartOf":{"@id":"https:\/\/radiolitoral.com\/#website"},"primaryImageOfPage":{"@id":"https:\/\/radiolitoral.com\/2023\/09\/la-iglesia-parroquial-de-santa-catalina-martir-de-teulada-esta-en-obras\/#primaryimage"},"image":{"@id":"https:\/\/radiolitoral.com\/2023\/09\/la-iglesia-parroquial-de-santa-catalina-martir-de-teulada-esta-en-obras\/#primaryimage"},"thumbnailUrl":"https:\/\/media.radiolitoral.com\/wp-content\/uploads\/2023\/09\/13180014\/IMG_6200-scaled.jpg","datePublished":"2023-09-13T16:03:40+00:00","dateModified":"2023-09-13T16:05:44+00:00","breadcrumb":{"@id":"https:\/\/radiolitoral.com\/2023\/09\/la-iglesia-parroquial-de-santa-catalina-martir-de-teulada-esta-en-obras\/#breadcrumb"},"inLanguage":"ca","potentialAction":[{"@type":"ReadAction","target":["https:\/\/radiolitoral.com\/2023\/09\/la-iglesia-parroquial-de-santa-catalina-martir-de-teulada-esta-en-obras\/"]}]},{"@type":"ImageObject","inLanguage":"ca","@id":"https:\/\/radiolitoral.com\/2023\/09\/la-iglesia-parroquial-de-santa-catalina-martir-de-teulada-esta-en-obras\/#primaryimage","url":"https:\/\/media.radiolitoral.com\/wp-content\/uploads\/2023\/09\/13180014\/IMG_6200-scaled.jpg","contentUrl":"https:\/\/media.radiolitoral.com\/wp-content\/uploads\/2023\/09\/13180014\/IMG_6200-scaled.jpg","width":2560,"height":1707},{"@type":"BreadcrumbList","@id":"https:\/\/radiolitoral.com\/2023\/09\/la-iglesia-parroquial-de-santa-catalina-martir-de-teulada-esta-en-obras\/#breadcrumb","itemListElement":[{"@type":"ListItem","position":1,"name":"Portada","item":"https:\/\/radiolitoral.com\/"},{"@type":"ListItem","position":2,"name":"La Iglesia Parroquial de Santa Catalina M\u00e1rtir de Teulada est\u00e1 en obras"}]},{"@type":"WebSite","@id":"https:\/\/radiolitoral.com\/#website","url":"https:\/\/radiolitoral.com\/","name":"R\u00e0dio Litoral","description":"La r\u00e0dio local de la Marina Alta","publisher":{"@id":"https:\/\/radiolitoral.com\/#organization"},"alternateName":"Litoral FM","potentialAction":[{"@type":"SearchAction","target":{"@type":"EntryPoint","urlTemplate":"https:\/\/radiolitoral.com\/?s={search_term_string}"},"query-input":{"@type":"PropertyValueSpecification","valueRequired":true,"valueName":"search_term_string"}}],"inLanguage":"ca"},{"@type":"Organization","@id":"https:\/\/radiolitoral.com\/#organization","name":"R\u00e0dio Litoral","url":"https:\/\/radiolitoral.com\/","logo":{"@type":"ImageObject","inLanguage":"ca","@id":"https:\/\/radiolitoral.com\/#\/schema\/logo\/image\/","url":"https:\/\/media.radiolitoral.com\/wp-content\/uploads\/2023\/02\/24143238\/CL-V-RadioLitoral696.png","contentUrl":"https:\/\/media.radiolitoral.com\/wp-content\/uploads\/2023\/02\/24143238\/CL-V-RadioLitoral696.png","width":696,"height":696,"caption":"Radio Litoral"},"image":{"@id":"https:\/\/radiolitoral.com\/#\/schema\/logo\/image\/"},"sameAs":["https:\/\/www.facebook.com\/Laradiolitoral\/"]},{"@type":"Person","@id":"https:\/\/radiolitoral.com\/#\/schema\/person\/aad4f72efa404f85b68e832d24cac059","name":"Mel Pescuezo","image":{"@type":"ImageObject","inLanguage":"ca","@id":"https:\/\/secure.gravatar.com\/avatar\/993975ae489c70cb0dd9bfa9413a082f0bd276582dac13661af7b33f161e7eea?s=96&d=mm&r=g","url":"https:\/\/secure.gravatar.com\/avatar\/993975ae489c70cb0dd9bfa9413a082f0bd276582dac13661af7b33f161e7eea?s=96&d=mm&r=g","contentUrl":"https:\/\/secure.gravatar.com\/avatar\/993975ae489c70cb0dd9bfa9413a082f0bd276582dac13661af7b33f161e7eea?s=96&d=mm&r=g","caption":"Mel Pescuezo"},"url":"https:\/\/radiolitoral.com\/ca\/author\/serviciospararadios\/"}]}},"_links":{"self":[{"href":"https:\/\/radiolitoral.com\/ca\/wp-json\/wp\/v2\/posts\/5194","targetHints":{"allow":["GET"]}}],"collection":[{"href":"https:\/\/radiolitoral.com\/ca\/wp-json\/wp\/v2\/posts"}],"about":[{"href":"https:\/\/radiolitoral.com\/ca\/wp-json\/wp\/v2\/types\/post"}],"author":[{"embeddable":true,"href":"https:\/\/radiolitoral.com\/ca\/wp-json\/wp\/v2\/users\/21"}],"replies":[{"embeddable":true,"href":"https:\/\/radiolitoral.com\/ca\/wp-json\/wp\/v2\/comments?post=5194"}],"version-history":[{"count":2,"href":"https:\/\/radiolitoral.com\/ca\/wp-json\/wp\/v2\/posts\/5194\/revisions"}],"predecessor-version":[{"id":5197,"href":"https:\/\/radiolitoral.com\/ca\/wp-json\/wp\/v2\/posts\/5194\/revisions\/5197"}],"wp:featuredmedia":[{"embeddable":true,"href":"https:\/\/radiolitoral.com\/ca\/wp-json\/wp\/v2\/media\/5195"}],"wp:attachment":[{"href":"https:\/\/radiolitoral.com\/ca\/wp-json\/wp\/v2\/media?parent=5194"}],"wp:term":[{"taxonomy":"category","embeddable":true,"href":"https:\/\/radiolitoral.com\/ca\/wp-json\/wp\/v2\/categories?post=5194"},{"taxonomy":"post_tag","embeddable":true,"href":"https:\/\/radiolitoral.com\/ca\/wp-json\/wp\/v2\/tags?post=5194"}],"curies":[{"name":"wp","href":"https:\/\/api.w.org\/{rel}","templated":true}]}}