{"id":5184,"date":"2023-09-12T19:35:57","date_gmt":"2023-09-12T17:35:57","guid":{"rendered":"https:\/\/radiolitoral.com\/?p=5184"},"modified":"2023-09-12T19:43:46","modified_gmt":"2023-09-12T17:43:46","slug":"5184","status":"publish","type":"post","link":"https:\/\/radiolitoral.com\/ca\/2023\/09\/5184\/","title":{"rendered":"Cap de setmana amb l&#039;Oktoberfest a Teulada Moraira"},"content":{"rendered":"<p>Arriba l&#039;Oktoberfest a Teulada Moraira. Una tradici\u00f3 germ\u00e0nica adaptada a les nostres celebracions que es far\u00e0 del 28 de setembre a l&#039;1 d&#039;octubre.<\/p>\n<p>La Comissi\u00f3 de Festes 2024 Sant Vicent Ferrer de Teulada i la Comissi\u00f3 de Festes 2024 de Moraira, en col\u00b7laboraci\u00f3 amb l&#039;Ajuntament de Teulada, ja han presentat la programaci\u00f3 de l&#039;Oktoberfest 2023, que se celebrar\u00e0 el 28, 29 i 30 de setembre i el 1 d&#039;octubre al p\u00e0rquing de les Sorts de Moraira.<\/p>\n<p>Cita gastron\u00f2mica en qu\u00e8 no faltar\u00e0 la cervesa i alguns dels plats t\u00edpics de la cuina bavaresa. Sense oblidar les actuacions musicals.<\/p>\n<p>Els actes previstos s\u00f3n els seg\u00fcents:<\/p>\n<p><u>Dijous 28 de setembre<\/u><\/p>\n<p>19.30h. Inauguraci\u00f3 del barril amb la pres\u00e8ncia de l&#039;alcalde, regidors i presidents de les comissions de festes de Teulada i de Moraira.<\/p>\n<p>De 20h a 22h. Actuaci\u00f3 de m\u00fasica tradicional alemanya amb l?espectacle de D. Ewaldo.<\/p>\n<p><u>Divendres 29 d&#039;octubre<\/u><\/p>\n<p>De 11.00ha 04.00h. Obertura de la carpa i del servei de barra i cuina.<\/p>\n<p>De 12h a 16h i de 19h a 22h. Actuaci\u00f3 de m\u00fasica tradicional alemanya amb l?espectacle de D. Ewaldo.<\/p>\n<p>De 23.00ha 1.00h. Actuaci\u00f3 de STEREOMONS.<\/p>\n<p>De 1.00ha 4.00h. Discom\u00f2bil a c\u00e0rrec de DJ Alex Femen\u00eda.<\/p>\n<p><u>Dissabte 30 de setembre<\/u><\/p>\n<p>De 11.00ha 04.00h. Obertura de la carpa i del servei de barra i cuina.<\/p>\n<p>De 12h a 16h i de 19h a 22h. Actuaci\u00f3 de m\u00fasica tradicional alemanya amb l?espectacle de D. Ewaldo.<\/p>\n<p>De 23.00ha 1.00h. Actuaci\u00f3 de l\u00b4Orquestra Capital 90.<\/p>\n<p>De 1.00ha 4.00h. Discom\u00f2bil a c\u00e0rrec de DJ Sergio P\u00e9rez.<\/p>\n<p><u>Diumenge 1 d&#039;octubre<\/u><\/p>\n<p>D&#039;11h a 16h. Obertura de la carpa i del servei de barra i cuina.<\/p>\n<p>De 12h a 15h. Actuaci\u00f3 de m\u00fasica tradicional alemanya amb l?espectacle de D. Ewaldo.<\/p>\n<p>&nbsp;<\/p>\n<p>&nbsp;<\/p>\n<p>&nbsp;<\/p>\n<p>&nbsp;<\/p>","protected":false},"excerpt":{"rendered":"<p>Llega el Oktoberfest a Teulada Moraira. Una tradici\u00f3n germana adaptada a nuestras celebraciones que tendr\u00e1 lugar del 28 de septiembre al 1 de octubre. La Comisi\u00f3n de Fiestas 2024 Sant Vicent Ferrer de Teulada y la Comisi\u00f3n de Fiestas 2024 de Moraira, en colaboraci\u00f3n con el Ayuntamiento de Teulada, ya han presentado la programaci\u00f3n del [&#8230;]<\/p>\n<p><a class=\"btn btn-secondary understrap-read-more-link\" href=\"https:\/\/radiolitoral.com\/ca\/2023\/09\/5184\/\">Continua llegint&#8230;<span class=\"screen-reader-text\"> from Fin de semana con la Oktoberfest a Teulada Moraira<\/span><\/a><\/p>\n","protected":false},"author":21,"featured_media":5188,"comment_status":"open","ping_status":"closed","sticky":false,"template":"","format":"standard","meta":{"_acf_changed":false,"inline_featured_image":false,"footnotes":""},"categories":[276],"tags":[147,834,146],"class_list":["post-5184","post","type-post","status-publish","format-standard","has-post-thumbnail","hentry","category-fiestas","tag-moraira","tag-oktoberfest","tag-teulada","cobertura-teulada-moraira"],"acf":[],"yoast_head":"<!-- This site is optimized with the Yoast SEO plugin v27.5 - https:\/\/yoast.com\/product\/yoast-seo-wordpress\/ -->\n<title>Fin de semana con la Oktoberfest a Teulada Moraira | R\u00e0dio Litoral<\/title>\n<meta name=\"robots\" content=\"index, follow, max-snippet:-1, max-image-preview:large, max-video-preview:-1\" \/>\n<link rel=\"canonical\" href=\"https:\/\/radiolitoral.com\/ca\/2023\/09\/5184\/\" \/>\n<meta property=\"og:locale\" content=\"ca_ES\" \/>\n<meta property=\"og:type\" content=\"article\" \/>\n<meta property=\"og:title\" content=\"Fin de semana con la Oktoberfest a Teulada Moraira | R\u00e0dio Litoral\" \/>\n<meta property=\"og:url\" content=\"https:\/\/radiolitoral.com\/ca\/2023\/09\/5184\/\" \/>\n<meta property=\"og:site_name\" content=\"R\u00e0dio Litoral\" \/>\n<meta property=\"article:publisher\" content=\"https:\/\/www.facebook.com\/Laradiolitoral\/\" \/>\n<meta property=\"article:published_time\" content=\"2023-09-12T17:35:57+00:00\" \/>\n<meta property=\"article:modified_time\" content=\"2023-09-12T17:43:46+00:00\" \/>\n<meta property=\"og:image\" content=\"https:\/\/media.radiolitoral.com\/wp-content\/uploads\/2023\/09\/12194124\/Cartel-Oktoberfest-2023-Teulada-Moraira-Final5840.png\" \/>\n\t<meta property=\"og:image:width\" content=\"1080\" \/>\n\t<meta property=\"og:image:height\" content=\"1350\" \/>\n\t<meta property=\"og:image:type\" content=\"image\/png\" \/>\n<meta name=\"author\" content=\"Mel Pescuezo\" \/>\n<meta name=\"twitter:card\" content=\"summary_large_image\" \/>\n<meta name=\"twitter:label1\" content=\"Escrit per\" \/>\n\t<meta name=\"twitter:data1\" content=\"Mel Pescuezo\" \/>\n\t<meta name=\"twitter:label2\" content=\"Temps estimat de lectura\" \/>\n\t<meta name=\"twitter:data2\" content=\"2 minuts\" \/>\n<script type=\"application\/ld+json\" class=\"yoast-schema-graph\">{\"@context\":\"https:\\\/\\\/schema.org\",\"@graph\":[{\"@type\":\"NewsArticle\",\"@id\":\"https:\\\/\\\/radiolitoral.com\\\/2023\\\/09\\\/5184\\\/#article\",\"isPartOf\":{\"@id\":\"https:\\\/\\\/radiolitoral.com\\\/2023\\\/09\\\/5184\\\/\"},\"author\":{\"name\":\"Mel Pescuezo\",\"@id\":\"https:\\\/\\\/radiolitoral.com\\\/#\\\/schema\\\/person\\\/aad4f72efa404f85b68e832d24cac059\"},\"headline\":\"Fin de semana con la Oktoberfest a Teulada Moraira\",\"datePublished\":\"2023-09-12T17:35:57+00:00\",\"dateModified\":\"2023-09-12T17:43:46+00:00\",\"mainEntityOfPage\":{\"@id\":\"https:\\\/\\\/radiolitoral.com\\\/2023\\\/09\\\/5184\\\/\"},\"wordCount\":329,\"commentCount\":0,\"publisher\":{\"@id\":\"https:\\\/\\\/radiolitoral.com\\\/#organization\"},\"image\":{\"@id\":\"https:\\\/\\\/radiolitoral.com\\\/2023\\\/09\\\/5184\\\/#primaryimage\"},\"thumbnailUrl\":\"https:\\\/\\\/media.radiolitoral.com\\\/wp-content\\\/uploads\\\/2023\\\/09\\\/12194124\\\/Cartel-Oktoberfest-2023-Teulada-Moraira-Final5840.png\",\"keywords\":[\"Moraira\",\"Oktoberfest\",\"Teulada\"],\"articleSection\":[\"Fiestas\"],\"inLanguage\":\"ca\",\"potentialAction\":[{\"@type\":\"CommentAction\",\"name\":\"Comment\",\"target\":[\"https:\\\/\\\/radiolitoral.com\\\/2023\\\/09\\\/5184\\\/#respond\"]}]},{\"@type\":[\"WebPage\",\"ItemPage\"],\"@id\":\"https:\\\/\\\/radiolitoral.com\\\/2023\\\/09\\\/5184\\\/\",\"url\":\"https:\\\/\\\/radiolitoral.com\\\/2023\\\/09\\\/5184\\\/\",\"name\":\"Fin de semana con la Oktoberfest a Teulada Moraira | R\u00e0dio Litoral\",\"isPartOf\":{\"@id\":\"https:\\\/\\\/radiolitoral.com\\\/#website\"},\"primaryImageOfPage\":{\"@id\":\"https:\\\/\\\/radiolitoral.com\\\/2023\\\/09\\\/5184\\\/#primaryimage\"},\"image\":{\"@id\":\"https:\\\/\\\/radiolitoral.com\\\/2023\\\/09\\\/5184\\\/#primaryimage\"},\"thumbnailUrl\":\"https:\\\/\\\/media.radiolitoral.com\\\/wp-content\\\/uploads\\\/2023\\\/09\\\/12194124\\\/Cartel-Oktoberfest-2023-Teulada-Moraira-Final5840.png\",\"datePublished\":\"2023-09-12T17:35:57+00:00\",\"dateModified\":\"2023-09-12T17:43:46+00:00\",\"breadcrumb\":{\"@id\":\"https:\\\/\\\/radiolitoral.com\\\/2023\\\/09\\\/5184\\\/#breadcrumb\"},\"inLanguage\":\"ca\",\"potentialAction\":[{\"@type\":\"ReadAction\",\"target\":[\"https:\\\/\\\/radiolitoral.com\\\/2023\\\/09\\\/5184\\\/\"]}]},{\"@type\":\"ImageObject\",\"inLanguage\":\"ca\",\"@id\":\"https:\\\/\\\/radiolitoral.com\\\/2023\\\/09\\\/5184\\\/#primaryimage\",\"url\":\"https:\\\/\\\/media.radiolitoral.com\\\/wp-content\\\/uploads\\\/2023\\\/09\\\/12194124\\\/Cartel-Oktoberfest-2023-Teulada-Moraira-Final5840.png\",\"contentUrl\":\"https:\\\/\\\/media.radiolitoral.com\\\/wp-content\\\/uploads\\\/2023\\\/09\\\/12194124\\\/Cartel-Oktoberfest-2023-Teulada-Moraira-Final5840.png\",\"width\":1080,\"height\":1350},{\"@type\":\"BreadcrumbList\",\"@id\":\"https:\\\/\\\/radiolitoral.com\\\/2023\\\/09\\\/5184\\\/#breadcrumb\",\"itemListElement\":[{\"@type\":\"ListItem\",\"position\":1,\"name\":\"Portada\",\"item\":\"https:\\\/\\\/radiolitoral.com\\\/\"},{\"@type\":\"ListItem\",\"position\":2,\"name\":\"Fin de semana con la Oktoberfest a Teulada Moraira\"}]},{\"@type\":\"WebSite\",\"@id\":\"https:\\\/\\\/radiolitoral.com\\\/#website\",\"url\":\"https:\\\/\\\/radiolitoral.com\\\/\",\"name\":\"Radio Litoral\",\"description\":\"La radio local de la Marina Alta\",\"publisher\":{\"@id\":\"https:\\\/\\\/radiolitoral.com\\\/#organization\"},\"alternateName\":\"Litoral FM\",\"potentialAction\":[{\"@type\":\"SearchAction\",\"target\":{\"@type\":\"EntryPoint\",\"urlTemplate\":\"https:\\\/\\\/radiolitoral.com\\\/?s={search_term_string}\"},\"query-input\":{\"@type\":\"PropertyValueSpecification\",\"valueRequired\":true,\"valueName\":\"search_term_string\"}}],\"inLanguage\":\"ca\"},{\"@type\":\"Organization\",\"@id\":\"https:\\\/\\\/radiolitoral.com\\\/#organization\",\"name\":\"Radio Litoral\",\"url\":\"https:\\\/\\\/radiolitoral.com\\\/\",\"logo\":{\"@type\":\"ImageObject\",\"inLanguage\":\"ca\",\"@id\":\"https:\\\/\\\/radiolitoral.com\\\/#\\\/schema\\\/logo\\\/image\\\/\",\"url\":\"https:\\\/\\\/media.radiolitoral.com\\\/wp-content\\\/uploads\\\/2023\\\/02\\\/24143238\\\/CL-V-RadioLitoral696.png\",\"contentUrl\":\"https:\\\/\\\/media.radiolitoral.com\\\/wp-content\\\/uploads\\\/2023\\\/02\\\/24143238\\\/CL-V-RadioLitoral696.png\",\"width\":696,\"height\":696,\"caption\":\"Radio Litoral\"},\"image\":{\"@id\":\"https:\\\/\\\/radiolitoral.com\\\/#\\\/schema\\\/logo\\\/image\\\/\"},\"sameAs\":[\"https:\\\/\\\/www.facebook.com\\\/Laradiolitoral\\\/\"]},{\"@type\":\"Person\",\"@id\":\"https:\\\/\\\/radiolitoral.com\\\/#\\\/schema\\\/person\\\/aad4f72efa404f85b68e832d24cac059\",\"name\":\"Mel Pescuezo\",\"image\":{\"@type\":\"ImageObject\",\"inLanguage\":\"ca\",\"@id\":\"https:\\\/\\\/secure.gravatar.com\\\/avatar\\\/993975ae489c70cb0dd9bfa9413a082f0bd276582dac13661af7b33f161e7eea?s=96&d=mm&r=g\",\"url\":\"https:\\\/\\\/secure.gravatar.com\\\/avatar\\\/993975ae489c70cb0dd9bfa9413a082f0bd276582dac13661af7b33f161e7eea?s=96&d=mm&r=g\",\"contentUrl\":\"https:\\\/\\\/secure.gravatar.com\\\/avatar\\\/993975ae489c70cb0dd9bfa9413a082f0bd276582dac13661af7b33f161e7eea?s=96&d=mm&r=g\",\"caption\":\"Mel Pescuezo\"},\"url\":\"https:\\\/\\\/radiolitoral.com\\\/ca\\\/author\\\/serviciospararadios\\\/\"}]}<\/script>\n<!-- \/ Yoast SEO plugin. -->","yoast_head_json":{"title":"Cap de setmana amb l&#039;Oktoberfest a Teulada Moraira | R\u00e0dio Litoral","robots":{"index":"index","follow":"follow","max-snippet":"max-snippet:-1","max-image-preview":"max-image-preview:large","max-video-preview":"max-video-preview:-1"},"canonical":"https:\/\/radiolitoral.com\/ca\/2023\/09\/5184\/","og_locale":"ca_ES","og_type":"article","og_title":"Fin de semana con la Oktoberfest a Teulada Moraira | R\u00e0dio Litoral","og_url":"https:\/\/radiolitoral.com\/ca\/2023\/09\/5184\/","og_site_name":"R\u00e0dio Litoral","article_publisher":"https:\/\/www.facebook.com\/Laradiolitoral\/","article_published_time":"2023-09-12T17:35:57+00:00","article_modified_time":"2023-09-12T17:43:46+00:00","og_image":[{"width":1080,"height":1350,"url":"https:\/\/media.radiolitoral.com\/wp-content\/uploads\/2023\/09\/12194124\/Cartel-Oktoberfest-2023-Teulada-Moraira-Final5840.png","type":"image\/png"}],"author":"Mel Pescuezo","twitter_card":"summary_large_image","twitter_misc":{"Escrit per":"Mel Pescuezo","Temps estimat de lectura":"2 minuts"},"schema":{"@context":"https:\/\/schema.org","@graph":[{"@type":"NewsArticle","@id":"https:\/\/radiolitoral.com\/2023\/09\/5184\/#article","isPartOf":{"@id":"https:\/\/radiolitoral.com\/2023\/09\/5184\/"},"author":{"name":"Mel Pescuezo","@id":"https:\/\/radiolitoral.com\/#\/schema\/person\/aad4f72efa404f85b68e832d24cac059"},"headline":"Fin de semana con la Oktoberfest a Teulada Moraira","datePublished":"2023-09-12T17:35:57+00:00","dateModified":"2023-09-12T17:43:46+00:00","mainEntityOfPage":{"@id":"https:\/\/radiolitoral.com\/2023\/09\/5184\/"},"wordCount":329,"commentCount":0,"publisher":{"@id":"https:\/\/radiolitoral.com\/#organization"},"image":{"@id":"https:\/\/radiolitoral.com\/2023\/09\/5184\/#primaryimage"},"thumbnailUrl":"https:\/\/media.radiolitoral.com\/wp-content\/uploads\/2023\/09\/12194124\/Cartel-Oktoberfest-2023-Teulada-Moraira-Final5840.png","keywords":["Moraira","Oktoberfest","Teulada"],"articleSection":["Fiestas"],"inLanguage":"ca","potentialAction":[{"@type":"CommentAction","name":"Comment","target":["https:\/\/radiolitoral.com\/2023\/09\/5184\/#respond"]}]},{"@type":["WebPage","ItemPage"],"@id":"https:\/\/radiolitoral.com\/2023\/09\/5184\/","url":"https:\/\/radiolitoral.com\/2023\/09\/5184\/","name":"Cap de setmana amb l&#039;Oktoberfest a Teulada Moraira | R\u00e0dio Litoral","isPartOf":{"@id":"https:\/\/radiolitoral.com\/#website"},"primaryImageOfPage":{"@id":"https:\/\/radiolitoral.com\/2023\/09\/5184\/#primaryimage"},"image":{"@id":"https:\/\/radiolitoral.com\/2023\/09\/5184\/#primaryimage"},"thumbnailUrl":"https:\/\/media.radiolitoral.com\/wp-content\/uploads\/2023\/09\/12194124\/Cartel-Oktoberfest-2023-Teulada-Moraira-Final5840.png","datePublished":"2023-09-12T17:35:57+00:00","dateModified":"2023-09-12T17:43:46+00:00","breadcrumb":{"@id":"https:\/\/radiolitoral.com\/2023\/09\/5184\/#breadcrumb"},"inLanguage":"ca","potentialAction":[{"@type":"ReadAction","target":["https:\/\/radiolitoral.com\/2023\/09\/5184\/"]}]},{"@type":"ImageObject","inLanguage":"ca","@id":"https:\/\/radiolitoral.com\/2023\/09\/5184\/#primaryimage","url":"https:\/\/media.radiolitoral.com\/wp-content\/uploads\/2023\/09\/12194124\/Cartel-Oktoberfest-2023-Teulada-Moraira-Final5840.png","contentUrl":"https:\/\/media.radiolitoral.com\/wp-content\/uploads\/2023\/09\/12194124\/Cartel-Oktoberfest-2023-Teulada-Moraira-Final5840.png","width":1080,"height":1350},{"@type":"BreadcrumbList","@id":"https:\/\/radiolitoral.com\/2023\/09\/5184\/#breadcrumb","itemListElement":[{"@type":"ListItem","position":1,"name":"Portada","item":"https:\/\/radiolitoral.com\/"},{"@type":"ListItem","position":2,"name":"Fin de semana con la Oktoberfest a Teulada Moraira"}]},{"@type":"WebSite","@id":"https:\/\/radiolitoral.com\/#website","url":"https:\/\/radiolitoral.com\/","name":"R\u00e0dio Litoral","description":"La r\u00e0dio local de la Marina Alta","publisher":{"@id":"https:\/\/radiolitoral.com\/#organization"},"alternateName":"Litoral FM","potentialAction":[{"@type":"SearchAction","target":{"@type":"EntryPoint","urlTemplate":"https:\/\/radiolitoral.com\/?s={search_term_string}"},"query-input":{"@type":"PropertyValueSpecification","valueRequired":true,"valueName":"search_term_string"}}],"inLanguage":"ca"},{"@type":"Organization","@id":"https:\/\/radiolitoral.com\/#organization","name":"R\u00e0dio Litoral","url":"https:\/\/radiolitoral.com\/","logo":{"@type":"ImageObject","inLanguage":"ca","@id":"https:\/\/radiolitoral.com\/#\/schema\/logo\/image\/","url":"https:\/\/media.radiolitoral.com\/wp-content\/uploads\/2023\/02\/24143238\/CL-V-RadioLitoral696.png","contentUrl":"https:\/\/media.radiolitoral.com\/wp-content\/uploads\/2023\/02\/24143238\/CL-V-RadioLitoral696.png","width":696,"height":696,"caption":"Radio Litoral"},"image":{"@id":"https:\/\/radiolitoral.com\/#\/schema\/logo\/image\/"},"sameAs":["https:\/\/www.facebook.com\/Laradiolitoral\/"]},{"@type":"Person","@id":"https:\/\/radiolitoral.com\/#\/schema\/person\/aad4f72efa404f85b68e832d24cac059","name":"Mel Pescuezo","image":{"@type":"ImageObject","inLanguage":"ca","@id":"https:\/\/secure.gravatar.com\/avatar\/993975ae489c70cb0dd9bfa9413a082f0bd276582dac13661af7b33f161e7eea?s=96&d=mm&r=g","url":"https:\/\/secure.gravatar.com\/avatar\/993975ae489c70cb0dd9bfa9413a082f0bd276582dac13661af7b33f161e7eea?s=96&d=mm&r=g","contentUrl":"https:\/\/secure.gravatar.com\/avatar\/993975ae489c70cb0dd9bfa9413a082f0bd276582dac13661af7b33f161e7eea?s=96&d=mm&r=g","caption":"Mel Pescuezo"},"url":"https:\/\/radiolitoral.com\/ca\/author\/serviciospararadios\/"}]}},"_links":{"self":[{"href":"https:\/\/radiolitoral.com\/ca\/wp-json\/wp\/v2\/posts\/5184","targetHints":{"allow":["GET"]}}],"collection":[{"href":"https:\/\/radiolitoral.com\/ca\/wp-json\/wp\/v2\/posts"}],"about":[{"href":"https:\/\/radiolitoral.com\/ca\/wp-json\/wp\/v2\/types\/post"}],"author":[{"embeddable":true,"href":"https:\/\/radiolitoral.com\/ca\/wp-json\/wp\/v2\/users\/21"}],"replies":[{"embeddable":true,"href":"https:\/\/radiolitoral.com\/ca\/wp-json\/wp\/v2\/comments?post=5184"}],"version-history":[{"count":4,"href":"https:\/\/radiolitoral.com\/ca\/wp-json\/wp\/v2\/posts\/5184\/revisions"}],"predecessor-version":[{"id":5189,"href":"https:\/\/radiolitoral.com\/ca\/wp-json\/wp\/v2\/posts\/5184\/revisions\/5189"}],"wp:featuredmedia":[{"embeddable":true,"href":"https:\/\/radiolitoral.com\/ca\/wp-json\/wp\/v2\/media\/5188"}],"wp:attachment":[{"href":"https:\/\/radiolitoral.com\/ca\/wp-json\/wp\/v2\/media?parent=5184"}],"wp:term":[{"taxonomy":"category","embeddable":true,"href":"https:\/\/radiolitoral.com\/ca\/wp-json\/wp\/v2\/categories?post=5184"},{"taxonomy":"post_tag","embeddable":true,"href":"https:\/\/radiolitoral.com\/ca\/wp-json\/wp\/v2\/tags?post=5184"}],"curies":[{"name":"wp","href":"https:\/\/api.w.org\/{rel}","templated":true}]}}