{"id":5082,"date":"2023-08-31T09:36:12","date_gmt":"2023-08-31T07:36:12","guid":{"rendered":"https:\/\/radiolitoral.com\/?p=5082"},"modified":"2023-08-31T09:39:02","modified_gmt":"2023-08-31T07:39:02","slug":"es-compleixen-20-anys-del-centre-civic-de-calp","status":"publish","type":"post","link":"https:\/\/radiolitoral.com\/ca\/2023\/08\/se-cumplen-20-anos-del-centro-civico-de-calp\/","title":{"rendered":"Es compleixen 20 anys del Centre C\u00edvic de Calp"},"content":{"rendered":"<p class=\"rtejustify\" style=\"text-align: justify; background: white;\"><span style=\"font-size: 10.5pt; font-family: 'Arial',sans-serif; color: #626262;\">El Centre C\u00edvic de la Tercera Edat Mare de D\u00e9u de les Neus compleix 20 anys i per aquest motiu l&#039;Ajuntament ha previst una Setmana Cultural especial que tindr\u00e0 lloc del 25 al 30 de setembre.<\/span><\/p>\n<p class=\"rtejustify\" style=\"text-align: justify; background: white; font-variant-ligatures: normal; font-variant-caps: normal; orphans: 2; widows: 2; -webkit-text-stroke-width: 0px; text-decoration-thickness: initial; text-decoration-style: initial; text-decoration-color: initial; word-spacing: 0px;\"><span style=\"font-size: 10.5pt; font-family: 'Arial',sans-serif; color: #626262;\">Entre les activitats programades destaca una visita guiada als edificis de Ricardo Bofill aprofitant la celebraci\u00f3 aquest 2023 de l&#039;Any Bofill, aix\u00ed com les xerrades \u201cPhishing\u201d, \u201cAcompanyar les n\u00e9tes i n\u00e9ts en igualtat\u201d, \u201cPeriodisme, un mal necessari? \u201d, \u201cLa depend\u00e8ncia i ajuda a domicili\u201d i \u201cConsells de seguretat per a gent gran\u201d. S&#039;ha previst tamb\u00e9 una classe de gimn\u00e0stica i un taller de risoter\u00e0pia i, a m\u00e9s, el grup de teatre del Centre C\u00edvic representar\u00e0 l&#039;obra \u201cPron\u00f2stic reservat\u201d el dimecres 27 de juny a les 21 hores. Tancar\u00e0 aquesta setmana cultural un dinar de germanor al restaurant del Centre C\u00edvic el divendres 29 a les 13.30 hi el Gran Guateque, una festa fi de la celebraci\u00f3 d&#039;aquesta setmana el dissabte 30 a les 21.30 hores.<\/span><\/p>\n<p class=\"rtejustify\" style=\"text-align: justify; background: white; font-variant-ligatures: normal; font-variant-caps: normal; orphans: 2; widows: 2; -webkit-text-stroke-width: 0px; text-decoration-thickness: initial; text-decoration-style: initial; text-decoration-color: initial; word-spacing: 0px;\"><span style=\"font-size: 10.5pt; font-family: 'Helvetica',sans-serif; color: #626262;\">Ra\u00fal Mart\u00ednez entrevista a la<\/span><span style=\"font-size: 10.5pt; font-family: 'Arial',sans-serif; color: #626262;\"> regidora de Majors, Rebeca Merch\u00e1n.<\/span><\/p>\n<audio class=\"wp-audio-shortcode\" id=\"audio-5082-1\" preload=\"none\" style=\"width: 100%;\" controls=\"controls\"><source type=\"audio\/mpeg\" src=\"https:\/\/media.radiolitoral.com\/wp-content\/uploads\/2023\/08\/31083258\/REBECA_mezcla.mp3?_=1\" \/><a href=\"https:\/\/media.radiolitoral.com\/wp-content\/uploads\/2023\/08\/31083258\/REBECA_mezcla.mp3\">https:\/\/media.radiolitoral.com\/wp-content\/uploads\/2023\/08\/31083258\/REBECA_mezcla.mp3<\/a><\/audio>","protected":false},"excerpt":{"rendered":"<p>El Centro C\u00edvico de la Tercera Edad \u201cMare de D\u00e9u de les Neus\u201d cumple 20 a\u00f1os y por este motivo el Ayuntamiento ha previsto una Semana Cultural especial que tendr\u00e1 lugar del 25 al 30 de septiembre. Entre las actividades programadas destaca una visita guiada a los edificios de Ricardo Bofill aprovechando la celebraci\u00f3n este [&#8230;]<\/p>\n<p><a class=\"btn btn-secondary understrap-read-more-link\" href=\"https:\/\/radiolitoral.com\/ca\/2023\/08\/se-cumplen-20-anos-del-centro-civico-de-calp\/\">Continua llegint&#8230;<span class=\"screen-reader-text\"> from Se cumplen 20 a\u00f1os del Centro C\u00edvico de Calp<\/span><\/a><\/p>\n","protected":false},"author":13,"featured_media":5046,"comment_status":"open","ping_status":"closed","sticky":false,"template":"","format":"standard","meta":{"_acf_changed":false,"inline_featured_image":false,"footnotes":""},"categories":[832],"tags":[],"class_list":["post-5082","post","type-post","status-publish","format-standard","has-post-thumbnail","hentry","category-tercera-edad","cobertura-calp"],"acf":[],"yoast_head":"<!-- This site is optimized with the Yoast SEO plugin v27.5 - https:\/\/yoast.com\/product\/yoast-seo-wordpress\/ -->\n<title>Se cumplen 20 a\u00f1os del Centro C\u00edvico de Calp | R\u00e0dio Litoral<\/title>\n<meta name=\"robots\" content=\"index, follow, max-snippet:-1, max-image-preview:large, max-video-preview:-1\" \/>\n<link rel=\"canonical\" href=\"https:\/\/radiolitoral.com\/ca\/2023\/08\/es-compleixen-20-anys-del-centre-civic-de-calp\/\" \/>\n<meta property=\"og:locale\" content=\"ca_ES\" \/>\n<meta property=\"og:type\" content=\"article\" \/>\n<meta property=\"og:title\" content=\"Se cumplen 20 a\u00f1os del Centro C\u00edvico de Calp | R\u00e0dio Litoral\" \/>\n<meta property=\"og:url\" content=\"https:\/\/radiolitoral.com\/ca\/2023\/08\/es-compleixen-20-anys-del-centre-civic-de-calp\/\" \/>\n<meta property=\"og:site_name\" content=\"R\u00e0dio Litoral\" \/>\n<meta property=\"article:publisher\" content=\"https:\/\/www.facebook.com\/Laradiolitoral\/\" \/>\n<meta property=\"article:published_time\" content=\"2023-08-31T07:36:12+00:00\" \/>\n<meta property=\"article:modified_time\" content=\"2023-08-31T07:39:02+00:00\" \/>\n<meta property=\"og:image\" content=\"https:\/\/media.radiolitoral.com\/wp-content\/uploads\/2023\/08\/31083125\/369654531_702693631899426_8929651568809578461_n.jpg\" \/>\n\t<meta property=\"og:image:width\" content=\"2048\" \/>\n\t<meta property=\"og:image:height\" content=\"1542\" \/>\n\t<meta property=\"og:image:type\" content=\"image\/jpeg\" \/>\n<meta name=\"author\" content=\"Redacci\u00f3n\" \/>\n<meta name=\"twitter:card\" content=\"summary_large_image\" \/>\n<meta name=\"twitter:label1\" content=\"Escrit per\" \/>\n\t<meta name=\"twitter:data1\" content=\"Redacci\u00f3n\" \/>\n\t<meta name=\"twitter:label2\" content=\"Temps estimat de lectura\" \/>\n\t<meta name=\"twitter:data2\" content=\"1 minut\" \/>\n<script type=\"application\/ld+json\" class=\"yoast-schema-graph\">{\"@context\":\"https:\\\/\\\/schema.org\",\"@graph\":[{\"@type\":\"NewsArticle\",\"@id\":\"https:\\\/\\\/radiolitoral.com\\\/2023\\\/08\\\/se-cumplen-20-anos-del-centro-civico-de-calp\\\/#article\",\"isPartOf\":{\"@id\":\"https:\\\/\\\/radiolitoral.com\\\/2023\\\/08\\\/se-cumplen-20-anos-del-centro-civico-de-calp\\\/\"},\"author\":{\"name\":\"Redacci\u00f3n\",\"@id\":\"https:\\\/\\\/radiolitoral.com\\\/#\\\/schema\\\/person\\\/f2b2343c49b5d721857cc1002bfdb151\"},\"headline\":\"Se cumplen 20 a\u00f1os del Centro C\u00edvico de Calp\",\"datePublished\":\"2023-08-31T07:36:12+00:00\",\"dateModified\":\"2023-08-31T07:39:02+00:00\",\"mainEntityOfPage\":{\"@id\":\"https:\\\/\\\/radiolitoral.com\\\/2023\\\/08\\\/se-cumplen-20-anos-del-centro-civico-de-calp\\\/\"},\"wordCount\":203,\"commentCount\":0,\"publisher\":{\"@id\":\"https:\\\/\\\/radiolitoral.com\\\/#organization\"},\"image\":{\"@id\":\"https:\\\/\\\/radiolitoral.com\\\/2023\\\/08\\\/se-cumplen-20-anos-del-centro-civico-de-calp\\\/#primaryimage\"},\"thumbnailUrl\":\"https:\\\/\\\/media.radiolitoral.com\\\/wp-content\\\/uploads\\\/2023\\\/08\\\/31083125\\\/369654531_702693631899426_8929651568809578461_n.jpg\",\"articleSection\":[\"Tercera Edad\"],\"inLanguage\":\"ca\",\"potentialAction\":[{\"@type\":\"CommentAction\",\"name\":\"Comment\",\"target\":[\"https:\\\/\\\/radiolitoral.com\\\/2023\\\/08\\\/se-cumplen-20-anos-del-centro-civico-de-calp\\\/#respond\"]}]},{\"@type\":[\"WebPage\",\"ItemPage\"],\"@id\":\"https:\\\/\\\/radiolitoral.com\\\/2023\\\/08\\\/se-cumplen-20-anos-del-centro-civico-de-calp\\\/\",\"url\":\"https:\\\/\\\/radiolitoral.com\\\/2023\\\/08\\\/se-cumplen-20-anos-del-centro-civico-de-calp\\\/\",\"name\":\"Se cumplen 20 a\u00f1os del Centro C\u00edvico de Calp | R\u00e0dio Litoral\",\"isPartOf\":{\"@id\":\"https:\\\/\\\/radiolitoral.com\\\/#website\"},\"primaryImageOfPage\":{\"@id\":\"https:\\\/\\\/radiolitoral.com\\\/2023\\\/08\\\/se-cumplen-20-anos-del-centro-civico-de-calp\\\/#primaryimage\"},\"image\":{\"@id\":\"https:\\\/\\\/radiolitoral.com\\\/2023\\\/08\\\/se-cumplen-20-anos-del-centro-civico-de-calp\\\/#primaryimage\"},\"thumbnailUrl\":\"https:\\\/\\\/media.radiolitoral.com\\\/wp-content\\\/uploads\\\/2023\\\/08\\\/31083125\\\/369654531_702693631899426_8929651568809578461_n.jpg\",\"datePublished\":\"2023-08-31T07:36:12+00:00\",\"dateModified\":\"2023-08-31T07:39:02+00:00\",\"breadcrumb\":{\"@id\":\"https:\\\/\\\/radiolitoral.com\\\/2023\\\/08\\\/se-cumplen-20-anos-del-centro-civico-de-calp\\\/#breadcrumb\"},\"inLanguage\":\"ca\",\"potentialAction\":[{\"@type\":\"ReadAction\",\"target\":[\"https:\\\/\\\/radiolitoral.com\\\/2023\\\/08\\\/se-cumplen-20-anos-del-centro-civico-de-calp\\\/\"]}]},{\"@type\":\"ImageObject\",\"inLanguage\":\"ca\",\"@id\":\"https:\\\/\\\/radiolitoral.com\\\/2023\\\/08\\\/se-cumplen-20-anos-del-centro-civico-de-calp\\\/#primaryimage\",\"url\":\"https:\\\/\\\/media.radiolitoral.com\\\/wp-content\\\/uploads\\\/2023\\\/08\\\/31083125\\\/369654531_702693631899426_8929651568809578461_n.jpg\",\"contentUrl\":\"https:\\\/\\\/media.radiolitoral.com\\\/wp-content\\\/uploads\\\/2023\\\/08\\\/31083125\\\/369654531_702693631899426_8929651568809578461_n.jpg\",\"width\":2048,\"height\":1542},{\"@type\":\"BreadcrumbList\",\"@id\":\"https:\\\/\\\/radiolitoral.com\\\/2023\\\/08\\\/se-cumplen-20-anos-del-centro-civico-de-calp\\\/#breadcrumb\",\"itemListElement\":[{\"@type\":\"ListItem\",\"position\":1,\"name\":\"Portada\",\"item\":\"https:\\\/\\\/radiolitoral.com\\\/\"},{\"@type\":\"ListItem\",\"position\":2,\"name\":\"Se cumplen 20 a\u00f1os del Centro C\u00edvico de Calp\"}]},{\"@type\":\"WebSite\",\"@id\":\"https:\\\/\\\/radiolitoral.com\\\/#website\",\"url\":\"https:\\\/\\\/radiolitoral.com\\\/\",\"name\":\"Radio Litoral\",\"description\":\"La radio local de la Marina Alta\",\"publisher\":{\"@id\":\"https:\\\/\\\/radiolitoral.com\\\/#organization\"},\"alternateName\":\"Litoral FM\",\"potentialAction\":[{\"@type\":\"SearchAction\",\"target\":{\"@type\":\"EntryPoint\",\"urlTemplate\":\"https:\\\/\\\/radiolitoral.com\\\/?s={search_term_string}\"},\"query-input\":{\"@type\":\"PropertyValueSpecification\",\"valueRequired\":true,\"valueName\":\"search_term_string\"}}],\"inLanguage\":\"ca\"},{\"@type\":\"Organization\",\"@id\":\"https:\\\/\\\/radiolitoral.com\\\/#organization\",\"name\":\"Radio Litoral\",\"url\":\"https:\\\/\\\/radiolitoral.com\\\/\",\"logo\":{\"@type\":\"ImageObject\",\"inLanguage\":\"ca\",\"@id\":\"https:\\\/\\\/radiolitoral.com\\\/#\\\/schema\\\/logo\\\/image\\\/\",\"url\":\"https:\\\/\\\/media.radiolitoral.com\\\/wp-content\\\/uploads\\\/2023\\\/02\\\/24143238\\\/CL-V-RadioLitoral696.png\",\"contentUrl\":\"https:\\\/\\\/media.radiolitoral.com\\\/wp-content\\\/uploads\\\/2023\\\/02\\\/24143238\\\/CL-V-RadioLitoral696.png\",\"width\":696,\"height\":696,\"caption\":\"Radio Litoral\"},\"image\":{\"@id\":\"https:\\\/\\\/radiolitoral.com\\\/#\\\/schema\\\/logo\\\/image\\\/\"},\"sameAs\":[\"https:\\\/\\\/www.facebook.com\\\/Laradiolitoral\\\/\"]},{\"@type\":\"Person\",\"@id\":\"https:\\\/\\\/radiolitoral.com\\\/#\\\/schema\\\/person\\\/f2b2343c49b5d721857cc1002bfdb151\",\"name\":\"Redacci\u00f3n\",\"image\":{\"@type\":\"ImageObject\",\"inLanguage\":\"ca\",\"@id\":\"https:\\\/\\\/secure.gravatar.com\\\/avatar\\\/f771d896c203ad8b3382d7905cfcce5a5c9b008b84b3cd9114e9b9f4cb63f789?s=96&d=mm&r=g\",\"url\":\"https:\\\/\\\/secure.gravatar.com\\\/avatar\\\/f771d896c203ad8b3382d7905cfcce5a5c9b008b84b3cd9114e9b9f4cb63f789?s=96&d=mm&r=g\",\"contentUrl\":\"https:\\\/\\\/secure.gravatar.com\\\/avatar\\\/f771d896c203ad8b3382d7905cfcce5a5c9b008b84b3cd9114e9b9f4cb63f789?s=96&d=mm&r=g\",\"caption\":\"Redacci\u00f3n\"},\"url\":\"https:\\\/\\\/radiolitoral.com\\\/ca\\\/author\\\/miriam-pagan\\\/\"}]}<\/script>\n<!-- \/ Yoast SEO plugin. -->","yoast_head_json":{"title":"Fa 20 anys del Centre C\u00edvic de Calp | R\u00e0dio Litoral","robots":{"index":"index","follow":"follow","max-snippet":"max-snippet:-1","max-image-preview":"max-image-preview:large","max-video-preview":"max-video-preview:-1"},"canonical":"https:\/\/radiolitoral.com\/ca\/2023\/08\/es-compleixen-20-anys-del-centre-civic-de-calp\/","og_locale":"ca_ES","og_type":"article","og_title":"Se cumplen 20 a\u00f1os del Centro C\u00edvico de Calp | R\u00e0dio Litoral","og_url":"https:\/\/radiolitoral.com\/ca\/2023\/08\/es-compleixen-20-anys-del-centre-civic-de-calp\/","og_site_name":"R\u00e0dio Litoral","article_publisher":"https:\/\/www.facebook.com\/Laradiolitoral\/","article_published_time":"2023-08-31T07:36:12+00:00","article_modified_time":"2023-08-31T07:39:02+00:00","og_image":[{"width":2048,"height":1542,"url":"https:\/\/media.radiolitoral.com\/wp-content\/uploads\/2023\/08\/31083125\/369654531_702693631899426_8929651568809578461_n.jpg","type":"image\/jpeg"}],"author":"Redacci\u00f3n","twitter_card":"summary_large_image","twitter_misc":{"Escrit per":"Redacci\u00f3n","Temps estimat de lectura":"1 minut"},"schema":{"@context":"https:\/\/schema.org","@graph":[{"@type":"NewsArticle","@id":"https:\/\/radiolitoral.com\/2023\/08\/se-cumplen-20-anos-del-centro-civico-de-calp\/#article","isPartOf":{"@id":"https:\/\/radiolitoral.com\/2023\/08\/se-cumplen-20-anos-del-centro-civico-de-calp\/"},"author":{"name":"Redacci\u00f3n","@id":"https:\/\/radiolitoral.com\/#\/schema\/person\/f2b2343c49b5d721857cc1002bfdb151"},"headline":"Se cumplen 20 a\u00f1os del Centro C\u00edvico de Calp","datePublished":"2023-08-31T07:36:12+00:00","dateModified":"2023-08-31T07:39:02+00:00","mainEntityOfPage":{"@id":"https:\/\/radiolitoral.com\/2023\/08\/se-cumplen-20-anos-del-centro-civico-de-calp\/"},"wordCount":203,"commentCount":0,"publisher":{"@id":"https:\/\/radiolitoral.com\/#organization"},"image":{"@id":"https:\/\/radiolitoral.com\/2023\/08\/se-cumplen-20-anos-del-centro-civico-de-calp\/#primaryimage"},"thumbnailUrl":"https:\/\/media.radiolitoral.com\/wp-content\/uploads\/2023\/08\/31083125\/369654531_702693631899426_8929651568809578461_n.jpg","articleSection":["Tercera Edad"],"inLanguage":"ca","potentialAction":[{"@type":"CommentAction","name":"Comment","target":["https:\/\/radiolitoral.com\/2023\/08\/se-cumplen-20-anos-del-centro-civico-de-calp\/#respond"]}]},{"@type":["WebPage","ItemPage"],"@id":"https:\/\/radiolitoral.com\/2023\/08\/se-cumplen-20-anos-del-centro-civico-de-calp\/","url":"https:\/\/radiolitoral.com\/2023\/08\/se-cumplen-20-anos-del-centro-civico-de-calp\/","name":"Fa 20 anys del Centre C\u00edvic de Calp | R\u00e0dio Litoral","isPartOf":{"@id":"https:\/\/radiolitoral.com\/#website"},"primaryImageOfPage":{"@id":"https:\/\/radiolitoral.com\/2023\/08\/se-cumplen-20-anos-del-centro-civico-de-calp\/#primaryimage"},"image":{"@id":"https:\/\/radiolitoral.com\/2023\/08\/se-cumplen-20-anos-del-centro-civico-de-calp\/#primaryimage"},"thumbnailUrl":"https:\/\/media.radiolitoral.com\/wp-content\/uploads\/2023\/08\/31083125\/369654531_702693631899426_8929651568809578461_n.jpg","datePublished":"2023-08-31T07:36:12+00:00","dateModified":"2023-08-31T07:39:02+00:00","breadcrumb":{"@id":"https:\/\/radiolitoral.com\/2023\/08\/se-cumplen-20-anos-del-centro-civico-de-calp\/#breadcrumb"},"inLanguage":"ca","potentialAction":[{"@type":"ReadAction","target":["https:\/\/radiolitoral.com\/2023\/08\/se-cumplen-20-anos-del-centro-civico-de-calp\/"]}]},{"@type":"ImageObject","inLanguage":"ca","@id":"https:\/\/radiolitoral.com\/2023\/08\/se-cumplen-20-anos-del-centro-civico-de-calp\/#primaryimage","url":"https:\/\/media.radiolitoral.com\/wp-content\/uploads\/2023\/08\/31083125\/369654531_702693631899426_8929651568809578461_n.jpg","contentUrl":"https:\/\/media.radiolitoral.com\/wp-content\/uploads\/2023\/08\/31083125\/369654531_702693631899426_8929651568809578461_n.jpg","width":2048,"height":1542},{"@type":"BreadcrumbList","@id":"https:\/\/radiolitoral.com\/2023\/08\/se-cumplen-20-anos-del-centro-civico-de-calp\/#breadcrumb","itemListElement":[{"@type":"ListItem","position":1,"name":"Portada","item":"https:\/\/radiolitoral.com\/"},{"@type":"ListItem","position":2,"name":"Se cumplen 20 a\u00f1os del Centro C\u00edvico de Calp"}]},{"@type":"WebSite","@id":"https:\/\/radiolitoral.com\/#website","url":"https:\/\/radiolitoral.com\/","name":"R\u00e0dio Litoral","description":"La r\u00e0dio local de la Marina Alta","publisher":{"@id":"https:\/\/radiolitoral.com\/#organization"},"alternateName":"Litoral FM","potentialAction":[{"@type":"SearchAction","target":{"@type":"EntryPoint","urlTemplate":"https:\/\/radiolitoral.com\/?s={search_term_string}"},"query-input":{"@type":"PropertyValueSpecification","valueRequired":true,"valueName":"search_term_string"}}],"inLanguage":"ca"},{"@type":"Organization","@id":"https:\/\/radiolitoral.com\/#organization","name":"R\u00e0dio Litoral","url":"https:\/\/radiolitoral.com\/","logo":{"@type":"ImageObject","inLanguage":"ca","@id":"https:\/\/radiolitoral.com\/#\/schema\/logo\/image\/","url":"https:\/\/media.radiolitoral.com\/wp-content\/uploads\/2023\/02\/24143238\/CL-V-RadioLitoral696.png","contentUrl":"https:\/\/media.radiolitoral.com\/wp-content\/uploads\/2023\/02\/24143238\/CL-V-RadioLitoral696.png","width":696,"height":696,"caption":"Radio Litoral"},"image":{"@id":"https:\/\/radiolitoral.com\/#\/schema\/logo\/image\/"},"sameAs":["https:\/\/www.facebook.com\/Laradiolitoral\/"]},{"@type":"Person","@id":"https:\/\/radiolitoral.com\/#\/schema\/person\/f2b2343c49b5d721857cc1002bfdb151","name":"Redacci\u00f3","image":{"@type":"ImageObject","inLanguage":"ca","@id":"https:\/\/secure.gravatar.com\/avatar\/f771d896c203ad8b3382d7905cfcce5a5c9b008b84b3cd9114e9b9f4cb63f789?s=96&d=mm&r=g","url":"https:\/\/secure.gravatar.com\/avatar\/f771d896c203ad8b3382d7905cfcce5a5c9b008b84b3cd9114e9b9f4cb63f789?s=96&d=mm&r=g","contentUrl":"https:\/\/secure.gravatar.com\/avatar\/f771d896c203ad8b3382d7905cfcce5a5c9b008b84b3cd9114e9b9f4cb63f789?s=96&d=mm&r=g","caption":"Redacci\u00f3n"},"url":"https:\/\/radiolitoral.com\/ca\/author\/miriam-pagan\/"}]}},"_links":{"self":[{"href":"https:\/\/radiolitoral.com\/ca\/wp-json\/wp\/v2\/posts\/5082","targetHints":{"allow":["GET"]}}],"collection":[{"href":"https:\/\/radiolitoral.com\/ca\/wp-json\/wp\/v2\/posts"}],"about":[{"href":"https:\/\/radiolitoral.com\/ca\/wp-json\/wp\/v2\/types\/post"}],"author":[{"embeddable":true,"href":"https:\/\/radiolitoral.com\/ca\/wp-json\/wp\/v2\/users\/13"}],"replies":[{"embeddable":true,"href":"https:\/\/radiolitoral.com\/ca\/wp-json\/wp\/v2\/comments?post=5082"}],"version-history":[{"count":3,"href":"https:\/\/radiolitoral.com\/ca\/wp-json\/wp\/v2\/posts\/5082\/revisions"}],"predecessor-version":[{"id":5087,"href":"https:\/\/radiolitoral.com\/ca\/wp-json\/wp\/v2\/posts\/5082\/revisions\/5087"}],"wp:featuredmedia":[{"embeddable":true,"href":"https:\/\/radiolitoral.com\/ca\/wp-json\/wp\/v2\/media\/5046"}],"wp:attachment":[{"href":"https:\/\/radiolitoral.com\/ca\/wp-json\/wp\/v2\/media?parent=5082"}],"wp:term":[{"taxonomy":"category","embeddable":true,"href":"https:\/\/radiolitoral.com\/ca\/wp-json\/wp\/v2\/categories?post=5082"},{"taxonomy":"post_tag","embeddable":true,"href":"https:\/\/radiolitoral.com\/ca\/wp-json\/wp\/v2\/tags?post=5082"}],"curies":[{"name":"wp","href":"https:\/\/api.w.org\/{rel}","templated":true}]}}