{"id":4941,"date":"2023-08-10T11:54:27","date_gmt":"2023-08-10T09:54:27","guid":{"rendered":"https:\/\/radiolitoral.com\/?p=4941"},"modified":"2023-08-10T11:58:30","modified_gmt":"2023-08-10T09:58:30","slug":"la-guardia-civil-investiga-tres-persones-per-venda-il%c2%b7legal-de-medicaments-veterinaris-a-la-comunitat-valenciana","status":"publish","type":"post","link":"https:\/\/radiolitoral.com\/ca\/2023\/08\/la-guardia-civil-investiga-a-tres-personas-por-venta-ilegal-de-medicamentos-veterinarios-en-la-comunitat-valenciana\/","title":{"rendered":"La Gu\u00e0rdia Civil investiga tres persones per venda il\u00b7legal de medicaments veterinaris a la Comunitat Valenciana"},"content":{"rendered":"<p>El Servei de Protecci\u00f3 de la Natura (SEPRONA) de la Gu\u00e0rdia Civil d&#039;Alacant n&#039;ha investigat tres<br \/>\npersones per un delicte contra la salut p\u00fablica, acusats de comercialitzar amb medicaments d\u00fas veterinari de forma irregular. S&#039;han inspeccionat quatre establiments a les prov\u00edncies d&#039;Alacant i Val\u00e8ncia on s&#039;han intervingut gaireb\u00e9 7.500 comprimits i m\u00e9s d&#039;un centenar d&#039;altres envasos de diferents<br \/>\nmedicaments.<\/p>\n<p>Les investigacions es van iniciar despr\u00e9s d&#039;una inspecci\u00f3 realitzada pels agents en un establiment especialitzat en alimentaci\u00f3 animal, en qu\u00e8 van trobar 100 comprimits de medicaments sospitosos, que van ser confiscats i analitzats, determinant que es tractava d&#039;una medicaci\u00f3 l&#039;administraci\u00f3 de la qual no est\u00e0 permesa al nostre pa\u00eds .<\/p>\n<p>Per aquest motiu, la Gu\u00e0rdia Civil va continuar amb la investigaci\u00f3 i va inspeccionar tres establiments m\u00e9s en qu\u00e8 van ser intervinguts 7.371 comprimits que s&#039;estaven venent en aquests establiments de forma irregular, alguns perqu\u00e8 la seva venda \u00e9s il\u00b7legal a Espanya; uns altres, perqu\u00e8 encara que legals, s&#039;estaven venent sense prescripci\u00f3 veterin\u00e0ria, i aquesta era preceptiva per a la seva distribuci\u00f3; i d&#039;altres, perqu\u00e8 tot i no estar subjectes a prescripci\u00f3 facultativa, requereixen que l&#039;establiment estigui autoritzat, i no \u00e9s el cas.<\/p>\n<p>Davant els fets, els dies 11 i 13 de juliol van ser investigats dos homes i una dona, d?entre 45 i 54 anys, de nacionalitat espanyola, responsables dels establiments infractors, situats a quatre localitats de les prov\u00edncies d?Alacant i Val\u00e8ncia. S&#039;han intervingut medicaments destinats a \u00fas animal, d&#039;entre els quals 7.390 s\u00f3n comprimits il\u00b7legals, 81 comprimits estan subjectes a prescripci\u00f3 veterin\u00e0ria i s&#039;estaven expedint sense, i 128 envasos m\u00e9s de medicaments no subjectes a prescripci\u00f3, per\u00f2 per a la venda dels quals, els establiments inspeccionats no estaven autoritzats.<\/p>\n<p>L&#039;\u00fas de medicaments veterinaris no autoritzats exposa els animals a riscos per a la salut. A m\u00e9s, si s\u00f3n animals destinats al consum hum\u00e0, pot suposar riscos tamb\u00e9 per al consumidor. D&#039;altra banda, en comercialitzar-se de forma clandestina i sense control sanitari, col\u00b7lateralment produeixen altres perjudicis, per exemple, per al medi ambient.<\/p>\n<p>Les dilig\u00e8ncies han estat posades a disposici\u00f3 del Jutjat d&#039;Instrucci\u00f3 n\u00famero 3 de D\u00e9nia.<br \/>\nL&#039;operaci\u00f3 ha estat desenvolupada per la Unitat de Protecci\u00f3 de la Natura (UPRONA) de la Comand\u00e0ncia de la Gu\u00e0rdia Civil d&#039;Alacant, que ha comptat amb el suport de l&#039;Ag\u00e8ncia de la Uni\u00f3 Europea per a la Cooperaci\u00f3 Policial (EUROPOL) a qu\u00e8 es van sol\u00b7licitar dades sobre l&#039;origen dels medicaments intervinguts,<br \/>\nprocedents d&#039;Alemanya, Fran\u00e7a i els Pa\u00efsos Baixos, entre d&#039;altres, i que va permetre als investigadors arribar fins als investigats. Tamb\u00e9 s\u00b4ha comptat amb la col\u00b7laboraci\u00f3 de l\u00b4\u00c0rea d\u00b4Inspecci\u00f3 de Farm\u00e0cia de la Conselleria de Sanitat Universal i Salut P\u00fablica a Alacant i el Departament d\u00b4Inspecci\u00f3 i Control de Medicaments de l\u00b4Ag\u00e8ncia Espanyola de Medicaments i Productes Sanitaris (AEMPS).<\/p>","protected":false},"excerpt":{"rendered":"<p>El Servicio de Protecci\u00f3n de la Naturaleza (SEPRONA) de la Guardia Civil de Alicante ha investigado a tres personas por un delito contra la salud p\u00fablica, acusados de comercializar con medicamentos de uso veterinario de forma irregular. Se han inspeccionado cuatro establecimientos en las provincias de Alicante y Valencia en los que se han intervenido [&#8230;]<\/p>\n<p><a class=\"btn btn-secondary understrap-read-more-link\" href=\"https:\/\/radiolitoral.com\/ca\/2023\/08\/la-guardia-civil-investiga-a-tres-personas-por-venta-ilegal-de-medicamentos-veterinarios-en-la-comunitat-valenciana\/\">Continua llegint&#8230;<span class=\"screen-reader-text\"> from La Guardia Civil investiga a tres personas por venta ilegal de medicamentos veterinarios en la Comunitat Valenciana<\/span><\/a><\/p>\n","protected":false},"author":21,"featured_media":4942,"comment_status":"open","ping_status":"closed","sticky":false,"template":"","format":"standard","meta":{"_acf_changed":false,"inline_featured_image":false,"footnotes":""},"categories":[1],"tags":[],"class_list":["post-4941","post","type-post","status-publish","format-standard","has-post-thumbnail","hentry","category-uncategorized"],"acf":[],"yoast_head":"<!-- This site is optimized with the Yoast SEO plugin v27.5 - https:\/\/yoast.com\/product\/yoast-seo-wordpress\/ -->\n<title>La Guardia Civil investiga a tres personas por venta ilegal de medicamentos veterinarios en la Comunitat Valenciana | R\u00e0dio Litoral<\/title>\n<meta name=\"robots\" content=\"index, follow, max-snippet:-1, max-image-preview:large, max-video-preview:-1\" \/>\n<link rel=\"canonical\" href=\"https:\/\/radiolitoral.com\/ca\/2023\/08\/la-guardia-civil-investiga-tres-persones-per-venda-il\u00b7legal-de-medicaments-veterinaris-a-la-comunitat-valenciana\/\" \/>\n<meta property=\"og:locale\" content=\"ca_ES\" \/>\n<meta property=\"og:type\" content=\"article\" \/>\n<meta property=\"og:title\" content=\"La Guardia Civil investiga a tres personas por venta ilegal de medicamentos veterinarios en la Comunitat Valenciana | R\u00e0dio Litoral\" \/>\n<meta property=\"og:url\" content=\"https:\/\/radiolitoral.com\/ca\/2023\/08\/la-guardia-civil-investiga-tres-persones-per-venda-il\u00b7legal-de-medicaments-veterinaris-a-la-comunitat-valenciana\/\" \/>\n<meta property=\"og:site_name\" content=\"R\u00e0dio Litoral\" \/>\n<meta property=\"article:publisher\" content=\"https:\/\/www.facebook.com\/Laradiolitoral\/\" \/>\n<meta property=\"article:published_time\" content=\"2023-08-10T09:54:27+00:00\" \/>\n<meta property=\"article:modified_time\" content=\"2023-08-10T09:58:30+00:00\" \/>\n<meta property=\"og:image\" content=\"https:\/\/media.radiolitoral.com\/wp-content\/uploads\/2023\/08\/10115351\/Img-01-medicamentos.jpg\" \/>\n\t<meta property=\"og:image:width\" content=\"1821\" \/>\n\t<meta property=\"og:image:height\" content=\"1126\" \/>\n\t<meta property=\"og:image:type\" content=\"image\/jpeg\" \/>\n<meta name=\"author\" content=\"Mel Pescuezo\" \/>\n<meta name=\"twitter:card\" content=\"summary_large_image\" \/>\n<meta name=\"twitter:label1\" content=\"Escrit per\" \/>\n\t<meta name=\"twitter:data1\" content=\"Mel Pescuezo\" \/>\n\t<meta name=\"twitter:label2\" content=\"Temps estimat de lectura\" \/>\n\t<meta name=\"twitter:data2\" content=\"3 minuts\" \/>\n<script type=\"application\/ld+json\" class=\"yoast-schema-graph\">{\"@context\":\"https:\\\/\\\/schema.org\",\"@graph\":[{\"@type\":\"NewsArticle\",\"@id\":\"https:\\\/\\\/radiolitoral.com\\\/2023\\\/08\\\/la-guardia-civil-investiga-a-tres-personas-por-venta-ilegal-de-medicamentos-veterinarios-en-la-comunitat-valenciana\\\/#article\",\"isPartOf\":{\"@id\":\"https:\\\/\\\/radiolitoral.com\\\/2023\\\/08\\\/la-guardia-civil-investiga-a-tres-personas-por-venta-ilegal-de-medicamentos-veterinarios-en-la-comunitat-valenciana\\\/\"},\"author\":{\"name\":\"Mel Pescuezo\",\"@id\":\"https:\\\/\\\/radiolitoral.com\\\/#\\\/schema\\\/person\\\/aad4f72efa404f85b68e832d24cac059\"},\"headline\":\"La Guardia Civil investiga a tres personas por venta ilegal de medicamentos veterinarios en la Comunitat Valenciana\",\"datePublished\":\"2023-08-10T09:54:27+00:00\",\"dateModified\":\"2023-08-10T09:58:30+00:00\",\"mainEntityOfPage\":{\"@id\":\"https:\\\/\\\/radiolitoral.com\\\/2023\\\/08\\\/la-guardia-civil-investiga-a-tres-personas-por-venta-ilegal-de-medicamentos-veterinarios-en-la-comunitat-valenciana\\\/\"},\"wordCount\":517,\"commentCount\":0,\"publisher\":{\"@id\":\"https:\\\/\\\/radiolitoral.com\\\/#organization\"},\"image\":{\"@id\":\"https:\\\/\\\/radiolitoral.com\\\/2023\\\/08\\\/la-guardia-civil-investiga-a-tres-personas-por-venta-ilegal-de-medicamentos-veterinarios-en-la-comunitat-valenciana\\\/#primaryimage\"},\"thumbnailUrl\":\"https:\\\/\\\/media.radiolitoral.com\\\/wp-content\\\/uploads\\\/2023\\\/08\\\/10115351\\\/Img-01-medicamentos.jpg\",\"articleSection\":[\"Uncategorized\"],\"inLanguage\":\"ca\",\"potentialAction\":[{\"@type\":\"CommentAction\",\"name\":\"Comment\",\"target\":[\"https:\\\/\\\/radiolitoral.com\\\/2023\\\/08\\\/la-guardia-civil-investiga-a-tres-personas-por-venta-ilegal-de-medicamentos-veterinarios-en-la-comunitat-valenciana\\\/#respond\"]}]},{\"@type\":[\"WebPage\",\"ItemPage\"],\"@id\":\"https:\\\/\\\/radiolitoral.com\\\/2023\\\/08\\\/la-guardia-civil-investiga-a-tres-personas-por-venta-ilegal-de-medicamentos-veterinarios-en-la-comunitat-valenciana\\\/\",\"url\":\"https:\\\/\\\/radiolitoral.com\\\/2023\\\/08\\\/la-guardia-civil-investiga-a-tres-personas-por-venta-ilegal-de-medicamentos-veterinarios-en-la-comunitat-valenciana\\\/\",\"name\":\"La Guardia Civil investiga a tres personas por venta ilegal de medicamentos veterinarios en la Comunitat Valenciana | R\u00e0dio Litoral\",\"isPartOf\":{\"@id\":\"https:\\\/\\\/radiolitoral.com\\\/#website\"},\"primaryImageOfPage\":{\"@id\":\"https:\\\/\\\/radiolitoral.com\\\/2023\\\/08\\\/la-guardia-civil-investiga-a-tres-personas-por-venta-ilegal-de-medicamentos-veterinarios-en-la-comunitat-valenciana\\\/#primaryimage\"},\"image\":{\"@id\":\"https:\\\/\\\/radiolitoral.com\\\/2023\\\/08\\\/la-guardia-civil-investiga-a-tres-personas-por-venta-ilegal-de-medicamentos-veterinarios-en-la-comunitat-valenciana\\\/#primaryimage\"},\"thumbnailUrl\":\"https:\\\/\\\/media.radiolitoral.com\\\/wp-content\\\/uploads\\\/2023\\\/08\\\/10115351\\\/Img-01-medicamentos.jpg\",\"datePublished\":\"2023-08-10T09:54:27+00:00\",\"dateModified\":\"2023-08-10T09:58:30+00:00\",\"breadcrumb\":{\"@id\":\"https:\\\/\\\/radiolitoral.com\\\/2023\\\/08\\\/la-guardia-civil-investiga-a-tres-personas-por-venta-ilegal-de-medicamentos-veterinarios-en-la-comunitat-valenciana\\\/#breadcrumb\"},\"inLanguage\":\"ca\",\"potentialAction\":[{\"@type\":\"ReadAction\",\"target\":[\"https:\\\/\\\/radiolitoral.com\\\/2023\\\/08\\\/la-guardia-civil-investiga-a-tres-personas-por-venta-ilegal-de-medicamentos-veterinarios-en-la-comunitat-valenciana\\\/\"]}]},{\"@type\":\"ImageObject\",\"inLanguage\":\"ca\",\"@id\":\"https:\\\/\\\/radiolitoral.com\\\/2023\\\/08\\\/la-guardia-civil-investiga-a-tres-personas-por-venta-ilegal-de-medicamentos-veterinarios-en-la-comunitat-valenciana\\\/#primaryimage\",\"url\":\"https:\\\/\\\/media.radiolitoral.com\\\/wp-content\\\/uploads\\\/2023\\\/08\\\/10115351\\\/Img-01-medicamentos.jpg\",\"contentUrl\":\"https:\\\/\\\/media.radiolitoral.com\\\/wp-content\\\/uploads\\\/2023\\\/08\\\/10115351\\\/Img-01-medicamentos.jpg\",\"width\":1821,\"height\":1126},{\"@type\":\"BreadcrumbList\",\"@id\":\"https:\\\/\\\/radiolitoral.com\\\/2023\\\/08\\\/la-guardia-civil-investiga-a-tres-personas-por-venta-ilegal-de-medicamentos-veterinarios-en-la-comunitat-valenciana\\\/#breadcrumb\",\"itemListElement\":[{\"@type\":\"ListItem\",\"position\":1,\"name\":\"Portada\",\"item\":\"https:\\\/\\\/radiolitoral.com\\\/\"},{\"@type\":\"ListItem\",\"position\":2,\"name\":\"La Guardia Civil investiga a tres personas por venta ilegal de medicamentos veterinarios en la Comunitat Valenciana\"}]},{\"@type\":\"WebSite\",\"@id\":\"https:\\\/\\\/radiolitoral.com\\\/#website\",\"url\":\"https:\\\/\\\/radiolitoral.com\\\/\",\"name\":\"Radio Litoral\",\"description\":\"La radio local de la Marina Alta\",\"publisher\":{\"@id\":\"https:\\\/\\\/radiolitoral.com\\\/#organization\"},\"alternateName\":\"Litoral FM\",\"potentialAction\":[{\"@type\":\"SearchAction\",\"target\":{\"@type\":\"EntryPoint\",\"urlTemplate\":\"https:\\\/\\\/radiolitoral.com\\\/?s={search_term_string}\"},\"query-input\":{\"@type\":\"PropertyValueSpecification\",\"valueRequired\":true,\"valueName\":\"search_term_string\"}}],\"inLanguage\":\"ca\"},{\"@type\":\"Organization\",\"@id\":\"https:\\\/\\\/radiolitoral.com\\\/#organization\",\"name\":\"Radio Litoral\",\"url\":\"https:\\\/\\\/radiolitoral.com\\\/\",\"logo\":{\"@type\":\"ImageObject\",\"inLanguage\":\"ca\",\"@id\":\"https:\\\/\\\/radiolitoral.com\\\/#\\\/schema\\\/logo\\\/image\\\/\",\"url\":\"https:\\\/\\\/media.radiolitoral.com\\\/wp-content\\\/uploads\\\/2023\\\/02\\\/24143238\\\/CL-V-RadioLitoral696.png\",\"contentUrl\":\"https:\\\/\\\/media.radiolitoral.com\\\/wp-content\\\/uploads\\\/2023\\\/02\\\/24143238\\\/CL-V-RadioLitoral696.png\",\"width\":696,\"height\":696,\"caption\":\"Radio Litoral\"},\"image\":{\"@id\":\"https:\\\/\\\/radiolitoral.com\\\/#\\\/schema\\\/logo\\\/image\\\/\"},\"sameAs\":[\"https:\\\/\\\/www.facebook.com\\\/Laradiolitoral\\\/\"]},{\"@type\":\"Person\",\"@id\":\"https:\\\/\\\/radiolitoral.com\\\/#\\\/schema\\\/person\\\/aad4f72efa404f85b68e832d24cac059\",\"name\":\"Mel Pescuezo\",\"image\":{\"@type\":\"ImageObject\",\"inLanguage\":\"ca\",\"@id\":\"https:\\\/\\\/secure.gravatar.com\\\/avatar\\\/993975ae489c70cb0dd9bfa9413a082f0bd276582dac13661af7b33f161e7eea?s=96&d=mm&r=g\",\"url\":\"https:\\\/\\\/secure.gravatar.com\\\/avatar\\\/993975ae489c70cb0dd9bfa9413a082f0bd276582dac13661af7b33f161e7eea?s=96&d=mm&r=g\",\"contentUrl\":\"https:\\\/\\\/secure.gravatar.com\\\/avatar\\\/993975ae489c70cb0dd9bfa9413a082f0bd276582dac13661af7b33f161e7eea?s=96&d=mm&r=g\",\"caption\":\"Mel Pescuezo\"},\"url\":\"https:\\\/\\\/radiolitoral.com\\\/ca\\\/author\\\/serviciospararadios\\\/\"}]}<\/script>\n<!-- \/ Yoast SEO plugin. -->","yoast_head_json":{"title":"La Gu\u00e0rdia Civil investiga tres persones per venda il\u00b7legal de medicaments veterinaris a la Comunitat Valenciana | R\u00e0dio Litoral","robots":{"index":"index","follow":"follow","max-snippet":"max-snippet:-1","max-image-preview":"max-image-preview:large","max-video-preview":"max-video-preview:-1"},"canonical":"https:\/\/radiolitoral.com\/ca\/2023\/08\/la-guardia-civil-investiga-tres-persones-per-venda-il\u00b7legal-de-medicaments-veterinaris-a-la-comunitat-valenciana\/","og_locale":"ca_ES","og_type":"article","og_title":"La Guardia Civil investiga a tres personas por venta ilegal de medicamentos veterinarios en la Comunitat Valenciana | R\u00e0dio Litoral","og_url":"https:\/\/radiolitoral.com\/ca\/2023\/08\/la-guardia-civil-investiga-tres-persones-per-venda-il\u00b7legal-de-medicaments-veterinaris-a-la-comunitat-valenciana\/","og_site_name":"R\u00e0dio Litoral","article_publisher":"https:\/\/www.facebook.com\/Laradiolitoral\/","article_published_time":"2023-08-10T09:54:27+00:00","article_modified_time":"2023-08-10T09:58:30+00:00","og_image":[{"width":1821,"height":1126,"url":"https:\/\/media.radiolitoral.com\/wp-content\/uploads\/2023\/08\/10115351\/Img-01-medicamentos.jpg","type":"image\/jpeg"}],"author":"Mel Pescuezo","twitter_card":"summary_large_image","twitter_misc":{"Escrit per":"Mel Pescuezo","Temps estimat de lectura":"3 minuts"},"schema":{"@context":"https:\/\/schema.org","@graph":[{"@type":"NewsArticle","@id":"https:\/\/radiolitoral.com\/2023\/08\/la-guardia-civil-investiga-a-tres-personas-por-venta-ilegal-de-medicamentos-veterinarios-en-la-comunitat-valenciana\/#article","isPartOf":{"@id":"https:\/\/radiolitoral.com\/2023\/08\/la-guardia-civil-investiga-a-tres-personas-por-venta-ilegal-de-medicamentos-veterinarios-en-la-comunitat-valenciana\/"},"author":{"name":"Mel Pescuezo","@id":"https:\/\/radiolitoral.com\/#\/schema\/person\/aad4f72efa404f85b68e832d24cac059"},"headline":"La Guardia Civil investiga a tres personas por venta ilegal de medicamentos veterinarios en la Comunitat Valenciana","datePublished":"2023-08-10T09:54:27+00:00","dateModified":"2023-08-10T09:58:30+00:00","mainEntityOfPage":{"@id":"https:\/\/radiolitoral.com\/2023\/08\/la-guardia-civil-investiga-a-tres-personas-por-venta-ilegal-de-medicamentos-veterinarios-en-la-comunitat-valenciana\/"},"wordCount":517,"commentCount":0,"publisher":{"@id":"https:\/\/radiolitoral.com\/#organization"},"image":{"@id":"https:\/\/radiolitoral.com\/2023\/08\/la-guardia-civil-investiga-a-tres-personas-por-venta-ilegal-de-medicamentos-veterinarios-en-la-comunitat-valenciana\/#primaryimage"},"thumbnailUrl":"https:\/\/media.radiolitoral.com\/wp-content\/uploads\/2023\/08\/10115351\/Img-01-medicamentos.jpg","articleSection":["Uncategorized"],"inLanguage":"ca","potentialAction":[{"@type":"CommentAction","name":"Comment","target":["https:\/\/radiolitoral.com\/2023\/08\/la-guardia-civil-investiga-a-tres-personas-por-venta-ilegal-de-medicamentos-veterinarios-en-la-comunitat-valenciana\/#respond"]}]},{"@type":["WebPage","ItemPage"],"@id":"https:\/\/radiolitoral.com\/2023\/08\/la-guardia-civil-investiga-a-tres-personas-por-venta-ilegal-de-medicamentos-veterinarios-en-la-comunitat-valenciana\/","url":"https:\/\/radiolitoral.com\/2023\/08\/la-guardia-civil-investiga-a-tres-personas-por-venta-ilegal-de-medicamentos-veterinarios-en-la-comunitat-valenciana\/","name":"La Gu\u00e0rdia Civil investiga tres persones per venda il\u00b7legal de medicaments veterinaris a la Comunitat Valenciana | R\u00e0dio Litoral","isPartOf":{"@id":"https:\/\/radiolitoral.com\/#website"},"primaryImageOfPage":{"@id":"https:\/\/radiolitoral.com\/2023\/08\/la-guardia-civil-investiga-a-tres-personas-por-venta-ilegal-de-medicamentos-veterinarios-en-la-comunitat-valenciana\/#primaryimage"},"image":{"@id":"https:\/\/radiolitoral.com\/2023\/08\/la-guardia-civil-investiga-a-tres-personas-por-venta-ilegal-de-medicamentos-veterinarios-en-la-comunitat-valenciana\/#primaryimage"},"thumbnailUrl":"https:\/\/media.radiolitoral.com\/wp-content\/uploads\/2023\/08\/10115351\/Img-01-medicamentos.jpg","datePublished":"2023-08-10T09:54:27+00:00","dateModified":"2023-08-10T09:58:30+00:00","breadcrumb":{"@id":"https:\/\/radiolitoral.com\/2023\/08\/la-guardia-civil-investiga-a-tres-personas-por-venta-ilegal-de-medicamentos-veterinarios-en-la-comunitat-valenciana\/#breadcrumb"},"inLanguage":"ca","potentialAction":[{"@type":"ReadAction","target":["https:\/\/radiolitoral.com\/2023\/08\/la-guardia-civil-investiga-a-tres-personas-por-venta-ilegal-de-medicamentos-veterinarios-en-la-comunitat-valenciana\/"]}]},{"@type":"ImageObject","inLanguage":"ca","@id":"https:\/\/radiolitoral.com\/2023\/08\/la-guardia-civil-investiga-a-tres-personas-por-venta-ilegal-de-medicamentos-veterinarios-en-la-comunitat-valenciana\/#primaryimage","url":"https:\/\/media.radiolitoral.com\/wp-content\/uploads\/2023\/08\/10115351\/Img-01-medicamentos.jpg","contentUrl":"https:\/\/media.radiolitoral.com\/wp-content\/uploads\/2023\/08\/10115351\/Img-01-medicamentos.jpg","width":1821,"height":1126},{"@type":"BreadcrumbList","@id":"https:\/\/radiolitoral.com\/2023\/08\/la-guardia-civil-investiga-a-tres-personas-por-venta-ilegal-de-medicamentos-veterinarios-en-la-comunitat-valenciana\/#breadcrumb","itemListElement":[{"@type":"ListItem","position":1,"name":"Portada","item":"https:\/\/radiolitoral.com\/"},{"@type":"ListItem","position":2,"name":"La Guardia Civil investiga a tres personas por venta ilegal de medicamentos veterinarios en la Comunitat Valenciana"}]},{"@type":"WebSite","@id":"https:\/\/radiolitoral.com\/#website","url":"https:\/\/radiolitoral.com\/","name":"R\u00e0dio Litoral","description":"La r\u00e0dio local de la Marina Alta","publisher":{"@id":"https:\/\/radiolitoral.com\/#organization"},"alternateName":"Litoral FM","potentialAction":[{"@type":"SearchAction","target":{"@type":"EntryPoint","urlTemplate":"https:\/\/radiolitoral.com\/?s={search_term_string}"},"query-input":{"@type":"PropertyValueSpecification","valueRequired":true,"valueName":"search_term_string"}}],"inLanguage":"ca"},{"@type":"Organization","@id":"https:\/\/radiolitoral.com\/#organization","name":"R\u00e0dio Litoral","url":"https:\/\/radiolitoral.com\/","logo":{"@type":"ImageObject","inLanguage":"ca","@id":"https:\/\/radiolitoral.com\/#\/schema\/logo\/image\/","url":"https:\/\/media.radiolitoral.com\/wp-content\/uploads\/2023\/02\/24143238\/CL-V-RadioLitoral696.png","contentUrl":"https:\/\/media.radiolitoral.com\/wp-content\/uploads\/2023\/02\/24143238\/CL-V-RadioLitoral696.png","width":696,"height":696,"caption":"Radio Litoral"},"image":{"@id":"https:\/\/radiolitoral.com\/#\/schema\/logo\/image\/"},"sameAs":["https:\/\/www.facebook.com\/Laradiolitoral\/"]},{"@type":"Person","@id":"https:\/\/radiolitoral.com\/#\/schema\/person\/aad4f72efa404f85b68e832d24cac059","name":"Mel Pescuezo","image":{"@type":"ImageObject","inLanguage":"ca","@id":"https:\/\/secure.gravatar.com\/avatar\/993975ae489c70cb0dd9bfa9413a082f0bd276582dac13661af7b33f161e7eea?s=96&d=mm&r=g","url":"https:\/\/secure.gravatar.com\/avatar\/993975ae489c70cb0dd9bfa9413a082f0bd276582dac13661af7b33f161e7eea?s=96&d=mm&r=g","contentUrl":"https:\/\/secure.gravatar.com\/avatar\/993975ae489c70cb0dd9bfa9413a082f0bd276582dac13661af7b33f161e7eea?s=96&d=mm&r=g","caption":"Mel Pescuezo"},"url":"https:\/\/radiolitoral.com\/ca\/author\/serviciospararadios\/"}]}},"_links":{"self":[{"href":"https:\/\/radiolitoral.com\/ca\/wp-json\/wp\/v2\/posts\/4941","targetHints":{"allow":["GET"]}}],"collection":[{"href":"https:\/\/radiolitoral.com\/ca\/wp-json\/wp\/v2\/posts"}],"about":[{"href":"https:\/\/radiolitoral.com\/ca\/wp-json\/wp\/v2\/types\/post"}],"author":[{"embeddable":true,"href":"https:\/\/radiolitoral.com\/ca\/wp-json\/wp\/v2\/users\/21"}],"replies":[{"embeddable":true,"href":"https:\/\/radiolitoral.com\/ca\/wp-json\/wp\/v2\/comments?post=4941"}],"version-history":[{"count":1,"href":"https:\/\/radiolitoral.com\/ca\/wp-json\/wp\/v2\/posts\/4941\/revisions"}],"predecessor-version":[{"id":4943,"href":"https:\/\/radiolitoral.com\/ca\/wp-json\/wp\/v2\/posts\/4941\/revisions\/4943"}],"wp:featuredmedia":[{"embeddable":true,"href":"https:\/\/radiolitoral.com\/ca\/wp-json\/wp\/v2\/media\/4942"}],"wp:attachment":[{"href":"https:\/\/radiolitoral.com\/ca\/wp-json\/wp\/v2\/media?parent=4941"}],"wp:term":[{"taxonomy":"category","embeddable":true,"href":"https:\/\/radiolitoral.com\/ca\/wp-json\/wp\/v2\/categories?post=4941"},{"taxonomy":"post_tag","embeddable":true,"href":"https:\/\/radiolitoral.com\/ca\/wp-json\/wp\/v2\/tags?post=4941"}],"curies":[{"name":"wp","href":"https:\/\/api.w.org\/{rel}","templated":true}]}}