{"id":4916,"date":"2023-07-28T19:24:11","date_gmt":"2023-07-28T17:24:11","guid":{"rendered":"https:\/\/radiolitoral.com\/?p=4916"},"modified":"2023-07-28T19:24:26","modified_gmt":"2023-07-28T17:24:26","slug":"calp-convoca-ajudes-per-a-la-promocion-de-lesport-per-275-000-e","status":"publish","type":"post","link":"https:\/\/radiolitoral.com\/ca\/2023\/07\/calp-convoca-ayudas-para-la-promocion-del-deporte-por-275-000-e\/","title":{"rendered":"Calp convoca ajuts per a la promoci\u00f3 de l&#039;esport per 275.000 \u20ac"},"content":{"rendered":"<p>L&#039;Ajuntament calp\u00ed ha convocat ajuts per a la promoci\u00f3 de l&#039;esport 2023-2024, amb un muntant de 275.000\u20ac. La quantitat assignada suposa incrementar en 65.000 euros m\u00e9s aquesta l\u00ednia de subvencions respecte a la convocat\u00f2ria anterior. A m\u00e9s, s&#039;han revisat les bases per tal d&#039;afavorir, entre altres aspectes, l&#039;associacionisme esportiu.<\/p>\n<p>Aquests ajuts, dirigits a les entitats esportives locals, compten amb dues l\u00ednies: la l\u00ednia 1 amb ajuts destinats a la participaci\u00f3 en competicions esportives oficials i el foment de l&#039;esport base local i la l\u00ednia 2 amb ajuts destinats a l&#039;organitzaci\u00f3 d&#039;esdeveniments esportius.<\/p>\n<p>Es podr\u00e0 presentar sol\u00b7licitud a partir d&#039;avui 28 de juliol i fins al proper 11 d&#039;agost incl\u00f2s per <a href=\"https:\/\/calp.sedelectronica.es\/board\/975b37c8-f59b-11de-b600-00237da12c6a\/\">seu electr\u00f2nica<\/a>.<\/p>\n<p>&nbsp;<\/p>","protected":false},"excerpt":{"rendered":"<p>El Ayuntamiento calpino ha convocado ayudas para la promoci\u00f3n del deporte2023-2024, con un montante de 275.000\u20ac La cantidad asignada supone incrementar en 65.000 euros m\u00e1s esta l\u00ednea de subvenciones respecto a la convocatoria anterior. Adem\u00e1s se han revisado las bases con el fin de favorecer, entre otros aspectos, el asociacionismo deportivo. Estas ayudas, dirigidas a [&#8230;]<\/p>\n<p><a class=\"btn btn-secondary understrap-read-more-link\" href=\"https:\/\/radiolitoral.com\/ca\/2023\/07\/calp-convoca-ayudas-para-la-promocion-del-deporte-por-275-000-e\/\">Continua llegint&#8230;<span class=\"screen-reader-text\"> from Calp convoca ayudas para la promoci\u00f3n del deporte por 275.000 \u20ac<\/span><\/a><\/p>\n","protected":false},"author":21,"featured_media":4917,"comment_status":"open","ping_status":"closed","sticky":false,"template":"","format":"standard","meta":{"_acf_changed":false,"inline_featured_image":false,"footnotes":""},"categories":[5],"tags":[],"class_list":["post-4916","post","type-post","status-publish","format-standard","has-post-thumbnail","hentry","category-deportes","cobertura-calp"],"acf":[],"yoast_head":"<!-- This site is optimized with the Yoast SEO plugin v27.5 - https:\/\/yoast.com\/product\/yoast-seo-wordpress\/ -->\n<title>Calp convoca ayudas para la promoci\u00f3n del deporte por 275.000 \u20ac | R\u00e0dio Litoral<\/title>\n<meta name=\"robots\" content=\"index, follow, max-snippet:-1, max-image-preview:large, max-video-preview:-1\" \/>\n<link rel=\"canonical\" href=\"https:\/\/radiolitoral.com\/ca\/2023\/07\/calp-convoca-ajudes-per-a-la-promocion-de-lesport-per-275-000-e\/\" \/>\n<meta property=\"og:locale\" content=\"ca_ES\" \/>\n<meta property=\"og:type\" content=\"article\" \/>\n<meta property=\"og:title\" content=\"Calp convoca ayudas para la promoci\u00f3n del deporte por 275.000 \u20ac | R\u00e0dio Litoral\" \/>\n<meta property=\"og:url\" content=\"https:\/\/radiolitoral.com\/ca\/2023\/07\/calp-convoca-ajudes-per-a-la-promocion-de-lesport-per-275-000-e\/\" \/>\n<meta property=\"og:site_name\" content=\"R\u00e0dio Litoral\" \/>\n<meta property=\"article:publisher\" content=\"https:\/\/www.facebook.com\/Laradiolitoral\/\" \/>\n<meta property=\"article:published_time\" content=\"2023-07-28T17:24:11+00:00\" \/>\n<meta property=\"article:modified_time\" content=\"2023-07-28T17:24:26+00:00\" \/>\n<meta property=\"og:image\" content=\"https:\/\/media.radiolitoral.com\/wp-content\/uploads\/2023\/07\/28192349\/futbol-calp-300x300-1.jpg\" \/>\n\t<meta property=\"og:image:width\" content=\"300\" \/>\n\t<meta property=\"og:image:height\" content=\"300\" \/>\n\t<meta property=\"og:image:type\" content=\"image\/jpeg\" \/>\n<meta name=\"author\" content=\"Mel Pescuezo\" \/>\n<meta name=\"twitter:card\" content=\"summary_large_image\" \/>\n<meta name=\"twitter:label1\" content=\"Escrit per\" \/>\n\t<meta name=\"twitter:data1\" content=\"Mel Pescuezo\" \/>\n\t<meta name=\"twitter:label2\" content=\"Temps estimat de lectura\" \/>\n\t<meta name=\"twitter:data2\" content=\"1 minut\" \/>\n<script type=\"application\/ld+json\" class=\"yoast-schema-graph\">{\"@context\":\"https:\\\/\\\/schema.org\",\"@graph\":[{\"@type\":\"NewsArticle\",\"@id\":\"https:\\\/\\\/radiolitoral.com\\\/2023\\\/07\\\/calp-convoca-ayudas-para-la-promocion-del-deporte-por-275-000-e\\\/#article\",\"isPartOf\":{\"@id\":\"https:\\\/\\\/radiolitoral.com\\\/2023\\\/07\\\/calp-convoca-ayudas-para-la-promocion-del-deporte-por-275-000-e\\\/\"},\"author\":{\"name\":\"Mel Pescuezo\",\"@id\":\"https:\\\/\\\/radiolitoral.com\\\/#\\\/schema\\\/person\\\/aad4f72efa404f85b68e832d24cac059\"},\"headline\":\"Calp convoca ayudas para la promoci\u00f3n del deporte por 275.000 \u20ac\",\"datePublished\":\"2023-07-28T17:24:11+00:00\",\"dateModified\":\"2023-07-28T17:24:26+00:00\",\"mainEntityOfPage\":{\"@id\":\"https:\\\/\\\/radiolitoral.com\\\/2023\\\/07\\\/calp-convoca-ayudas-para-la-promocion-del-deporte-por-275-000-e\\\/\"},\"wordCount\":134,\"commentCount\":0,\"publisher\":{\"@id\":\"https:\\\/\\\/radiolitoral.com\\\/#organization\"},\"image\":{\"@id\":\"https:\\\/\\\/radiolitoral.com\\\/2023\\\/07\\\/calp-convoca-ayudas-para-la-promocion-del-deporte-por-275-000-e\\\/#primaryimage\"},\"thumbnailUrl\":\"https:\\\/\\\/media.radiolitoral.com\\\/wp-content\\\/uploads\\\/2023\\\/07\\\/28192349\\\/futbol-calp-300x300-1.jpg\",\"articleSection\":[\"Deportes\"],\"inLanguage\":\"ca\",\"potentialAction\":[{\"@type\":\"CommentAction\",\"name\":\"Comment\",\"target\":[\"https:\\\/\\\/radiolitoral.com\\\/2023\\\/07\\\/calp-convoca-ayudas-para-la-promocion-del-deporte-por-275-000-e\\\/#respond\"]}]},{\"@type\":[\"WebPage\",\"ItemPage\"],\"@id\":\"https:\\\/\\\/radiolitoral.com\\\/2023\\\/07\\\/calp-convoca-ayudas-para-la-promocion-del-deporte-por-275-000-e\\\/\",\"url\":\"https:\\\/\\\/radiolitoral.com\\\/2023\\\/07\\\/calp-convoca-ayudas-para-la-promocion-del-deporte-por-275-000-e\\\/\",\"name\":\"Calp convoca ayudas para la promoci\u00f3n del deporte por 275.000 \u20ac | R\u00e0dio Litoral\",\"isPartOf\":{\"@id\":\"https:\\\/\\\/radiolitoral.com\\\/#website\"},\"primaryImageOfPage\":{\"@id\":\"https:\\\/\\\/radiolitoral.com\\\/2023\\\/07\\\/calp-convoca-ayudas-para-la-promocion-del-deporte-por-275-000-e\\\/#primaryimage\"},\"image\":{\"@id\":\"https:\\\/\\\/radiolitoral.com\\\/2023\\\/07\\\/calp-convoca-ayudas-para-la-promocion-del-deporte-por-275-000-e\\\/#primaryimage\"},\"thumbnailUrl\":\"https:\\\/\\\/media.radiolitoral.com\\\/wp-content\\\/uploads\\\/2023\\\/07\\\/28192349\\\/futbol-calp-300x300-1.jpg\",\"datePublished\":\"2023-07-28T17:24:11+00:00\",\"dateModified\":\"2023-07-28T17:24:26+00:00\",\"breadcrumb\":{\"@id\":\"https:\\\/\\\/radiolitoral.com\\\/2023\\\/07\\\/calp-convoca-ayudas-para-la-promocion-del-deporte-por-275-000-e\\\/#breadcrumb\"},\"inLanguage\":\"ca\",\"potentialAction\":[{\"@type\":\"ReadAction\",\"target\":[\"https:\\\/\\\/radiolitoral.com\\\/2023\\\/07\\\/calp-convoca-ayudas-para-la-promocion-del-deporte-por-275-000-e\\\/\"]}]},{\"@type\":\"ImageObject\",\"inLanguage\":\"ca\",\"@id\":\"https:\\\/\\\/radiolitoral.com\\\/2023\\\/07\\\/calp-convoca-ayudas-para-la-promocion-del-deporte-por-275-000-e\\\/#primaryimage\",\"url\":\"https:\\\/\\\/media.radiolitoral.com\\\/wp-content\\\/uploads\\\/2023\\\/07\\\/28192349\\\/futbol-calp-300x300-1.jpg\",\"contentUrl\":\"https:\\\/\\\/media.radiolitoral.com\\\/wp-content\\\/uploads\\\/2023\\\/07\\\/28192349\\\/futbol-calp-300x300-1.jpg\",\"width\":300,\"height\":300},{\"@type\":\"BreadcrumbList\",\"@id\":\"https:\\\/\\\/radiolitoral.com\\\/2023\\\/07\\\/calp-convoca-ayudas-para-la-promocion-del-deporte-por-275-000-e\\\/#breadcrumb\",\"itemListElement\":[{\"@type\":\"ListItem\",\"position\":1,\"name\":\"Portada\",\"item\":\"https:\\\/\\\/radiolitoral.com\\\/\"},{\"@type\":\"ListItem\",\"position\":2,\"name\":\"Calp convoca ayudas para la promoci\u00f3n del deporte por 275.000 \u20ac\"}]},{\"@type\":\"WebSite\",\"@id\":\"https:\\\/\\\/radiolitoral.com\\\/#website\",\"url\":\"https:\\\/\\\/radiolitoral.com\\\/\",\"name\":\"Radio Litoral\",\"description\":\"La radio local de la Marina Alta\",\"publisher\":{\"@id\":\"https:\\\/\\\/radiolitoral.com\\\/#organization\"},\"alternateName\":\"Litoral FM\",\"potentialAction\":[{\"@type\":\"SearchAction\",\"target\":{\"@type\":\"EntryPoint\",\"urlTemplate\":\"https:\\\/\\\/radiolitoral.com\\\/?s={search_term_string}\"},\"query-input\":{\"@type\":\"PropertyValueSpecification\",\"valueRequired\":true,\"valueName\":\"search_term_string\"}}],\"inLanguage\":\"ca\"},{\"@type\":\"Organization\",\"@id\":\"https:\\\/\\\/radiolitoral.com\\\/#organization\",\"name\":\"Radio Litoral\",\"url\":\"https:\\\/\\\/radiolitoral.com\\\/\",\"logo\":{\"@type\":\"ImageObject\",\"inLanguage\":\"ca\",\"@id\":\"https:\\\/\\\/radiolitoral.com\\\/#\\\/schema\\\/logo\\\/image\\\/\",\"url\":\"https:\\\/\\\/media.radiolitoral.com\\\/wp-content\\\/uploads\\\/2023\\\/02\\\/24143238\\\/CL-V-RadioLitoral696.png\",\"contentUrl\":\"https:\\\/\\\/media.radiolitoral.com\\\/wp-content\\\/uploads\\\/2023\\\/02\\\/24143238\\\/CL-V-RadioLitoral696.png\",\"width\":696,\"height\":696,\"caption\":\"Radio Litoral\"},\"image\":{\"@id\":\"https:\\\/\\\/radiolitoral.com\\\/#\\\/schema\\\/logo\\\/image\\\/\"},\"sameAs\":[\"https:\\\/\\\/www.facebook.com\\\/Laradiolitoral\\\/\"]},{\"@type\":\"Person\",\"@id\":\"https:\\\/\\\/radiolitoral.com\\\/#\\\/schema\\\/person\\\/aad4f72efa404f85b68e832d24cac059\",\"name\":\"Mel Pescuezo\",\"image\":{\"@type\":\"ImageObject\",\"inLanguage\":\"ca\",\"@id\":\"https:\\\/\\\/secure.gravatar.com\\\/avatar\\\/993975ae489c70cb0dd9bfa9413a082f0bd276582dac13661af7b33f161e7eea?s=96&d=mm&r=g\",\"url\":\"https:\\\/\\\/secure.gravatar.com\\\/avatar\\\/993975ae489c70cb0dd9bfa9413a082f0bd276582dac13661af7b33f161e7eea?s=96&d=mm&r=g\",\"contentUrl\":\"https:\\\/\\\/secure.gravatar.com\\\/avatar\\\/993975ae489c70cb0dd9bfa9413a082f0bd276582dac13661af7b33f161e7eea?s=96&d=mm&r=g\",\"caption\":\"Mel Pescuezo\"},\"url\":\"https:\\\/\\\/radiolitoral.com\\\/ca\\\/author\\\/serviciospararadios\\\/\"}]}<\/script>\n<!-- \/ Yoast SEO plugin. -->","yoast_head_json":{"title":"Calp convoca ajuts per a la promoci\u00f3 de l&#039;esport per 275.000\u20ac | R\u00e0dio Litoral","robots":{"index":"index","follow":"follow","max-snippet":"max-snippet:-1","max-image-preview":"max-image-preview:large","max-video-preview":"max-video-preview:-1"},"canonical":"https:\/\/radiolitoral.com\/ca\/2023\/07\/calp-convoca-ajudes-per-a-la-promocion-de-lesport-per-275-000-e\/","og_locale":"ca_ES","og_type":"article","og_title":"Calp convoca ayudas para la promoci\u00f3n del deporte por 275.000 \u20ac | R\u00e0dio Litoral","og_url":"https:\/\/radiolitoral.com\/ca\/2023\/07\/calp-convoca-ajudes-per-a-la-promocion-de-lesport-per-275-000-e\/","og_site_name":"R\u00e0dio Litoral","article_publisher":"https:\/\/www.facebook.com\/Laradiolitoral\/","article_published_time":"2023-07-28T17:24:11+00:00","article_modified_time":"2023-07-28T17:24:26+00:00","og_image":[{"width":300,"height":300,"url":"https:\/\/media.radiolitoral.com\/wp-content\/uploads\/2023\/07\/28192349\/futbol-calp-300x300-1.jpg","type":"image\/jpeg"}],"author":"Mel Pescuezo","twitter_card":"summary_large_image","twitter_misc":{"Escrit per":"Mel Pescuezo","Temps estimat de lectura":"1 minut"},"schema":{"@context":"https:\/\/schema.org","@graph":[{"@type":"NewsArticle","@id":"https:\/\/radiolitoral.com\/2023\/07\/calp-convoca-ayudas-para-la-promocion-del-deporte-por-275-000-e\/#article","isPartOf":{"@id":"https:\/\/radiolitoral.com\/2023\/07\/calp-convoca-ayudas-para-la-promocion-del-deporte-por-275-000-e\/"},"author":{"name":"Mel Pescuezo","@id":"https:\/\/radiolitoral.com\/#\/schema\/person\/aad4f72efa404f85b68e832d24cac059"},"headline":"Calp convoca ayudas para la promoci\u00f3n del deporte por 275.000 \u20ac","datePublished":"2023-07-28T17:24:11+00:00","dateModified":"2023-07-28T17:24:26+00:00","mainEntityOfPage":{"@id":"https:\/\/radiolitoral.com\/2023\/07\/calp-convoca-ayudas-para-la-promocion-del-deporte-por-275-000-e\/"},"wordCount":134,"commentCount":0,"publisher":{"@id":"https:\/\/radiolitoral.com\/#organization"},"image":{"@id":"https:\/\/radiolitoral.com\/2023\/07\/calp-convoca-ayudas-para-la-promocion-del-deporte-por-275-000-e\/#primaryimage"},"thumbnailUrl":"https:\/\/media.radiolitoral.com\/wp-content\/uploads\/2023\/07\/28192349\/futbol-calp-300x300-1.jpg","articleSection":["Deportes"],"inLanguage":"ca","potentialAction":[{"@type":"CommentAction","name":"Comment","target":["https:\/\/radiolitoral.com\/2023\/07\/calp-convoca-ayudas-para-la-promocion-del-deporte-por-275-000-e\/#respond"]}]},{"@type":["WebPage","ItemPage"],"@id":"https:\/\/radiolitoral.com\/2023\/07\/calp-convoca-ayudas-para-la-promocion-del-deporte-por-275-000-e\/","url":"https:\/\/radiolitoral.com\/2023\/07\/calp-convoca-ayudas-para-la-promocion-del-deporte-por-275-000-e\/","name":"Calp convoca ajuts per a la promoci\u00f3 de l&#039;esport per 275.000\u20ac | R\u00e0dio Litoral","isPartOf":{"@id":"https:\/\/radiolitoral.com\/#website"},"primaryImageOfPage":{"@id":"https:\/\/radiolitoral.com\/2023\/07\/calp-convoca-ayudas-para-la-promocion-del-deporte-por-275-000-e\/#primaryimage"},"image":{"@id":"https:\/\/radiolitoral.com\/2023\/07\/calp-convoca-ayudas-para-la-promocion-del-deporte-por-275-000-e\/#primaryimage"},"thumbnailUrl":"https:\/\/media.radiolitoral.com\/wp-content\/uploads\/2023\/07\/28192349\/futbol-calp-300x300-1.jpg","datePublished":"2023-07-28T17:24:11+00:00","dateModified":"2023-07-28T17:24:26+00:00","breadcrumb":{"@id":"https:\/\/radiolitoral.com\/2023\/07\/calp-convoca-ayudas-para-la-promocion-del-deporte-por-275-000-e\/#breadcrumb"},"inLanguage":"ca","potentialAction":[{"@type":"ReadAction","target":["https:\/\/radiolitoral.com\/2023\/07\/calp-convoca-ayudas-para-la-promocion-del-deporte-por-275-000-e\/"]}]},{"@type":"ImageObject","inLanguage":"ca","@id":"https:\/\/radiolitoral.com\/2023\/07\/calp-convoca-ayudas-para-la-promocion-del-deporte-por-275-000-e\/#primaryimage","url":"https:\/\/media.radiolitoral.com\/wp-content\/uploads\/2023\/07\/28192349\/futbol-calp-300x300-1.jpg","contentUrl":"https:\/\/media.radiolitoral.com\/wp-content\/uploads\/2023\/07\/28192349\/futbol-calp-300x300-1.jpg","width":300,"height":300},{"@type":"BreadcrumbList","@id":"https:\/\/radiolitoral.com\/2023\/07\/calp-convoca-ayudas-para-la-promocion-del-deporte-por-275-000-e\/#breadcrumb","itemListElement":[{"@type":"ListItem","position":1,"name":"Portada","item":"https:\/\/radiolitoral.com\/"},{"@type":"ListItem","position":2,"name":"Calp convoca ayudas para la promoci\u00f3n del deporte por 275.000 \u20ac"}]},{"@type":"WebSite","@id":"https:\/\/radiolitoral.com\/#website","url":"https:\/\/radiolitoral.com\/","name":"R\u00e0dio Litoral","description":"La r\u00e0dio local de la Marina Alta","publisher":{"@id":"https:\/\/radiolitoral.com\/#organization"},"alternateName":"Litoral FM","potentialAction":[{"@type":"SearchAction","target":{"@type":"EntryPoint","urlTemplate":"https:\/\/radiolitoral.com\/?s={search_term_string}"},"query-input":{"@type":"PropertyValueSpecification","valueRequired":true,"valueName":"search_term_string"}}],"inLanguage":"ca"},{"@type":"Organization","@id":"https:\/\/radiolitoral.com\/#organization","name":"R\u00e0dio Litoral","url":"https:\/\/radiolitoral.com\/","logo":{"@type":"ImageObject","inLanguage":"ca","@id":"https:\/\/radiolitoral.com\/#\/schema\/logo\/image\/","url":"https:\/\/media.radiolitoral.com\/wp-content\/uploads\/2023\/02\/24143238\/CL-V-RadioLitoral696.png","contentUrl":"https:\/\/media.radiolitoral.com\/wp-content\/uploads\/2023\/02\/24143238\/CL-V-RadioLitoral696.png","width":696,"height":696,"caption":"Radio Litoral"},"image":{"@id":"https:\/\/radiolitoral.com\/#\/schema\/logo\/image\/"},"sameAs":["https:\/\/www.facebook.com\/Laradiolitoral\/"]},{"@type":"Person","@id":"https:\/\/radiolitoral.com\/#\/schema\/person\/aad4f72efa404f85b68e832d24cac059","name":"Mel Pescuezo","image":{"@type":"ImageObject","inLanguage":"ca","@id":"https:\/\/secure.gravatar.com\/avatar\/993975ae489c70cb0dd9bfa9413a082f0bd276582dac13661af7b33f161e7eea?s=96&d=mm&r=g","url":"https:\/\/secure.gravatar.com\/avatar\/993975ae489c70cb0dd9bfa9413a082f0bd276582dac13661af7b33f161e7eea?s=96&d=mm&r=g","contentUrl":"https:\/\/secure.gravatar.com\/avatar\/993975ae489c70cb0dd9bfa9413a082f0bd276582dac13661af7b33f161e7eea?s=96&d=mm&r=g","caption":"Mel Pescuezo"},"url":"https:\/\/radiolitoral.com\/ca\/author\/serviciospararadios\/"}]}},"_links":{"self":[{"href":"https:\/\/radiolitoral.com\/ca\/wp-json\/wp\/v2\/posts\/4916","targetHints":{"allow":["GET"]}}],"collection":[{"href":"https:\/\/radiolitoral.com\/ca\/wp-json\/wp\/v2\/posts"}],"about":[{"href":"https:\/\/radiolitoral.com\/ca\/wp-json\/wp\/v2\/types\/post"}],"author":[{"embeddable":true,"href":"https:\/\/radiolitoral.com\/ca\/wp-json\/wp\/v2\/users\/21"}],"replies":[{"embeddable":true,"href":"https:\/\/radiolitoral.com\/ca\/wp-json\/wp\/v2\/comments?post=4916"}],"version-history":[{"count":1,"href":"https:\/\/radiolitoral.com\/ca\/wp-json\/wp\/v2\/posts\/4916\/revisions"}],"predecessor-version":[{"id":4918,"href":"https:\/\/radiolitoral.com\/ca\/wp-json\/wp\/v2\/posts\/4916\/revisions\/4918"}],"wp:featuredmedia":[{"embeddable":true,"href":"https:\/\/radiolitoral.com\/ca\/wp-json\/wp\/v2\/media\/4917"}],"wp:attachment":[{"href":"https:\/\/radiolitoral.com\/ca\/wp-json\/wp\/v2\/media?parent=4916"}],"wp:term":[{"taxonomy":"category","embeddable":true,"href":"https:\/\/radiolitoral.com\/ca\/wp-json\/wp\/v2\/categories?post=4916"},{"taxonomy":"post_tag","embeddable":true,"href":"https:\/\/radiolitoral.com\/ca\/wp-json\/wp\/v2\/tags?post=4916"}],"curies":[{"name":"wp","href":"https:\/\/api.w.org\/{rel}","templated":true}]}}