{"id":4845,"date":"2023-07-24T18:12:49","date_gmt":"2023-07-24T16:12:49","guid":{"rendered":"https:\/\/radiolitoral.com\/?p=4845"},"modified":"2023-07-24T18:13:02","modified_gmt":"2023-07-24T16:13:02","slug":"benitatxell-obre-el-periode-perque-els-comercos-sadhereixin-al-bo-consum","status":"publish","type":"post","link":"https:\/\/radiolitoral.com\/ca\/2023\/07\/benitatxell-abre-el-periodo-para-que-los-comercios-se-adhieran-al-bono-consumo\/","title":{"rendered":"Benitatxell obre el per\u00edode perqu\u00e8 els comer\u00e7os s&#039;adhereixin al bo consum"},"content":{"rendered":"<p>L&#039;Ajuntament del Poble Nou de Benitatxell, a trav\u00e9s de la Regidoria de Comer\u00e7 i Promoci\u00f3 Econ\u00f2mica, llen\u00e7a una nova convocat\u00f2ria dels bons consum, subvencionats per la Diputaci\u00f3 d&#039;Alacant amb 89.540 euros. L&#039;objectiu d&#039;aquesta campanya \u00e9s donar suport al comer\u00e7 local i multiplicar el valor de les compres dels ve\u00efns i les ve\u00efnes.<\/p>\n<p>Ja s&#039;ha obert el per\u00edode perqu\u00e8 els comer\u00e7os interessats s&#039;hi adhereixin. Podeu sol\u00b7licitar-ho fins al 4 d&#039;agost a l&#039;Oficina d&#039;Atenci\u00f3 a la Ciutadania (C\/ de les Escoles, 2). Pel que fa a les persones consumidores, els bons estaran disponibles a l&#039;OAC a partir del 16 d&#039;agost i fins al 10 de novembre, i podran ser consumits fins al 30 de novembre als comer\u00e7os adherits.<\/p>\n<p>Cada persona major de 18 anys i empadronada al municipi podr\u00e0 gaudir de 4 bons: un de 110 euros per realitzar una compra m\u00ednima de 150 euros (l&#039;Ajuntament paga 110 euros i el ciutad\u00e0 la resta), un de 70 euros per a una compra superior a 100 euros (l&#039;Ajuntament paga 70 euros i el ciutad\u00e0 la compra) i dos bons de 2 resta).<\/p>\n<p>Per bescanviar els bons consum, la persona consumidora haur\u00e0 de personar-se a l&#039;OAC amb la factura del comer\u00e7, amb el bo a bescanviar i un n\u00famero de compte bancari per procedir al pagament del bo. Aquest tr\u00e0mit es pot fer fins a l&#039;1 de desembre.<\/p>\n<p>La campanya de Bono Consumo Nadal va ser tot un \u00e8xit. Es van adquirir un total de 687 abonaments. La regidora de l&#039;\u00e0rea, Mayte Rold\u00e1n, anima els negocis locals a sumar-se a aquesta convocat\u00f2ria.<\/p>\n<p>&nbsp;<\/p>","protected":false},"excerpt":{"rendered":"<p>El Ayuntamiento de El Poble Nou de Benitatxell, a trav\u00e9s de la Concejal\u00eda de Comercio y Promoci\u00f3n Econ\u00f3mica, lanza una nueva convocatoria de los bonos consumo, subvencionados por la Diputaci\u00f3n de Alicante con 89.540 euros. El objetivo de esta campa\u00f1a es apoyar al comercio local y multiplicar el valor de las compras de los vecinos [&#8230;]<\/p>\n<p><a class=\"btn btn-secondary understrap-read-more-link\" href=\"https:\/\/radiolitoral.com\/ca\/2023\/07\/benitatxell-abre-el-periodo-para-que-los-comercios-se-adhieran-al-bono-consumo\/\">Continua llegint&#8230;<span class=\"screen-reader-text\"> from Benitatxell abre el periodo para que los comercios se adhieran al bono consumo<\/span><\/a><\/p>\n","protected":false},"author":21,"featured_media":4846,"comment_status":"open","ping_status":"closed","sticky":false,"template":"","format":"standard","meta":{"_acf_changed":false,"inline_featured_image":false,"footnotes":""},"categories":[230],"tags":[],"class_list":["post-4845","post","type-post","status-publish","format-standard","has-post-thumbnail","hentry","category-comercio","cobertura-poble-nou-de-benitatxell"],"acf":[],"yoast_head":"<!-- This site is optimized with the Yoast SEO plugin v27.5 - https:\/\/yoast.com\/product\/yoast-seo-wordpress\/ -->\n<title>Benitatxell abre el periodo para que los comercios se adhieran al bono consumo | R\u00e0dio Litoral<\/title>\n<meta name=\"robots\" content=\"index, follow, max-snippet:-1, max-image-preview:large, max-video-preview:-1\" \/>\n<link rel=\"canonical\" href=\"https:\/\/radiolitoral.com\/ca\/2023\/07\/benitatxell-obre-el-periode-perque-els-comercos-sadhereixin-al-bo-consum\/\" \/>\n<meta property=\"og:locale\" content=\"ca_ES\" \/>\n<meta property=\"og:type\" content=\"article\" \/>\n<meta property=\"og:title\" content=\"Benitatxell abre el periodo para que los comercios se adhieran al bono consumo | R\u00e0dio Litoral\" \/>\n<meta property=\"og:url\" content=\"https:\/\/radiolitoral.com\/ca\/2023\/07\/benitatxell-obre-el-periode-perque-els-comercos-sadhereixin-al-bo-consum\/\" \/>\n<meta property=\"og:site_name\" content=\"R\u00e0dio Litoral\" \/>\n<meta property=\"article:publisher\" content=\"https:\/\/www.facebook.com\/Laradiolitoral\/\" \/>\n<meta property=\"article:published_time\" content=\"2023-07-24T16:12:49+00:00\" \/>\n<meta property=\"article:modified_time\" content=\"2023-07-24T16:13:02+00:00\" \/>\n<meta property=\"og:image\" content=\"https:\/\/media.radiolitoral.com\/wp-content\/uploads\/2023\/07\/24181242\/cartell-bo-consum-20234025-346x490-1.jpg\" \/>\n\t<meta property=\"og:image:width\" content=\"346\" \/>\n\t<meta property=\"og:image:height\" content=\"490\" \/>\n\t<meta property=\"og:image:type\" content=\"image\/jpeg\" \/>\n<meta name=\"author\" content=\"Mel Pescuezo\" \/>\n<meta name=\"twitter:card\" content=\"summary_large_image\" \/>\n<meta name=\"twitter:label1\" content=\"Escrit per\" \/>\n\t<meta name=\"twitter:data1\" content=\"Mel Pescuezo\" \/>\n\t<meta name=\"twitter:label2\" content=\"Temps estimat de lectura\" \/>\n\t<meta name=\"twitter:data2\" content=\"2 minuts\" \/>\n<script type=\"application\/ld+json\" class=\"yoast-schema-graph\">{\"@context\":\"https:\\\/\\\/schema.org\",\"@graph\":[{\"@type\":\"NewsArticle\",\"@id\":\"https:\\\/\\\/radiolitoral.com\\\/2023\\\/07\\\/benitatxell-abre-el-periodo-para-que-los-comercios-se-adhieran-al-bono-consumo\\\/#article\",\"isPartOf\":{\"@id\":\"https:\\\/\\\/radiolitoral.com\\\/2023\\\/07\\\/benitatxell-abre-el-periodo-para-que-los-comercios-se-adhieran-al-bono-consumo\\\/\"},\"author\":{\"name\":\"Mel Pescuezo\",\"@id\":\"https:\\\/\\\/radiolitoral.com\\\/#\\\/schema\\\/person\\\/aad4f72efa404f85b68e832d24cac059\"},\"headline\":\"Benitatxell abre el periodo para que los comercios se adhieran al bono consumo\",\"datePublished\":\"2023-07-24T16:12:49+00:00\",\"dateModified\":\"2023-07-24T16:13:02+00:00\",\"mainEntityOfPage\":{\"@id\":\"https:\\\/\\\/radiolitoral.com\\\/2023\\\/07\\\/benitatxell-abre-el-periodo-para-que-los-comercios-se-adhieran-al-bono-consumo\\\/\"},\"wordCount\":301,\"commentCount\":0,\"publisher\":{\"@id\":\"https:\\\/\\\/radiolitoral.com\\\/#organization\"},\"image\":{\"@id\":\"https:\\\/\\\/radiolitoral.com\\\/2023\\\/07\\\/benitatxell-abre-el-periodo-para-que-los-comercios-se-adhieran-al-bono-consumo\\\/#primaryimage\"},\"thumbnailUrl\":\"https:\\\/\\\/media.radiolitoral.com\\\/wp-content\\\/uploads\\\/2023\\\/07\\\/24181242\\\/cartell-bo-consum-20234025-346x490-1.jpg\",\"articleSection\":[\"Comercio\"],\"inLanguage\":\"ca\",\"potentialAction\":[{\"@type\":\"CommentAction\",\"name\":\"Comment\",\"target\":[\"https:\\\/\\\/radiolitoral.com\\\/2023\\\/07\\\/benitatxell-abre-el-periodo-para-que-los-comercios-se-adhieran-al-bono-consumo\\\/#respond\"]}]},{\"@type\":[\"WebPage\",\"ItemPage\"],\"@id\":\"https:\\\/\\\/radiolitoral.com\\\/2023\\\/07\\\/benitatxell-abre-el-periodo-para-que-los-comercios-se-adhieran-al-bono-consumo\\\/\",\"url\":\"https:\\\/\\\/radiolitoral.com\\\/2023\\\/07\\\/benitatxell-abre-el-periodo-para-que-los-comercios-se-adhieran-al-bono-consumo\\\/\",\"name\":\"Benitatxell abre el periodo para que los comercios se adhieran al bono consumo | R\u00e0dio Litoral\",\"isPartOf\":{\"@id\":\"https:\\\/\\\/radiolitoral.com\\\/#website\"},\"primaryImageOfPage\":{\"@id\":\"https:\\\/\\\/radiolitoral.com\\\/2023\\\/07\\\/benitatxell-abre-el-periodo-para-que-los-comercios-se-adhieran-al-bono-consumo\\\/#primaryimage\"},\"image\":{\"@id\":\"https:\\\/\\\/radiolitoral.com\\\/2023\\\/07\\\/benitatxell-abre-el-periodo-para-que-los-comercios-se-adhieran-al-bono-consumo\\\/#primaryimage\"},\"thumbnailUrl\":\"https:\\\/\\\/media.radiolitoral.com\\\/wp-content\\\/uploads\\\/2023\\\/07\\\/24181242\\\/cartell-bo-consum-20234025-346x490-1.jpg\",\"datePublished\":\"2023-07-24T16:12:49+00:00\",\"dateModified\":\"2023-07-24T16:13:02+00:00\",\"breadcrumb\":{\"@id\":\"https:\\\/\\\/radiolitoral.com\\\/2023\\\/07\\\/benitatxell-abre-el-periodo-para-que-los-comercios-se-adhieran-al-bono-consumo\\\/#breadcrumb\"},\"inLanguage\":\"ca\",\"potentialAction\":[{\"@type\":\"ReadAction\",\"target\":[\"https:\\\/\\\/radiolitoral.com\\\/2023\\\/07\\\/benitatxell-abre-el-periodo-para-que-los-comercios-se-adhieran-al-bono-consumo\\\/\"]}]},{\"@type\":\"ImageObject\",\"inLanguage\":\"ca\",\"@id\":\"https:\\\/\\\/radiolitoral.com\\\/2023\\\/07\\\/benitatxell-abre-el-periodo-para-que-los-comercios-se-adhieran-al-bono-consumo\\\/#primaryimage\",\"url\":\"https:\\\/\\\/media.radiolitoral.com\\\/wp-content\\\/uploads\\\/2023\\\/07\\\/24181242\\\/cartell-bo-consum-20234025-346x490-1.jpg\",\"contentUrl\":\"https:\\\/\\\/media.radiolitoral.com\\\/wp-content\\\/uploads\\\/2023\\\/07\\\/24181242\\\/cartell-bo-consum-20234025-346x490-1.jpg\",\"width\":346,\"height\":490},{\"@type\":\"BreadcrumbList\",\"@id\":\"https:\\\/\\\/radiolitoral.com\\\/2023\\\/07\\\/benitatxell-abre-el-periodo-para-que-los-comercios-se-adhieran-al-bono-consumo\\\/#breadcrumb\",\"itemListElement\":[{\"@type\":\"ListItem\",\"position\":1,\"name\":\"Portada\",\"item\":\"https:\\\/\\\/radiolitoral.com\\\/\"},{\"@type\":\"ListItem\",\"position\":2,\"name\":\"Benitatxell abre el periodo para que los comercios se adhieran al bono consumo\"}]},{\"@type\":\"WebSite\",\"@id\":\"https:\\\/\\\/radiolitoral.com\\\/#website\",\"url\":\"https:\\\/\\\/radiolitoral.com\\\/\",\"name\":\"Radio Litoral\",\"description\":\"La radio local de la Marina Alta\",\"publisher\":{\"@id\":\"https:\\\/\\\/radiolitoral.com\\\/#organization\"},\"alternateName\":\"Litoral FM\",\"potentialAction\":[{\"@type\":\"SearchAction\",\"target\":{\"@type\":\"EntryPoint\",\"urlTemplate\":\"https:\\\/\\\/radiolitoral.com\\\/?s={search_term_string}\"},\"query-input\":{\"@type\":\"PropertyValueSpecification\",\"valueRequired\":true,\"valueName\":\"search_term_string\"}}],\"inLanguage\":\"ca\"},{\"@type\":\"Organization\",\"@id\":\"https:\\\/\\\/radiolitoral.com\\\/#organization\",\"name\":\"Radio Litoral\",\"url\":\"https:\\\/\\\/radiolitoral.com\\\/\",\"logo\":{\"@type\":\"ImageObject\",\"inLanguage\":\"ca\",\"@id\":\"https:\\\/\\\/radiolitoral.com\\\/#\\\/schema\\\/logo\\\/image\\\/\",\"url\":\"https:\\\/\\\/media.radiolitoral.com\\\/wp-content\\\/uploads\\\/2023\\\/02\\\/24143238\\\/CL-V-RadioLitoral696.png\",\"contentUrl\":\"https:\\\/\\\/media.radiolitoral.com\\\/wp-content\\\/uploads\\\/2023\\\/02\\\/24143238\\\/CL-V-RadioLitoral696.png\",\"width\":696,\"height\":696,\"caption\":\"Radio Litoral\"},\"image\":{\"@id\":\"https:\\\/\\\/radiolitoral.com\\\/#\\\/schema\\\/logo\\\/image\\\/\"},\"sameAs\":[\"https:\\\/\\\/www.facebook.com\\\/Laradiolitoral\\\/\"]},{\"@type\":\"Person\",\"@id\":\"https:\\\/\\\/radiolitoral.com\\\/#\\\/schema\\\/person\\\/aad4f72efa404f85b68e832d24cac059\",\"name\":\"Mel Pescuezo\",\"image\":{\"@type\":\"ImageObject\",\"inLanguage\":\"ca\",\"@id\":\"https:\\\/\\\/secure.gravatar.com\\\/avatar\\\/993975ae489c70cb0dd9bfa9413a082f0bd276582dac13661af7b33f161e7eea?s=96&d=mm&r=g\",\"url\":\"https:\\\/\\\/secure.gravatar.com\\\/avatar\\\/993975ae489c70cb0dd9bfa9413a082f0bd276582dac13661af7b33f161e7eea?s=96&d=mm&r=g\",\"contentUrl\":\"https:\\\/\\\/secure.gravatar.com\\\/avatar\\\/993975ae489c70cb0dd9bfa9413a082f0bd276582dac13661af7b33f161e7eea?s=96&d=mm&r=g\",\"caption\":\"Mel Pescuezo\"},\"url\":\"https:\\\/\\\/radiolitoral.com\\\/ca\\\/author\\\/serviciospararadios\\\/\"}]}<\/script>\n<!-- \/ Yoast SEO plugin. -->","yoast_head_json":{"title":"Benitatxell obre el per\u00edode perqu\u00e8 els comer\u00e7os s&#039;adhereixin al consum bo | R\u00e0dio Litoral","robots":{"index":"index","follow":"follow","max-snippet":"max-snippet:-1","max-image-preview":"max-image-preview:large","max-video-preview":"max-video-preview:-1"},"canonical":"https:\/\/radiolitoral.com\/ca\/2023\/07\/benitatxell-obre-el-periode-perque-els-comercos-sadhereixin-al-bo-consum\/","og_locale":"ca_ES","og_type":"article","og_title":"Benitatxell abre el periodo para que los comercios se adhieran al bono consumo | R\u00e0dio Litoral","og_url":"https:\/\/radiolitoral.com\/ca\/2023\/07\/benitatxell-obre-el-periode-perque-els-comercos-sadhereixin-al-bo-consum\/","og_site_name":"R\u00e0dio Litoral","article_publisher":"https:\/\/www.facebook.com\/Laradiolitoral\/","article_published_time":"2023-07-24T16:12:49+00:00","article_modified_time":"2023-07-24T16:13:02+00:00","og_image":[{"width":346,"height":490,"url":"https:\/\/media.radiolitoral.com\/wp-content\/uploads\/2023\/07\/24181242\/cartell-bo-consum-20234025-346x490-1.jpg","type":"image\/jpeg"}],"author":"Mel Pescuezo","twitter_card":"summary_large_image","twitter_misc":{"Escrit per":"Mel Pescuezo","Temps estimat de lectura":"2 minuts"},"schema":{"@context":"https:\/\/schema.org","@graph":[{"@type":"NewsArticle","@id":"https:\/\/radiolitoral.com\/2023\/07\/benitatxell-abre-el-periodo-para-que-los-comercios-se-adhieran-al-bono-consumo\/#article","isPartOf":{"@id":"https:\/\/radiolitoral.com\/2023\/07\/benitatxell-abre-el-periodo-para-que-los-comercios-se-adhieran-al-bono-consumo\/"},"author":{"name":"Mel Pescuezo","@id":"https:\/\/radiolitoral.com\/#\/schema\/person\/aad4f72efa404f85b68e832d24cac059"},"headline":"Benitatxell abre el periodo para que los comercios se adhieran al bono consumo","datePublished":"2023-07-24T16:12:49+00:00","dateModified":"2023-07-24T16:13:02+00:00","mainEntityOfPage":{"@id":"https:\/\/radiolitoral.com\/2023\/07\/benitatxell-abre-el-periodo-para-que-los-comercios-se-adhieran-al-bono-consumo\/"},"wordCount":301,"commentCount":0,"publisher":{"@id":"https:\/\/radiolitoral.com\/#organization"},"image":{"@id":"https:\/\/radiolitoral.com\/2023\/07\/benitatxell-abre-el-periodo-para-que-los-comercios-se-adhieran-al-bono-consumo\/#primaryimage"},"thumbnailUrl":"https:\/\/media.radiolitoral.com\/wp-content\/uploads\/2023\/07\/24181242\/cartell-bo-consum-20234025-346x490-1.jpg","articleSection":["Comercio"],"inLanguage":"ca","potentialAction":[{"@type":"CommentAction","name":"Comment","target":["https:\/\/radiolitoral.com\/2023\/07\/benitatxell-abre-el-periodo-para-que-los-comercios-se-adhieran-al-bono-consumo\/#respond"]}]},{"@type":["WebPage","ItemPage"],"@id":"https:\/\/radiolitoral.com\/2023\/07\/benitatxell-abre-el-periodo-para-que-los-comercios-se-adhieran-al-bono-consumo\/","url":"https:\/\/radiolitoral.com\/2023\/07\/benitatxell-abre-el-periodo-para-que-los-comercios-se-adhieran-al-bono-consumo\/","name":"Benitatxell obre el per\u00edode perqu\u00e8 els comer\u00e7os s&#039;adhereixin al consum bo | R\u00e0dio Litoral","isPartOf":{"@id":"https:\/\/radiolitoral.com\/#website"},"primaryImageOfPage":{"@id":"https:\/\/radiolitoral.com\/2023\/07\/benitatxell-abre-el-periodo-para-que-los-comercios-se-adhieran-al-bono-consumo\/#primaryimage"},"image":{"@id":"https:\/\/radiolitoral.com\/2023\/07\/benitatxell-abre-el-periodo-para-que-los-comercios-se-adhieran-al-bono-consumo\/#primaryimage"},"thumbnailUrl":"https:\/\/media.radiolitoral.com\/wp-content\/uploads\/2023\/07\/24181242\/cartell-bo-consum-20234025-346x490-1.jpg","datePublished":"2023-07-24T16:12:49+00:00","dateModified":"2023-07-24T16:13:02+00:00","breadcrumb":{"@id":"https:\/\/radiolitoral.com\/2023\/07\/benitatxell-abre-el-periodo-para-que-los-comercios-se-adhieran-al-bono-consumo\/#breadcrumb"},"inLanguage":"ca","potentialAction":[{"@type":"ReadAction","target":["https:\/\/radiolitoral.com\/2023\/07\/benitatxell-abre-el-periodo-para-que-los-comercios-se-adhieran-al-bono-consumo\/"]}]},{"@type":"ImageObject","inLanguage":"ca","@id":"https:\/\/radiolitoral.com\/2023\/07\/benitatxell-abre-el-periodo-para-que-los-comercios-se-adhieran-al-bono-consumo\/#primaryimage","url":"https:\/\/media.radiolitoral.com\/wp-content\/uploads\/2023\/07\/24181242\/cartell-bo-consum-20234025-346x490-1.jpg","contentUrl":"https:\/\/media.radiolitoral.com\/wp-content\/uploads\/2023\/07\/24181242\/cartell-bo-consum-20234025-346x490-1.jpg","width":346,"height":490},{"@type":"BreadcrumbList","@id":"https:\/\/radiolitoral.com\/2023\/07\/benitatxell-abre-el-periodo-para-que-los-comercios-se-adhieran-al-bono-consumo\/#breadcrumb","itemListElement":[{"@type":"ListItem","position":1,"name":"Portada","item":"https:\/\/radiolitoral.com\/"},{"@type":"ListItem","position":2,"name":"Benitatxell abre el periodo para que los comercios se adhieran al bono consumo"}]},{"@type":"WebSite","@id":"https:\/\/radiolitoral.com\/#website","url":"https:\/\/radiolitoral.com\/","name":"R\u00e0dio Litoral","description":"La r\u00e0dio local de la Marina Alta","publisher":{"@id":"https:\/\/radiolitoral.com\/#organization"},"alternateName":"Litoral FM","potentialAction":[{"@type":"SearchAction","target":{"@type":"EntryPoint","urlTemplate":"https:\/\/radiolitoral.com\/?s={search_term_string}"},"query-input":{"@type":"PropertyValueSpecification","valueRequired":true,"valueName":"search_term_string"}}],"inLanguage":"ca"},{"@type":"Organization","@id":"https:\/\/radiolitoral.com\/#organization","name":"R\u00e0dio Litoral","url":"https:\/\/radiolitoral.com\/","logo":{"@type":"ImageObject","inLanguage":"ca","@id":"https:\/\/radiolitoral.com\/#\/schema\/logo\/image\/","url":"https:\/\/media.radiolitoral.com\/wp-content\/uploads\/2023\/02\/24143238\/CL-V-RadioLitoral696.png","contentUrl":"https:\/\/media.radiolitoral.com\/wp-content\/uploads\/2023\/02\/24143238\/CL-V-RadioLitoral696.png","width":696,"height":696,"caption":"Radio Litoral"},"image":{"@id":"https:\/\/radiolitoral.com\/#\/schema\/logo\/image\/"},"sameAs":["https:\/\/www.facebook.com\/Laradiolitoral\/"]},{"@type":"Person","@id":"https:\/\/radiolitoral.com\/#\/schema\/person\/aad4f72efa404f85b68e832d24cac059","name":"Mel Pescuezo","image":{"@type":"ImageObject","inLanguage":"ca","@id":"https:\/\/secure.gravatar.com\/avatar\/993975ae489c70cb0dd9bfa9413a082f0bd276582dac13661af7b33f161e7eea?s=96&d=mm&r=g","url":"https:\/\/secure.gravatar.com\/avatar\/993975ae489c70cb0dd9bfa9413a082f0bd276582dac13661af7b33f161e7eea?s=96&d=mm&r=g","contentUrl":"https:\/\/secure.gravatar.com\/avatar\/993975ae489c70cb0dd9bfa9413a082f0bd276582dac13661af7b33f161e7eea?s=96&d=mm&r=g","caption":"Mel Pescuezo"},"url":"https:\/\/radiolitoral.com\/ca\/author\/serviciospararadios\/"}]}},"_links":{"self":[{"href":"https:\/\/radiolitoral.com\/ca\/wp-json\/wp\/v2\/posts\/4845","targetHints":{"allow":["GET"]}}],"collection":[{"href":"https:\/\/radiolitoral.com\/ca\/wp-json\/wp\/v2\/posts"}],"about":[{"href":"https:\/\/radiolitoral.com\/ca\/wp-json\/wp\/v2\/types\/post"}],"author":[{"embeddable":true,"href":"https:\/\/radiolitoral.com\/ca\/wp-json\/wp\/v2\/users\/21"}],"replies":[{"embeddable":true,"href":"https:\/\/radiolitoral.com\/ca\/wp-json\/wp\/v2\/comments?post=4845"}],"version-history":[{"count":1,"href":"https:\/\/radiolitoral.com\/ca\/wp-json\/wp\/v2\/posts\/4845\/revisions"}],"predecessor-version":[{"id":4847,"href":"https:\/\/radiolitoral.com\/ca\/wp-json\/wp\/v2\/posts\/4845\/revisions\/4847"}],"wp:featuredmedia":[{"embeddable":true,"href":"https:\/\/radiolitoral.com\/ca\/wp-json\/wp\/v2\/media\/4846"}],"wp:attachment":[{"href":"https:\/\/radiolitoral.com\/ca\/wp-json\/wp\/v2\/media?parent=4845"}],"wp:term":[{"taxonomy":"category","embeddable":true,"href":"https:\/\/radiolitoral.com\/ca\/wp-json\/wp\/v2\/categories?post=4845"},{"taxonomy":"post_tag","embeddable":true,"href":"https:\/\/radiolitoral.com\/ca\/wp-json\/wp\/v2\/tags?post=4845"}],"curies":[{"name":"wp","href":"https:\/\/api.w.org\/{rel}","templated":true}]}}