{"id":4826,"date":"2023-07-24T17:54:43","date_gmt":"2023-07-24T15:54:43","guid":{"rendered":"https:\/\/radiolitoral.com\/?p=4826"},"modified":"2023-07-24T18:01:31","modified_gmt":"2023-07-24T16:01:31","slug":"4826","status":"publish","type":"post","link":"https:\/\/radiolitoral.com\/ca\/2023\/07\/4826\/","title":{"rendered":"Marina PortBlanc anuncia a l&#039;inici de les obres de Puerto Blanco de Calp per al setembre"},"content":{"rendered":"<p>&nbsp;<\/p>\n<p><img loading=\"lazy\" decoding=\"async\" class=\"alignnone size-medium wp-image-4830\" src=\"https:\/\/media.radiolitoral.com\/wp-content\/uploads\/2023\/07\/24175353\/244335299_270001104987065_8745661426506151133_n-300x300.jpg\" alt=\"\" width=\"300\" height=\"300\" srcset=\"https:\/\/media.radiolitoral.com\/wp-content\/uploads\/2023\/07\/24175353\/244335299_270001104987065_8745661426506151133_n-300x300.jpg 300w, https:\/\/media.radiolitoral.com\/wp-content\/uploads\/2023\/07\/24175353\/244335299_270001104987065_8745661426506151133_n-1024x1024.jpg 1024w, https:\/\/media.radiolitoral.com\/wp-content\/uploads\/2023\/07\/24175353\/244335299_270001104987065_8745661426506151133_n-150x150.jpg 150w, https:\/\/media.radiolitoral.com\/wp-content\/uploads\/2023\/07\/24175353\/244335299_270001104987065_8745661426506151133_n-768x768.jpg 768w, https:\/\/media.radiolitoral.com\/wp-content\/uploads\/2023\/07\/24175353\/244335299_270001104987065_8745661426506151133_n-12x12.jpg 12w, https:\/\/media.radiolitoral.com\/wp-content\/uploads\/2023\/07\/24175353\/244335299_270001104987065_8745661426506151133_n-1000x1000.jpg 1000w, https:\/\/media.radiolitoral.com\/wp-content\/uploads\/2023\/07\/24175353\/244335299_270001104987065_8745661426506151133_n-100x100.jpg 100w, https:\/\/media.radiolitoral.com\/wp-content\/uploads\/2023\/07\/24175353\/244335299_270001104987065_8745661426506151133_n-200x200.jpg 200w, https:\/\/media.radiolitoral.com\/wp-content\/uploads\/2023\/07\/24175353\/244335299_270001104987065_8745661426506151133_n.jpg 1200w\" sizes=\"auto, (max-width: 300px) 100vw, 300px\" \/><\/p>\n<p>L&#039;empresa adjudicat\u00e0ria de la concessi\u00f3 del port esportiu Puerto Blanco, Marina PortBlanc, ha comunicat a l&#039;alcaldessa, Ana Sala, que ja s&#039;ha signat l&#039;acta de lliurament de la superf\u00edcie de concessi\u00f3 per part de la Conselleria de Pol\u00edtica Territorial, Obres P\u00fabliques i Mobilitat i, per tant, les obres s&#039;iniciaran al setembre.<\/p>\n<p>Remarcar que la signatura de lacta de lliurament dels terrenys era requisit indispensable perqu\u00e8 la mercantil pugui accedir al recinte. A m\u00e9s, segons ha anunciat l&#039;empresa, les obres s&#039;inicien al setembre, en compliment de l&#039;ordenan\u00e7a municipal sobre sorolls d&#039;obres a l&#039;estiu. Tot i que durant el mes d&#039;agost, la intenci\u00f3 de la mercantil \u00e9s fer la recollida del material necessari per a aquesta obra.<\/p>\n<p><img loading=\"lazy\" decoding=\"async\" class=\"alignnone size-medium wp-image-4829\" src=\"https:\/\/media.radiolitoral.com\/wp-content\/uploads\/2023\/07\/24175351\/243671537_270006154986560_2132545654910209938_n-300x300.jpg\" alt=\"\" width=\"300\" height=\"300\" srcset=\"https:\/\/media.radiolitoral.com\/wp-content\/uploads\/2023\/07\/24175351\/243671537_270006154986560_2132545654910209938_n-300x300.jpg 300w, https:\/\/media.radiolitoral.com\/wp-content\/uploads\/2023\/07\/24175351\/243671537_270006154986560_2132545654910209938_n-1024x1024.jpg 1024w, https:\/\/media.radiolitoral.com\/wp-content\/uploads\/2023\/07\/24175351\/243671537_270006154986560_2132545654910209938_n-150x150.jpg 150w, https:\/\/media.radiolitoral.com\/wp-content\/uploads\/2023\/07\/24175351\/243671537_270006154986560_2132545654910209938_n-768x768.jpg 768w, https:\/\/media.radiolitoral.com\/wp-content\/uploads\/2023\/07\/24175351\/243671537_270006154986560_2132545654910209938_n-12x12.jpg 12w, https:\/\/media.radiolitoral.com\/wp-content\/uploads\/2023\/07\/24175351\/243671537_270006154986560_2132545654910209938_n-1000x1000.jpg 1000w, https:\/\/media.radiolitoral.com\/wp-content\/uploads\/2023\/07\/24175351\/243671537_270006154986560_2132545654910209938_n-100x100.jpg 100w, https:\/\/media.radiolitoral.com\/wp-content\/uploads\/2023\/07\/24175351\/243671537_270006154986560_2132545654910209938_n-200x200.jpg 200w, https:\/\/media.radiolitoral.com\/wp-content\/uploads\/2023\/07\/24175351\/243671537_270006154986560_2132545654910209938_n.jpg 1200w\" sizes=\"auto, (max-width: 300px) 100vw, 300px\" \/><\/p>\n<p>Ja el mes de juny passat la Conselleria va comen\u00e7ar a retirar els vaixells abandonats de Puerto Blanco, cosa que va suposar la primera actuaci\u00f3 en aquest enclavament despr\u00e9s de diversos anys en qu\u00e8 el projecte ha estat paralitzat, aquesta retirada era necess\u00e0ria perqu\u00e8 l&#039;empresa adjudicat\u00e0ria de la concessi\u00f3 Marina PortBlanc pugui prendre possessi\u00f3 dels terrenys.<\/p>\n<p>El projecte de Puerto Blanco porta un retard de dos anys ja que les obres havien d&#039;haver comen\u00e7at el 2021 i estava previst que el nou port obr\u00eds les portes l&#039;estiu del 2022. No obstant aix\u00f2, va ser paralitzat per un problema de l\u00edmits entre les administracions que va ser resolt a l&#039;agost del 2022 quan Costes va donar el vistiplau de les modificacions de les modificacions de les modificacions.<\/p>\n<p><img loading=\"lazy\" decoding=\"async\" class=\"alignnone size-medium wp-image-4828\" src=\"https:\/\/media.radiolitoral.com\/wp-content\/uploads\/2023\/07\/24175349\/131620342_108128974507613_1063461621870459507_n-300x183.jpg\" alt=\"\" width=\"300\" height=\"183\" srcset=\"https:\/\/media.radiolitoral.com\/wp-content\/uploads\/2023\/07\/24175349\/131620342_108128974507613_1063461621870459507_n-300x183.jpg 300w, https:\/\/media.radiolitoral.com\/wp-content\/uploads\/2023\/07\/24175349\/131620342_108128974507613_1063461621870459507_n-768x468.jpg 768w, https:\/\/media.radiolitoral.com\/wp-content\/uploads\/2023\/07\/24175349\/131620342_108128974507613_1063461621870459507_n-18x12.jpg 18w, https:\/\/media.radiolitoral.com\/wp-content\/uploads\/2023\/07\/24175349\/131620342_108128974507613_1063461621870459507_n-100x61.jpg 100w, https:\/\/media.radiolitoral.com\/wp-content\/uploads\/2023\/07\/24175349\/131620342_108128974507613_1063461621870459507_n-200x122.jpg 200w, https:\/\/media.radiolitoral.com\/wp-content\/uploads\/2023\/07\/24175349\/131620342_108128974507613_1063461621870459507_n.jpg 980w\" sizes=\"auto, (max-width: 300px) 100vw, 300px\" \/><\/p>\n<p>Est\u00e0 previst que l&#039;empresa inverteixi cinc milions d&#039;euros en el projecte i es faran obres tant d&#039;urbanitzaci\u00f3, com d&#039;edificaci\u00f3 i portu\u00e0ries. Marina PortBlanc, com passar\u00e0 a trucar-se, albergar\u00e0 uns 200 amarratges entre motos d&#039;aigua i embarcacions de fins a 15 m. d\u00b4eslora, aparcaments, restaurants i zona d\u00b4oci.<\/p>\n<p>L&#039;alcaldessa, Ana Sala, ha mostrat la seva satisfacci\u00f3 i ha assenyalat que \u00abdespr\u00e9s de m\u00e9s de tres anys d&#039;espera des de l&#039;adjudicaci\u00f3 del projecte sembla que ja \u00e9s m\u00e9s a prop aquest port tan emblem\u00e0tic per a Calp i la prov\u00edncia. Paral\u00b7lelament a les obres des de l&#039;Ajuntament volem fer l&#039;ampliaci\u00f3 de vial d&#039;acc\u00e9s a Puerto Blanco\u00bb.<\/p>\n<p>&nbsp;<\/p>\n<audio class=\"wp-audio-shortcode\" id=\"audio-4826-1\" preload=\"none\" style=\"width: 100%;\" controls=\"controls\"><source type=\"audio\/mpeg\" src=\"https:\/\/media.radiolitoral.com\/wp-content\/uploads\/2023\/07\/24175145\/Ana-Puerto-Blanco.mp3?_=1\" \/><a href=\"https:\/\/media.radiolitoral.com\/wp-content\/uploads\/2023\/07\/24175145\/Ana-Puerto-Blanco.mp3\">https:\/\/media.radiolitoral.com\/wp-content\/uploads\/2023\/07\/24175145\/Ana-Puerto-Blanco.mp3<\/a><\/audio>\n<p>&nbsp;<\/p>","protected":false},"excerpt":{"rendered":"<p>&nbsp; La empresa adjudicataria de la concesi\u00f3n del puerto deportivo Puerto Blanco, Marina PortBlanc, ha comunicado a la alcaldesa, Ana Sala, que ya se ha firmado el acta de entrega de la superficie de concesi\u00f3n por parte de la Conselleria de Pol\u00edtica Territorial, Obras P\u00fablicas y Movilidad y por tanto las obras se iniciar\u00e1n en [&#8230;]<\/p>\n<p><a class=\"btn btn-secondary understrap-read-more-link\" href=\"https:\/\/radiolitoral.com\/ca\/2023\/07\/4826\/\">Continua llegint&#8230;<span class=\"screen-reader-text\"> from Marina PortBlanc anuncia en inicio de las obras de Puerto Blanco de Calp para septiembre<\/span><\/a><\/p>\n","protected":false},"author":21,"featured_media":4831,"comment_status":"open","ping_status":"closed","sticky":false,"template":"","format":"standard","meta":{"_acf_changed":false,"inline_featured_image":false,"footnotes":""},"categories":[21],"tags":[],"class_list":["post-4826","post","type-post","status-publish","format-standard","has-post-thumbnail","hentry","category-tribunales","cobertura-calp"],"acf":[],"yoast_head":"<!-- This site is optimized with the Yoast SEO plugin v27.5 - https:\/\/yoast.com\/product\/yoast-seo-wordpress\/ -->\n<title>Marina PortBlanc anuncia en inicio de las obras de Puerto Blanco de Calp para septiembre | R\u00e0dio Litoral<\/title>\n<meta name=\"robots\" content=\"index, follow, max-snippet:-1, max-image-preview:large, max-video-preview:-1\" \/>\n<link rel=\"canonical\" href=\"https:\/\/radiolitoral.com\/ca\/2023\/07\/4826\/\" \/>\n<meta property=\"og:locale\" content=\"ca_ES\" \/>\n<meta property=\"og:type\" content=\"article\" \/>\n<meta property=\"og:title\" content=\"Marina PortBlanc anuncia en inicio de las obras de Puerto Blanco de Calp para septiembre | R\u00e0dio Litoral\" \/>\n<meta property=\"og:url\" content=\"https:\/\/radiolitoral.com\/ca\/2023\/07\/4826\/\" \/>\n<meta property=\"og:site_name\" content=\"R\u00e0dio Litoral\" \/>\n<meta property=\"article:publisher\" content=\"https:\/\/www.facebook.com\/Laradiolitoral\/\" \/>\n<meta property=\"article:published_time\" content=\"2023-07-24T15:54:43+00:00\" \/>\n<meta property=\"article:modified_time\" content=\"2023-07-24T16:01:31+00:00\" \/>\n<meta property=\"og:image\" content=\"https:\/\/media.radiolitoral.com\/wp-content\/uploads\/2023\/07\/24175356\/361909055_666079192203775_2581445253645282559_n.jpg\" \/>\n\t<meta property=\"og:image:width\" content=\"980\" \/>\n\t<meta property=\"og:image:height\" content=\"980\" \/>\n\t<meta property=\"og:image:type\" content=\"image\/jpeg\" \/>\n<meta name=\"author\" content=\"Mel Pescuezo\" \/>\n<meta name=\"twitter:card\" content=\"summary_large_image\" \/>\n<meta name=\"twitter:label1\" content=\"Escrit per\" \/>\n\t<meta name=\"twitter:data1\" content=\"Mel Pescuezo\" \/>\n\t<meta name=\"twitter:label2\" content=\"Temps estimat de lectura\" \/>\n\t<meta name=\"twitter:data2\" content=\"3 minuts\" \/>\n<script type=\"application\/ld+json\" class=\"yoast-schema-graph\">{\"@context\":\"https:\\\/\\\/schema.org\",\"@graph\":[{\"@type\":\"NewsArticle\",\"@id\":\"https:\\\/\\\/radiolitoral.com\\\/2023\\\/07\\\/4826\\\/#article\",\"isPartOf\":{\"@id\":\"https:\\\/\\\/radiolitoral.com\\\/2023\\\/07\\\/4826\\\/\"},\"author\":{\"name\":\"Mel Pescuezo\",\"@id\":\"https:\\\/\\\/radiolitoral.com\\\/#\\\/schema\\\/person\\\/aad4f72efa404f85b68e832d24cac059\"},\"headline\":\"Marina PortBlanc anuncia en inicio de las obras de Puerto Blanco de Calp para septiembre\",\"datePublished\":\"2023-07-24T15:54:43+00:00\",\"dateModified\":\"2023-07-24T16:01:31+00:00\",\"mainEntityOfPage\":{\"@id\":\"https:\\\/\\\/radiolitoral.com\\\/2023\\\/07\\\/4826\\\/\"},\"wordCount\":419,\"commentCount\":0,\"publisher\":{\"@id\":\"https:\\\/\\\/radiolitoral.com\\\/#organization\"},\"image\":{\"@id\":\"https:\\\/\\\/radiolitoral.com\\\/2023\\\/07\\\/4826\\\/#primaryimage\"},\"thumbnailUrl\":\"https:\\\/\\\/media.radiolitoral.com\\\/wp-content\\\/uploads\\\/2023\\\/07\\\/24175356\\\/361909055_666079192203775_2581445253645282559_n.jpg\",\"articleSection\":[\"Tribunales\"],\"inLanguage\":\"ca\",\"potentialAction\":[{\"@type\":\"CommentAction\",\"name\":\"Comment\",\"target\":[\"https:\\\/\\\/radiolitoral.com\\\/2023\\\/07\\\/4826\\\/#respond\"]}]},{\"@type\":[\"WebPage\",\"ItemPage\"],\"@id\":\"https:\\\/\\\/radiolitoral.com\\\/2023\\\/07\\\/4826\\\/\",\"url\":\"https:\\\/\\\/radiolitoral.com\\\/2023\\\/07\\\/4826\\\/\",\"name\":\"Marina PortBlanc anuncia en inicio de las obras de Puerto Blanco de Calp para septiembre | R\u00e0dio Litoral\",\"isPartOf\":{\"@id\":\"https:\\\/\\\/radiolitoral.com\\\/#website\"},\"primaryImageOfPage\":{\"@id\":\"https:\\\/\\\/radiolitoral.com\\\/2023\\\/07\\\/4826\\\/#primaryimage\"},\"image\":{\"@id\":\"https:\\\/\\\/radiolitoral.com\\\/2023\\\/07\\\/4826\\\/#primaryimage\"},\"thumbnailUrl\":\"https:\\\/\\\/media.radiolitoral.com\\\/wp-content\\\/uploads\\\/2023\\\/07\\\/24175356\\\/361909055_666079192203775_2581445253645282559_n.jpg\",\"datePublished\":\"2023-07-24T15:54:43+00:00\",\"dateModified\":\"2023-07-24T16:01:31+00:00\",\"breadcrumb\":{\"@id\":\"https:\\\/\\\/radiolitoral.com\\\/2023\\\/07\\\/4826\\\/#breadcrumb\"},\"inLanguage\":\"ca\",\"potentialAction\":[{\"@type\":\"ReadAction\",\"target\":[\"https:\\\/\\\/radiolitoral.com\\\/2023\\\/07\\\/4826\\\/\"]}]},{\"@type\":\"ImageObject\",\"inLanguage\":\"ca\",\"@id\":\"https:\\\/\\\/radiolitoral.com\\\/2023\\\/07\\\/4826\\\/#primaryimage\",\"url\":\"https:\\\/\\\/media.radiolitoral.com\\\/wp-content\\\/uploads\\\/2023\\\/07\\\/24175356\\\/361909055_666079192203775_2581445253645282559_n.jpg\",\"contentUrl\":\"https:\\\/\\\/media.radiolitoral.com\\\/wp-content\\\/uploads\\\/2023\\\/07\\\/24175356\\\/361909055_666079192203775_2581445253645282559_n.jpg\",\"width\":980,\"height\":980},{\"@type\":\"BreadcrumbList\",\"@id\":\"https:\\\/\\\/radiolitoral.com\\\/2023\\\/07\\\/4826\\\/#breadcrumb\",\"itemListElement\":[{\"@type\":\"ListItem\",\"position\":1,\"name\":\"Portada\",\"item\":\"https:\\\/\\\/radiolitoral.com\\\/\"},{\"@type\":\"ListItem\",\"position\":2,\"name\":\"Marina PortBlanc anuncia en inicio de las obras de Puerto Blanco de Calp para septiembre\"}]},{\"@type\":\"WebSite\",\"@id\":\"https:\\\/\\\/radiolitoral.com\\\/#website\",\"url\":\"https:\\\/\\\/radiolitoral.com\\\/\",\"name\":\"Radio Litoral\",\"description\":\"La radio local de la Marina Alta\",\"publisher\":{\"@id\":\"https:\\\/\\\/radiolitoral.com\\\/#organization\"},\"alternateName\":\"Litoral FM\",\"potentialAction\":[{\"@type\":\"SearchAction\",\"target\":{\"@type\":\"EntryPoint\",\"urlTemplate\":\"https:\\\/\\\/radiolitoral.com\\\/?s={search_term_string}\"},\"query-input\":{\"@type\":\"PropertyValueSpecification\",\"valueRequired\":true,\"valueName\":\"search_term_string\"}}],\"inLanguage\":\"ca\"},{\"@type\":\"Organization\",\"@id\":\"https:\\\/\\\/radiolitoral.com\\\/#organization\",\"name\":\"Radio Litoral\",\"url\":\"https:\\\/\\\/radiolitoral.com\\\/\",\"logo\":{\"@type\":\"ImageObject\",\"inLanguage\":\"ca\",\"@id\":\"https:\\\/\\\/radiolitoral.com\\\/#\\\/schema\\\/logo\\\/image\\\/\",\"url\":\"https:\\\/\\\/media.radiolitoral.com\\\/wp-content\\\/uploads\\\/2023\\\/02\\\/24143238\\\/CL-V-RadioLitoral696.png\",\"contentUrl\":\"https:\\\/\\\/media.radiolitoral.com\\\/wp-content\\\/uploads\\\/2023\\\/02\\\/24143238\\\/CL-V-RadioLitoral696.png\",\"width\":696,\"height\":696,\"caption\":\"Radio Litoral\"},\"image\":{\"@id\":\"https:\\\/\\\/radiolitoral.com\\\/#\\\/schema\\\/logo\\\/image\\\/\"},\"sameAs\":[\"https:\\\/\\\/www.facebook.com\\\/Laradiolitoral\\\/\"]},{\"@type\":\"Person\",\"@id\":\"https:\\\/\\\/radiolitoral.com\\\/#\\\/schema\\\/person\\\/aad4f72efa404f85b68e832d24cac059\",\"name\":\"Mel Pescuezo\",\"image\":{\"@type\":\"ImageObject\",\"inLanguage\":\"ca\",\"@id\":\"https:\\\/\\\/secure.gravatar.com\\\/avatar\\\/993975ae489c70cb0dd9bfa9413a082f0bd276582dac13661af7b33f161e7eea?s=96&d=mm&r=g\",\"url\":\"https:\\\/\\\/secure.gravatar.com\\\/avatar\\\/993975ae489c70cb0dd9bfa9413a082f0bd276582dac13661af7b33f161e7eea?s=96&d=mm&r=g\",\"contentUrl\":\"https:\\\/\\\/secure.gravatar.com\\\/avatar\\\/993975ae489c70cb0dd9bfa9413a082f0bd276582dac13661af7b33f161e7eea?s=96&d=mm&r=g\",\"caption\":\"Mel Pescuezo\"},\"url\":\"https:\\\/\\\/radiolitoral.com\\\/ca\\\/author\\\/serviciospararadios\\\/\"}]}<\/script>\n<!-- \/ Yoast SEO plugin. -->","yoast_head_json":{"title":"Marina PortBlanc anuncia a l&#039;inici de les obres de Puerto Blanco de Calp per al setembre | R\u00e0dio Litoral","robots":{"index":"index","follow":"follow","max-snippet":"max-snippet:-1","max-image-preview":"max-image-preview:large","max-video-preview":"max-video-preview:-1"},"canonical":"https:\/\/radiolitoral.com\/ca\/2023\/07\/4826\/","og_locale":"ca_ES","og_type":"article","og_title":"Marina PortBlanc anuncia en inicio de las obras de Puerto Blanco de Calp para septiembre | R\u00e0dio Litoral","og_url":"https:\/\/radiolitoral.com\/ca\/2023\/07\/4826\/","og_site_name":"R\u00e0dio Litoral","article_publisher":"https:\/\/www.facebook.com\/Laradiolitoral\/","article_published_time":"2023-07-24T15:54:43+00:00","article_modified_time":"2023-07-24T16:01:31+00:00","og_image":[{"width":980,"height":980,"url":"https:\/\/media.radiolitoral.com\/wp-content\/uploads\/2023\/07\/24175356\/361909055_666079192203775_2581445253645282559_n.jpg","type":"image\/jpeg"}],"author":"Mel Pescuezo","twitter_card":"summary_large_image","twitter_misc":{"Escrit per":"Mel Pescuezo","Temps estimat de lectura":"3 minuts"},"schema":{"@context":"https:\/\/schema.org","@graph":[{"@type":"NewsArticle","@id":"https:\/\/radiolitoral.com\/2023\/07\/4826\/#article","isPartOf":{"@id":"https:\/\/radiolitoral.com\/2023\/07\/4826\/"},"author":{"name":"Mel Pescuezo","@id":"https:\/\/radiolitoral.com\/#\/schema\/person\/aad4f72efa404f85b68e832d24cac059"},"headline":"Marina PortBlanc anuncia en inicio de las obras de Puerto Blanco de Calp para septiembre","datePublished":"2023-07-24T15:54:43+00:00","dateModified":"2023-07-24T16:01:31+00:00","mainEntityOfPage":{"@id":"https:\/\/radiolitoral.com\/2023\/07\/4826\/"},"wordCount":419,"commentCount":0,"publisher":{"@id":"https:\/\/radiolitoral.com\/#organization"},"image":{"@id":"https:\/\/radiolitoral.com\/2023\/07\/4826\/#primaryimage"},"thumbnailUrl":"https:\/\/media.radiolitoral.com\/wp-content\/uploads\/2023\/07\/24175356\/361909055_666079192203775_2581445253645282559_n.jpg","articleSection":["Tribunales"],"inLanguage":"ca","potentialAction":[{"@type":"CommentAction","name":"Comment","target":["https:\/\/radiolitoral.com\/2023\/07\/4826\/#respond"]}]},{"@type":["WebPage","ItemPage"],"@id":"https:\/\/radiolitoral.com\/2023\/07\/4826\/","url":"https:\/\/radiolitoral.com\/2023\/07\/4826\/","name":"Marina PortBlanc anuncia a l&#039;inici de les obres de Puerto Blanco de Calp per al setembre | R\u00e0dio Litoral","isPartOf":{"@id":"https:\/\/radiolitoral.com\/#website"},"primaryImageOfPage":{"@id":"https:\/\/radiolitoral.com\/2023\/07\/4826\/#primaryimage"},"image":{"@id":"https:\/\/radiolitoral.com\/2023\/07\/4826\/#primaryimage"},"thumbnailUrl":"https:\/\/media.radiolitoral.com\/wp-content\/uploads\/2023\/07\/24175356\/361909055_666079192203775_2581445253645282559_n.jpg","datePublished":"2023-07-24T15:54:43+00:00","dateModified":"2023-07-24T16:01:31+00:00","breadcrumb":{"@id":"https:\/\/radiolitoral.com\/2023\/07\/4826\/#breadcrumb"},"inLanguage":"ca","potentialAction":[{"@type":"ReadAction","target":["https:\/\/radiolitoral.com\/2023\/07\/4826\/"]}]},{"@type":"ImageObject","inLanguage":"ca","@id":"https:\/\/radiolitoral.com\/2023\/07\/4826\/#primaryimage","url":"https:\/\/media.radiolitoral.com\/wp-content\/uploads\/2023\/07\/24175356\/361909055_666079192203775_2581445253645282559_n.jpg","contentUrl":"https:\/\/media.radiolitoral.com\/wp-content\/uploads\/2023\/07\/24175356\/361909055_666079192203775_2581445253645282559_n.jpg","width":980,"height":980},{"@type":"BreadcrumbList","@id":"https:\/\/radiolitoral.com\/2023\/07\/4826\/#breadcrumb","itemListElement":[{"@type":"ListItem","position":1,"name":"Portada","item":"https:\/\/radiolitoral.com\/"},{"@type":"ListItem","position":2,"name":"Marina PortBlanc anuncia en inicio de las obras de Puerto Blanco de Calp para septiembre"}]},{"@type":"WebSite","@id":"https:\/\/radiolitoral.com\/#website","url":"https:\/\/radiolitoral.com\/","name":"R\u00e0dio Litoral","description":"La r\u00e0dio local de la Marina Alta","publisher":{"@id":"https:\/\/radiolitoral.com\/#organization"},"alternateName":"Litoral FM","potentialAction":[{"@type":"SearchAction","target":{"@type":"EntryPoint","urlTemplate":"https:\/\/radiolitoral.com\/?s={search_term_string}"},"query-input":{"@type":"PropertyValueSpecification","valueRequired":true,"valueName":"search_term_string"}}],"inLanguage":"ca"},{"@type":"Organization","@id":"https:\/\/radiolitoral.com\/#organization","name":"R\u00e0dio Litoral","url":"https:\/\/radiolitoral.com\/","logo":{"@type":"ImageObject","inLanguage":"ca","@id":"https:\/\/radiolitoral.com\/#\/schema\/logo\/image\/","url":"https:\/\/media.radiolitoral.com\/wp-content\/uploads\/2023\/02\/24143238\/CL-V-RadioLitoral696.png","contentUrl":"https:\/\/media.radiolitoral.com\/wp-content\/uploads\/2023\/02\/24143238\/CL-V-RadioLitoral696.png","width":696,"height":696,"caption":"Radio Litoral"},"image":{"@id":"https:\/\/radiolitoral.com\/#\/schema\/logo\/image\/"},"sameAs":["https:\/\/www.facebook.com\/Laradiolitoral\/"]},{"@type":"Person","@id":"https:\/\/radiolitoral.com\/#\/schema\/person\/aad4f72efa404f85b68e832d24cac059","name":"Mel Pescuezo","image":{"@type":"ImageObject","inLanguage":"ca","@id":"https:\/\/secure.gravatar.com\/avatar\/993975ae489c70cb0dd9bfa9413a082f0bd276582dac13661af7b33f161e7eea?s=96&d=mm&r=g","url":"https:\/\/secure.gravatar.com\/avatar\/993975ae489c70cb0dd9bfa9413a082f0bd276582dac13661af7b33f161e7eea?s=96&d=mm&r=g","contentUrl":"https:\/\/secure.gravatar.com\/avatar\/993975ae489c70cb0dd9bfa9413a082f0bd276582dac13661af7b33f161e7eea?s=96&d=mm&r=g","caption":"Mel Pescuezo"},"url":"https:\/\/radiolitoral.com\/ca\/author\/serviciospararadios\/"}]}},"_links":{"self":[{"href":"https:\/\/radiolitoral.com\/ca\/wp-json\/wp\/v2\/posts\/4826","targetHints":{"allow":["GET"]}}],"collection":[{"href":"https:\/\/radiolitoral.com\/ca\/wp-json\/wp\/v2\/posts"}],"about":[{"href":"https:\/\/radiolitoral.com\/ca\/wp-json\/wp\/v2\/types\/post"}],"author":[{"embeddable":true,"href":"https:\/\/radiolitoral.com\/ca\/wp-json\/wp\/v2\/users\/21"}],"replies":[{"embeddable":true,"href":"https:\/\/radiolitoral.com\/ca\/wp-json\/wp\/v2\/comments?post=4826"}],"version-history":[{"count":5,"href":"https:\/\/radiolitoral.com\/ca\/wp-json\/wp\/v2\/posts\/4826\/revisions"}],"predecessor-version":[{"id":4837,"href":"https:\/\/radiolitoral.com\/ca\/wp-json\/wp\/v2\/posts\/4826\/revisions\/4837"}],"wp:featuredmedia":[{"embeddable":true,"href":"https:\/\/radiolitoral.com\/ca\/wp-json\/wp\/v2\/media\/4831"}],"wp:attachment":[{"href":"https:\/\/radiolitoral.com\/ca\/wp-json\/wp\/v2\/media?parent=4826"}],"wp:term":[{"taxonomy":"category","embeddable":true,"href":"https:\/\/radiolitoral.com\/ca\/wp-json\/wp\/v2\/categories?post=4826"},{"taxonomy":"post_tag","embeddable":true,"href":"https:\/\/radiolitoral.com\/ca\/wp-json\/wp\/v2\/tags?post=4826"}],"curies":[{"name":"wp","href":"https:\/\/api.w.org\/{rel}","templated":true}]}}