{"id":4822,"date":"2023-07-24T17:46:49","date_gmt":"2023-07-24T15:46:49","guid":{"rendered":"https:\/\/radiolitoral.com\/?p=4822"},"modified":"2023-07-24T17:47:03","modified_gmt":"2023-07-24T15:47:03","slug":"la-guardia-civil-desmantella-un-grup-criminal-dedicat-a-la-plantacio-de-marihuana-indoor-en-calp","status":"publish","type":"post","link":"https:\/\/radiolitoral.com\/ca\/2023\/07\/la-guardia-civil-desmantela-un-grupo-criminal-dedicado-a-la-plantacion-de-marihuana-indoor-en-calp\/","title":{"rendered":"La Gu\u00e0rdia Civil desmantella un grup criminal dedicat a la plantaci\u00f3 de marihuana indoor a Calp"},"content":{"rendered":"<p>La Gu\u00e0rdia Civil, en el marc de l?operaci\u00f3 <em>Miller<\/em> d&#039;\u00e0mbit nacional, que desenvolupa el Pla de resposta policial al cultiu i tr\u00e0fic il\u00b7legal de marihuana i els beneficis del mateix, ha desmantellat una plantaci\u00f3 de marihuana localitzada a l&#039;interior d&#039;un xalet a una urbanitzaci\u00f3 de luxe de Calp. Amb aquest operatiu s&#039;ha aconseguit aturar els integrants d&#039;una banda delictiva, els capturats dels quals ja han ingressat a la pres\u00f3.<\/p>\n<p>Els detinguts, tots homes, cinc en total, de nacionalitat albanesa, amb edats compreses entre els 30 i 35 anys, i amb antecedents policials relacionats amb delictes semblants als investigats.<\/p>\n<p>Durant l&#039;explotaci\u00f3 de l&#039;operaci\u00f3, es van intervenir 532 plantes de marihuana, 56 quilograms de cabdells de la mateixa droga i un vehicle de motor, a m\u00e9s de material utilitzat per al cultiu de la droga, entre els quals destacaven 37 ventiladors, 6 aparells d&#039;aire condicionat i 400 quilograms de cablatge el\u00e8ctric.<\/p>\n<p>Als detinguts se&#039;ls han imputat els delictes contra la salut p\u00fablica, la defraudaci\u00f3 de fluid el\u00e8ctric i la pertinen\u00e7a a organitzaci\u00f3 criminal, a m\u00e9s del delicte de danys per ocasionar desperfectes per valor de 20.000 euros a l&#039;habitatge que utilitzaven en r\u00e8gim de lloguer.<\/p>","protected":false},"excerpt":{"rendered":"<p>La Guardia Civil, en el marco de la operaci\u00f3n Miller de \u00e1mbito nacional, que desarrolla el Plan de respuesta policial al cultivo y tr\u00e1fico ilegal de marihuana y los beneficios del mismo, ha desmantelado una plantaci\u00f3n de marihuana localizada en el interior de un chalet en una urbanizaci\u00f3n de lujo de Calp. Con este operativo [&#8230;]<\/p>\n<p><a class=\"btn btn-secondary understrap-read-more-link\" href=\"https:\/\/radiolitoral.com\/ca\/2023\/07\/la-guardia-civil-desmantela-un-grupo-criminal-dedicado-a-la-plantacion-de-marihuana-indoor-en-calp\/\">Continua llegint&#8230;<span class=\"screen-reader-text\"> from La Guardia Civil desmantela un grupo criminal dedicado a la plantaci\u00f3n de marihuana indoor en Calp<\/span><\/a><\/p>\n","protected":false},"author":21,"featured_media":4823,"comment_status":"open","ping_status":"closed","sticky":false,"template":"","format":"standard","meta":{"_acf_changed":false,"inline_featured_image":false,"footnotes":""},"categories":[8],"tags":[],"class_list":["post-4822","post","type-post","status-publish","format-standard","has-post-thumbnail","hentry","category-sucesos","cobertura-calp"],"acf":[],"yoast_head":"<!-- This site is optimized with the Yoast SEO plugin v27.5 - https:\/\/yoast.com\/product\/yoast-seo-wordpress\/ -->\n<title>La Guardia Civil desmantela un grupo criminal dedicado a la plantaci\u00f3n de marihuana indoor en Calp | R\u00e0dio Litoral<\/title>\n<meta name=\"robots\" content=\"index, follow, max-snippet:-1, max-image-preview:large, max-video-preview:-1\" \/>\n<link rel=\"canonical\" href=\"https:\/\/radiolitoral.com\/ca\/2023\/07\/la-guardia-civil-desmantella-un-grup-criminal-dedicat-a-la-plantacio-de-marihuana-indoor-en-calp\/\" \/>\n<meta property=\"og:locale\" content=\"ca_ES\" \/>\n<meta property=\"og:type\" content=\"article\" \/>\n<meta property=\"og:title\" content=\"La Guardia Civil desmantela un grupo criminal dedicado a la plantaci\u00f3n de marihuana indoor en Calp | R\u00e0dio Litoral\" \/>\n<meta property=\"og:url\" content=\"https:\/\/radiolitoral.com\/ca\/2023\/07\/la-guardia-civil-desmantella-un-grup-criminal-dedicat-a-la-plantacio-de-marihuana-indoor-en-calp\/\" \/>\n<meta property=\"og:site_name\" content=\"R\u00e0dio Litoral\" \/>\n<meta property=\"article:publisher\" content=\"https:\/\/www.facebook.com\/Laradiolitoral\/\" \/>\n<meta property=\"article:published_time\" content=\"2023-07-24T15:46:49+00:00\" \/>\n<meta property=\"article:modified_time\" content=\"2023-07-24T15:47:03+00:00\" \/>\n<meta property=\"og:image\" content=\"https:\/\/media.radiolitoral.com\/wp-content\/uploads\/2023\/07\/24174632\/01-edit-plantacion-marihuana-CALPE-700x350-1.jpg\" \/>\n\t<meta property=\"og:image:width\" content=\"700\" \/>\n\t<meta property=\"og:image:height\" content=\"350\" \/>\n\t<meta property=\"og:image:type\" content=\"image\/jpeg\" \/>\n<meta name=\"author\" content=\"Mel Pescuezo\" \/>\n<meta name=\"twitter:card\" content=\"summary_large_image\" \/>\n<meta name=\"twitter:label1\" content=\"Escrit per\" \/>\n\t<meta name=\"twitter:data1\" content=\"Mel Pescuezo\" \/>\n\t<meta name=\"twitter:label2\" content=\"Temps estimat de lectura\" \/>\n\t<meta name=\"twitter:data2\" content=\"1 minut\" \/>\n<script type=\"application\/ld+json\" class=\"yoast-schema-graph\">{\"@context\":\"https:\\\/\\\/schema.org\",\"@graph\":[{\"@type\":\"NewsArticle\",\"@id\":\"https:\\\/\\\/radiolitoral.com\\\/2023\\\/07\\\/la-guardia-civil-desmantela-un-grupo-criminal-dedicado-a-la-plantacion-de-marihuana-indoor-en-calp\\\/#article\",\"isPartOf\":{\"@id\":\"https:\\\/\\\/radiolitoral.com\\\/2023\\\/07\\\/la-guardia-civil-desmantela-un-grupo-criminal-dedicado-a-la-plantacion-de-marihuana-indoor-en-calp\\\/\"},\"author\":{\"name\":\"Mel Pescuezo\",\"@id\":\"https:\\\/\\\/radiolitoral.com\\\/#\\\/schema\\\/person\\\/aad4f72efa404f85b68e832d24cac059\"},\"headline\":\"La Guardia Civil desmantela un grupo criminal dedicado a la plantaci\u00f3n de marihuana indoor en Calp\",\"datePublished\":\"2023-07-24T15:46:49+00:00\",\"dateModified\":\"2023-07-24T15:47:03+00:00\",\"mainEntityOfPage\":{\"@id\":\"https:\\\/\\\/radiolitoral.com\\\/2023\\\/07\\\/la-guardia-civil-desmantela-un-grupo-criminal-dedicado-a-la-plantacion-de-marihuana-indoor-en-calp\\\/\"},\"wordCount\":226,\"commentCount\":0,\"publisher\":{\"@id\":\"https:\\\/\\\/radiolitoral.com\\\/#organization\"},\"image\":{\"@id\":\"https:\\\/\\\/radiolitoral.com\\\/2023\\\/07\\\/la-guardia-civil-desmantela-un-grupo-criminal-dedicado-a-la-plantacion-de-marihuana-indoor-en-calp\\\/#primaryimage\"},\"thumbnailUrl\":\"https:\\\/\\\/media.radiolitoral.com\\\/wp-content\\\/uploads\\\/2023\\\/07\\\/24174632\\\/01-edit-plantacion-marihuana-CALPE-700x350-1.jpg\",\"articleSection\":[\"Sucesos\"],\"inLanguage\":\"ca\",\"potentialAction\":[{\"@type\":\"CommentAction\",\"name\":\"Comment\",\"target\":[\"https:\\\/\\\/radiolitoral.com\\\/2023\\\/07\\\/la-guardia-civil-desmantela-un-grupo-criminal-dedicado-a-la-plantacion-de-marihuana-indoor-en-calp\\\/#respond\"]}]},{\"@type\":[\"WebPage\",\"ItemPage\"],\"@id\":\"https:\\\/\\\/radiolitoral.com\\\/2023\\\/07\\\/la-guardia-civil-desmantela-un-grupo-criminal-dedicado-a-la-plantacion-de-marihuana-indoor-en-calp\\\/\",\"url\":\"https:\\\/\\\/radiolitoral.com\\\/2023\\\/07\\\/la-guardia-civil-desmantela-un-grupo-criminal-dedicado-a-la-plantacion-de-marihuana-indoor-en-calp\\\/\",\"name\":\"La Guardia Civil desmantela un grupo criminal dedicado a la plantaci\u00f3n de marihuana indoor en Calp | R\u00e0dio Litoral\",\"isPartOf\":{\"@id\":\"https:\\\/\\\/radiolitoral.com\\\/#website\"},\"primaryImageOfPage\":{\"@id\":\"https:\\\/\\\/radiolitoral.com\\\/2023\\\/07\\\/la-guardia-civil-desmantela-un-grupo-criminal-dedicado-a-la-plantacion-de-marihuana-indoor-en-calp\\\/#primaryimage\"},\"image\":{\"@id\":\"https:\\\/\\\/radiolitoral.com\\\/2023\\\/07\\\/la-guardia-civil-desmantela-un-grupo-criminal-dedicado-a-la-plantacion-de-marihuana-indoor-en-calp\\\/#primaryimage\"},\"thumbnailUrl\":\"https:\\\/\\\/media.radiolitoral.com\\\/wp-content\\\/uploads\\\/2023\\\/07\\\/24174632\\\/01-edit-plantacion-marihuana-CALPE-700x350-1.jpg\",\"datePublished\":\"2023-07-24T15:46:49+00:00\",\"dateModified\":\"2023-07-24T15:47:03+00:00\",\"breadcrumb\":{\"@id\":\"https:\\\/\\\/radiolitoral.com\\\/2023\\\/07\\\/la-guardia-civil-desmantela-un-grupo-criminal-dedicado-a-la-plantacion-de-marihuana-indoor-en-calp\\\/#breadcrumb\"},\"inLanguage\":\"ca\",\"potentialAction\":[{\"@type\":\"ReadAction\",\"target\":[\"https:\\\/\\\/radiolitoral.com\\\/2023\\\/07\\\/la-guardia-civil-desmantela-un-grupo-criminal-dedicado-a-la-plantacion-de-marihuana-indoor-en-calp\\\/\"]}]},{\"@type\":\"ImageObject\",\"inLanguage\":\"ca\",\"@id\":\"https:\\\/\\\/radiolitoral.com\\\/2023\\\/07\\\/la-guardia-civil-desmantela-un-grupo-criminal-dedicado-a-la-plantacion-de-marihuana-indoor-en-calp\\\/#primaryimage\",\"url\":\"https:\\\/\\\/media.radiolitoral.com\\\/wp-content\\\/uploads\\\/2023\\\/07\\\/24174632\\\/01-edit-plantacion-marihuana-CALPE-700x350-1.jpg\",\"contentUrl\":\"https:\\\/\\\/media.radiolitoral.com\\\/wp-content\\\/uploads\\\/2023\\\/07\\\/24174632\\\/01-edit-plantacion-marihuana-CALPE-700x350-1.jpg\",\"width\":700,\"height\":350},{\"@type\":\"BreadcrumbList\",\"@id\":\"https:\\\/\\\/radiolitoral.com\\\/2023\\\/07\\\/la-guardia-civil-desmantela-un-grupo-criminal-dedicado-a-la-plantacion-de-marihuana-indoor-en-calp\\\/#breadcrumb\",\"itemListElement\":[{\"@type\":\"ListItem\",\"position\":1,\"name\":\"Portada\",\"item\":\"https:\\\/\\\/radiolitoral.com\\\/\"},{\"@type\":\"ListItem\",\"position\":2,\"name\":\"La Guardia Civil desmantela un grupo criminal dedicado a la plantaci\u00f3n de marihuana indoor en Calp\"}]},{\"@type\":\"WebSite\",\"@id\":\"https:\\\/\\\/radiolitoral.com\\\/#website\",\"url\":\"https:\\\/\\\/radiolitoral.com\\\/\",\"name\":\"Radio Litoral\",\"description\":\"La radio local de la Marina Alta\",\"publisher\":{\"@id\":\"https:\\\/\\\/radiolitoral.com\\\/#organization\"},\"alternateName\":\"Litoral FM\",\"potentialAction\":[{\"@type\":\"SearchAction\",\"target\":{\"@type\":\"EntryPoint\",\"urlTemplate\":\"https:\\\/\\\/radiolitoral.com\\\/?s={search_term_string}\"},\"query-input\":{\"@type\":\"PropertyValueSpecification\",\"valueRequired\":true,\"valueName\":\"search_term_string\"}}],\"inLanguage\":\"ca\"},{\"@type\":\"Organization\",\"@id\":\"https:\\\/\\\/radiolitoral.com\\\/#organization\",\"name\":\"Radio Litoral\",\"url\":\"https:\\\/\\\/radiolitoral.com\\\/\",\"logo\":{\"@type\":\"ImageObject\",\"inLanguage\":\"ca\",\"@id\":\"https:\\\/\\\/radiolitoral.com\\\/#\\\/schema\\\/logo\\\/image\\\/\",\"url\":\"https:\\\/\\\/media.radiolitoral.com\\\/wp-content\\\/uploads\\\/2023\\\/02\\\/24143238\\\/CL-V-RadioLitoral696.png\",\"contentUrl\":\"https:\\\/\\\/media.radiolitoral.com\\\/wp-content\\\/uploads\\\/2023\\\/02\\\/24143238\\\/CL-V-RadioLitoral696.png\",\"width\":696,\"height\":696,\"caption\":\"Radio Litoral\"},\"image\":{\"@id\":\"https:\\\/\\\/radiolitoral.com\\\/#\\\/schema\\\/logo\\\/image\\\/\"},\"sameAs\":[\"https:\\\/\\\/www.facebook.com\\\/Laradiolitoral\\\/\"]},{\"@type\":\"Person\",\"@id\":\"https:\\\/\\\/radiolitoral.com\\\/#\\\/schema\\\/person\\\/aad4f72efa404f85b68e832d24cac059\",\"name\":\"Mel Pescuezo\",\"image\":{\"@type\":\"ImageObject\",\"inLanguage\":\"ca\",\"@id\":\"https:\\\/\\\/secure.gravatar.com\\\/avatar\\\/993975ae489c70cb0dd9bfa9413a082f0bd276582dac13661af7b33f161e7eea?s=96&d=mm&r=g\",\"url\":\"https:\\\/\\\/secure.gravatar.com\\\/avatar\\\/993975ae489c70cb0dd9bfa9413a082f0bd276582dac13661af7b33f161e7eea?s=96&d=mm&r=g\",\"contentUrl\":\"https:\\\/\\\/secure.gravatar.com\\\/avatar\\\/993975ae489c70cb0dd9bfa9413a082f0bd276582dac13661af7b33f161e7eea?s=96&d=mm&r=g\",\"caption\":\"Mel Pescuezo\"},\"url\":\"https:\\\/\\\/radiolitoral.com\\\/ca\\\/author\\\/serviciospararadios\\\/\"}]}<\/script>\n<!-- \/ Yoast SEO plugin. -->","yoast_head_json":{"title":"La Gu\u00e0rdia Civil desmantella un grup criminal dedicat a la plantaci\u00f3 de marihuana indoor a Calp | R\u00e0dio Litoral","robots":{"index":"index","follow":"follow","max-snippet":"max-snippet:-1","max-image-preview":"max-image-preview:large","max-video-preview":"max-video-preview:-1"},"canonical":"https:\/\/radiolitoral.com\/ca\/2023\/07\/la-guardia-civil-desmantella-un-grup-criminal-dedicat-a-la-plantacio-de-marihuana-indoor-en-calp\/","og_locale":"ca_ES","og_type":"article","og_title":"La Guardia Civil desmantela un grupo criminal dedicado a la plantaci\u00f3n de marihuana indoor en Calp | R\u00e0dio Litoral","og_url":"https:\/\/radiolitoral.com\/ca\/2023\/07\/la-guardia-civil-desmantella-un-grup-criminal-dedicat-a-la-plantacio-de-marihuana-indoor-en-calp\/","og_site_name":"R\u00e0dio Litoral","article_publisher":"https:\/\/www.facebook.com\/Laradiolitoral\/","article_published_time":"2023-07-24T15:46:49+00:00","article_modified_time":"2023-07-24T15:47:03+00:00","og_image":[{"width":700,"height":350,"url":"https:\/\/media.radiolitoral.com\/wp-content\/uploads\/2023\/07\/24174632\/01-edit-plantacion-marihuana-CALPE-700x350-1.jpg","type":"image\/jpeg"}],"author":"Mel Pescuezo","twitter_card":"summary_large_image","twitter_misc":{"Escrit per":"Mel Pescuezo","Temps estimat de lectura":"1 minut"},"schema":{"@context":"https:\/\/schema.org","@graph":[{"@type":"NewsArticle","@id":"https:\/\/radiolitoral.com\/2023\/07\/la-guardia-civil-desmantela-un-grupo-criminal-dedicado-a-la-plantacion-de-marihuana-indoor-en-calp\/#article","isPartOf":{"@id":"https:\/\/radiolitoral.com\/2023\/07\/la-guardia-civil-desmantela-un-grupo-criminal-dedicado-a-la-plantacion-de-marihuana-indoor-en-calp\/"},"author":{"name":"Mel Pescuezo","@id":"https:\/\/radiolitoral.com\/#\/schema\/person\/aad4f72efa404f85b68e832d24cac059"},"headline":"La Guardia Civil desmantela un grupo criminal dedicado a la plantaci\u00f3n de marihuana indoor en Calp","datePublished":"2023-07-24T15:46:49+00:00","dateModified":"2023-07-24T15:47:03+00:00","mainEntityOfPage":{"@id":"https:\/\/radiolitoral.com\/2023\/07\/la-guardia-civil-desmantela-un-grupo-criminal-dedicado-a-la-plantacion-de-marihuana-indoor-en-calp\/"},"wordCount":226,"commentCount":0,"publisher":{"@id":"https:\/\/radiolitoral.com\/#organization"},"image":{"@id":"https:\/\/radiolitoral.com\/2023\/07\/la-guardia-civil-desmantela-un-grupo-criminal-dedicado-a-la-plantacion-de-marihuana-indoor-en-calp\/#primaryimage"},"thumbnailUrl":"https:\/\/media.radiolitoral.com\/wp-content\/uploads\/2023\/07\/24174632\/01-edit-plantacion-marihuana-CALPE-700x350-1.jpg","articleSection":["Sucesos"],"inLanguage":"ca","potentialAction":[{"@type":"CommentAction","name":"Comment","target":["https:\/\/radiolitoral.com\/2023\/07\/la-guardia-civil-desmantela-un-grupo-criminal-dedicado-a-la-plantacion-de-marihuana-indoor-en-calp\/#respond"]}]},{"@type":["WebPage","ItemPage"],"@id":"https:\/\/radiolitoral.com\/2023\/07\/la-guardia-civil-desmantela-un-grupo-criminal-dedicado-a-la-plantacion-de-marihuana-indoor-en-calp\/","url":"https:\/\/radiolitoral.com\/2023\/07\/la-guardia-civil-desmantela-un-grupo-criminal-dedicado-a-la-plantacion-de-marihuana-indoor-en-calp\/","name":"La Gu\u00e0rdia Civil desmantella un grup criminal dedicat a la plantaci\u00f3 de marihuana indoor a Calp | R\u00e0dio Litoral","isPartOf":{"@id":"https:\/\/radiolitoral.com\/#website"},"primaryImageOfPage":{"@id":"https:\/\/radiolitoral.com\/2023\/07\/la-guardia-civil-desmantela-un-grupo-criminal-dedicado-a-la-plantacion-de-marihuana-indoor-en-calp\/#primaryimage"},"image":{"@id":"https:\/\/radiolitoral.com\/2023\/07\/la-guardia-civil-desmantela-un-grupo-criminal-dedicado-a-la-plantacion-de-marihuana-indoor-en-calp\/#primaryimage"},"thumbnailUrl":"https:\/\/media.radiolitoral.com\/wp-content\/uploads\/2023\/07\/24174632\/01-edit-plantacion-marihuana-CALPE-700x350-1.jpg","datePublished":"2023-07-24T15:46:49+00:00","dateModified":"2023-07-24T15:47:03+00:00","breadcrumb":{"@id":"https:\/\/radiolitoral.com\/2023\/07\/la-guardia-civil-desmantela-un-grupo-criminal-dedicado-a-la-plantacion-de-marihuana-indoor-en-calp\/#breadcrumb"},"inLanguage":"ca","potentialAction":[{"@type":"ReadAction","target":["https:\/\/radiolitoral.com\/2023\/07\/la-guardia-civil-desmantela-un-grupo-criminal-dedicado-a-la-plantacion-de-marihuana-indoor-en-calp\/"]}]},{"@type":"ImageObject","inLanguage":"ca","@id":"https:\/\/radiolitoral.com\/2023\/07\/la-guardia-civil-desmantela-un-grupo-criminal-dedicado-a-la-plantacion-de-marihuana-indoor-en-calp\/#primaryimage","url":"https:\/\/media.radiolitoral.com\/wp-content\/uploads\/2023\/07\/24174632\/01-edit-plantacion-marihuana-CALPE-700x350-1.jpg","contentUrl":"https:\/\/media.radiolitoral.com\/wp-content\/uploads\/2023\/07\/24174632\/01-edit-plantacion-marihuana-CALPE-700x350-1.jpg","width":700,"height":350},{"@type":"BreadcrumbList","@id":"https:\/\/radiolitoral.com\/2023\/07\/la-guardia-civil-desmantela-un-grupo-criminal-dedicado-a-la-plantacion-de-marihuana-indoor-en-calp\/#breadcrumb","itemListElement":[{"@type":"ListItem","position":1,"name":"Portada","item":"https:\/\/radiolitoral.com\/"},{"@type":"ListItem","position":2,"name":"La Guardia Civil desmantela un grupo criminal dedicado a la plantaci\u00f3n de marihuana indoor en Calp"}]},{"@type":"WebSite","@id":"https:\/\/radiolitoral.com\/#website","url":"https:\/\/radiolitoral.com\/","name":"R\u00e0dio Litoral","description":"La r\u00e0dio local de la Marina Alta","publisher":{"@id":"https:\/\/radiolitoral.com\/#organization"},"alternateName":"Litoral FM","potentialAction":[{"@type":"SearchAction","target":{"@type":"EntryPoint","urlTemplate":"https:\/\/radiolitoral.com\/?s={search_term_string}"},"query-input":{"@type":"PropertyValueSpecification","valueRequired":true,"valueName":"search_term_string"}}],"inLanguage":"ca"},{"@type":"Organization","@id":"https:\/\/radiolitoral.com\/#organization","name":"R\u00e0dio Litoral","url":"https:\/\/radiolitoral.com\/","logo":{"@type":"ImageObject","inLanguage":"ca","@id":"https:\/\/radiolitoral.com\/#\/schema\/logo\/image\/","url":"https:\/\/media.radiolitoral.com\/wp-content\/uploads\/2023\/02\/24143238\/CL-V-RadioLitoral696.png","contentUrl":"https:\/\/media.radiolitoral.com\/wp-content\/uploads\/2023\/02\/24143238\/CL-V-RadioLitoral696.png","width":696,"height":696,"caption":"Radio Litoral"},"image":{"@id":"https:\/\/radiolitoral.com\/#\/schema\/logo\/image\/"},"sameAs":["https:\/\/www.facebook.com\/Laradiolitoral\/"]},{"@type":"Person","@id":"https:\/\/radiolitoral.com\/#\/schema\/person\/aad4f72efa404f85b68e832d24cac059","name":"Mel Pescuezo","image":{"@type":"ImageObject","inLanguage":"ca","@id":"https:\/\/secure.gravatar.com\/avatar\/993975ae489c70cb0dd9bfa9413a082f0bd276582dac13661af7b33f161e7eea?s=96&d=mm&r=g","url":"https:\/\/secure.gravatar.com\/avatar\/993975ae489c70cb0dd9bfa9413a082f0bd276582dac13661af7b33f161e7eea?s=96&d=mm&r=g","contentUrl":"https:\/\/secure.gravatar.com\/avatar\/993975ae489c70cb0dd9bfa9413a082f0bd276582dac13661af7b33f161e7eea?s=96&d=mm&r=g","caption":"Mel Pescuezo"},"url":"https:\/\/radiolitoral.com\/ca\/author\/serviciospararadios\/"}]}},"_links":{"self":[{"href":"https:\/\/radiolitoral.com\/ca\/wp-json\/wp\/v2\/posts\/4822","targetHints":{"allow":["GET"]}}],"collection":[{"href":"https:\/\/radiolitoral.com\/ca\/wp-json\/wp\/v2\/posts"}],"about":[{"href":"https:\/\/radiolitoral.com\/ca\/wp-json\/wp\/v2\/types\/post"}],"author":[{"embeddable":true,"href":"https:\/\/radiolitoral.com\/ca\/wp-json\/wp\/v2\/users\/21"}],"replies":[{"embeddable":true,"href":"https:\/\/radiolitoral.com\/ca\/wp-json\/wp\/v2\/comments?post=4822"}],"version-history":[{"count":1,"href":"https:\/\/radiolitoral.com\/ca\/wp-json\/wp\/v2\/posts\/4822\/revisions"}],"predecessor-version":[{"id":4824,"href":"https:\/\/radiolitoral.com\/ca\/wp-json\/wp\/v2\/posts\/4822\/revisions\/4824"}],"wp:featuredmedia":[{"embeddable":true,"href":"https:\/\/radiolitoral.com\/ca\/wp-json\/wp\/v2\/media\/4823"}],"wp:attachment":[{"href":"https:\/\/radiolitoral.com\/ca\/wp-json\/wp\/v2\/media?parent=4822"}],"wp:term":[{"taxonomy":"category","embeddable":true,"href":"https:\/\/radiolitoral.com\/ca\/wp-json\/wp\/v2\/categories?post=4822"},{"taxonomy":"post_tag","embeddable":true,"href":"https:\/\/radiolitoral.com\/ca\/wp-json\/wp\/v2\/tags?post=4822"}],"curies":[{"name":"wp","href":"https:\/\/api.w.org\/{rel}","templated":true}]}}