{"id":4763,"date":"2023-07-19T19:11:34","date_gmt":"2023-07-19T17:11:34","guid":{"rendered":"https:\/\/radiolitoral.com\/?p=4763"},"modified":"2023-07-19T19:13:54","modified_gmt":"2023-07-19T17:13:54","slug":"set-anys-de-preso-per-violar-la-cangur-dels-seus-fills-a-calp","status":"publish","type":"post","link":"https:\/\/radiolitoral.com\/ca\/2023\/07\/siete-anos-de-prision-por-violar-a-la-canguro-de-sus-hijos-en-calp\/","title":{"rendered":"Set anys de pres\u00f3 per violar la cangur dels seus fills a Calp"},"content":{"rendered":"<p>Un home de nacionalitat kuwaiti resident a Calp ha estat condemnat per l&#039;Audi\u00e8ncia Provincial a set anys de pres\u00f3 per violar la cangur dels seus fills, d&#039;origen marroqu\u00ed, que treballava com a empleada interna a l&#039;habitatge de la seva propietat el 2019.<\/p>\n<p>El tribunal de la Secci\u00f3 Tercera que va enjudiciar els fets el 7 de juliol passat considera provat que l&#039;acusat va abusar de la dona almenys en una ocasi\u00f3, prevalent-se de la seva relaci\u00f3 de superioritat que li atorgava el fet de ser el seu ocupador i el que li proporcionava allotjament.<\/p>\n<p>Tot i aix\u00f2, la sala l&#039;absol de la comissi\u00f3 de dues presumptes agressions sexuals m\u00e9s, tamb\u00e9 posades de manifest per la v\u00edctima en la seva den\u00fancia, que s&#039;haurien registrat tamb\u00e9 el 2019. Sobre aquests dos episodis, el tribunal considera que s&#039;aprecien contradiccions al testimoni ofert per la v\u00edctima i que no hi ha elements de corroboraci\u00f3 perif\u00e8rica, que s\u00ed que concorren en el primer dels abusos denunciats.<\/p>\n<p>La sent\u00e8ncia el considera responsable d&#039;un delicte de violaci\u00f3 pel qual li imposa set anys de pres\u00f3, a m\u00e9s de la prohibici\u00f3 d&#039;aproximar-se a la v\u00edctima a menys de 500 metres durant deu anys i, a m\u00e9s, estableix llibertat vigilada per 10 anys m\u00e9s i que compensi amb 280 euros la v\u00edctima per les lesions dels cops i amb 15.000 m\u00e9s pels danys morals.<\/p>\n<p><strong>\u00a0<\/strong><\/p>\n<p><strong>\u00a0<\/strong><\/p>","protected":false},"excerpt":{"rendered":"<p>Un hombre de nacionalidad kuwait\u00ed residente en Calp ha sido condenado por la Audiencia Provincial a siete a\u00f1os de prisi\u00f3n por violar a la canguro de sus hijos, de origen marroqu\u00ed, que trabajaba como empleada interna en la vivienda de su propiedad en 2019. El tribunal de la Secci\u00f3n Tercera que enjuici\u00f3 los hechos el [&#8230;]<\/p>\n<p><a class=\"btn btn-secondary understrap-read-more-link\" href=\"https:\/\/radiolitoral.com\/ca\/2023\/07\/siete-anos-de-prision-por-violar-a-la-canguro-de-sus-hijos-en-calp\/\">Continua llegint&#8230;<span class=\"screen-reader-text\"> from Siete a\u00f1os de prisi\u00f3n por violar a la canguro de sus hijos en Calp<\/span><\/a><\/p>\n","protected":false},"author":21,"featured_media":1403,"comment_status":"open","ping_status":"closed","sticky":false,"template":"","format":"standard","meta":{"_acf_changed":false,"inline_featured_image":false,"footnotes":""},"categories":[8],"tags":[],"class_list":["post-4763","post","type-post","status-publish","format-standard","has-post-thumbnail","hentry","category-sucesos","cobertura-calp"],"acf":[],"yoast_head":"<!-- This site is optimized with the Yoast SEO plugin v27.5 - https:\/\/yoast.com\/product\/yoast-seo-wordpress\/ -->\n<title>Siete a\u00f1os de prisi\u00f3n por violar a la canguro de sus hijos en Calp | R\u00e0dio Litoral<\/title>\n<meta name=\"robots\" content=\"index, follow, max-snippet:-1, max-image-preview:large, max-video-preview:-1\" \/>\n<link rel=\"canonical\" href=\"https:\/\/radiolitoral.com\/ca\/2023\/07\/set-anys-de-preso-per-violar-la-cangur-dels-seus-fills-a-calp\/\" \/>\n<meta property=\"og:locale\" content=\"ca_ES\" \/>\n<meta property=\"og:type\" content=\"article\" \/>\n<meta property=\"og:title\" content=\"Siete a\u00f1os de prisi\u00f3n por violar a la canguro de sus hijos en Calp | R\u00e0dio Litoral\" \/>\n<meta property=\"og:url\" content=\"https:\/\/radiolitoral.com\/ca\/2023\/07\/set-anys-de-preso-per-violar-la-cangur-dels-seus-fills-a-calp\/\" \/>\n<meta property=\"og:site_name\" content=\"R\u00e0dio Litoral\" \/>\n<meta property=\"article:publisher\" content=\"https:\/\/www.facebook.com\/Laradiolitoral\/\" \/>\n<meta property=\"article:published_time\" content=\"2023-07-19T17:11:34+00:00\" \/>\n<meta property=\"article:modified_time\" content=\"2023-07-19T17:13:54+00:00\" \/>\n<meta property=\"og:image\" content=\"https:\/\/media.radiolitoral.com\/wp-content\/uploads\/2023\/03\/17165116\/poli.jpg\" \/>\n\t<meta property=\"og:image:width\" content=\"206\" \/>\n\t<meta property=\"og:image:height\" content=\"272\" \/>\n\t<meta property=\"og:image:type\" content=\"image\/jpeg\" \/>\n<meta name=\"author\" content=\"Mel Pescuezo\" \/>\n<meta name=\"twitter:card\" content=\"summary_large_image\" \/>\n<meta name=\"twitter:label1\" content=\"Escrit per\" \/>\n\t<meta name=\"twitter:data1\" content=\"Mel Pescuezo\" \/>\n\t<meta name=\"twitter:label2\" content=\"Temps estimat de lectura\" \/>\n\t<meta name=\"twitter:data2\" content=\"2 minuts\" \/>\n<script type=\"application\/ld+json\" class=\"yoast-schema-graph\">{\"@context\":\"https:\\\/\\\/schema.org\",\"@graph\":[{\"@type\":\"NewsArticle\",\"@id\":\"https:\\\/\\\/radiolitoral.com\\\/2023\\\/07\\\/siete-anos-de-prision-por-violar-a-la-canguro-de-sus-hijos-en-calp\\\/#article\",\"isPartOf\":{\"@id\":\"https:\\\/\\\/radiolitoral.com\\\/2023\\\/07\\\/siete-anos-de-prision-por-violar-a-la-canguro-de-sus-hijos-en-calp\\\/\"},\"author\":{\"name\":\"Mel Pescuezo\",\"@id\":\"https:\\\/\\\/radiolitoral.com\\\/#\\\/schema\\\/person\\\/aad4f72efa404f85b68e832d24cac059\"},\"headline\":\"Siete a\u00f1os de prisi\u00f3n por violar a la canguro de sus hijos en Calp\",\"datePublished\":\"2023-07-19T17:11:34+00:00\",\"dateModified\":\"2023-07-19T17:13:54+00:00\",\"mainEntityOfPage\":{\"@id\":\"https:\\\/\\\/radiolitoral.com\\\/2023\\\/07\\\/siete-anos-de-prision-por-violar-a-la-canguro-de-sus-hijos-en-calp\\\/\"},\"wordCount\":266,\"commentCount\":0,\"publisher\":{\"@id\":\"https:\\\/\\\/radiolitoral.com\\\/#organization\"},\"image\":{\"@id\":\"https:\\\/\\\/radiolitoral.com\\\/2023\\\/07\\\/siete-anos-de-prision-por-violar-a-la-canguro-de-sus-hijos-en-calp\\\/#primaryimage\"},\"thumbnailUrl\":\"https:\\\/\\\/media.radiolitoral.com\\\/wp-content\\\/uploads\\\/2023\\\/03\\\/17165116\\\/poli.jpg\",\"articleSection\":[\"Sucesos\"],\"inLanguage\":\"ca\",\"potentialAction\":[{\"@type\":\"CommentAction\",\"name\":\"Comment\",\"target\":[\"https:\\\/\\\/radiolitoral.com\\\/2023\\\/07\\\/siete-anos-de-prision-por-violar-a-la-canguro-de-sus-hijos-en-calp\\\/#respond\"]}]},{\"@type\":[\"WebPage\",\"ItemPage\"],\"@id\":\"https:\\\/\\\/radiolitoral.com\\\/2023\\\/07\\\/siete-anos-de-prision-por-violar-a-la-canguro-de-sus-hijos-en-calp\\\/\",\"url\":\"https:\\\/\\\/radiolitoral.com\\\/2023\\\/07\\\/siete-anos-de-prision-por-violar-a-la-canguro-de-sus-hijos-en-calp\\\/\",\"name\":\"Siete a\u00f1os de prisi\u00f3n por violar a la canguro de sus hijos en Calp | R\u00e0dio Litoral\",\"isPartOf\":{\"@id\":\"https:\\\/\\\/radiolitoral.com\\\/#website\"},\"primaryImageOfPage\":{\"@id\":\"https:\\\/\\\/radiolitoral.com\\\/2023\\\/07\\\/siete-anos-de-prision-por-violar-a-la-canguro-de-sus-hijos-en-calp\\\/#primaryimage\"},\"image\":{\"@id\":\"https:\\\/\\\/radiolitoral.com\\\/2023\\\/07\\\/siete-anos-de-prision-por-violar-a-la-canguro-de-sus-hijos-en-calp\\\/#primaryimage\"},\"thumbnailUrl\":\"https:\\\/\\\/media.radiolitoral.com\\\/wp-content\\\/uploads\\\/2023\\\/03\\\/17165116\\\/poli.jpg\",\"datePublished\":\"2023-07-19T17:11:34+00:00\",\"dateModified\":\"2023-07-19T17:13:54+00:00\",\"breadcrumb\":{\"@id\":\"https:\\\/\\\/radiolitoral.com\\\/2023\\\/07\\\/siete-anos-de-prision-por-violar-a-la-canguro-de-sus-hijos-en-calp\\\/#breadcrumb\"},\"inLanguage\":\"ca\",\"potentialAction\":[{\"@type\":\"ReadAction\",\"target\":[\"https:\\\/\\\/radiolitoral.com\\\/2023\\\/07\\\/siete-anos-de-prision-por-violar-a-la-canguro-de-sus-hijos-en-calp\\\/\"]}]},{\"@type\":\"ImageObject\",\"inLanguage\":\"ca\",\"@id\":\"https:\\\/\\\/radiolitoral.com\\\/2023\\\/07\\\/siete-anos-de-prision-por-violar-a-la-canguro-de-sus-hijos-en-calp\\\/#primaryimage\",\"url\":\"https:\\\/\\\/media.radiolitoral.com\\\/wp-content\\\/uploads\\\/2023\\\/03\\\/17165116\\\/poli.jpg\",\"contentUrl\":\"https:\\\/\\\/media.radiolitoral.com\\\/wp-content\\\/uploads\\\/2023\\\/03\\\/17165116\\\/poli.jpg\",\"width\":206,\"height\":272},{\"@type\":\"BreadcrumbList\",\"@id\":\"https:\\\/\\\/radiolitoral.com\\\/2023\\\/07\\\/siete-anos-de-prision-por-violar-a-la-canguro-de-sus-hijos-en-calp\\\/#breadcrumb\",\"itemListElement\":[{\"@type\":\"ListItem\",\"position\":1,\"name\":\"Portada\",\"item\":\"https:\\\/\\\/radiolitoral.com\\\/\"},{\"@type\":\"ListItem\",\"position\":2,\"name\":\"Siete a\u00f1os de prisi\u00f3n por violar a la canguro de sus hijos en Calp\"}]},{\"@type\":\"WebSite\",\"@id\":\"https:\\\/\\\/radiolitoral.com\\\/#website\",\"url\":\"https:\\\/\\\/radiolitoral.com\\\/\",\"name\":\"Radio Litoral\",\"description\":\"La radio local de la Marina Alta\",\"publisher\":{\"@id\":\"https:\\\/\\\/radiolitoral.com\\\/#organization\"},\"alternateName\":\"Litoral FM\",\"potentialAction\":[{\"@type\":\"SearchAction\",\"target\":{\"@type\":\"EntryPoint\",\"urlTemplate\":\"https:\\\/\\\/radiolitoral.com\\\/?s={search_term_string}\"},\"query-input\":{\"@type\":\"PropertyValueSpecification\",\"valueRequired\":true,\"valueName\":\"search_term_string\"}}],\"inLanguage\":\"ca\"},{\"@type\":\"Organization\",\"@id\":\"https:\\\/\\\/radiolitoral.com\\\/#organization\",\"name\":\"Radio Litoral\",\"url\":\"https:\\\/\\\/radiolitoral.com\\\/\",\"logo\":{\"@type\":\"ImageObject\",\"inLanguage\":\"ca\",\"@id\":\"https:\\\/\\\/radiolitoral.com\\\/#\\\/schema\\\/logo\\\/image\\\/\",\"url\":\"https:\\\/\\\/media.radiolitoral.com\\\/wp-content\\\/uploads\\\/2023\\\/02\\\/24143238\\\/CL-V-RadioLitoral696.png\",\"contentUrl\":\"https:\\\/\\\/media.radiolitoral.com\\\/wp-content\\\/uploads\\\/2023\\\/02\\\/24143238\\\/CL-V-RadioLitoral696.png\",\"width\":696,\"height\":696,\"caption\":\"Radio Litoral\"},\"image\":{\"@id\":\"https:\\\/\\\/radiolitoral.com\\\/#\\\/schema\\\/logo\\\/image\\\/\"},\"sameAs\":[\"https:\\\/\\\/www.facebook.com\\\/Laradiolitoral\\\/\"]},{\"@type\":\"Person\",\"@id\":\"https:\\\/\\\/radiolitoral.com\\\/#\\\/schema\\\/person\\\/aad4f72efa404f85b68e832d24cac059\",\"name\":\"Mel Pescuezo\",\"image\":{\"@type\":\"ImageObject\",\"inLanguage\":\"ca\",\"@id\":\"https:\\\/\\\/secure.gravatar.com\\\/avatar\\\/993975ae489c70cb0dd9bfa9413a082f0bd276582dac13661af7b33f161e7eea?s=96&d=mm&r=g\",\"url\":\"https:\\\/\\\/secure.gravatar.com\\\/avatar\\\/993975ae489c70cb0dd9bfa9413a082f0bd276582dac13661af7b33f161e7eea?s=96&d=mm&r=g\",\"contentUrl\":\"https:\\\/\\\/secure.gravatar.com\\\/avatar\\\/993975ae489c70cb0dd9bfa9413a082f0bd276582dac13661af7b33f161e7eea?s=96&d=mm&r=g\",\"caption\":\"Mel Pescuezo\"},\"url\":\"https:\\\/\\\/radiolitoral.com\\\/ca\\\/author\\\/serviciospararadios\\\/\"}]}<\/script>\n<!-- \/ Yoast SEO plugin. -->","yoast_head_json":{"title":"Set anys de pres\u00f3 per violar la cangur dels fills a Calp | R\u00e0dio Litoral","robots":{"index":"index","follow":"follow","max-snippet":"max-snippet:-1","max-image-preview":"max-image-preview:large","max-video-preview":"max-video-preview:-1"},"canonical":"https:\/\/radiolitoral.com\/ca\/2023\/07\/set-anys-de-preso-per-violar-la-cangur-dels-seus-fills-a-calp\/","og_locale":"ca_ES","og_type":"article","og_title":"Siete a\u00f1os de prisi\u00f3n por violar a la canguro de sus hijos en Calp | R\u00e0dio Litoral","og_url":"https:\/\/radiolitoral.com\/ca\/2023\/07\/set-anys-de-preso-per-violar-la-cangur-dels-seus-fills-a-calp\/","og_site_name":"R\u00e0dio Litoral","article_publisher":"https:\/\/www.facebook.com\/Laradiolitoral\/","article_published_time":"2023-07-19T17:11:34+00:00","article_modified_time":"2023-07-19T17:13:54+00:00","og_image":[{"width":206,"height":272,"url":"https:\/\/media.radiolitoral.com\/wp-content\/uploads\/2023\/03\/17165116\/poli.jpg","type":"image\/jpeg"}],"author":"Mel Pescuezo","twitter_card":"summary_large_image","twitter_misc":{"Escrit per":"Mel Pescuezo","Temps estimat de lectura":"2 minuts"},"schema":{"@context":"https:\/\/schema.org","@graph":[{"@type":"NewsArticle","@id":"https:\/\/radiolitoral.com\/2023\/07\/siete-anos-de-prision-por-violar-a-la-canguro-de-sus-hijos-en-calp\/#article","isPartOf":{"@id":"https:\/\/radiolitoral.com\/2023\/07\/siete-anos-de-prision-por-violar-a-la-canguro-de-sus-hijos-en-calp\/"},"author":{"name":"Mel Pescuezo","@id":"https:\/\/radiolitoral.com\/#\/schema\/person\/aad4f72efa404f85b68e832d24cac059"},"headline":"Siete a\u00f1os de prisi\u00f3n por violar a la canguro de sus hijos en Calp","datePublished":"2023-07-19T17:11:34+00:00","dateModified":"2023-07-19T17:13:54+00:00","mainEntityOfPage":{"@id":"https:\/\/radiolitoral.com\/2023\/07\/siete-anos-de-prision-por-violar-a-la-canguro-de-sus-hijos-en-calp\/"},"wordCount":266,"commentCount":0,"publisher":{"@id":"https:\/\/radiolitoral.com\/#organization"},"image":{"@id":"https:\/\/radiolitoral.com\/2023\/07\/siete-anos-de-prision-por-violar-a-la-canguro-de-sus-hijos-en-calp\/#primaryimage"},"thumbnailUrl":"https:\/\/media.radiolitoral.com\/wp-content\/uploads\/2023\/03\/17165116\/poli.jpg","articleSection":["Sucesos"],"inLanguage":"ca","potentialAction":[{"@type":"CommentAction","name":"Comment","target":["https:\/\/radiolitoral.com\/2023\/07\/siete-anos-de-prision-por-violar-a-la-canguro-de-sus-hijos-en-calp\/#respond"]}]},{"@type":["WebPage","ItemPage"],"@id":"https:\/\/radiolitoral.com\/2023\/07\/siete-anos-de-prision-por-violar-a-la-canguro-de-sus-hijos-en-calp\/","url":"https:\/\/radiolitoral.com\/2023\/07\/siete-anos-de-prision-por-violar-a-la-canguro-de-sus-hijos-en-calp\/","name":"Set anys de pres\u00f3 per violar la cangur dels fills a Calp | R\u00e0dio Litoral","isPartOf":{"@id":"https:\/\/radiolitoral.com\/#website"},"primaryImageOfPage":{"@id":"https:\/\/radiolitoral.com\/2023\/07\/siete-anos-de-prision-por-violar-a-la-canguro-de-sus-hijos-en-calp\/#primaryimage"},"image":{"@id":"https:\/\/radiolitoral.com\/2023\/07\/siete-anos-de-prision-por-violar-a-la-canguro-de-sus-hijos-en-calp\/#primaryimage"},"thumbnailUrl":"https:\/\/media.radiolitoral.com\/wp-content\/uploads\/2023\/03\/17165116\/poli.jpg","datePublished":"2023-07-19T17:11:34+00:00","dateModified":"2023-07-19T17:13:54+00:00","breadcrumb":{"@id":"https:\/\/radiolitoral.com\/2023\/07\/siete-anos-de-prision-por-violar-a-la-canguro-de-sus-hijos-en-calp\/#breadcrumb"},"inLanguage":"ca","potentialAction":[{"@type":"ReadAction","target":["https:\/\/radiolitoral.com\/2023\/07\/siete-anos-de-prision-por-violar-a-la-canguro-de-sus-hijos-en-calp\/"]}]},{"@type":"ImageObject","inLanguage":"ca","@id":"https:\/\/radiolitoral.com\/2023\/07\/siete-anos-de-prision-por-violar-a-la-canguro-de-sus-hijos-en-calp\/#primaryimage","url":"https:\/\/media.radiolitoral.com\/wp-content\/uploads\/2023\/03\/17165116\/poli.jpg","contentUrl":"https:\/\/media.radiolitoral.com\/wp-content\/uploads\/2023\/03\/17165116\/poli.jpg","width":206,"height":272},{"@type":"BreadcrumbList","@id":"https:\/\/radiolitoral.com\/2023\/07\/siete-anos-de-prision-por-violar-a-la-canguro-de-sus-hijos-en-calp\/#breadcrumb","itemListElement":[{"@type":"ListItem","position":1,"name":"Portada","item":"https:\/\/radiolitoral.com\/"},{"@type":"ListItem","position":2,"name":"Siete a\u00f1os de prisi\u00f3n por violar a la canguro de sus hijos en Calp"}]},{"@type":"WebSite","@id":"https:\/\/radiolitoral.com\/#website","url":"https:\/\/radiolitoral.com\/","name":"R\u00e0dio Litoral","description":"La r\u00e0dio local de la Marina Alta","publisher":{"@id":"https:\/\/radiolitoral.com\/#organization"},"alternateName":"Litoral FM","potentialAction":[{"@type":"SearchAction","target":{"@type":"EntryPoint","urlTemplate":"https:\/\/radiolitoral.com\/?s={search_term_string}"},"query-input":{"@type":"PropertyValueSpecification","valueRequired":true,"valueName":"search_term_string"}}],"inLanguage":"ca"},{"@type":"Organization","@id":"https:\/\/radiolitoral.com\/#organization","name":"R\u00e0dio Litoral","url":"https:\/\/radiolitoral.com\/","logo":{"@type":"ImageObject","inLanguage":"ca","@id":"https:\/\/radiolitoral.com\/#\/schema\/logo\/image\/","url":"https:\/\/media.radiolitoral.com\/wp-content\/uploads\/2023\/02\/24143238\/CL-V-RadioLitoral696.png","contentUrl":"https:\/\/media.radiolitoral.com\/wp-content\/uploads\/2023\/02\/24143238\/CL-V-RadioLitoral696.png","width":696,"height":696,"caption":"Radio Litoral"},"image":{"@id":"https:\/\/radiolitoral.com\/#\/schema\/logo\/image\/"},"sameAs":["https:\/\/www.facebook.com\/Laradiolitoral\/"]},{"@type":"Person","@id":"https:\/\/radiolitoral.com\/#\/schema\/person\/aad4f72efa404f85b68e832d24cac059","name":"Mel Pescuezo","image":{"@type":"ImageObject","inLanguage":"ca","@id":"https:\/\/secure.gravatar.com\/avatar\/993975ae489c70cb0dd9bfa9413a082f0bd276582dac13661af7b33f161e7eea?s=96&d=mm&r=g","url":"https:\/\/secure.gravatar.com\/avatar\/993975ae489c70cb0dd9bfa9413a082f0bd276582dac13661af7b33f161e7eea?s=96&d=mm&r=g","contentUrl":"https:\/\/secure.gravatar.com\/avatar\/993975ae489c70cb0dd9bfa9413a082f0bd276582dac13661af7b33f161e7eea?s=96&d=mm&r=g","caption":"Mel Pescuezo"},"url":"https:\/\/radiolitoral.com\/ca\/author\/serviciospararadios\/"}]}},"_links":{"self":[{"href":"https:\/\/radiolitoral.com\/ca\/wp-json\/wp\/v2\/posts\/4763","targetHints":{"allow":["GET"]}}],"collection":[{"href":"https:\/\/radiolitoral.com\/ca\/wp-json\/wp\/v2\/posts"}],"about":[{"href":"https:\/\/radiolitoral.com\/ca\/wp-json\/wp\/v2\/types\/post"}],"author":[{"embeddable":true,"href":"https:\/\/radiolitoral.com\/ca\/wp-json\/wp\/v2\/users\/21"}],"replies":[{"embeddable":true,"href":"https:\/\/radiolitoral.com\/ca\/wp-json\/wp\/v2\/comments?post=4763"}],"version-history":[{"count":1,"href":"https:\/\/radiolitoral.com\/ca\/wp-json\/wp\/v2\/posts\/4763\/revisions"}],"predecessor-version":[{"id":4764,"href":"https:\/\/radiolitoral.com\/ca\/wp-json\/wp\/v2\/posts\/4763\/revisions\/4764"}],"wp:featuredmedia":[{"embeddable":true,"href":"https:\/\/radiolitoral.com\/ca\/wp-json\/wp\/v2\/media\/1403"}],"wp:attachment":[{"href":"https:\/\/radiolitoral.com\/ca\/wp-json\/wp\/v2\/media?parent=4763"}],"wp:term":[{"taxonomy":"category","embeddable":true,"href":"https:\/\/radiolitoral.com\/ca\/wp-json\/wp\/v2\/categories?post=4763"},{"taxonomy":"post_tag","embeddable":true,"href":"https:\/\/radiolitoral.com\/ca\/wp-json\/wp\/v2\/tags?post=4763"}],"curies":[{"name":"wp","href":"https:\/\/api.w.org\/{rel}","templated":true}]}}