{"id":4759,"date":"2023-07-19T19:06:09","date_gmt":"2023-07-19T17:06:09","guid":{"rendered":"https:\/\/radiolitoral.com\/?p=4759"},"modified":"2023-07-19T19:07:37","modified_gmt":"2023-07-19T17:07:37","slug":"la-guardia-civil-atura-en-calp-dos-homes-reclamats-per-la-justicia-per-robatoris-violents","status":"publish","type":"post","link":"https:\/\/radiolitoral.com\/ca\/2023\/07\/la-guardia-civil-detiene-en-calp-a-dos-hombres-reclamados-por-la-justicia-por-robos-violentos\/","title":{"rendered":"La Gu\u00e0rdia Civil det\u00e9 a Calp dos homes reclamats per la just\u00edcia per robatoris violents"},"content":{"rendered":"<p>La Gu\u00e0rdia Civil de Calp ha detingut dos homes de 44 i 46 anys buscats per la just\u00edcia per la seva implicaci\u00f3 en multitud de delictes contra el patrimoni, a trav\u00e9s del furt, robatori i robatori amb viol\u00e8ncia.<\/p>\n<p>A un d&#039;ells li constava a m\u00e9s una requisit\u00f2ria internacional de detenci\u00f3 per extradir-la, dictada per autoritats belgues, per un delicte de robatori amb arma de foc, com\u00e8s en aquest pa\u00eds l&#039;agost del 2022.<\/p>\n<p>La detenci\u00f3 es va produir per agents de l&#039;\u00c0rea de Recerca de la Gu\u00e0rdia Civil de Calp quan estaven fent un servei de prevenci\u00f3 de la delinq\u00fc\u00e8ncia en una zona comercial de la localitat. Aquests dos individus van ser posats a disposici\u00f3 del Jutjat d&#039;Instrucci\u00f3 de D\u00e9nia, que ha decretat l&#039;ingr\u00e9s a la pres\u00f3 per a l&#039;home de 44 anys. L?altre detingut ha quedat en llibertat amb mesures cautelars.<\/p>","protected":false},"excerpt":{"rendered":"<p>La Guardia Civil de Calp ha detenido a dos hombres de 44 y 46 a\u00f1os buscados por la justicia por su implicaci\u00f3n en multitud de delitos contra el patrimonio, a trav\u00e9s del hurto, robo y robo con violencia. A uno de ellos le constaba adem\u00e1s una requisitoria internacional de detenci\u00f3n para su extradici\u00f3n, dictada por [&#8230;]<\/p>\n<p><a class=\"btn btn-secondary understrap-read-more-link\" href=\"https:\/\/radiolitoral.com\/ca\/2023\/07\/la-guardia-civil-detiene-en-calp-a-dos-hombres-reclamados-por-la-justicia-por-robos-violentos\/\">Continua llegint&#8230;<span class=\"screen-reader-text\"> from La Guardia Civil detiene en Calp a dos hombres reclamados por la justicia por robos violentos<\/span><\/a><\/p>\n","protected":false},"author":21,"featured_media":4760,"comment_status":"open","ping_status":"closed","sticky":false,"template":"","format":"standard","meta":{"_acf_changed":false,"inline_featured_image":false,"footnotes":""},"categories":[8],"tags":[],"class_list":["post-4759","post","type-post","status-publish","format-standard","has-post-thumbnail","hentry","category-sucesos","cobertura-calp"],"acf":[],"yoast_head":"<!-- This site is optimized with the Yoast SEO plugin v27.5 - https:\/\/yoast.com\/product\/yoast-seo-wordpress\/ -->\n<title>La Guardia Civil detiene en Calp a dos hombres reclamados por la justicia por robos violentos | R\u00e0dio Litoral<\/title>\n<meta name=\"robots\" content=\"index, follow, max-snippet:-1, max-image-preview:large, max-video-preview:-1\" \/>\n<link rel=\"canonical\" href=\"https:\/\/radiolitoral.com\/ca\/2023\/07\/la-guardia-civil-atura-en-calp-dos-homes-reclamats-per-la-justicia-per-robatoris-violents\/\" \/>\n<meta property=\"og:locale\" content=\"ca_ES\" \/>\n<meta property=\"og:type\" content=\"article\" \/>\n<meta property=\"og:title\" content=\"La Guardia Civil detiene en Calp a dos hombres reclamados por la justicia por robos violentos | R\u00e0dio Litoral\" \/>\n<meta property=\"og:url\" content=\"https:\/\/radiolitoral.com\/ca\/2023\/07\/la-guardia-civil-atura-en-calp-dos-homes-reclamats-per-la-justicia-per-robatoris-violents\/\" \/>\n<meta property=\"og:site_name\" content=\"R\u00e0dio Litoral\" \/>\n<meta property=\"article:publisher\" content=\"https:\/\/www.facebook.com\/Laradiolitoral\/\" \/>\n<meta property=\"article:published_time\" content=\"2023-07-19T17:06:09+00:00\" \/>\n<meta property=\"article:modified_time\" content=\"2023-07-19T17:07:37+00:00\" \/>\n<meta property=\"og:image\" content=\"https:\/\/media.radiolitoral.com\/wp-content\/uploads\/2023\/07\/19190517\/detencion-edit-700x350-1.jpg\" \/>\n\t<meta property=\"og:image:width\" content=\"700\" \/>\n\t<meta property=\"og:image:height\" content=\"350\" \/>\n\t<meta property=\"og:image:type\" content=\"image\/jpeg\" \/>\n<meta name=\"author\" content=\"Mel Pescuezo\" \/>\n<meta name=\"twitter:card\" content=\"summary_large_image\" \/>\n<meta name=\"twitter:label1\" content=\"Escrit per\" \/>\n\t<meta name=\"twitter:data1\" content=\"Mel Pescuezo\" \/>\n\t<meta name=\"twitter:label2\" content=\"Temps estimat de lectura\" \/>\n\t<meta name=\"twitter:data2\" content=\"1 minut\" \/>\n<script type=\"application\/ld+json\" class=\"yoast-schema-graph\">{\"@context\":\"https:\\\/\\\/schema.org\",\"@graph\":[{\"@type\":\"NewsArticle\",\"@id\":\"https:\\\/\\\/radiolitoral.com\\\/2023\\\/07\\\/la-guardia-civil-detiene-en-calp-a-dos-hombres-reclamados-por-la-justicia-por-robos-violentos\\\/#article\",\"isPartOf\":{\"@id\":\"https:\\\/\\\/radiolitoral.com\\\/2023\\\/07\\\/la-guardia-civil-detiene-en-calp-a-dos-hombres-reclamados-por-la-justicia-por-robos-violentos\\\/\"},\"author\":{\"name\":\"Mel Pescuezo\",\"@id\":\"https:\\\/\\\/radiolitoral.com\\\/#\\\/schema\\\/person\\\/aad4f72efa404f85b68e832d24cac059\"},\"headline\":\"La Guardia Civil detiene en Calp a dos hombres reclamados por la justicia por robos violentos\",\"datePublished\":\"2023-07-19T17:06:09+00:00\",\"dateModified\":\"2023-07-19T17:07:37+00:00\",\"mainEntityOfPage\":{\"@id\":\"https:\\\/\\\/radiolitoral.com\\\/2023\\\/07\\\/la-guardia-civil-detiene-en-calp-a-dos-hombres-reclamados-por-la-justicia-por-robos-violentos\\\/\"},\"wordCount\":171,\"commentCount\":0,\"publisher\":{\"@id\":\"https:\\\/\\\/radiolitoral.com\\\/#organization\"},\"image\":{\"@id\":\"https:\\\/\\\/radiolitoral.com\\\/2023\\\/07\\\/la-guardia-civil-detiene-en-calp-a-dos-hombres-reclamados-por-la-justicia-por-robos-violentos\\\/#primaryimage\"},\"thumbnailUrl\":\"https:\\\/\\\/media.radiolitoral.com\\\/wp-content\\\/uploads\\\/2023\\\/07\\\/19190517\\\/detencion-edit-700x350-1.jpg\",\"articleSection\":[\"Sucesos\"],\"inLanguage\":\"ca\",\"potentialAction\":[{\"@type\":\"CommentAction\",\"name\":\"Comment\",\"target\":[\"https:\\\/\\\/radiolitoral.com\\\/2023\\\/07\\\/la-guardia-civil-detiene-en-calp-a-dos-hombres-reclamados-por-la-justicia-por-robos-violentos\\\/#respond\"]}]},{\"@type\":[\"WebPage\",\"ItemPage\"],\"@id\":\"https:\\\/\\\/radiolitoral.com\\\/2023\\\/07\\\/la-guardia-civil-detiene-en-calp-a-dos-hombres-reclamados-por-la-justicia-por-robos-violentos\\\/\",\"url\":\"https:\\\/\\\/radiolitoral.com\\\/2023\\\/07\\\/la-guardia-civil-detiene-en-calp-a-dos-hombres-reclamados-por-la-justicia-por-robos-violentos\\\/\",\"name\":\"La Guardia Civil detiene en Calp a dos hombres reclamados por la justicia por robos violentos | R\u00e0dio Litoral\",\"isPartOf\":{\"@id\":\"https:\\\/\\\/radiolitoral.com\\\/#website\"},\"primaryImageOfPage\":{\"@id\":\"https:\\\/\\\/radiolitoral.com\\\/2023\\\/07\\\/la-guardia-civil-detiene-en-calp-a-dos-hombres-reclamados-por-la-justicia-por-robos-violentos\\\/#primaryimage\"},\"image\":{\"@id\":\"https:\\\/\\\/radiolitoral.com\\\/2023\\\/07\\\/la-guardia-civil-detiene-en-calp-a-dos-hombres-reclamados-por-la-justicia-por-robos-violentos\\\/#primaryimage\"},\"thumbnailUrl\":\"https:\\\/\\\/media.radiolitoral.com\\\/wp-content\\\/uploads\\\/2023\\\/07\\\/19190517\\\/detencion-edit-700x350-1.jpg\",\"datePublished\":\"2023-07-19T17:06:09+00:00\",\"dateModified\":\"2023-07-19T17:07:37+00:00\",\"breadcrumb\":{\"@id\":\"https:\\\/\\\/radiolitoral.com\\\/2023\\\/07\\\/la-guardia-civil-detiene-en-calp-a-dos-hombres-reclamados-por-la-justicia-por-robos-violentos\\\/#breadcrumb\"},\"inLanguage\":\"ca\",\"potentialAction\":[{\"@type\":\"ReadAction\",\"target\":[\"https:\\\/\\\/radiolitoral.com\\\/2023\\\/07\\\/la-guardia-civil-detiene-en-calp-a-dos-hombres-reclamados-por-la-justicia-por-robos-violentos\\\/\"]}]},{\"@type\":\"ImageObject\",\"inLanguage\":\"ca\",\"@id\":\"https:\\\/\\\/radiolitoral.com\\\/2023\\\/07\\\/la-guardia-civil-detiene-en-calp-a-dos-hombres-reclamados-por-la-justicia-por-robos-violentos\\\/#primaryimage\",\"url\":\"https:\\\/\\\/media.radiolitoral.com\\\/wp-content\\\/uploads\\\/2023\\\/07\\\/19190517\\\/detencion-edit-700x350-1.jpg\",\"contentUrl\":\"https:\\\/\\\/media.radiolitoral.com\\\/wp-content\\\/uploads\\\/2023\\\/07\\\/19190517\\\/detencion-edit-700x350-1.jpg\",\"width\":700,\"height\":350},{\"@type\":\"BreadcrumbList\",\"@id\":\"https:\\\/\\\/radiolitoral.com\\\/2023\\\/07\\\/la-guardia-civil-detiene-en-calp-a-dos-hombres-reclamados-por-la-justicia-por-robos-violentos\\\/#breadcrumb\",\"itemListElement\":[{\"@type\":\"ListItem\",\"position\":1,\"name\":\"Portada\",\"item\":\"https:\\\/\\\/radiolitoral.com\\\/\"},{\"@type\":\"ListItem\",\"position\":2,\"name\":\"La Guardia Civil detiene en Calp a dos hombres reclamados por la justicia por robos violentos\"}]},{\"@type\":\"WebSite\",\"@id\":\"https:\\\/\\\/radiolitoral.com\\\/#website\",\"url\":\"https:\\\/\\\/radiolitoral.com\\\/\",\"name\":\"Radio Litoral\",\"description\":\"La radio local de la Marina Alta\",\"publisher\":{\"@id\":\"https:\\\/\\\/radiolitoral.com\\\/#organization\"},\"alternateName\":\"Litoral FM\",\"potentialAction\":[{\"@type\":\"SearchAction\",\"target\":{\"@type\":\"EntryPoint\",\"urlTemplate\":\"https:\\\/\\\/radiolitoral.com\\\/?s={search_term_string}\"},\"query-input\":{\"@type\":\"PropertyValueSpecification\",\"valueRequired\":true,\"valueName\":\"search_term_string\"}}],\"inLanguage\":\"ca\"},{\"@type\":\"Organization\",\"@id\":\"https:\\\/\\\/radiolitoral.com\\\/#organization\",\"name\":\"Radio Litoral\",\"url\":\"https:\\\/\\\/radiolitoral.com\\\/\",\"logo\":{\"@type\":\"ImageObject\",\"inLanguage\":\"ca\",\"@id\":\"https:\\\/\\\/radiolitoral.com\\\/#\\\/schema\\\/logo\\\/image\\\/\",\"url\":\"https:\\\/\\\/media.radiolitoral.com\\\/wp-content\\\/uploads\\\/2023\\\/02\\\/24143238\\\/CL-V-RadioLitoral696.png\",\"contentUrl\":\"https:\\\/\\\/media.radiolitoral.com\\\/wp-content\\\/uploads\\\/2023\\\/02\\\/24143238\\\/CL-V-RadioLitoral696.png\",\"width\":696,\"height\":696,\"caption\":\"Radio Litoral\"},\"image\":{\"@id\":\"https:\\\/\\\/radiolitoral.com\\\/#\\\/schema\\\/logo\\\/image\\\/\"},\"sameAs\":[\"https:\\\/\\\/www.facebook.com\\\/Laradiolitoral\\\/\"]},{\"@type\":\"Person\",\"@id\":\"https:\\\/\\\/radiolitoral.com\\\/#\\\/schema\\\/person\\\/aad4f72efa404f85b68e832d24cac059\",\"name\":\"Mel Pescuezo\",\"image\":{\"@type\":\"ImageObject\",\"inLanguage\":\"ca\",\"@id\":\"https:\\\/\\\/secure.gravatar.com\\\/avatar\\\/993975ae489c70cb0dd9bfa9413a082f0bd276582dac13661af7b33f161e7eea?s=96&d=mm&r=g\",\"url\":\"https:\\\/\\\/secure.gravatar.com\\\/avatar\\\/993975ae489c70cb0dd9bfa9413a082f0bd276582dac13661af7b33f161e7eea?s=96&d=mm&r=g\",\"contentUrl\":\"https:\\\/\\\/secure.gravatar.com\\\/avatar\\\/993975ae489c70cb0dd9bfa9413a082f0bd276582dac13661af7b33f161e7eea?s=96&d=mm&r=g\",\"caption\":\"Mel Pescuezo\"},\"url\":\"https:\\\/\\\/radiolitoral.com\\\/ca\\\/author\\\/serviciospararadios\\\/\"}]}<\/script>\n<!-- \/ Yoast SEO plugin. -->","yoast_head_json":{"title":"La Gu\u00e0rdia Civil det\u00e9 a Calp dos homes reclamats per la just\u00edcia per robatoris violents | R\u00e0dio Litoral","robots":{"index":"index","follow":"follow","max-snippet":"max-snippet:-1","max-image-preview":"max-image-preview:large","max-video-preview":"max-video-preview:-1"},"canonical":"https:\/\/radiolitoral.com\/ca\/2023\/07\/la-guardia-civil-atura-en-calp-dos-homes-reclamats-per-la-justicia-per-robatoris-violents\/","og_locale":"ca_ES","og_type":"article","og_title":"La Guardia Civil detiene en Calp a dos hombres reclamados por la justicia por robos violentos | R\u00e0dio Litoral","og_url":"https:\/\/radiolitoral.com\/ca\/2023\/07\/la-guardia-civil-atura-en-calp-dos-homes-reclamats-per-la-justicia-per-robatoris-violents\/","og_site_name":"R\u00e0dio Litoral","article_publisher":"https:\/\/www.facebook.com\/Laradiolitoral\/","article_published_time":"2023-07-19T17:06:09+00:00","article_modified_time":"2023-07-19T17:07:37+00:00","og_image":[{"width":700,"height":350,"url":"https:\/\/media.radiolitoral.com\/wp-content\/uploads\/2023\/07\/19190517\/detencion-edit-700x350-1.jpg","type":"image\/jpeg"}],"author":"Mel Pescuezo","twitter_card":"summary_large_image","twitter_misc":{"Escrit per":"Mel Pescuezo","Temps estimat de lectura":"1 minut"},"schema":{"@context":"https:\/\/schema.org","@graph":[{"@type":"NewsArticle","@id":"https:\/\/radiolitoral.com\/2023\/07\/la-guardia-civil-detiene-en-calp-a-dos-hombres-reclamados-por-la-justicia-por-robos-violentos\/#article","isPartOf":{"@id":"https:\/\/radiolitoral.com\/2023\/07\/la-guardia-civil-detiene-en-calp-a-dos-hombres-reclamados-por-la-justicia-por-robos-violentos\/"},"author":{"name":"Mel Pescuezo","@id":"https:\/\/radiolitoral.com\/#\/schema\/person\/aad4f72efa404f85b68e832d24cac059"},"headline":"La Guardia Civil detiene en Calp a dos hombres reclamados por la justicia por robos violentos","datePublished":"2023-07-19T17:06:09+00:00","dateModified":"2023-07-19T17:07:37+00:00","mainEntityOfPage":{"@id":"https:\/\/radiolitoral.com\/2023\/07\/la-guardia-civil-detiene-en-calp-a-dos-hombres-reclamados-por-la-justicia-por-robos-violentos\/"},"wordCount":171,"commentCount":0,"publisher":{"@id":"https:\/\/radiolitoral.com\/#organization"},"image":{"@id":"https:\/\/radiolitoral.com\/2023\/07\/la-guardia-civil-detiene-en-calp-a-dos-hombres-reclamados-por-la-justicia-por-robos-violentos\/#primaryimage"},"thumbnailUrl":"https:\/\/media.radiolitoral.com\/wp-content\/uploads\/2023\/07\/19190517\/detencion-edit-700x350-1.jpg","articleSection":["Sucesos"],"inLanguage":"ca","potentialAction":[{"@type":"CommentAction","name":"Comment","target":["https:\/\/radiolitoral.com\/2023\/07\/la-guardia-civil-detiene-en-calp-a-dos-hombres-reclamados-por-la-justicia-por-robos-violentos\/#respond"]}]},{"@type":["WebPage","ItemPage"],"@id":"https:\/\/radiolitoral.com\/2023\/07\/la-guardia-civil-detiene-en-calp-a-dos-hombres-reclamados-por-la-justicia-por-robos-violentos\/","url":"https:\/\/radiolitoral.com\/2023\/07\/la-guardia-civil-detiene-en-calp-a-dos-hombres-reclamados-por-la-justicia-por-robos-violentos\/","name":"La Gu\u00e0rdia Civil det\u00e9 a Calp dos homes reclamats per la just\u00edcia per robatoris violents | R\u00e0dio Litoral","isPartOf":{"@id":"https:\/\/radiolitoral.com\/#website"},"primaryImageOfPage":{"@id":"https:\/\/radiolitoral.com\/2023\/07\/la-guardia-civil-detiene-en-calp-a-dos-hombres-reclamados-por-la-justicia-por-robos-violentos\/#primaryimage"},"image":{"@id":"https:\/\/radiolitoral.com\/2023\/07\/la-guardia-civil-detiene-en-calp-a-dos-hombres-reclamados-por-la-justicia-por-robos-violentos\/#primaryimage"},"thumbnailUrl":"https:\/\/media.radiolitoral.com\/wp-content\/uploads\/2023\/07\/19190517\/detencion-edit-700x350-1.jpg","datePublished":"2023-07-19T17:06:09+00:00","dateModified":"2023-07-19T17:07:37+00:00","breadcrumb":{"@id":"https:\/\/radiolitoral.com\/2023\/07\/la-guardia-civil-detiene-en-calp-a-dos-hombres-reclamados-por-la-justicia-por-robos-violentos\/#breadcrumb"},"inLanguage":"ca","potentialAction":[{"@type":"ReadAction","target":["https:\/\/radiolitoral.com\/2023\/07\/la-guardia-civil-detiene-en-calp-a-dos-hombres-reclamados-por-la-justicia-por-robos-violentos\/"]}]},{"@type":"ImageObject","inLanguage":"ca","@id":"https:\/\/radiolitoral.com\/2023\/07\/la-guardia-civil-detiene-en-calp-a-dos-hombres-reclamados-por-la-justicia-por-robos-violentos\/#primaryimage","url":"https:\/\/media.radiolitoral.com\/wp-content\/uploads\/2023\/07\/19190517\/detencion-edit-700x350-1.jpg","contentUrl":"https:\/\/media.radiolitoral.com\/wp-content\/uploads\/2023\/07\/19190517\/detencion-edit-700x350-1.jpg","width":700,"height":350},{"@type":"BreadcrumbList","@id":"https:\/\/radiolitoral.com\/2023\/07\/la-guardia-civil-detiene-en-calp-a-dos-hombres-reclamados-por-la-justicia-por-robos-violentos\/#breadcrumb","itemListElement":[{"@type":"ListItem","position":1,"name":"Portada","item":"https:\/\/radiolitoral.com\/"},{"@type":"ListItem","position":2,"name":"La Guardia Civil detiene en Calp a dos hombres reclamados por la justicia por robos violentos"}]},{"@type":"WebSite","@id":"https:\/\/radiolitoral.com\/#website","url":"https:\/\/radiolitoral.com\/","name":"R\u00e0dio Litoral","description":"La r\u00e0dio local de la Marina Alta","publisher":{"@id":"https:\/\/radiolitoral.com\/#organization"},"alternateName":"Litoral FM","potentialAction":[{"@type":"SearchAction","target":{"@type":"EntryPoint","urlTemplate":"https:\/\/radiolitoral.com\/?s={search_term_string}"},"query-input":{"@type":"PropertyValueSpecification","valueRequired":true,"valueName":"search_term_string"}}],"inLanguage":"ca"},{"@type":"Organization","@id":"https:\/\/radiolitoral.com\/#organization","name":"R\u00e0dio Litoral","url":"https:\/\/radiolitoral.com\/","logo":{"@type":"ImageObject","inLanguage":"ca","@id":"https:\/\/radiolitoral.com\/#\/schema\/logo\/image\/","url":"https:\/\/media.radiolitoral.com\/wp-content\/uploads\/2023\/02\/24143238\/CL-V-RadioLitoral696.png","contentUrl":"https:\/\/media.radiolitoral.com\/wp-content\/uploads\/2023\/02\/24143238\/CL-V-RadioLitoral696.png","width":696,"height":696,"caption":"Radio Litoral"},"image":{"@id":"https:\/\/radiolitoral.com\/#\/schema\/logo\/image\/"},"sameAs":["https:\/\/www.facebook.com\/Laradiolitoral\/"]},{"@type":"Person","@id":"https:\/\/radiolitoral.com\/#\/schema\/person\/aad4f72efa404f85b68e832d24cac059","name":"Mel Pescuezo","image":{"@type":"ImageObject","inLanguage":"ca","@id":"https:\/\/secure.gravatar.com\/avatar\/993975ae489c70cb0dd9bfa9413a082f0bd276582dac13661af7b33f161e7eea?s=96&d=mm&r=g","url":"https:\/\/secure.gravatar.com\/avatar\/993975ae489c70cb0dd9bfa9413a082f0bd276582dac13661af7b33f161e7eea?s=96&d=mm&r=g","contentUrl":"https:\/\/secure.gravatar.com\/avatar\/993975ae489c70cb0dd9bfa9413a082f0bd276582dac13661af7b33f161e7eea?s=96&d=mm&r=g","caption":"Mel Pescuezo"},"url":"https:\/\/radiolitoral.com\/ca\/author\/serviciospararadios\/"}]}},"_links":{"self":[{"href":"https:\/\/radiolitoral.com\/ca\/wp-json\/wp\/v2\/posts\/4759","targetHints":{"allow":["GET"]}}],"collection":[{"href":"https:\/\/radiolitoral.com\/ca\/wp-json\/wp\/v2\/posts"}],"about":[{"href":"https:\/\/radiolitoral.com\/ca\/wp-json\/wp\/v2\/types\/post"}],"author":[{"embeddable":true,"href":"https:\/\/radiolitoral.com\/ca\/wp-json\/wp\/v2\/users\/21"}],"replies":[{"embeddable":true,"href":"https:\/\/radiolitoral.com\/ca\/wp-json\/wp\/v2\/comments?post=4759"}],"version-history":[{"count":1,"href":"https:\/\/radiolitoral.com\/ca\/wp-json\/wp\/v2\/posts\/4759\/revisions"}],"predecessor-version":[{"id":4761,"href":"https:\/\/radiolitoral.com\/ca\/wp-json\/wp\/v2\/posts\/4759\/revisions\/4761"}],"wp:featuredmedia":[{"embeddable":true,"href":"https:\/\/radiolitoral.com\/ca\/wp-json\/wp\/v2\/media\/4760"}],"wp:attachment":[{"href":"https:\/\/radiolitoral.com\/ca\/wp-json\/wp\/v2\/media?parent=4759"}],"wp:term":[{"taxonomy":"category","embeddable":true,"href":"https:\/\/radiolitoral.com\/ca\/wp-json\/wp\/v2\/categories?post=4759"},{"taxonomy":"post_tag","embeddable":true,"href":"https:\/\/radiolitoral.com\/ca\/wp-json\/wp\/v2\/tags?post=4759"}],"curies":[{"name":"wp","href":"https:\/\/api.w.org\/{rel}","templated":true}]}}