{"id":4725,"date":"2023-07-17T19:56:20","date_gmt":"2023-07-17T17:56:20","guid":{"rendered":"https:\/\/radiolitoral.com\/?p=4725"},"modified":"2023-07-17T19:57:52","modified_gmt":"2023-07-17T17:57:52","slug":"el-calpi-javi-navarres-representes-espanya-al-mundial-de-carreres-dobstacles","status":"publish","type":"post","link":"https:\/\/radiolitoral.com\/ca\/2023\/07\/el-calpino-javi-navarro-representara-a-espana-en-el-mundial-de-carreras-de-obstaculos\/","title":{"rendered":"El calp\u00ed Javi Navarro representar\u00e0 Espanya al Mundial de Carreres d&#039;Obstacles"},"content":{"rendered":"<p>El calp\u00ed Javi Navarro que ha obtingut pla\u00e7a per representar Espanya al Mundial de Carreres d&#039;Obstacles. Aquest esportista ha quedat al primer lloc del seu grup d&#039;edat (35-39 anys) a la Cursa Olympus Race d&#039;Andorra, celebrada fa una setmana. D&#039;aquesta manera aconsegueix una de les cinc places en el seu grup d&#039;edat per representar Espanya al primer mundial de Carreres d&#039;obstacles (OCR) que tindr\u00e0 lloc del 14 al 17 de setembre a Genk (B\u00e8lgica). A m\u00e9s, s&#039;ha quedat al top10 de la categoria Elit.<\/p>","protected":false},"excerpt":{"rendered":"<p>El calpino Javi Navarro que ha obtenido plaza para representar a Espa\u00f1a en el Mundial de Carreras de Obst\u00e1culos. Este deportista ha quedado en el primer puesto de su grupo de edad (35-39 a\u00f1os) en la Carrera Olympus Race de Andorra, celebrada hace una semana. De esta manera consigue una de las cinco plazas en [&#8230;]<\/p>\n<p><a class=\"btn btn-secondary understrap-read-more-link\" href=\"https:\/\/radiolitoral.com\/ca\/2023\/07\/el-calpino-javi-navarro-representara-a-espana-en-el-mundial-de-carreras-de-obstaculos\/\">Continua llegint&#8230;<span class=\"screen-reader-text\"> from El calpino Javi Navarro representar\u00e1 a Espa\u00f1a en el Mundial de Carreras de Obst\u00e1culos<\/span><\/a><\/p>\n","protected":false},"author":21,"featured_media":4726,"comment_status":"open","ping_status":"closed","sticky":false,"template":"","format":"standard","meta":{"_acf_changed":false,"inline_featured_image":false,"footnotes":""},"categories":[5],"tags":[],"class_list":["post-4725","post","type-post","status-publish","format-standard","has-post-thumbnail","hentry","category-deportes","cobertura-calp"],"acf":[],"yoast_head":"<!-- This site is optimized with the Yoast SEO plugin v27.5 - https:\/\/yoast.com\/product\/yoast-seo-wordpress\/ -->\n<title>El calpino Javi Navarro representar\u00e1 a Espa\u00f1a en el Mundial de Carreras de Obst\u00e1culos | R\u00e0dio Litoral<\/title>\n<meta name=\"robots\" content=\"index, follow, max-snippet:-1, max-image-preview:large, max-video-preview:-1\" \/>\n<link rel=\"canonical\" href=\"https:\/\/radiolitoral.com\/ca\/2023\/07\/el-calpi-javi-navarres-representes-espanya-al-mundial-de-carreres-dobstacles\/\" \/>\n<meta property=\"og:locale\" content=\"ca_ES\" \/>\n<meta property=\"og:type\" content=\"article\" \/>\n<meta property=\"og:title\" content=\"El calpino Javi Navarro representar\u00e1 a Espa\u00f1a en el Mundial de Carreras de Obst\u00e1culos | R\u00e0dio Litoral\" \/>\n<meta property=\"og:url\" content=\"https:\/\/radiolitoral.com\/ca\/2023\/07\/el-calpi-javi-navarres-representes-espanya-al-mundial-de-carreres-dobstacles\/\" \/>\n<meta property=\"og:site_name\" content=\"R\u00e0dio Litoral\" \/>\n<meta property=\"article:publisher\" content=\"https:\/\/www.facebook.com\/Laradiolitoral\/\" \/>\n<meta property=\"article:published_time\" content=\"2023-07-17T17:56:20+00:00\" \/>\n<meta property=\"article:modified_time\" content=\"2023-07-17T17:57:52+00:00\" \/>\n<meta property=\"og:image\" content=\"https:\/\/media.radiolitoral.com\/wp-content\/uploads\/2023\/07\/17195541\/Javi-Navarro-4-286x490-1.jpg\" \/>\n\t<meta property=\"og:image:width\" content=\"286\" \/>\n\t<meta property=\"og:image:height\" content=\"490\" \/>\n\t<meta property=\"og:image:type\" content=\"image\/jpeg\" \/>\n<meta name=\"author\" content=\"Mel Pescuezo\" \/>\n<meta name=\"twitter:card\" content=\"summary_large_image\" \/>\n<meta name=\"twitter:label1\" content=\"Escrit per\" \/>\n\t<meta name=\"twitter:data1\" content=\"Mel Pescuezo\" \/>\n\t<meta name=\"twitter:label2\" content=\"Temps estimat de lectura\" \/>\n\t<meta name=\"twitter:data2\" content=\"1 minut\" \/>\n<script type=\"application\/ld+json\" class=\"yoast-schema-graph\">{\"@context\":\"https:\\\/\\\/schema.org\",\"@graph\":[{\"@type\":\"NewsArticle\",\"@id\":\"https:\\\/\\\/radiolitoral.com\\\/2023\\\/07\\\/el-calpino-javi-navarro-representara-a-espana-en-el-mundial-de-carreras-de-obstaculos\\\/#article\",\"isPartOf\":{\"@id\":\"https:\\\/\\\/radiolitoral.com\\\/2023\\\/07\\\/el-calpino-javi-navarro-representara-a-espana-en-el-mundial-de-carreras-de-obstaculos\\\/\"},\"author\":{\"name\":\"Mel Pescuezo\",\"@id\":\"https:\\\/\\\/radiolitoral.com\\\/#\\\/schema\\\/person\\\/aad4f72efa404f85b68e832d24cac059\"},\"headline\":\"El calpino Javi Navarro representar\u00e1 a Espa\u00f1a en el Mundial de Carreras de Obst\u00e1culos\",\"datePublished\":\"2023-07-17T17:56:20+00:00\",\"dateModified\":\"2023-07-17T17:57:52+00:00\",\"mainEntityOfPage\":{\"@id\":\"https:\\\/\\\/radiolitoral.com\\\/2023\\\/07\\\/el-calpino-javi-navarro-representara-a-espana-en-el-mundial-de-carreras-de-obstaculos\\\/\"},\"wordCount\":117,\"commentCount\":0,\"publisher\":{\"@id\":\"https:\\\/\\\/radiolitoral.com\\\/#organization\"},\"image\":{\"@id\":\"https:\\\/\\\/radiolitoral.com\\\/2023\\\/07\\\/el-calpino-javi-navarro-representara-a-espana-en-el-mundial-de-carreras-de-obstaculos\\\/#primaryimage\"},\"thumbnailUrl\":\"https:\\\/\\\/media.radiolitoral.com\\\/wp-content\\\/uploads\\\/2023\\\/07\\\/17195541\\\/Javi-Navarro-4-286x490-1.jpg\",\"articleSection\":[\"Deportes\"],\"inLanguage\":\"ca\",\"potentialAction\":[{\"@type\":\"CommentAction\",\"name\":\"Comment\",\"target\":[\"https:\\\/\\\/radiolitoral.com\\\/2023\\\/07\\\/el-calpino-javi-navarro-representara-a-espana-en-el-mundial-de-carreras-de-obstaculos\\\/#respond\"]}]},{\"@type\":[\"WebPage\",\"ItemPage\"],\"@id\":\"https:\\\/\\\/radiolitoral.com\\\/2023\\\/07\\\/el-calpino-javi-navarro-representara-a-espana-en-el-mundial-de-carreras-de-obstaculos\\\/\",\"url\":\"https:\\\/\\\/radiolitoral.com\\\/2023\\\/07\\\/el-calpino-javi-navarro-representara-a-espana-en-el-mundial-de-carreras-de-obstaculos\\\/\",\"name\":\"El calpino Javi Navarro representar\u00e1 a Espa\u00f1a en el Mundial de Carreras de Obst\u00e1culos | R\u00e0dio Litoral\",\"isPartOf\":{\"@id\":\"https:\\\/\\\/radiolitoral.com\\\/#website\"},\"primaryImageOfPage\":{\"@id\":\"https:\\\/\\\/radiolitoral.com\\\/2023\\\/07\\\/el-calpino-javi-navarro-representara-a-espana-en-el-mundial-de-carreras-de-obstaculos\\\/#primaryimage\"},\"image\":{\"@id\":\"https:\\\/\\\/radiolitoral.com\\\/2023\\\/07\\\/el-calpino-javi-navarro-representara-a-espana-en-el-mundial-de-carreras-de-obstaculos\\\/#primaryimage\"},\"thumbnailUrl\":\"https:\\\/\\\/media.radiolitoral.com\\\/wp-content\\\/uploads\\\/2023\\\/07\\\/17195541\\\/Javi-Navarro-4-286x490-1.jpg\",\"datePublished\":\"2023-07-17T17:56:20+00:00\",\"dateModified\":\"2023-07-17T17:57:52+00:00\",\"breadcrumb\":{\"@id\":\"https:\\\/\\\/radiolitoral.com\\\/2023\\\/07\\\/el-calpino-javi-navarro-representara-a-espana-en-el-mundial-de-carreras-de-obstaculos\\\/#breadcrumb\"},\"inLanguage\":\"ca\",\"potentialAction\":[{\"@type\":\"ReadAction\",\"target\":[\"https:\\\/\\\/radiolitoral.com\\\/2023\\\/07\\\/el-calpino-javi-navarro-representara-a-espana-en-el-mundial-de-carreras-de-obstaculos\\\/\"]}]},{\"@type\":\"ImageObject\",\"inLanguage\":\"ca\",\"@id\":\"https:\\\/\\\/radiolitoral.com\\\/2023\\\/07\\\/el-calpino-javi-navarro-representara-a-espana-en-el-mundial-de-carreras-de-obstaculos\\\/#primaryimage\",\"url\":\"https:\\\/\\\/media.radiolitoral.com\\\/wp-content\\\/uploads\\\/2023\\\/07\\\/17195541\\\/Javi-Navarro-4-286x490-1.jpg\",\"contentUrl\":\"https:\\\/\\\/media.radiolitoral.com\\\/wp-content\\\/uploads\\\/2023\\\/07\\\/17195541\\\/Javi-Navarro-4-286x490-1.jpg\",\"width\":286,\"height\":490},{\"@type\":\"BreadcrumbList\",\"@id\":\"https:\\\/\\\/radiolitoral.com\\\/2023\\\/07\\\/el-calpino-javi-navarro-representara-a-espana-en-el-mundial-de-carreras-de-obstaculos\\\/#breadcrumb\",\"itemListElement\":[{\"@type\":\"ListItem\",\"position\":1,\"name\":\"Portada\",\"item\":\"https:\\\/\\\/radiolitoral.com\\\/\"},{\"@type\":\"ListItem\",\"position\":2,\"name\":\"El calpino Javi Navarro representar\u00e1 a Espa\u00f1a en el Mundial de Carreras de Obst\u00e1culos\"}]},{\"@type\":\"WebSite\",\"@id\":\"https:\\\/\\\/radiolitoral.com\\\/#website\",\"url\":\"https:\\\/\\\/radiolitoral.com\\\/\",\"name\":\"Radio Litoral\",\"description\":\"La radio local de la Marina Alta\",\"publisher\":{\"@id\":\"https:\\\/\\\/radiolitoral.com\\\/#organization\"},\"alternateName\":\"Litoral FM\",\"potentialAction\":[{\"@type\":\"SearchAction\",\"target\":{\"@type\":\"EntryPoint\",\"urlTemplate\":\"https:\\\/\\\/radiolitoral.com\\\/?s={search_term_string}\"},\"query-input\":{\"@type\":\"PropertyValueSpecification\",\"valueRequired\":true,\"valueName\":\"search_term_string\"}}],\"inLanguage\":\"ca\"},{\"@type\":\"Organization\",\"@id\":\"https:\\\/\\\/radiolitoral.com\\\/#organization\",\"name\":\"Radio Litoral\",\"url\":\"https:\\\/\\\/radiolitoral.com\\\/\",\"logo\":{\"@type\":\"ImageObject\",\"inLanguage\":\"ca\",\"@id\":\"https:\\\/\\\/radiolitoral.com\\\/#\\\/schema\\\/logo\\\/image\\\/\",\"url\":\"https:\\\/\\\/media.radiolitoral.com\\\/wp-content\\\/uploads\\\/2023\\\/02\\\/24143238\\\/CL-V-RadioLitoral696.png\",\"contentUrl\":\"https:\\\/\\\/media.radiolitoral.com\\\/wp-content\\\/uploads\\\/2023\\\/02\\\/24143238\\\/CL-V-RadioLitoral696.png\",\"width\":696,\"height\":696,\"caption\":\"Radio Litoral\"},\"image\":{\"@id\":\"https:\\\/\\\/radiolitoral.com\\\/#\\\/schema\\\/logo\\\/image\\\/\"},\"sameAs\":[\"https:\\\/\\\/www.facebook.com\\\/Laradiolitoral\\\/\"]},{\"@type\":\"Person\",\"@id\":\"https:\\\/\\\/radiolitoral.com\\\/#\\\/schema\\\/person\\\/aad4f72efa404f85b68e832d24cac059\",\"name\":\"Mel Pescuezo\",\"image\":{\"@type\":\"ImageObject\",\"inLanguage\":\"ca\",\"@id\":\"https:\\\/\\\/secure.gravatar.com\\\/avatar\\\/993975ae489c70cb0dd9bfa9413a082f0bd276582dac13661af7b33f161e7eea?s=96&d=mm&r=g\",\"url\":\"https:\\\/\\\/secure.gravatar.com\\\/avatar\\\/993975ae489c70cb0dd9bfa9413a082f0bd276582dac13661af7b33f161e7eea?s=96&d=mm&r=g\",\"contentUrl\":\"https:\\\/\\\/secure.gravatar.com\\\/avatar\\\/993975ae489c70cb0dd9bfa9413a082f0bd276582dac13661af7b33f161e7eea?s=96&d=mm&r=g\",\"caption\":\"Mel Pescuezo\"},\"url\":\"https:\\\/\\\/radiolitoral.com\\\/ca\\\/author\\\/serviciospararadios\\\/\"}]}<\/script>\n<!-- \/ Yoast SEO plugin. -->","yoast_head_json":{"title":"El calp\u00ed Javi Navarro representar\u00e0 Espanya al Mundial de Carreres d&#039;Obstacles | R\u00e0dio Litoral","robots":{"index":"index","follow":"follow","max-snippet":"max-snippet:-1","max-image-preview":"max-image-preview:large","max-video-preview":"max-video-preview:-1"},"canonical":"https:\/\/radiolitoral.com\/ca\/2023\/07\/el-calpi-javi-navarres-representes-espanya-al-mundial-de-carreres-dobstacles\/","og_locale":"ca_ES","og_type":"article","og_title":"El calpino Javi Navarro representar\u00e1 a Espa\u00f1a en el Mundial de Carreras de Obst\u00e1culos | R\u00e0dio Litoral","og_url":"https:\/\/radiolitoral.com\/ca\/2023\/07\/el-calpi-javi-navarres-representes-espanya-al-mundial-de-carreres-dobstacles\/","og_site_name":"R\u00e0dio Litoral","article_publisher":"https:\/\/www.facebook.com\/Laradiolitoral\/","article_published_time":"2023-07-17T17:56:20+00:00","article_modified_time":"2023-07-17T17:57:52+00:00","og_image":[{"width":286,"height":490,"url":"https:\/\/media.radiolitoral.com\/wp-content\/uploads\/2023\/07\/17195541\/Javi-Navarro-4-286x490-1.jpg","type":"image\/jpeg"}],"author":"Mel Pescuezo","twitter_card":"summary_large_image","twitter_misc":{"Escrit per":"Mel Pescuezo","Temps estimat de lectura":"1 minut"},"schema":{"@context":"https:\/\/schema.org","@graph":[{"@type":"NewsArticle","@id":"https:\/\/radiolitoral.com\/2023\/07\/el-calpino-javi-navarro-representara-a-espana-en-el-mundial-de-carreras-de-obstaculos\/#article","isPartOf":{"@id":"https:\/\/radiolitoral.com\/2023\/07\/el-calpino-javi-navarro-representara-a-espana-en-el-mundial-de-carreras-de-obstaculos\/"},"author":{"name":"Mel Pescuezo","@id":"https:\/\/radiolitoral.com\/#\/schema\/person\/aad4f72efa404f85b68e832d24cac059"},"headline":"El calpino Javi Navarro representar\u00e1 a Espa\u00f1a en el Mundial de Carreras de Obst\u00e1culos","datePublished":"2023-07-17T17:56:20+00:00","dateModified":"2023-07-17T17:57:52+00:00","mainEntityOfPage":{"@id":"https:\/\/radiolitoral.com\/2023\/07\/el-calpino-javi-navarro-representara-a-espana-en-el-mundial-de-carreras-de-obstaculos\/"},"wordCount":117,"commentCount":0,"publisher":{"@id":"https:\/\/radiolitoral.com\/#organization"},"image":{"@id":"https:\/\/radiolitoral.com\/2023\/07\/el-calpino-javi-navarro-representara-a-espana-en-el-mundial-de-carreras-de-obstaculos\/#primaryimage"},"thumbnailUrl":"https:\/\/media.radiolitoral.com\/wp-content\/uploads\/2023\/07\/17195541\/Javi-Navarro-4-286x490-1.jpg","articleSection":["Deportes"],"inLanguage":"ca","potentialAction":[{"@type":"CommentAction","name":"Comment","target":["https:\/\/radiolitoral.com\/2023\/07\/el-calpino-javi-navarro-representara-a-espana-en-el-mundial-de-carreras-de-obstaculos\/#respond"]}]},{"@type":["WebPage","ItemPage"],"@id":"https:\/\/radiolitoral.com\/2023\/07\/el-calpino-javi-navarro-representara-a-espana-en-el-mundial-de-carreras-de-obstaculos\/","url":"https:\/\/radiolitoral.com\/2023\/07\/el-calpino-javi-navarro-representara-a-espana-en-el-mundial-de-carreras-de-obstaculos\/","name":"El calp\u00ed Javi Navarro representar\u00e0 Espanya al Mundial de Carreres d&#039;Obstacles | R\u00e0dio Litoral","isPartOf":{"@id":"https:\/\/radiolitoral.com\/#website"},"primaryImageOfPage":{"@id":"https:\/\/radiolitoral.com\/2023\/07\/el-calpino-javi-navarro-representara-a-espana-en-el-mundial-de-carreras-de-obstaculos\/#primaryimage"},"image":{"@id":"https:\/\/radiolitoral.com\/2023\/07\/el-calpino-javi-navarro-representara-a-espana-en-el-mundial-de-carreras-de-obstaculos\/#primaryimage"},"thumbnailUrl":"https:\/\/media.radiolitoral.com\/wp-content\/uploads\/2023\/07\/17195541\/Javi-Navarro-4-286x490-1.jpg","datePublished":"2023-07-17T17:56:20+00:00","dateModified":"2023-07-17T17:57:52+00:00","breadcrumb":{"@id":"https:\/\/radiolitoral.com\/2023\/07\/el-calpino-javi-navarro-representara-a-espana-en-el-mundial-de-carreras-de-obstaculos\/#breadcrumb"},"inLanguage":"ca","potentialAction":[{"@type":"ReadAction","target":["https:\/\/radiolitoral.com\/2023\/07\/el-calpino-javi-navarro-representara-a-espana-en-el-mundial-de-carreras-de-obstaculos\/"]}]},{"@type":"ImageObject","inLanguage":"ca","@id":"https:\/\/radiolitoral.com\/2023\/07\/el-calpino-javi-navarro-representara-a-espana-en-el-mundial-de-carreras-de-obstaculos\/#primaryimage","url":"https:\/\/media.radiolitoral.com\/wp-content\/uploads\/2023\/07\/17195541\/Javi-Navarro-4-286x490-1.jpg","contentUrl":"https:\/\/media.radiolitoral.com\/wp-content\/uploads\/2023\/07\/17195541\/Javi-Navarro-4-286x490-1.jpg","width":286,"height":490},{"@type":"BreadcrumbList","@id":"https:\/\/radiolitoral.com\/2023\/07\/el-calpino-javi-navarro-representara-a-espana-en-el-mundial-de-carreras-de-obstaculos\/#breadcrumb","itemListElement":[{"@type":"ListItem","position":1,"name":"Portada","item":"https:\/\/radiolitoral.com\/"},{"@type":"ListItem","position":2,"name":"El calpino Javi Navarro representar\u00e1 a Espa\u00f1a en el Mundial de Carreras de Obst\u00e1culos"}]},{"@type":"WebSite","@id":"https:\/\/radiolitoral.com\/#website","url":"https:\/\/radiolitoral.com\/","name":"R\u00e0dio Litoral","description":"La r\u00e0dio local de la Marina Alta","publisher":{"@id":"https:\/\/radiolitoral.com\/#organization"},"alternateName":"Litoral FM","potentialAction":[{"@type":"SearchAction","target":{"@type":"EntryPoint","urlTemplate":"https:\/\/radiolitoral.com\/?s={search_term_string}"},"query-input":{"@type":"PropertyValueSpecification","valueRequired":true,"valueName":"search_term_string"}}],"inLanguage":"ca"},{"@type":"Organization","@id":"https:\/\/radiolitoral.com\/#organization","name":"R\u00e0dio Litoral","url":"https:\/\/radiolitoral.com\/","logo":{"@type":"ImageObject","inLanguage":"ca","@id":"https:\/\/radiolitoral.com\/#\/schema\/logo\/image\/","url":"https:\/\/media.radiolitoral.com\/wp-content\/uploads\/2023\/02\/24143238\/CL-V-RadioLitoral696.png","contentUrl":"https:\/\/media.radiolitoral.com\/wp-content\/uploads\/2023\/02\/24143238\/CL-V-RadioLitoral696.png","width":696,"height":696,"caption":"Radio Litoral"},"image":{"@id":"https:\/\/radiolitoral.com\/#\/schema\/logo\/image\/"},"sameAs":["https:\/\/www.facebook.com\/Laradiolitoral\/"]},{"@type":"Person","@id":"https:\/\/radiolitoral.com\/#\/schema\/person\/aad4f72efa404f85b68e832d24cac059","name":"Mel Pescuezo","image":{"@type":"ImageObject","inLanguage":"ca","@id":"https:\/\/secure.gravatar.com\/avatar\/993975ae489c70cb0dd9bfa9413a082f0bd276582dac13661af7b33f161e7eea?s=96&d=mm&r=g","url":"https:\/\/secure.gravatar.com\/avatar\/993975ae489c70cb0dd9bfa9413a082f0bd276582dac13661af7b33f161e7eea?s=96&d=mm&r=g","contentUrl":"https:\/\/secure.gravatar.com\/avatar\/993975ae489c70cb0dd9bfa9413a082f0bd276582dac13661af7b33f161e7eea?s=96&d=mm&r=g","caption":"Mel Pescuezo"},"url":"https:\/\/radiolitoral.com\/ca\/author\/serviciospararadios\/"}]}},"_links":{"self":[{"href":"https:\/\/radiolitoral.com\/ca\/wp-json\/wp\/v2\/posts\/4725","targetHints":{"allow":["GET"]}}],"collection":[{"href":"https:\/\/radiolitoral.com\/ca\/wp-json\/wp\/v2\/posts"}],"about":[{"href":"https:\/\/radiolitoral.com\/ca\/wp-json\/wp\/v2\/types\/post"}],"author":[{"embeddable":true,"href":"https:\/\/radiolitoral.com\/ca\/wp-json\/wp\/v2\/users\/21"}],"replies":[{"embeddable":true,"href":"https:\/\/radiolitoral.com\/ca\/wp-json\/wp\/v2\/comments?post=4725"}],"version-history":[{"count":1,"href":"https:\/\/radiolitoral.com\/ca\/wp-json\/wp\/v2\/posts\/4725\/revisions"}],"predecessor-version":[{"id":4727,"href":"https:\/\/radiolitoral.com\/ca\/wp-json\/wp\/v2\/posts\/4725\/revisions\/4727"}],"wp:featuredmedia":[{"embeddable":true,"href":"https:\/\/radiolitoral.com\/ca\/wp-json\/wp\/v2\/media\/4726"}],"wp:attachment":[{"href":"https:\/\/radiolitoral.com\/ca\/wp-json\/wp\/v2\/media?parent=4725"}],"wp:term":[{"taxonomy":"category","embeddable":true,"href":"https:\/\/radiolitoral.com\/ca\/wp-json\/wp\/v2\/categories?post=4725"},{"taxonomy":"post_tag","embeddable":true,"href":"https:\/\/radiolitoral.com\/ca\/wp-json\/wp\/v2\/tags?post=4725"}],"curies":[{"name":"wp","href":"https:\/\/api.w.org\/{rel}","templated":true}]}}