{"id":4718,"date":"2023-07-17T19:35:07","date_gmt":"2023-07-17T17:35:07","guid":{"rendered":"https:\/\/radiolitoral.com\/?p=4718"},"modified":"2023-07-17T19:35:35","modified_gmt":"2023-07-17T17:35:35","slug":"les-altes-temperatures-activen-les-alertes-davant-de-la-possibilitat-dincendis","status":"publish","type":"post","link":"https:\/\/radiolitoral.com\/ca\/2023\/07\/las-altas-temperaturas-activan-las-alertas-ante-la-posibilidad-de-incendios\/","title":{"rendered":"Les altes temperatures activen les alertes davant de la possibilitat d&#039;incendis"},"content":{"rendered":"<p>L&#039;Ajuntament de Calp davant les altes temperatures que estem registrant i el perill d&#039;incendis forestals, ha decretat el precinte de les barbacoes situades a la zona d&#039;acampada d&#039;Olt\u00e0 i dels parcs, els Llombers, La Cometa, Enchinent, i l&#039;Ermita de Sant Salvador, ubicats a zones verdes.<\/p>\n<p>Aquesta mesura no s&#039;ha aplicat a les barbacoes del parc de la Vallesa, per\u00f2 fonts municipals informen que, en cas de preemerg\u00e8ncia 3 per alt risc d&#039;incendi, tamb\u00e9 es procedir\u00e0 al precinte fins que disminueixi el nivell de preemerg\u00e8ncia.<\/p>","protected":false},"excerpt":{"rendered":"<p>El Ayuntamiento de Calp ante las altas temperaturas que estamos registrando y el peligro de incendios forestales, ha decretado el precinto de las barbacoas situadas en la zona de acampada de Olt\u00e0 y de los parques, Els Llombers, La Cometa, Enchinent, y la Ermita de San Salvador, ubicados en zonas verdes. Esta medida no se [&#8230;]<\/p>\n<p><a class=\"btn btn-secondary understrap-read-more-link\" href=\"https:\/\/radiolitoral.com\/ca\/2023\/07\/las-altas-temperaturas-activan-las-alertas-ante-la-posibilidad-de-incendios\/\">Continua llegint&#8230;<span class=\"screen-reader-text\"> from Las altas temperaturas activan las alertas ante la posibilidad de incendios<\/span><\/a><\/p>\n","protected":false},"author":21,"featured_media":3306,"comment_status":"open","ping_status":"closed","sticky":false,"template":"","format":"standard","meta":{"_acf_changed":false,"inline_featured_image":false,"footnotes":""},"categories":[223],"tags":[],"class_list":["post-4718","post","type-post","status-publish","format-standard","has-post-thumbnail","hentry","category-meteorologia","cobertura-calp"],"acf":[],"yoast_head":"<!-- This site is optimized with the Yoast SEO plugin v27.5 - https:\/\/yoast.com\/product\/yoast-seo-wordpress\/ -->\n<title>Las altas temperaturas activan las alertas ante la posibilidad de incendios | R\u00e0dio Litoral<\/title>\n<meta name=\"robots\" content=\"index, follow, max-snippet:-1, max-image-preview:large, max-video-preview:-1\" \/>\n<link rel=\"canonical\" href=\"https:\/\/radiolitoral.com\/ca\/2023\/07\/les-altes-temperatures-activen-les-alertes-davant-de-la-possibilitat-dincendis\/\" \/>\n<meta property=\"og:locale\" content=\"ca_ES\" \/>\n<meta property=\"og:type\" content=\"article\" \/>\n<meta property=\"og:title\" content=\"Las altas temperaturas activan las alertas ante la posibilidad de incendios | R\u00e0dio Litoral\" \/>\n<meta property=\"og:url\" content=\"https:\/\/radiolitoral.com\/ca\/2023\/07\/les-altes-temperatures-activen-les-alertes-davant-de-la-possibilitat-dincendis\/\" \/>\n<meta property=\"og:site_name\" content=\"R\u00e0dio Litoral\" \/>\n<meta property=\"article:publisher\" content=\"https:\/\/www.facebook.com\/Laradiolitoral\/\" \/>\n<meta property=\"article:published_time\" content=\"2023-07-17T17:35:07+00:00\" \/>\n<meta property=\"article:modified_time\" content=\"2023-07-17T17:35:35+00:00\" \/>\n<meta property=\"og:image\" content=\"https:\/\/media.radiolitoral.com\/wp-content\/uploads\/2023\/05\/22182305\/aemet.jpg\" \/>\n\t<meta property=\"og:image:width\" content=\"700\" \/>\n\t<meta property=\"og:image:height\" content=\"448\" \/>\n\t<meta property=\"og:image:type\" content=\"image\/jpeg\" \/>\n<meta name=\"author\" content=\"Mel Pescuezo\" \/>\n<meta name=\"twitter:card\" content=\"summary_large_image\" \/>\n<meta name=\"twitter:label1\" content=\"Escrit per\" \/>\n\t<meta name=\"twitter:data1\" content=\"Mel Pescuezo\" \/>\n\t<meta name=\"twitter:label2\" content=\"Temps estimat de lectura\" \/>\n\t<meta name=\"twitter:data2\" content=\"1 minut\" \/>\n<script type=\"application\/ld+json\" class=\"yoast-schema-graph\">{\"@context\":\"https:\\\/\\\/schema.org\",\"@graph\":[{\"@type\":\"NewsArticle\",\"@id\":\"https:\\\/\\\/radiolitoral.com\\\/2023\\\/07\\\/las-altas-temperaturas-activan-las-alertas-ante-la-posibilidad-de-incendios\\\/#article\",\"isPartOf\":{\"@id\":\"https:\\\/\\\/radiolitoral.com\\\/2023\\\/07\\\/las-altas-temperaturas-activan-las-alertas-ante-la-posibilidad-de-incendios\\\/\"},\"author\":{\"name\":\"Mel Pescuezo\",\"@id\":\"https:\\\/\\\/radiolitoral.com\\\/#\\\/schema\\\/person\\\/aad4f72efa404f85b68e832d24cac059\"},\"headline\":\"Las altas temperaturas activan las alertas ante la posibilidad de incendios\",\"datePublished\":\"2023-07-17T17:35:07+00:00\",\"dateModified\":\"2023-07-17T17:35:35+00:00\",\"mainEntityOfPage\":{\"@id\":\"https:\\\/\\\/radiolitoral.com\\\/2023\\\/07\\\/las-altas-temperaturas-activan-las-alertas-ante-la-posibilidad-de-incendios\\\/\"},\"wordCount\":104,\"commentCount\":0,\"publisher\":{\"@id\":\"https:\\\/\\\/radiolitoral.com\\\/#organization\"},\"image\":{\"@id\":\"https:\\\/\\\/radiolitoral.com\\\/2023\\\/07\\\/las-altas-temperaturas-activan-las-alertas-ante-la-posibilidad-de-incendios\\\/#primaryimage\"},\"thumbnailUrl\":\"https:\\\/\\\/media.radiolitoral.com\\\/wp-content\\\/uploads\\\/2023\\\/05\\\/22182305\\\/aemet.jpg\",\"articleSection\":[\"Meteorolog\u00eda\"],\"inLanguage\":\"ca\",\"potentialAction\":[{\"@type\":\"CommentAction\",\"name\":\"Comment\",\"target\":[\"https:\\\/\\\/radiolitoral.com\\\/2023\\\/07\\\/las-altas-temperaturas-activan-las-alertas-ante-la-posibilidad-de-incendios\\\/#respond\"]}]},{\"@type\":[\"WebPage\",\"ItemPage\"],\"@id\":\"https:\\\/\\\/radiolitoral.com\\\/2023\\\/07\\\/las-altas-temperaturas-activan-las-alertas-ante-la-posibilidad-de-incendios\\\/\",\"url\":\"https:\\\/\\\/radiolitoral.com\\\/2023\\\/07\\\/las-altas-temperaturas-activan-las-alertas-ante-la-posibilidad-de-incendios\\\/\",\"name\":\"Las altas temperaturas activan las alertas ante la posibilidad de incendios | R\u00e0dio Litoral\",\"isPartOf\":{\"@id\":\"https:\\\/\\\/radiolitoral.com\\\/#website\"},\"primaryImageOfPage\":{\"@id\":\"https:\\\/\\\/radiolitoral.com\\\/2023\\\/07\\\/las-altas-temperaturas-activan-las-alertas-ante-la-posibilidad-de-incendios\\\/#primaryimage\"},\"image\":{\"@id\":\"https:\\\/\\\/radiolitoral.com\\\/2023\\\/07\\\/las-altas-temperaturas-activan-las-alertas-ante-la-posibilidad-de-incendios\\\/#primaryimage\"},\"thumbnailUrl\":\"https:\\\/\\\/media.radiolitoral.com\\\/wp-content\\\/uploads\\\/2023\\\/05\\\/22182305\\\/aemet.jpg\",\"datePublished\":\"2023-07-17T17:35:07+00:00\",\"dateModified\":\"2023-07-17T17:35:35+00:00\",\"breadcrumb\":{\"@id\":\"https:\\\/\\\/radiolitoral.com\\\/2023\\\/07\\\/las-altas-temperaturas-activan-las-alertas-ante-la-posibilidad-de-incendios\\\/#breadcrumb\"},\"inLanguage\":\"ca\",\"potentialAction\":[{\"@type\":\"ReadAction\",\"target\":[\"https:\\\/\\\/radiolitoral.com\\\/2023\\\/07\\\/las-altas-temperaturas-activan-las-alertas-ante-la-posibilidad-de-incendios\\\/\"]}]},{\"@type\":\"ImageObject\",\"inLanguage\":\"ca\",\"@id\":\"https:\\\/\\\/radiolitoral.com\\\/2023\\\/07\\\/las-altas-temperaturas-activan-las-alertas-ante-la-posibilidad-de-incendios\\\/#primaryimage\",\"url\":\"https:\\\/\\\/media.radiolitoral.com\\\/wp-content\\\/uploads\\\/2023\\\/05\\\/22182305\\\/aemet.jpg\",\"contentUrl\":\"https:\\\/\\\/media.radiolitoral.com\\\/wp-content\\\/uploads\\\/2023\\\/05\\\/22182305\\\/aemet.jpg\",\"width\":700,\"height\":448},{\"@type\":\"BreadcrumbList\",\"@id\":\"https:\\\/\\\/radiolitoral.com\\\/2023\\\/07\\\/las-altas-temperaturas-activan-las-alertas-ante-la-posibilidad-de-incendios\\\/#breadcrumb\",\"itemListElement\":[{\"@type\":\"ListItem\",\"position\":1,\"name\":\"Portada\",\"item\":\"https:\\\/\\\/radiolitoral.com\\\/\"},{\"@type\":\"ListItem\",\"position\":2,\"name\":\"Las altas temperaturas activan las alertas ante la posibilidad de incendios\"}]},{\"@type\":\"WebSite\",\"@id\":\"https:\\\/\\\/radiolitoral.com\\\/#website\",\"url\":\"https:\\\/\\\/radiolitoral.com\\\/\",\"name\":\"Radio Litoral\",\"description\":\"La radio local de la Marina Alta\",\"publisher\":{\"@id\":\"https:\\\/\\\/radiolitoral.com\\\/#organization\"},\"alternateName\":\"Litoral FM\",\"potentialAction\":[{\"@type\":\"SearchAction\",\"target\":{\"@type\":\"EntryPoint\",\"urlTemplate\":\"https:\\\/\\\/radiolitoral.com\\\/?s={search_term_string}\"},\"query-input\":{\"@type\":\"PropertyValueSpecification\",\"valueRequired\":true,\"valueName\":\"search_term_string\"}}],\"inLanguage\":\"ca\"},{\"@type\":\"Organization\",\"@id\":\"https:\\\/\\\/radiolitoral.com\\\/#organization\",\"name\":\"Radio Litoral\",\"url\":\"https:\\\/\\\/radiolitoral.com\\\/\",\"logo\":{\"@type\":\"ImageObject\",\"inLanguage\":\"ca\",\"@id\":\"https:\\\/\\\/radiolitoral.com\\\/#\\\/schema\\\/logo\\\/image\\\/\",\"url\":\"https:\\\/\\\/media.radiolitoral.com\\\/wp-content\\\/uploads\\\/2023\\\/02\\\/24143238\\\/CL-V-RadioLitoral696.png\",\"contentUrl\":\"https:\\\/\\\/media.radiolitoral.com\\\/wp-content\\\/uploads\\\/2023\\\/02\\\/24143238\\\/CL-V-RadioLitoral696.png\",\"width\":696,\"height\":696,\"caption\":\"Radio Litoral\"},\"image\":{\"@id\":\"https:\\\/\\\/radiolitoral.com\\\/#\\\/schema\\\/logo\\\/image\\\/\"},\"sameAs\":[\"https:\\\/\\\/www.facebook.com\\\/Laradiolitoral\\\/\"]},{\"@type\":\"Person\",\"@id\":\"https:\\\/\\\/radiolitoral.com\\\/#\\\/schema\\\/person\\\/aad4f72efa404f85b68e832d24cac059\",\"name\":\"Mel Pescuezo\",\"image\":{\"@type\":\"ImageObject\",\"inLanguage\":\"ca\",\"@id\":\"https:\\\/\\\/secure.gravatar.com\\\/avatar\\\/993975ae489c70cb0dd9bfa9413a082f0bd276582dac13661af7b33f161e7eea?s=96&d=mm&r=g\",\"url\":\"https:\\\/\\\/secure.gravatar.com\\\/avatar\\\/993975ae489c70cb0dd9bfa9413a082f0bd276582dac13661af7b33f161e7eea?s=96&d=mm&r=g\",\"contentUrl\":\"https:\\\/\\\/secure.gravatar.com\\\/avatar\\\/993975ae489c70cb0dd9bfa9413a082f0bd276582dac13661af7b33f161e7eea?s=96&d=mm&r=g\",\"caption\":\"Mel Pescuezo\"},\"url\":\"https:\\\/\\\/radiolitoral.com\\\/ca\\\/author\\\/serviciospararadios\\\/\"}]}<\/script>\n<!-- \/ Yoast SEO plugin. -->","yoast_head_json":{"title":"Les altes temperatures activen les alertes davant de la possibilitat d&#039;incendis | R\u00e0dio Litoral","robots":{"index":"index","follow":"follow","max-snippet":"max-snippet:-1","max-image-preview":"max-image-preview:large","max-video-preview":"max-video-preview:-1"},"canonical":"https:\/\/radiolitoral.com\/ca\/2023\/07\/les-altes-temperatures-activen-les-alertes-davant-de-la-possibilitat-dincendis\/","og_locale":"ca_ES","og_type":"article","og_title":"Las altas temperaturas activan las alertas ante la posibilidad de incendios | R\u00e0dio Litoral","og_url":"https:\/\/radiolitoral.com\/ca\/2023\/07\/les-altes-temperatures-activen-les-alertes-davant-de-la-possibilitat-dincendis\/","og_site_name":"R\u00e0dio Litoral","article_publisher":"https:\/\/www.facebook.com\/Laradiolitoral\/","article_published_time":"2023-07-17T17:35:07+00:00","article_modified_time":"2023-07-17T17:35:35+00:00","og_image":[{"width":700,"height":448,"url":"https:\/\/media.radiolitoral.com\/wp-content\/uploads\/2023\/05\/22182305\/aemet.jpg","type":"image\/jpeg"}],"author":"Mel Pescuezo","twitter_card":"summary_large_image","twitter_misc":{"Escrit per":"Mel Pescuezo","Temps estimat de lectura":"1 minut"},"schema":{"@context":"https:\/\/schema.org","@graph":[{"@type":"NewsArticle","@id":"https:\/\/radiolitoral.com\/2023\/07\/las-altas-temperaturas-activan-las-alertas-ante-la-posibilidad-de-incendios\/#article","isPartOf":{"@id":"https:\/\/radiolitoral.com\/2023\/07\/las-altas-temperaturas-activan-las-alertas-ante-la-posibilidad-de-incendios\/"},"author":{"name":"Mel Pescuezo","@id":"https:\/\/radiolitoral.com\/#\/schema\/person\/aad4f72efa404f85b68e832d24cac059"},"headline":"Las altas temperaturas activan las alertas ante la posibilidad de incendios","datePublished":"2023-07-17T17:35:07+00:00","dateModified":"2023-07-17T17:35:35+00:00","mainEntityOfPage":{"@id":"https:\/\/radiolitoral.com\/2023\/07\/las-altas-temperaturas-activan-las-alertas-ante-la-posibilidad-de-incendios\/"},"wordCount":104,"commentCount":0,"publisher":{"@id":"https:\/\/radiolitoral.com\/#organization"},"image":{"@id":"https:\/\/radiolitoral.com\/2023\/07\/las-altas-temperaturas-activan-las-alertas-ante-la-posibilidad-de-incendios\/#primaryimage"},"thumbnailUrl":"https:\/\/media.radiolitoral.com\/wp-content\/uploads\/2023\/05\/22182305\/aemet.jpg","articleSection":["Meteorolog\u00eda"],"inLanguage":"ca","potentialAction":[{"@type":"CommentAction","name":"Comment","target":["https:\/\/radiolitoral.com\/2023\/07\/las-altas-temperaturas-activan-las-alertas-ante-la-posibilidad-de-incendios\/#respond"]}]},{"@type":["WebPage","ItemPage"],"@id":"https:\/\/radiolitoral.com\/2023\/07\/las-altas-temperaturas-activan-las-alertas-ante-la-posibilidad-de-incendios\/","url":"https:\/\/radiolitoral.com\/2023\/07\/las-altas-temperaturas-activan-las-alertas-ante-la-posibilidad-de-incendios\/","name":"Les altes temperatures activen les alertes davant de la possibilitat d&#039;incendis | R\u00e0dio Litoral","isPartOf":{"@id":"https:\/\/radiolitoral.com\/#website"},"primaryImageOfPage":{"@id":"https:\/\/radiolitoral.com\/2023\/07\/las-altas-temperaturas-activan-las-alertas-ante-la-posibilidad-de-incendios\/#primaryimage"},"image":{"@id":"https:\/\/radiolitoral.com\/2023\/07\/las-altas-temperaturas-activan-las-alertas-ante-la-posibilidad-de-incendios\/#primaryimage"},"thumbnailUrl":"https:\/\/media.radiolitoral.com\/wp-content\/uploads\/2023\/05\/22182305\/aemet.jpg","datePublished":"2023-07-17T17:35:07+00:00","dateModified":"2023-07-17T17:35:35+00:00","breadcrumb":{"@id":"https:\/\/radiolitoral.com\/2023\/07\/las-altas-temperaturas-activan-las-alertas-ante-la-posibilidad-de-incendios\/#breadcrumb"},"inLanguage":"ca","potentialAction":[{"@type":"ReadAction","target":["https:\/\/radiolitoral.com\/2023\/07\/las-altas-temperaturas-activan-las-alertas-ante-la-posibilidad-de-incendios\/"]}]},{"@type":"ImageObject","inLanguage":"ca","@id":"https:\/\/radiolitoral.com\/2023\/07\/las-altas-temperaturas-activan-las-alertas-ante-la-posibilidad-de-incendios\/#primaryimage","url":"https:\/\/media.radiolitoral.com\/wp-content\/uploads\/2023\/05\/22182305\/aemet.jpg","contentUrl":"https:\/\/media.radiolitoral.com\/wp-content\/uploads\/2023\/05\/22182305\/aemet.jpg","width":700,"height":448},{"@type":"BreadcrumbList","@id":"https:\/\/radiolitoral.com\/2023\/07\/las-altas-temperaturas-activan-las-alertas-ante-la-posibilidad-de-incendios\/#breadcrumb","itemListElement":[{"@type":"ListItem","position":1,"name":"Portada","item":"https:\/\/radiolitoral.com\/"},{"@type":"ListItem","position":2,"name":"Las altas temperaturas activan las alertas ante la posibilidad de incendios"}]},{"@type":"WebSite","@id":"https:\/\/radiolitoral.com\/#website","url":"https:\/\/radiolitoral.com\/","name":"R\u00e0dio Litoral","description":"La r\u00e0dio local de la Marina Alta","publisher":{"@id":"https:\/\/radiolitoral.com\/#organization"},"alternateName":"Litoral FM","potentialAction":[{"@type":"SearchAction","target":{"@type":"EntryPoint","urlTemplate":"https:\/\/radiolitoral.com\/?s={search_term_string}"},"query-input":{"@type":"PropertyValueSpecification","valueRequired":true,"valueName":"search_term_string"}}],"inLanguage":"ca"},{"@type":"Organization","@id":"https:\/\/radiolitoral.com\/#organization","name":"R\u00e0dio Litoral","url":"https:\/\/radiolitoral.com\/","logo":{"@type":"ImageObject","inLanguage":"ca","@id":"https:\/\/radiolitoral.com\/#\/schema\/logo\/image\/","url":"https:\/\/media.radiolitoral.com\/wp-content\/uploads\/2023\/02\/24143238\/CL-V-RadioLitoral696.png","contentUrl":"https:\/\/media.radiolitoral.com\/wp-content\/uploads\/2023\/02\/24143238\/CL-V-RadioLitoral696.png","width":696,"height":696,"caption":"Radio Litoral"},"image":{"@id":"https:\/\/radiolitoral.com\/#\/schema\/logo\/image\/"},"sameAs":["https:\/\/www.facebook.com\/Laradiolitoral\/"]},{"@type":"Person","@id":"https:\/\/radiolitoral.com\/#\/schema\/person\/aad4f72efa404f85b68e832d24cac059","name":"Mel Pescuezo","image":{"@type":"ImageObject","inLanguage":"ca","@id":"https:\/\/secure.gravatar.com\/avatar\/993975ae489c70cb0dd9bfa9413a082f0bd276582dac13661af7b33f161e7eea?s=96&d=mm&r=g","url":"https:\/\/secure.gravatar.com\/avatar\/993975ae489c70cb0dd9bfa9413a082f0bd276582dac13661af7b33f161e7eea?s=96&d=mm&r=g","contentUrl":"https:\/\/secure.gravatar.com\/avatar\/993975ae489c70cb0dd9bfa9413a082f0bd276582dac13661af7b33f161e7eea?s=96&d=mm&r=g","caption":"Mel Pescuezo"},"url":"https:\/\/radiolitoral.com\/ca\/author\/serviciospararadios\/"}]}},"_links":{"self":[{"href":"https:\/\/radiolitoral.com\/ca\/wp-json\/wp\/v2\/posts\/4718","targetHints":{"allow":["GET"]}}],"collection":[{"href":"https:\/\/radiolitoral.com\/ca\/wp-json\/wp\/v2\/posts"}],"about":[{"href":"https:\/\/radiolitoral.com\/ca\/wp-json\/wp\/v2\/types\/post"}],"author":[{"embeddable":true,"href":"https:\/\/radiolitoral.com\/ca\/wp-json\/wp\/v2\/users\/21"}],"replies":[{"embeddable":true,"href":"https:\/\/radiolitoral.com\/ca\/wp-json\/wp\/v2\/comments?post=4718"}],"version-history":[{"count":1,"href":"https:\/\/radiolitoral.com\/ca\/wp-json\/wp\/v2\/posts\/4718\/revisions"}],"predecessor-version":[{"id":4719,"href":"https:\/\/radiolitoral.com\/ca\/wp-json\/wp\/v2\/posts\/4718\/revisions\/4719"}],"wp:featuredmedia":[{"embeddable":true,"href":"https:\/\/radiolitoral.com\/ca\/wp-json\/wp\/v2\/media\/3306"}],"wp:attachment":[{"href":"https:\/\/radiolitoral.com\/ca\/wp-json\/wp\/v2\/media?parent=4718"}],"wp:term":[{"taxonomy":"category","embeddable":true,"href":"https:\/\/radiolitoral.com\/ca\/wp-json\/wp\/v2\/categories?post=4718"},{"taxonomy":"post_tag","embeddable":true,"href":"https:\/\/radiolitoral.com\/ca\/wp-json\/wp\/v2\/tags?post=4718"}],"curies":[{"name":"wp","href":"https:\/\/api.w.org\/{rel}","templated":true}]}}